{"id":10909,"date":"2022-09-16T11:11:02","date_gmt":"2022-09-16T09:11:02","guid":{"rendered":"https:\/\/c-proactif.org\/?page_id=10909"},"modified":"2023-12-22T13:17:34","modified_gmt":"2023-12-22T12:17:34","slug":"salaire-et-foi","status":"publish","type":"post","link":"https:\/\/wp-sites.ccci.org\/c-proactif\/salaire-et-foi\/","title":{"rendered":"Concilier salaire et foi"},"content":{"rendered":"\t\t<div data-elementor-type=\"wp-page\" data-elementor-id=\"10909\" class=\"elementor elementor-10909\" data-elementor-post-type=\"post\">\n\t\t\t\t\t\t<section data-particle_enable=\"false\" data-particle-mobile-disabled=\"false\" class=\"elementor-section elementor-top-section elementor-element elementor-element-96254f9 elementor-section-boxed elementor-section-height-default elementor-section-height-default\" data-id=\"96254f9\" data-element_type=\"section\">\n\t\t\t\t\t\t<div class=\"elementor-container elementor-column-gap-default\">\n\t\t\t\t\t<div class=\"elementor-column elementor-col-100 elementor-top-column elementor-element elementor-element-4337449\" data-id=\"4337449\" data-element_type=\"column\">\n\t\t\t<div class=\"elementor-widget-wrap elementor-element-populated\">\n\t\t\t\t\t\t<div class=\"elementor-element elementor-element-5fc282f elementor-widget elementor-widget-text-editor\" data-id=\"5fc282f\" data-element_type=\"widget\" data-widget_type=\"text-editor.default\">\n\t\t\t\t<div class=\"elementor-widget-container\">\n\t\t\t\t\t\t\t\t\t<blockquote><p><strong>\u201cRendez \u00e0 C\u00e9sar ce qui est \u00e0 C\u00e9sar et \u00e0 Dieu ce qui est \u00e0 Dieu\u201d Luc 20:25 <\/strong><\/p><\/blockquote>\t\t\t\t\t\t\t\t<\/div>\n\t\t\t\t<\/div>\n\t\t\t\t\t<\/div>\n\t\t<\/div>\n\t\t\t\t\t<\/div>\n\t\t<\/section>\n\t\t\t\t<section data-particle_enable=\"false\" data-particle-mobile-disabled=\"false\" class=\"elementor-section elementor-top-section elementor-element elementor-element-bb9429e elementor-section-boxed elementor-section-height-default elementor-section-height-default\" data-id=\"bb9429e\" data-element_type=\"section\">\n\t\t\t\t\t\t<div class=\"elementor-container elementor-column-gap-default\">\n\t\t\t\t\t<div class=\"elementor-column elementor-col-100 elementor-top-column elementor-element elementor-element-20b189f\" data-id=\"20b189f\" data-element_type=\"column\">\n\t\t\t<div class=\"elementor-widget-wrap elementor-element-populated\">\n\t\t\t\t\t\t<div class=\"elementor-element elementor-element-19a0d44 elementor-widget elementor-widget-image\" data-id=\"19a0d44\" data-element_type=\"widget\" data-widget_type=\"image.default\">\n\t\t\t\t<div class=\"elementor-widget-container\">\n\t\t\t\t\t\t\t\t\t\t\t\t\t\t\t\t<a href=\"https:\/\/youtu.be\/6fR4_sRnS7g\" target=\"_blank\">\n\t\t\t\t\t\t\t<img decoding=\"async\" src=\"https:\/\/wp-sites.ccci.org\/c-proactif\/wp-content\/uploads\/sites\/393\/2022\/08\/visuel-webconf-salaire.png?w=768\" title=\"visuel-webconf-salaire\" alt=\"visuel-webconf-salaire\" loading=\"lazy\" \/>\t\t\t\t\t\t\t\t<\/a>\n\t\t\t\t\t\t\t\t\t\t\t\t\t\t\t<\/div>\n\t\t\t\t<\/div>\n\t\t\t\t\t<\/div>\n\t\t<\/div>\n\t\t\t\t\t<\/div>\n\t\t<\/section>\n\t\t\t\t<section data-particle_enable=\"false\" data-particle-mobile-disabled=\"false\" class=\"elementor-section elementor-top-section elementor-element elementor-element-d479aa3 elementor-section-boxed elementor-section-height-default elementor-section-height-default\" data-id=\"d479aa3\" data-element_type=\"section\">\n\t\t\t\t\t\t<div class=\"elementor-container elementor-column-gap-default\">\n\t\t\t\t\t<div class=\"elementor-column elementor-col-66 elementor-top-column elementor-element elementor-element-a4111b9\" data-id=\"a4111b9\" data-element_type=\"column\">\n\t\t\t<div class=\"elementor-widget-wrap elementor-element-populated\">\n\t\t\t\t\t\t<div class=\"elementor-element elementor-element-88061f2 elementor-widget elementor-widget-text-editor\" data-id=\"88061f2\" data-element_type=\"widget\" data-widget_type=\"text-editor.default\">\n\t\t\t\t<div class=\"elementor-widget-container\">\n\t\t\t\t\t\t\t\t\t<p>Nous travaillons tous pour subvenir de fa\u00e7on digne \u00e0 nos besoins. Pour la plupart d\u2019entre nous, \u00e0 travers un salaire que nous gagnions en \u00e9change d\u2019une activit\u00e9 professionnelle, r\u00e9gie par un contrat de travail. Et l\u2019injonction \u00e0 travailler est forte car il n\u2019y a gu\u00e8re d\u2019autres moyens par lesquels nous pouvons gagner ce dont nous avons besoin !<\/p><p>Pour autant, les entreprises pour lesquelles nous travaillons ne sont pas n\u00e9cessairement tourn\u00e9es vers des objectifs \u201cchr\u00e9tiens\u201d et elles s\u2019occupent pour la plupart, de questions tr\u00e8s s\u00e9culi\u00e8res, fort \u00e9loign\u00e9es du salut des \u00e2mes !<\/p><p>A partir de ce double constat, les questions qui se posent \u00e0 nous dans notre relation au travail sont nombreuses :<\/p><ul><li>En vendant notre force de travail \u00e0 ces entreprises, jusqu\u2019o\u00f9 sommes-nous \u00e0 leur disposition ?<\/li><li>Comment voir notre salaire : comme une juste r\u00e9tribution ? comme une gr\u00e2ce venant de Dieu ? ou encore comme une forme de compromission avec les valeurs du monde ?<\/li><li>Quelle doit \u00eatre la juste place du salaire dans le choix de mon activit\u00e9 professionnelle ?<\/li><li>Est-il bon de vouloir gagner plus ? Pour quelles \u00ab\u00a0bonnes\u00a0\u00bb raisons ?<\/li><li>Comment faire la diff\u00e9rence entre \u00ab\u00a0besoins\u00a0\u00bb et \u00ab\u00a0d\u00e9sirs\u00a0\u00bb ?\u00a0<\/li><li>Pourquoi la peur de manquer est-elle une id\u00f4latrie ? Comment m&rsquo;en pr\u00e9venir ?<\/li><li>Et pour les employeurs : Comment r\u00e9tribuer correctement leurs employ\u00e9s sans pour autant mettre mon entreprise en p\u00e9ril ou \u201ccasser\u201d le march\u00e9 ?<\/li><\/ul><p><strong>Lors de cette webconf\u00e9rence de rentr\u00e9e, nous avons discut\u00e9 de notre perception du salaire sur des bases bibliques.\u00a0 Un th\u00e8me important \u00e0 continuer \u00e0 creuser afin que notre fa\u00e7on de travailler honore Dieu et soit un minisit\u00e8re \u00e0 sa gloire.\u00a0\u00a0<\/strong><\/p>\t\t\t\t\t\t\t\t<\/div>\n\t\t\t\t<\/div>\n\t\t\t\t\t<\/div>\n\t\t<\/div>\n\t\t\t\t<div class=\"elementor-column elementor-col-33 elementor-top-column elementor-element elementor-element-2fc020b\" data-id=\"2fc020b\" data-element_type=\"column\">\n\t\t\t<div class=\"elementor-widget-wrap elementor-element-populated\">\n\t\t\t\t\t\t<section data-particle_enable=\"false\" data-particle-mobile-disabled=\"false\" class=\"elementor-section elementor-inner-section elementor-element elementor-element-3b8a23f elementor-section-boxed elementor-section-height-default elementor-section-height-default\" data-id=\"3b8a23f\" data-element_type=\"section\">\n\t\t\t\t\t\t<div class=\"elementor-container elementor-column-gap-default\">\n\t\t\t\t\t<div class=\"elementor-column elementor-col-100 elementor-inner-column elementor-element elementor-element-fef6ed9\" data-id=\"fef6ed9\" data-element_type=\"column\">\n\t\t\t<div class=\"elementor-widget-wrap elementor-element-populated\">\n\t\t\t\t\t\t<div class=\"elementor-element elementor-element-be43247 elementor-widget elementor-widget-text-editor\" data-id=\"be43247\" data-element_type=\"widget\" data-widget_type=\"text-editor.default\">\n\t\t\t\t<div class=\"elementor-widget-container\">\n\t\t\t\t\t\t\t\t\t<h3 style=\"text-align: center\"><strong><span style=\"color: #ff6600\">Le replay de la conf\u00e9rence, avec les questions et t\u00e9moignages des participants est accessible gratuitement !\u00a0<\/span><\/strong><\/h3><div><strong>\u00a0<\/strong><\/div>\t\t\t\t\t\t\t\t<\/div>\n\t\t\t\t<\/div>\n\t\t\t\t\t<\/div>\n\t\t<\/div>\n\t\t\t\t\t<\/div>\n\t\t<\/section>\n\t\t\t\t<section data-particle_enable=\"false\" data-particle-mobile-disabled=\"false\" class=\"elementor-section elementor-inner-section elementor-element elementor-element-a804b91 elementor-section-boxed elementor-section-height-default elementor-section-height-default\" data-id=\"a804b91\" data-element_type=\"section\">\n\t\t\t\t\t\t<div class=\"elementor-container elementor-column-gap-default\">\n\t\t\t\t\t<div class=\"elementor-column elementor-col-100 elementor-inner-column elementor-element elementor-element-a51ec14\" data-id=\"a51ec14\" data-element_type=\"column\">\n\t\t\t<div class=\"elementor-widget-wrap elementor-element-populated\">\n\t\t\t\t\t\t<div class=\"elementor-element elementor-element-816c3af elementor-align-center elementor-widget elementor-widget-button\" data-id=\"816c3af\" data-element_type=\"widget\" data-widget_type=\"button.default\">\n\t\t\t\t<div class=\"elementor-widget-container\">\n\t\t\t\t\t\t\t\t\t<div class=\"elementor-button-wrapper\">\n\t\t\t\t\t<a class=\"elementor-button elementor-button-link elementor-size-sm\" href=\"https:\/\/youtu.be\/na0NsoUkdUk\" target=\"_blank\">\n\t\t\t\t\t\t<span class=\"elementor-button-content-wrapper\">\n\t\t\t\t\t\t\t\t\t<span class=\"elementor-button-text\">VOIR LE REPLAY <\/span>\n\t\t\t\t\t<\/span>\n\t\t\t\t\t<\/a>\n\t\t\t\t<\/div>\n\t\t\t\t\t\t\t\t<\/div>\n\t\t\t\t<\/div>\n\t\t\t\t\t<\/div>\n\t\t<\/div>\n\t\t\t\t\t<\/div>\n\t\t<\/section>\n\t\t\t\t<section data-particle_enable=\"false\" data-particle-mobile-disabled=\"false\" class=\"elementor-section elementor-inner-section elementor-element elementor-element-428abef elementor-section-boxed elementor-section-height-default elementor-section-height-default\" data-id=\"428abef\" data-element_type=\"section\">\n\t\t\t\t\t\t<div class=\"elementor-container elementor-column-gap-default\">\n\t\t\t\t\t<div class=\"elementor-column elementor-col-100 elementor-inner-column elementor-element elementor-element-e7189db\" data-id=\"e7189db\" data-element_type=\"column\">\n\t\t\t<div class=\"elementor-widget-wrap elementor-element-populated\">\n\t\t\t\t\t\t<div class=\"elementor-element elementor-element-6cde324 elementor-widget elementor-widget-button\" data-id=\"6cde324\" data-element_type=\"widget\" data-widget_type=\"button.default\">\n\t\t\t\t<div class=\"elementor-widget-container\">\n\t\t\t\t\t\t\t\t\t<div class=\"elementor-button-wrapper\">\n\t\t\t\t\t<a class=\"elementor-button elementor-button-link elementor-size-sm\" href=\"https:\/\/wp-sites.ccci.org\/c-proactif\/\/wp-content\/uploads\/sites\/393\/2022\/09\/Salaire-de-ma-foi.pdf\" target=\"_blank\">\n\t\t\t\t\t\t<span class=\"elementor-button-content-wrapper\">\n\t\t\t\t\t\t\t\t\t<span class=\"elementor-button-text\">PDF DE LA CONFERENCE <\/span>\n\t\t\t\t\t<\/span>\n\t\t\t\t\t<\/a>\n\t\t\t\t<\/div>\n\t\t\t\t\t\t\t\t<\/div>\n\t\t\t\t<\/div>\n\t\t\t\t\t<\/div>\n\t\t<\/div>\n\t\t\t\t\t<\/div>\n\t\t<\/section>\n\t\t\t\t\t<\/div>\n\t\t<\/div>\n\t\t\t\t\t<\/div>\n\t\t<\/section>\n\t\t\t\t<section data-particle_enable=\"false\" data-particle-mobile-disabled=\"false\" class=\"elementor-section elementor-top-section elementor-element elementor-element-a7b750e elementor-section-boxed elementor-section-height-default elementor-section-height-default\" data-id=\"a7b750e\" data-element_type=\"section\" data-settings=\"{&quot;background_background&quot;:&quot;classic&quot;}\">\n\t\t\t\t\t\t<div class=\"elementor-container elementor-column-gap-default\">\n\t\t\t\t\t<div class=\"elementor-column elementor-col-66 elementor-top-column elementor-element elementor-element-f181ec9\" data-id=\"f181ec9\" data-element_type=\"column\">\n\t\t\t<div class=\"elementor-widget-wrap elementor-element-populated\">\n\t\t\t\t\t\t<div class=\"elementor-element elementor-element-86c4fba elementor-widget elementor-widget-text-editor\" data-id=\"86c4fba\" data-element_type=\"widget\" data-widget_type=\"text-editor.default\">\n\t\t\t\t<div class=\"elementor-widget-container\">\n\t\t\t\t\t\t\t\t\t<h2><span style=\"color: #ffffff\">Notre intervenant :\u00a0Daniel TOUILLIEZ<\/span><\/h2><p><span style=\"color: #ffffff\">Daniel a exerc\u00e9 35 ans de \u00ab travail-minist\u00e8re \u00bb au sein d\u2019une grande entreprise dans le domaine de l\u2019\u00e9nergie. Ancien responsable du GBE (groupes bibliques d\u2019entreprises), il est aujourd\u2019hui accompagnant de personnes en recherche d\u2019emploi au sein de \u00ab Solidarit\u00e9s Nouvelles face au ch\u00f4mage. \u00bb\u00a0<\/span><\/p><p><span style=\"color: #ffffff\">Il intervient comme conf\u00e9rencier selon la demande des Eglises pour pr\u00e9senter les principes bibliques du travail afin de permettre aux chr\u00e9tiens d\u2019entrer pleinement dans leur appel.\u00a0<\/span>\u00a0<\/p>\t\t\t\t\t\t\t\t<\/div>\n\t\t\t\t<\/div>\n\t\t\t\t\t<\/div>\n\t\t<\/div>\n\t\t\t\t<div class=\"elementor-column elementor-col-33 elementor-top-column elementor-element elementor-element-03c8cae\" data-id=\"03c8cae\" data-element_type=\"column\">\n\t\t\t<div class=\"elementor-widget-wrap elementor-element-populated\">\n\t\t\t\t\t\t<div class=\"elementor-element elementor-element-5c0ad3b elementor-widget elementor-widget-image\" data-id=\"5c0ad3b\" data-element_type=\"widget\" data-widget_type=\"image.default\">\n\t\t\t\t<div class=\"elementor-widget-container\">\n\t\t\t\t\t\t\t\t\t\t\t\t\t\t\t\t<a href=\"https:\/\/wp-sites.ccci.org\/c-proactif\/\/wp-content\/uploads\/sites\/393\/2020\/06\/webinaire-16-juin20-EQUILIBRE-PRO-PERSO-.pdf\" target=\"_blank\">\n\t\t\t\t\t\t\t<img decoding=\"async\" src=\"https:\/\/wp-sites.ccci.org\/c-proactif\/wp-content\/uploads\/sites\/393\/2022\/08\/Daniel-Touilliez-.jpg?w=250\" title=\"Daniel Touilliez\" alt=\"Daniel Touilliez\" loading=\"lazy\" \/>\t\t\t\t\t\t\t\t<\/a>\n\t\t\t\t\t\t\t\t\t\t\t\t\t\t\t<\/div>\n\t\t\t\t<\/div>\n\t\t\t\t\t<\/div>\n\t\t<\/div>\n\t\t\t\t\t<\/div>\n\t\t<\/section>\n\t\t\t\t<\/div>\n\t\t","protected":false},"excerpt":{"rendered":"<p>\u201cRendez \u00e0 C\u00e9sar ce qui est \u00e0 C\u00e9sar et \u00e0 Dieu ce qui est \u00e0 Dieu\u201d Luc 20:25 Nous travaillons tous pour subvenir de fa\u00e7on digne \u00e0 nos besoins. Pour [&hellip;]<\/p>\n","protected":false},"author":14333,"featured_media":10668,"comment_status":"closed","ping_status":"closed","sticky":false,"template":"","format":"link","meta":{"site-sidebar-layout":"default","site-content-layout":"default","ast-site-content-layout":"default","site-content-style":"default","site-sidebar-style":"default","ast-global-header-display":"","ast-banner-title-visibility":"","ast-main-header-display":"","ast-hfb-above-header-display":"","ast-hfb-below-header-display":"","ast-hfb-mobile-header-display":"","site-post-title":"","ast-breadcrumbs-content":"","ast-featured-img":"","footer-sml-layout":"","ast-disable-related-posts":"","theme-transparent-header-meta":"default","adv-header-id-meta":"","stick-header-meta":"","header-above-stick-meta":"","header-main-stick-meta":"","header-below-stick-meta":"","astra-migrate-meta-layouts":"set","ast-page-background-enabled":"default","ast-page-background-meta":{"desktop":{"background-color":"","background-image":"","background-repeat":"repeat","background-position":"center center","background-size":"auto","background-attachment":"scroll","background-type":"","background-media":"","overlay-type":"","overlay-color":"","overlay-opacity":"","overlay-gradient":""},"tablet":{"background-color":"","background-image":"","background-repeat":"repeat","background-position":"center center","background-size":"auto","background-attachment":"scroll","background-type":"","background-media":"","overlay-type":"","overlay-color":"","overlay-opacity":"","overlay-gradient":""},"mobile":{"background-color":"","background-image":"","background-repeat":"repeat","background-position":"center center","background-size":"auto","background-attachment":"scroll","background-type":"","background-media":"","overlay-type":"","overlay-color":"","overlay-opacity":"","overlay-gradient":""}},"ast-content-background-meta":{"desktop":{"background-color":"var(--ast-global-color-5)","background-image":"","background-repeat":"repeat","background-position":"center center","background-size":"auto","background-attachment":"scroll","background-type":"","background-media":"","overlay-type":"","overlay-color":"","overlay-opacity":"","overlay-gradient":""},"tablet":{"background-color":"var(--ast-global-color-5)","background-image":"","background-repeat":"repeat","background-position":"center center","background-size":"auto","background-attachment":"scroll","background-type":"","background-media":"","overlay-type":"","overlay-color":"","overlay-opacity":"","overlay-gradient":""},"mobile":{"background-color":"var(--ast-global-color-5)","background-image":"","background-repeat":"repeat","background-position":"center center","background-size":"auto","background-attachment":"scroll","background-type":"","background-media":"","overlay-type":"","overlay-color":"","overlay-opacity":"","overlay-gradient":""}},"footnotes":""},"categories":[9],"tags":[],"class_list":["post-10909","post","type-post","status-publish","format-link","has-post-thumbnail","hentry","category-penser-mon-travail","post_format-post-format-link"],"yoast_head":"<!-- This site is optimized with the Yoast SEO plugin v26.7 - https:\/\/yoast.com\/wordpress\/plugins\/seo\/ -->\n<title>Concilier salaire et foi - C-PROACTIF<\/title>\n<meta name=\"description\" content=\"Comment concilier salaire et foi ? Comment Dieu intervient-il dans notre salaire ? Quelle place lui donner dans notre chemin de foi ?\" \/>\n<meta name=\"robots\" content=\"noindex, follow, max-snippet:-1, max-image-preview:large, max-video-preview:-1\" \/>\n<meta property=\"og:locale\" content=\"fr_FR\" \/>\n<meta property=\"og:type\" content=\"article\" \/>\n<meta property=\"og:title\" content=\"Concilier salaire et foi - C-PROACTIF\" \/>\n<meta property=\"og:description\" content=\"Comment concilier salaire et foi ? Comment Dieu intervient-il dans notre salaire ? Quelle place lui donner dans notre chemin de foi ?\" \/>\n<meta property=\"og:url\" content=\"https:\/\/wp-sites.ccci.org\/c-proactif\/salaire-et-foi\/\" \/>\n<meta property=\"og:site_name\" content=\"C-PROACTIF\" \/>\n<meta property=\"article:published_time\" content=\"2022-09-16T09:11:02+00:00\" \/>\n<meta property=\"article:modified_time\" content=\"2023-12-22T12:17:34+00:00\" \/>\n<meta property=\"og:image\" content=\"https:\/\/wp-sites.ccci.org\/c-proactif\/wp-content\/uploads\/sites\/393\/2022\/08\/visuel-webconf-salaire.png\" \/>\n\t<meta property=\"og:image:width\" content=\"1158\" \/>\n\t<meta property=\"og:image:height\" content=\"656\" \/>\n\t<meta property=\"og:image:type\" content=\"image\/png\" \/>\n<meta name=\"author\" content=\"Anne-Marie HUSSON\" \/>\n<meta name=\"twitter:card\" content=\"summary_large_image\" \/>\n<meta name=\"twitter:label1\" content=\"\u00c9crit par\" \/>\n\t<meta name=\"twitter:data1\" content=\"Anne-Marie HUSSON\" \/>\n\t<meta name=\"twitter:label2\" content=\"Dur\u00e9e de lecture estim\u00e9e\" \/>\n\t<meta name=\"twitter:data2\" content=\"3 minutes\" \/>\n<script type=\"application\/ld+json\" class=\"yoast-schema-graph\">{\"@context\":\"https:\/\/schema.org\",\"@graph\":[{\"@type\":\"Article\",\"@id\":\"https:\/\/wp-sites.ccci.org\/c-proactif\/salaire-et-foi\/#article\",\"isPartOf\":{\"@id\":\"https:\/\/wp-sites.ccci.org\/c-proactif\/salaire-et-foi\/\"},\"author\":{\"name\":\"Anne-Marie HUSSON\",\"@id\":\"https:\/\/wp-sites.ccci.org\/c-proactif\/#\/schema\/person\/31baa806e67e95311c4c17fad287a4d2\"},\"headline\":\"Concilier salaire et foi\",\"datePublished\":\"2022-09-16T09:11:02+00:00\",\"dateModified\":\"2023-12-22T12:17:34+00:00\",\"mainEntityOfPage\":{\"@id\":\"https:\/\/wp-sites.ccci.org\/c-proactif\/salaire-et-foi\/\"},\"wordCount\":403,\"publisher\":{\"@id\":\"https:\/\/wp-sites.ccci.org\/c-proactif\/#organization\"},\"image\":{\"@id\":\"https:\/\/wp-sites.ccci.org\/c-proactif\/salaire-et-foi\/#primaryimage\"},\"thumbnailUrl\":\"https:\/\/wp-sites.ccci.org\/c-proactif\/wp-content\/uploads\/sites\/393\/2022\/08\/visuel-webconf-salaire.png\",\"articleSection\":[\"Penser mon travail\"],\"inLanguage\":\"fr-FR\"},{\"@type\":\"WebPage\",\"@id\":\"https:\/\/wp-sites.ccci.org\/c-proactif\/salaire-et-foi\/\",\"url\":\"https:\/\/wp-sites.ccci.org\/c-proactif\/salaire-et-foi\/\",\"name\":\"Concilier salaire et foi - C-PROACTIF\",\"isPartOf\":{\"@id\":\"https:\/\/wp-sites.ccci.org\/c-proactif\/#website\"},\"primaryImageOfPage\":{\"@id\":\"https:\/\/wp-sites.ccci.org\/c-proactif\/salaire-et-foi\/#primaryimage\"},\"image\":{\"@id\":\"https:\/\/wp-sites.ccci.org\/c-proactif\/salaire-et-foi\/#primaryimage\"},\"thumbnailUrl\":\"https:\/\/wp-sites.ccci.org\/c-proactif\/wp-content\/uploads\/sites\/393\/2022\/08\/visuel-webconf-salaire.png\",\"datePublished\":\"2022-09-16T09:11:02+00:00\",\"dateModified\":\"2023-12-22T12:17:34+00:00\",\"description\":\"Comment concilier salaire et foi ? Comment Dieu intervient-il dans notre salaire ? Quelle place lui donner dans notre chemin de foi ?\",\"breadcrumb\":{\"@id\":\"https:\/\/wp-sites.ccci.org\/c-proactif\/salaire-et-foi\/#breadcrumb\"},\"inLanguage\":\"fr-FR\",\"potentialAction\":[{\"@type\":\"ReadAction\",\"target\":[\"https:\/\/wp-sites.ccci.org\/c-proactif\/salaire-et-foi\/\"]}]},{\"@type\":\"ImageObject\",\"inLanguage\":\"fr-FR\",\"@id\":\"https:\/\/wp-sites.ccci.org\/c-proactif\/salaire-et-foi\/#primaryimage\",\"url\":\"https:\/\/wp-sites.ccci.org\/c-proactif\/wp-content\/uploads\/sites\/393\/2022\/08\/visuel-webconf-salaire.png\",\"contentUrl\":\"https:\/\/wp-sites.ccci.org\/c-proactif\/wp-content\/uploads\/sites\/393\/2022\/08\/visuel-webconf-salaire.png\",\"width\":1158,\"height\":656},{\"@type\":\"BreadcrumbList\",\"@id\":\"https:\/\/wp-sites.ccci.org\/c-proactif\/salaire-et-foi\/#breadcrumb\",\"itemListElement\":[{\"@type\":\"ListItem\",\"position\":1,\"name\":\"Accueil\",\"item\":\"https:\/\/wp-sites.ccci.org\/c-proactif\/\"},{\"@type\":\"ListItem\",\"position\":2,\"name\":\"Penser mon travail\",\"item\":\"https:\/\/wp-sites.ccci.org\/c-proactif\/theme\/penser-mon-travail\/\"},{\"@type\":\"ListItem\",\"position\":3,\"name\":\"Concilier salaire et foi\"}]},{\"@type\":\"WebSite\",\"@id\":\"https:\/\/wp-sites.ccci.org\/c-proactif\/#website\",\"url\":\"https:\/\/wp-sites.ccci.org\/c-proactif\/\",\"name\":\"C-PROACTIF\",\"description\":\"R\u00e9seau professionnel chr\u00e9tien\",\"publisher\":{\"@id\":\"https:\/\/wp-sites.ccci.org\/c-proactif\/#organization\"},\"potentialAction\":[{\"@type\":\"SearchAction\",\"target\":{\"@type\":\"EntryPoint\",\"urlTemplate\":\"https:\/\/wp-sites.ccci.org\/c-proactif\/?s={search_term_string}\"},\"query-input\":{\"@type\":\"PropertyValueSpecification\",\"valueRequired\":true,\"valueName\":\"search_term_string\"}}],\"inLanguage\":\"fr-FR\"},{\"@type\":\"Organization\",\"@id\":\"https:\/\/wp-sites.ccci.org\/c-proactif\/#organization\",\"name\":\"C-PROACTIF\",\"url\":\"https:\/\/wp-sites.ccci.org\/c-proactif\/\",\"logo\":{\"@type\":\"ImageObject\",\"inLanguage\":\"fr-FR\",\"@id\":\"https:\/\/wp-sites.ccci.org\/c-proactif\/#\/schema\/logo\/image\/\",\"url\":\"https:\/\/wp-sites.ccci.org\/c-proactif\/wp-content\/uploads\/sites\/393\/2021\/05\/logo-baseline-blanc-300.png\",\"contentUrl\":\"https:\/\/wp-sites.ccci.org\/c-proactif\/wp-content\/uploads\/sites\/393\/2021\/05\/logo-baseline-blanc-300.png\",\"width\":300,\"height\":113,\"caption\":\"C-PROACTIF\"},\"image\":{\"@id\":\"https:\/\/wp-sites.ccci.org\/c-proactif\/#\/schema\/logo\/image\/\"}},{\"@type\":\"Person\",\"@id\":\"https:\/\/wp-sites.ccci.org\/c-proactif\/#\/schema\/person\/31baa806e67e95311c4c17fad287a4d2\",\"name\":\"Anne-Marie HUSSON\",\"image\":{\"@type\":\"ImageObject\",\"inLanguage\":\"fr-FR\",\"@id\":\"https:\/\/wp-sites.ccci.org\/c-proactif\/#\/schema\/person\/image\/\",\"url\":\"https:\/\/secure.gravatar.com\/avatar\/8610b2dea99ccb68a80717332fcf6000967063200f783c057fb3812ac2517470?s=96&d=mm&r=g\",\"contentUrl\":\"https:\/\/secure.gravatar.com\/avatar\/8610b2dea99ccb68a80717332fcf6000967063200f783c057fb3812ac2517470?s=96&d=mm&r=g\",\"caption\":\"Anne-Marie HUSSON\"},\"description\":\"D\u00e9l\u00e9gu\u00e9e fran\u00e7aise au Forum Mondial du travail du Comit\u00e9 de Lausanne. Consultante ind\u00e9pendante en strat\u00e9gie et innovation de la formation professionnelle. 22 ans de minist\u00e8re au sein d\u2019AGAPE FRANCE, Chef de projet e-learning au sein de diverses institutions (CCI et Universit\u00e9)\"}]}<\/script>\n<!-- \/ Yoast SEO plugin. -->","yoast_head_json":{"title":"Concilier salaire et foi - C-PROACTIF","description":"Comment concilier salaire et foi ? Comment Dieu intervient-il dans notre salaire ? Quelle place lui donner dans notre chemin de foi ?","robots":{"index":"noindex","follow":"follow","max-snippet":"max-snippet:-1","max-image-preview":"max-image-preview:large","max-video-preview":"max-video-preview:-1"},"og_locale":"fr_FR","og_type":"article","og_title":"Concilier salaire et foi - C-PROACTIF","og_description":"Comment concilier salaire et foi ? Comment Dieu intervient-il dans notre salaire ? Quelle place lui donner dans notre chemin de foi ?","og_url":"https:\/\/wp-sites.ccci.org\/c-proactif\/salaire-et-foi\/","og_site_name":"C-PROACTIF","article_published_time":"2022-09-16T09:11:02+00:00","article_modified_time":"2023-12-22T12:17:34+00:00","og_image":[{"width":1158,"height":656,"url":"https:\/\/wp-sites.ccci.org\/c-proactif\/wp-content\/uploads\/sites\/393\/2022\/08\/visuel-webconf-salaire.png","type":"image\/png"}],"author":"Anne-Marie HUSSON","twitter_card":"summary_large_image","twitter_misc":{"\u00c9crit par":"Anne-Marie HUSSON","Dur\u00e9e de lecture estim\u00e9e":"3 minutes"},"schema":{"@context":"https:\/\/schema.org","@graph":[{"@type":"Article","@id":"https:\/\/wp-sites.ccci.org\/c-proactif\/salaire-et-foi\/#article","isPartOf":{"@id":"https:\/\/wp-sites.ccci.org\/c-proactif\/salaire-et-foi\/"},"author":{"name":"Anne-Marie HUSSON","@id":"https:\/\/wp-sites.ccci.org\/c-proactif\/#\/schema\/person\/31baa806e67e95311c4c17fad287a4d2"},"headline":"Concilier salaire et foi","datePublished":"2022-09-16T09:11:02+00:00","dateModified":"2023-12-22T12:17:34+00:00","mainEntityOfPage":{"@id":"https:\/\/wp-sites.ccci.org\/c-proactif\/salaire-et-foi\/"},"wordCount":403,"publisher":{"@id":"https:\/\/wp-sites.ccci.org\/c-proactif\/#organization"},"image":{"@id":"https:\/\/wp-sites.ccci.org\/c-proactif\/salaire-et-foi\/#primaryimage"},"thumbnailUrl":"https:\/\/wp-sites.ccci.org\/c-proactif\/wp-content\/uploads\/sites\/393\/2022\/08\/visuel-webconf-salaire.png","articleSection":["Penser mon travail"],"inLanguage":"fr-FR"},{"@type":"WebPage","@id":"https:\/\/wp-sites.ccci.org\/c-proactif\/salaire-et-foi\/","url":"https:\/\/wp-sites.ccci.org\/c-proactif\/salaire-et-foi\/","name":"Concilier salaire et foi - C-PROACTIF","isPartOf":{"@id":"https:\/\/wp-sites.ccci.org\/c-proactif\/#website"},"primaryImageOfPage":{"@id":"https:\/\/wp-sites.ccci.org\/c-proactif\/salaire-et-foi\/#primaryimage"},"image":{"@id":"https:\/\/wp-sites.ccci.org\/c-proactif\/salaire-et-foi\/#primaryimage"},"thumbnailUrl":"https:\/\/wp-sites.ccci.org\/c-proactif\/wp-content\/uploads\/sites\/393\/2022\/08\/visuel-webconf-salaire.png","datePublished":"2022-09-16T09:11:02+00:00","dateModified":"2023-12-22T12:17:34+00:00","description":"Comment concilier salaire et foi ? Comment Dieu intervient-il dans notre salaire ? Quelle place lui donner dans notre chemin de foi ?","breadcrumb":{"@id":"https:\/\/wp-sites.ccci.org\/c-proactif\/salaire-et-foi\/#breadcrumb"},"inLanguage":"fr-FR","potentialAction":[{"@type":"ReadAction","target":["https:\/\/wp-sites.ccci.org\/c-proactif\/salaire-et-foi\/"]}]},{"@type":"ImageObject","inLanguage":"fr-FR","@id":"https:\/\/wp-sites.ccci.org\/c-proactif\/salaire-et-foi\/#primaryimage","url":"https:\/\/wp-sites.ccci.org\/c-proactif\/wp-content\/uploads\/sites\/393\/2022\/08\/visuel-webconf-salaire.png","contentUrl":"https:\/\/wp-sites.ccci.org\/c-proactif\/wp-content\/uploads\/sites\/393\/2022\/08\/visuel-webconf-salaire.png","width":1158,"height":656},{"@type":"BreadcrumbList","@id":"https:\/\/wp-sites.ccci.org\/c-proactif\/salaire-et-foi\/#breadcrumb","itemListElement":[{"@type":"ListItem","position":1,"name":"Accueil","item":"https:\/\/wp-sites.ccci.org\/c-proactif\/"},{"@type":"ListItem","position":2,"name":"Penser mon travail","item":"https:\/\/wp-sites.ccci.org\/c-proactif\/theme\/penser-mon-travail\/"},{"@type":"ListItem","position":3,"name":"Concilier salaire et foi"}]},{"@type":"WebSite","@id":"https:\/\/wp-sites.ccci.org\/c-proactif\/#website","url":"https:\/\/wp-sites.ccci.org\/c-proactif\/","name":"C-PROACTIF","description":"R\u00e9seau professionnel chr\u00e9tien","publisher":{"@id":"https:\/\/wp-sites.ccci.org\/c-proactif\/#organization"},"potentialAction":[{"@type":"SearchAction","target":{"@type":"EntryPoint","urlTemplate":"https:\/\/wp-sites.ccci.org\/c-proactif\/?s={search_term_string}"},"query-input":{"@type":"PropertyValueSpecification","valueRequired":true,"valueName":"search_term_string"}}],"inLanguage":"fr-FR"},{"@type":"Organization","@id":"https:\/\/wp-sites.ccci.org\/c-proactif\/#organization","name":"C-PROACTIF","url":"https:\/\/wp-sites.ccci.org\/c-proactif\/","logo":{"@type":"ImageObject","inLanguage":"fr-FR","@id":"https:\/\/wp-sites.ccci.org\/c-proactif\/#\/schema\/logo\/image\/","url":"https:\/\/wp-sites.ccci.org\/c-proactif\/wp-content\/uploads\/sites\/393\/2021\/05\/logo-baseline-blanc-300.png","contentUrl":"https:\/\/wp-sites.ccci.org\/c-proactif\/wp-content\/uploads\/sites\/393\/2021\/05\/logo-baseline-blanc-300.png","width":300,"height":113,"caption":"C-PROACTIF"},"image":{"@id":"https:\/\/wp-sites.ccci.org\/c-proactif\/#\/schema\/logo\/image\/"}},{"@type":"Person","@id":"https:\/\/wp-sites.ccci.org\/c-proactif\/#\/schema\/person\/31baa806e67e95311c4c17fad287a4d2","name":"Anne-Marie HUSSON","image":{"@type":"ImageObject","inLanguage":"fr-FR","@id":"https:\/\/wp-sites.ccci.org\/c-proactif\/#\/schema\/person\/image\/","url":"https:\/\/secure.gravatar.com\/avatar\/8610b2dea99ccb68a80717332fcf6000967063200f783c057fb3812ac2517470?s=96&d=mm&r=g","contentUrl":"https:\/\/secure.gravatar.com\/avatar\/8610b2dea99ccb68a80717332fcf6000967063200f783c057fb3812ac2517470?s=96&d=mm&r=g","caption":"Anne-Marie HUSSON"},"description":"D\u00e9l\u00e9gu\u00e9e fran\u00e7aise au Forum Mondial du travail du Comit\u00e9 de Lausanne. Consultante ind\u00e9pendante en strat\u00e9gie et innovation de la formation professionnelle. 22 ans de minist\u00e8re au sein d\u2019AGAPE FRANCE, Chef de projet e-learning au sein de diverses institutions (CCI et Universit\u00e9)"}]}},"jetpack_featured_media_url":"https:\/\/wp-sites.ccci.org\/c-proactif\/wp-content\/uploads\/sites\/393\/2022\/08\/visuel-webconf-salaire.png","meta_box":[],"_links":{"self":[{"href":"https:\/\/wp-sites.ccci.org\/c-proactif\/wp-json\/wp\/v2\/posts\/10909","targetHints":{"allow":["GET"]}}],"collection":[{"href":"https:\/\/wp-sites.ccci.org\/c-proactif\/wp-json\/wp\/v2\/posts"}],"about":[{"href":"https:\/\/wp-sites.ccci.org\/c-proactif\/wp-json\/wp\/v2\/types\/post"}],"author":[{"embeddable":true,"href":"https:\/\/wp-sites.ccci.org\/c-proactif\/wp-json\/wp\/v2\/users\/14333"}],"replies":[{"embeddable":true,"href":"https:\/\/wp-sites.ccci.org\/c-proactif\/wp-json\/wp\/v2\/comments?post=10909"}],"version-history":[{"count":36,"href":"https:\/\/wp-sites.ccci.org\/c-proactif\/wp-json\/wp\/v2\/posts\/10909\/revisions"}],"predecessor-version":[{"id":14856,"href":"https:\/\/wp-sites.ccci.org\/c-proactif\/wp-json\/wp\/v2\/posts\/10909\/revisions\/14856"}],"wp:featuredmedia":[{"embeddable":true,"href":"https:\/\/wp-sites.ccci.org\/c-proactif\/wp-json\/wp\/v2\/media\/10668"}],"wp:attachment":[{"href":"https:\/\/wp-sites.ccci.org\/c-proactif\/wp-json\/wp\/v2\/media?parent=10909"}],"wp:term":[{"taxonomy":"category","embeddable":true,"href":"https:\/\/wp-sites.ccci.org\/c-proactif\/wp-json\/wp\/v2\/categories?post=10909"},{"taxonomy":"post_tag","embeddable":true,"href":"https:\/\/wp-sites.ccci.org\/c-proactif\/wp-json\/wp\/v2\/tags?post=10909"}],"curies":[{"name":"wp","href":"https:\/\/api.w.org\/{rel}","templated":true}]}}