{"id":12103,"date":"2022-12-06T22:10:00","date_gmt":"2022-12-06T21:10:00","guid":{"rendered":"https:\/\/c-proactif.org\/?p=12103"},"modified":"2023-12-21T16:16:13","modified_gmt":"2023-12-21T15:16:13","slug":"jour-1","status":"publish","type":"post","link":"https:\/\/wp-sites.ccci.org\/c-proactif\/jour-1\/","title":{"rendered":"Nous prions pour la vie &#8211; Jour 1"},"content":{"rendered":"\t\t<div data-elementor-type=\"wp-post\" data-elementor-id=\"12103\" class=\"elementor elementor-12103\" data-elementor-post-type=\"post\">\n\t\t\t\t\t\t<section data-particle_enable=\"false\" data-particle-mobile-disabled=\"false\" class=\"elementor-section elementor-top-section elementor-element elementor-element-38391b42 elementor-section-boxed elementor-section-height-default elementor-section-height-default\" data-id=\"38391b42\" data-element_type=\"section\">\n\t\t\t\t\t\t<div class=\"elementor-container elementor-column-gap-default\">\n\t\t\t\t\t<div class=\"elementor-column elementor-col-100 elementor-top-column elementor-element elementor-element-3f4dc5c5\" data-id=\"3f4dc5c5\" data-element_type=\"column\">\n\t\t\t<div class=\"elementor-widget-wrap elementor-element-populated\">\n\t\t\t\t\t\t<div class=\"elementor-element elementor-element-4c389233 intro elementor-widget elementor-widget-text-editor\" data-id=\"4c389233\" data-element_type=\"widget\" data-widget_type=\"text-editor.default\">\n\t\t\t\t<div class=\"elementor-widget-container\">\n\t\t\t\t\t\t\t\t\t<h2>Aujourd&rsquo;hui nous prions pour les m\u00e9decins et le corps medical\u00a0<\/h2><blockquote><p><strong>\u00ab L&rsquo;homme n&rsquo;est pas ma\u00eetre de son souffle pour pouvoir le retenir, et il n&rsquo;a aucune puissance sur le jour de la mort ; il n&rsquo;y a point de d\u00e9livrance dans ce combat, et la m\u00e9chancet\u00e9 ne saurait sauver les m\u00e9chants. \u00bb Ecc 8 :8 <\/strong><\/p><\/blockquote>\t\t\t\t\t\t\t\t<\/div>\n\t\t\t\t<\/div>\n\t\t\t\t\t<\/div>\n\t\t<\/div>\n\t\t\t\t\t<\/div>\n\t\t<\/section>\n\t\t\t\t<section data-particle_enable=\"false\" data-particle-mobile-disabled=\"false\" class=\"elementor-section elementor-top-section elementor-element elementor-element-51c35737 elementor-section-boxed elementor-section-height-default elementor-section-height-default\" data-id=\"51c35737\" data-element_type=\"section\">\n\t\t\t\t\t\t<div class=\"elementor-container elementor-column-gap-default\">\n\t\t\t\t\t<div class=\"elementor-column elementor-col-50 elementor-top-column elementor-element elementor-element-7b781b38\" data-id=\"7b781b38\" data-element_type=\"column\">\n\t\t\t<div class=\"elementor-widget-wrap elementor-element-populated\">\n\t\t\t\t\t\t<div class=\"elementor-element elementor-element-72229df0 elementor-widget elementor-widget-text-editor\" data-id=\"72229df0\" data-element_type=\"widget\" data-widget_type=\"text-editor.default\">\n\t\t\t\t<div class=\"elementor-widget-container\">\n\t\t\t\t\t\t\t\t\t<h2>La situation<\/h2><p>Les m\u00e9decins et le corps m\u00e9dical dans son ensemble sont les premiers concern\u00e9s par ce projet de loi, car ce sont eux qui font face \u00e0 la plupart des situations de fin de vie, situations souvent complexes et douloureuses qu\u2019ils doivent g\u00e9rer en accompagnant le patient et son entourage. <br \/>Ces situations de fin de vie sont actuellement r\u00e9gies par deux lois : <strong>la loi L\u00e9onetti (2005),<\/strong> revue et amend\u00e9e par <strong>la loi Claeys-Leonetti (2016).\u00a0<\/strong><\/p><p>Ces lois imposent aux m\u00e9decins d\u2019emp\u00eacher tout acharnement th\u00e9rapeutique. Elles incitent \u00e0 d\u00e9velopper l\u2019acc\u00e8s aux soins palliatifs, qui ont pour but de soulager la douleur, d\u2019apaiser la souffrance psychique, de sauvegarder la dignit\u00e9 de la personne malade et de soutenir son entourage. Elles donnent au patient la libert\u00e9 de refuser des soins m\u00eame vitaux. Elles demandent aux m\u00e9decins de respecter les volont\u00e9s du patient, inscrites dans ses \u00abdirectives anticip\u00e9es\u00bb et transmises \u00e0 sa \u00abpersonne de confiance \u00bb (<a href=\"https:\/\/cpdh.org\/fiches\/fin-de-vie-ce-que-dit-la-loi-francaise\/\">Cf la Fiche rep\u00e8re du CPDH<\/a>)<\/p>\t\t\t\t\t\t\t\t<\/div>\n\t\t\t\t<\/div>\n\t\t\t\t\t<\/div>\n\t\t<\/div>\n\t\t\t\t<div class=\"elementor-column elementor-col-50 elementor-top-column elementor-element elementor-element-372efe6e\" data-id=\"372efe6e\" data-element_type=\"column\">\n\t\t\t<div class=\"elementor-widget-wrap elementor-element-populated\">\n\t\t\t\t\t\t<div class=\"elementor-element elementor-element-79606041 elementor-widget elementor-widget-image\" data-id=\"79606041\" data-element_type=\"widget\" data-widget_type=\"image.default\">\n\t\t\t\t<div class=\"elementor-widget-container\">\n\t\t\t\t\t\t\t\t\t\t\t\t\t\t\t<img decoding=\"async\" src=\"https:\/\/wp-sites.ccci.org\/c-proactif\/wp-content\/uploads\/sites\/393\/2020\/03\/heart-1187266_1280.jpg?w=1024\" title=\"heart-1187266_1280\" alt=\"heart-1187266_1280\" loading=\"lazy\" \/>\t\t\t\t\t\t\t\t\t\t\t\t\t\t\t<\/div>\n\t\t\t\t<\/div>\n\t\t\t\t\t<\/div>\n\t\t<\/div>\n\t\t\t\t\t<\/div>\n\t\t<\/section>\n\t\t\t\t<section data-particle_enable=\"false\" data-particle-mobile-disabled=\"false\" class=\"elementor-section elementor-top-section elementor-element elementor-element-247ab9ff elementor-section-boxed elementor-section-height-default elementor-section-height-default\" data-id=\"247ab9ff\" data-element_type=\"section\">\n\t\t\t\t\t\t<div class=\"elementor-container elementor-column-gap-default\">\n\t\t\t\t\t<div class=\"elementor-column elementor-col-100 elementor-top-column elementor-element elementor-element-418d3a62\" data-id=\"418d3a62\" data-element_type=\"column\">\n\t\t\t<div class=\"elementor-widget-wrap elementor-element-populated\">\n\t\t\t\t\t\t<div class=\"elementor-element elementor-element-7c5dce71 elementor-widget elementor-widget-text-editor\" data-id=\"7c5dce71\" data-element_type=\"widget\" data-widget_type=\"text-editor.default\">\n\t\t\t\t<div class=\"elementor-widget-container\">\n\t\t\t\t\t\t\t\t\t<p><strong>Le projet de loi en cours pr\u00e9tend donner une plus grande autonomie \u00e0 la personne en lui permettant de choisir elle-m\u00eame les modalit\u00e9s de sa mort, avant m\u00eame qu\u2019elle ne se trouve en situation de fin de vie.<\/strong> En effet les lois en vigueur ne peuvent \u00eatre appliqu\u00e9es que <em>\u00abdans les seuls cas o\u00f9 la mort doit intervenir \u00e0 br\u00e8ve \u00e9ch\u00e9ance, emp\u00eachant ainsi de nombreux patients de choisir leur fin de vie en amont de la d\u00e9gradation de celle ci. Cette technique ne permet pas de donner au patient le choix de sa mort.<\/em>\u00bb Ainsi le projet de loi s\u2019adresse \u00e0 ceux qui veulent mourir alors qu\u2019ils ne sont pas encore en fin de vie et elle demande au corps m\u00e9dical de les assister dans ce choix de mourir.<\/p><p>R\u00e9capitulons ces diff\u00e9rences sous forme de tableau :\u00a0<\/p>\t\t\t\t\t\t\t\t<\/div>\n\t\t\t\t<\/div>\n\t\t\t\t<div class=\"elementor-element elementor-element-d8dbb8c eael-dt-th-align-center eael-table-align-center elementor-widget elementor-widget-eael-data-table\" data-id=\"d8dbb8c\" data-element_type=\"widget\" data-widget_type=\"eael-data-table.default\">\n\t\t\t\t<div class=\"elementor-widget-container\">\n\t\t\t\t\t\t\t<div class=\"eael-data-table-wrap\" data-table_id=\"d8dbb8c\" id=\"eael-data-table-wrapper-d8dbb8c\" data-custom_responsive=\"false\">\n\t\t\t<table class=\"tablesorter eael-data-table center\" id=\"eael-data-table-d8dbb8c\">\n\t\t\t    <thead>\n\t\t\t        <tr class=\"table-header\">\n\t\t\t\t\t\t\t\t\t            <th class=\" sorting\" id=\"\" colspan=\"\">\n\t\t\t\t\t\t\t\t\t\t\t\t\t\t<span class=\"data-table-header-text\">La loi actuelle autorise : <\/span><\/th>\n\t\t\t        \t\t\t\t            <th class=\" sorting\" id=\"\" colspan=\"\">\n\t\t\t\t\t\t\t\t\t\t\t\t\t\t<span class=\"data-table-header-text\">La loi actuelle interdit: <\/span><\/th>\n\t\t\t        \t\t\t\t            <th class=\" sorting\" id=\"\" colspan=\"\">\n\t\t\t\t\t\t\t\t\t\t\t\t\t\t<span class=\"data-table-header-text\">Le projet de loi \u00e0 venir propose : <\/span><\/th>\n\t\t\t        \t\t\t\t        <\/tr>\n\t\t\t    <\/thead>\n\t\t\t  \t<tbody>\n\t\t\t\t\t\t\t\t\t\t\t<tr>\n\t\t\t\t\t\t\t\t\t\t\t\t\t\t\t\t   \t\t\t\t\t\t\t\t\t\t\t<td colspan=\"\" rowspan=\"\" class=\"\" id=\"\">\n\t\t\t\t\t\t\t\t\t\t\t\t<div class=\"td-content-wrapper\"><div class=\"td-content\">\n\t\t\t\t\t\t\t\t\t\t\t\t\t<ul><li>Garantit l\u2019acc\u00e8s aux soins palliatifs pour tous<\/li><li>Droit du patient \u00e0 refuser des soins m\u00eame vitaux<\/li><li>Respect des volont\u00e9s du patient exprim\u00e9es dans ses directives anticip\u00e9e<\/li><li>M\u00e9diation possible par la personne de confiance<\/li><li>Dans certaines situations de fin de vie \u00e0 court terme, possibilit\u00e9 d\u2019une s\u00e9dation profonde et continue jusqu\u2019au d\u00e9c\u00e8s.<\/li><\/ul>\t\t\t\t\t\t\t\t\t\t\t\t<\/div><\/div>\n\t\t\t\t\t\t\t\t\t\t\t<\/td>\n\t\t\t\t\t\t\t\t\t\t\t\t\t\t\t\t\t\t\t\t\t\t\t\t\t\t\t\t\t   \t\t\t\t\t\t\t\t\t\t\t<td colspan=\"\" rowspan=\"\" class=\"\" id=\"\">\n\t\t\t\t\t\t\t\t\t\t\t\t<div class=\"td-content-wrapper\"><div class=\"td-content\">\n\t\t\t\t\t\t\t\t\t\t\t\t\t<ul><li>L\u2019euthanasie active, assimil\u00e9e \u00e0 un homicide volontaire condamn\u00e9 par le code p\u00e9nal<\/li><li>le suicide assist\u00e9 (donner les moyens au patient de mettre fin \u00e0 sa vie)<\/li><\/ul>\t\t\t\t\t\t\t\t\t\t\t\t<\/div><\/div>\n\t\t\t\t\t\t\t\t\t\t\t<\/td>\n\t\t\t\t\t\t\t\t\t\t\t\t\t\t\t\t\t\t\t\t\t\t\t\t\t\t\t\t\t   \t\t\t\t\t\t\t\t\t\t\t<td colspan=\"\" rowspan=\"\" class=\"\" id=\"\">\n\t\t\t\t\t\t\t\t\t\t\t\t<div class=\"td-content-wrapper\"><div class=\"td-content\">\n\t\t\t\t\t\t\t\t\t\t\t\t\t<ul><li>de l\u00e9galiser le suicide assist\u00e9 (\u00ab\u00a0aide active \u00e0 mourir\u00a0\u00bb) en autorisant le m\u00e9decin \u00e0 donner au patient les moyens de mettre fin lui-m\u00eame \u00e0 sa vie, avec son assistance<\/li><li>Ceci m\u00eame en dehors d\u2019une situation de fin de vie, dans la mesure o\u00f9 la personne estime que ses souffrances physiques ou psychiques sont devenues insupportables<\/li><\/ul>\t\t\t\t\t\t\t\t\t\t\t\t<\/div><\/div>\n\t\t\t\t\t\t\t\t\t\t\t<\/td>\n\t\t\t\t\t\t\t\t\t\t\t\t\t\t\t\t\t\t\t\t\t\t\t\t\t\t<\/tr>\n\t\t\t        \t\t\t    <\/tbody>\n\t\t\t<\/table>\n\t\t<\/div>\n\t  \t\t\t\t\t<\/div>\n\t\t\t\t<\/div>\n\t\t\t\t<div class=\"elementor-element elementor-element-ea4cd82 elementor-widget elementor-widget-text-editor\" data-id=\"ea4cd82\" data-element_type=\"widget\" data-widget_type=\"text-editor.default\">\n\t\t\t\t<div class=\"elementor-widget-container\">\n\t\t\t\t\t\t\t\t\t<p><span style=\"font-size: 15px\">Dans le nouveau projet de loi, le droit de demander une assistance \u00e0 mourir sera activable pour \u00ab\u00a0<\/span><em style=\"font-size: 15px\">toute personne majeure et capable, telle que d\u00e9finie par les articles 1145 et 1150 du code civil, en phase avanc\u00e9e ou terminale, m\u00eame en l\u2019absence de diagnostic de d\u00e9c\u00e8s \u00e0 br\u00e8ve \u00e9ch\u00e9ance, qui se trouve dans une situation d\u2019affection accidentelle ou pathologique av\u00e9r\u00e9e, grave, incurable et\/ou \u00e0 tendance invalidante et incurable, lui infligeant une souffrance physique ou psychique qu\u2019elle juge insupportable ou la pla\u00e7ant dans un \u00e9tat de forte d\u00e9pendance qu\u2019elle estime incompatible avec sa dignit\u00e9\u00bb<\/em><span style=\"font-size: 15px\">.<\/span><\/p><h2><strong>Qu\u2019en pensent les m\u00e9decins\u00a0? \u00a0<\/strong><\/h2><h4><strong>L\u2019acte de mort intentionnellement donn\u00e9e ne peut \u00eatre consid\u00e9r\u00e9e comme un soin <\/strong><\/h4><p><strong>\u00a0<\/strong><a href=\"https:\/\/sfap.org\/\">La Soci\u00e9t\u00e9 Fran\u00e7aise d\u2019Accompagnement et de soins palliatifs<\/a> (SFAP) a men\u00e9 l\u2019enqu\u00eate aupr\u00e8s des acteurs de soins palliatifs (m\u00e9decins, infirmiers, aides-soignants, professionnels de sant\u00e9) et des b\u00e9n\u00e9voles afin de comprendre leurs attentes, leurs craintes et de les partager avec l\u2019opinion publique. En voici les principaux r\u00e9sultats.<\/p><p>Selon ce sondage OpinionWay paru en octobre 2022, <strong>les m\u00e9decins\u00a0 refusent d\u2019\u00eatre les acteurs de la mort administr\u00e9e<\/strong> :<\/p><ul><li><strong>90% des acteurs de soins palliatifs d\u00e9clarent \u00eatre satisfaits du cadre l\u00e9gal actuel<\/strong>\u00a0<\/li><li><strong>85% des acteurs de soins d\u00e9clarent \u00eatre d\u00e9favorables \u00e0 l\u2019id\u00e9e de provoquer intentionnellement la mort.<\/strong> Ils sont <strong>83%<\/strong> \u00e0 d\u00e9clarer que ce type de geste ne peut \u00eatre consid\u00e9r\u00e9 comme un soin\u00a0!<\/li><li>Au-del\u00e0 du monde soignant, la <strong>communaut\u00e9 des b\u00e9n\u00e9voles<\/strong> impliqu\u00e9s en soins palliatifs partage <strong>les m\u00eames appr\u00e9hensions et la m\u00eame opposition<\/strong>. <strong>86%<\/strong> d\u2019entre eux estiment que l\u2019acte de mort intentionnellement provoqu\u00e9 ne peut \u00eatre consid\u00e9r\u00e9 comme un soin.<\/li><\/ul><p>Selon Claire Fourcade, Pr\u00e9sidente de la SFAP<strong> , <em>\u00ab le monde des soins palliatifs rejette massivement ce chemin qui ne correspond pas \u00e0 l\u2019esprit et \u00e0 la pratique de ce que la France a construit de mani\u00e8re consensuelle au cours des derni\u00e8res d\u00e9cennies<\/em> \u00bb.<\/strong><\/p><p><strong>L\u2019Acad\u00e9mie de M\u00e9decine<\/strong>, de son c\u00f4t\u00e9, <a href=\"https:\/\/www.academie-medecine.fr\/fin-de-vie-faut-il-aller-au-dela-des-dispositions-actuelles\/\">trouve inutile une \u00e9volution l\u00e9gislative<\/a> tant que les conditions pr\u00e9alables n\u2019ont pas \u00e9t\u00e9 r\u00e9unies\u00a0:<\/p><ul><li>Une formation approfondie sur la fin de vie pour toutes les cat\u00e9gories de professionnels de sant\u00e9.<\/li><li>Une information objective et d\u00e9taill\u00e9e du public sur la l\u00e9gislation en vigueur.<\/li><li>Une \u00e9valuation rigoureuse de l\u2019application des dispositions en place soit r\u00e9alis\u00e9e, notamment afin de savoir si ces dispositions permettent de faire face \u00e0 toutes les situations des personnes en fin de vie.<\/li><\/ul>\t\t\t\t\t\t\t\t<\/div>\n\t\t\t\t<\/div>\n\t\t\t\t\t<\/div>\n\t\t<\/div>\n\t\t\t\t\t<\/div>\n\t\t<\/section>\n\t\t\t\t<section data-particle_enable=\"false\" data-particle-mobile-disabled=\"false\" class=\"elementor-section elementor-top-section elementor-element elementor-element-1f988fc elementor-section-boxed elementor-section-height-default elementor-section-height-default\" data-id=\"1f988fc\" data-element_type=\"section\">\n\t\t\t\t\t\t<div class=\"elementor-container elementor-column-gap-default\">\n\t\t\t\t\t<div class=\"elementor-column elementor-col-100 elementor-top-column elementor-element elementor-element-f4d0d33\" data-id=\"f4d0d33\" data-element_type=\"column\">\n\t\t\t<div class=\"elementor-widget-wrap\">\n\t\t\t\t\t\t\t<\/div>\n\t\t<\/div>\n\t\t\t\t\t<\/div>\n\t\t<\/section>\n\t\t\t\t<section data-particle_enable=\"false\" data-particle-mobile-disabled=\"false\" class=\"elementor-section elementor-top-section elementor-element elementor-element-1dcc0585 elementor-section-boxed elementor-section-height-default elementor-section-height-default\" data-id=\"1dcc0585\" data-element_type=\"section\">\n\t\t\t\t\t\t<div class=\"elementor-container elementor-column-gap-default\">\n\t\t\t\t\t<div class=\"elementor-column elementor-col-100 elementor-top-column elementor-element elementor-element-2ac584cd\" data-id=\"2ac584cd\" data-element_type=\"column\">\n\t\t\t<div class=\"elementor-widget-wrap elementor-element-populated\">\n\t\t\t\t\t\t<div class=\"elementor-element elementor-element-249576b2 further elementor-widget elementor-widget-text-editor\" data-id=\"249576b2\" data-element_type=\"widget\" data-widget_type=\"text-editor.default\">\n\t\t\t\t<div class=\"elementor-widget-container\">\n\t\t\t\t\t\t\t\t\t<h2><strong>Prions pour les m\u00e9decins et le corps m\u00e9dical\u00a0<\/strong><\/h2><h3><strong>M\u00e9ditation <\/strong><\/h3><p><strong>Lisons la parabole du Bon Samaritain &#8211; Luc 10 : 25-37<\/strong><\/p><p>Dans cette parabole, J\u00e9sus nous exhorte \u00e0 ne pas d\u00e9tourner les yeux de celui qui souffre mais de s\u2019arr\u00eater \u00e0 son chevet, de le prendre en charge tout le temps n\u00e9cessaire et avec tous les moyens n\u00e9cessaires. C\u2019est exactement ce que la majorit\u00e9 des m\u00e9decins se sont promis de faire lorsqu\u2019ils ont pr\u00eat\u00e9 leur serment d\u2019Hippocrate. Un m\u00e9decin soigne\u2026<\/p><h3><strong>C\u2019est pourquoi prions\u00a0: \u00a0<\/strong><\/h3><ul><li>Pour les soignants concern\u00e9s plus particuli\u00e8rement par ces probl\u00e9matiques (m\u00e9decins et soignants de soins palliatifs mais aussi oncologues, anesth\u00e9sistes, urgentistes, g\u00e9riatres\u2026) : qu\u2019ils trouvent des forces renouvel\u00e9es, un esprit clair, de l\u2019empathie et de la sagesse pour faire face aux situations difficiles qu\u2019ils doivent affronter au jour le jour face \u00e0 la fin de vie.<\/li><li>Pour que les m\u00e9decins se mobilisent de fa\u00e7on visible et massive et refusent ouvertement d\u2019aller contre leur vocation de soigner qui s\u2019est concr\u00e9tis\u00e9e lors de leur serment d\u2019Hippocrate.<\/li><li>Pour l\u2019unit\u00e9 entre les diverses corporations de m\u00e9decins afin qu\u2019ils parviennent \u00e0 \u00e9mettre ensemble une adresse claire et solide au gouvernement, capable de lui d\u00e9montrer sa d\u00e9rive.<\/li><li>Pour qu&rsquo;ils puissent se mobiliser de mani\u00e8re efficace dans les r\u00e9seaux sociaux, les radios, la t\u00e9l\u00e9vision, afin qu\u2019on les entende et qu\u2019ils ne laissent pas la place libre \u00e0 la seule voix de l\u2019ADMD.\u00a0\u00a0<\/li><li>Pour qu\u2019ils trouvent des relais (tels que la SFAP) pour se faire entendre dans l\u2019opinion publique et les pouvoirs publics et que leur avis soit respect\u00e9.<\/li><li>Pour que les lois de notre pays leur procurent la fiert\u00e9 de pouvoir soigner et de prendre soin, et non pas de concourir \u00e0 un suicide assist\u00e9, au m\u00e9pris de la dignit\u00e9 humaine. \u00a0Qu\u2019ils renoncent \u00e0 une m\u00e9decine motiv\u00e9e par un enrichissement personnel ou la performance \u00a0technique \u00e0 tout prix, \u00a0pour retrouver la dimension humaine premi\u00e8re de leur vocation.<\/li><\/ul>\t\t\t\t\t\t\t\t<\/div>\n\t\t\t\t<\/div>\n\t\t\t\t<div class=\"elementor-element elementor-element-aa97c4f elementor-widget elementor-widget-image\" data-id=\"aa97c4f\" data-element_type=\"widget\" data-widget_type=\"image.default\">\n\t\t\t\t<div class=\"elementor-widget-container\">\n\t\t\t\t\t\t\t\t\t\t\t\t\t\t\t<img decoding=\"async\" src=\"https:\/\/wp-sites.ccci.org\/c-proactif\/wp-content\/uploads\/sites\/393\/2022\/12\/parcours-3J-priere-FinVie.png?w=1024\" title=\"parcours-3J-priere-FinVie\" alt=\"parcours-3J-priere-FinVie\" loading=\"lazy\" \/>\t\t\t\t\t\t\t\t\t\t\t\t\t\t\t<\/div>\n\t\t\t\t<\/div>\n\t\t\t\t\t<\/div>\n\t\t<\/div>\n\t\t\t\t\t<\/div>\n\t\t<\/section>\n\t\t\t\t<\/div>\n\t\t","protected":false},"excerpt":{"rendered":"<p>Aujourd&rsquo;hui nous prions pour les m\u00e9decins et le corps medical \u00ab L&rsquo;homme n&rsquo;est pas ma\u00eetre de son souffle pour pouvoir le retenir, et il n&rsquo;a aucune puissance sur le jour [&hellip;]<\/p>\n","protected":false},"author":14333,"featured_media":2041,"comment_status":"closed","ping_status":"open","sticky":false,"template":"","format":"quote","meta":{"site-sidebar-layout":"default","site-content-layout":"default","ast-site-content-layout":"default","site-content-style":"default","site-sidebar-style":"default","ast-global-header-display":"","ast-banner-title-visibility":"","ast-main-header-display":"","ast-hfb-above-header-display":"","ast-hfb-below-header-display":"","ast-hfb-mobile-header-display":"","site-post-title":"","ast-breadcrumbs-content":"","ast-featured-img":"","footer-sml-layout":"","ast-disable-related-posts":"","theme-transparent-header-meta":"default","adv-header-id-meta":"","stick-header-meta":"","header-above-stick-meta":"","header-main-stick-meta":"","header-below-stick-meta":"","astra-migrate-meta-layouts":"default","ast-page-background-enabled":"default","ast-page-background-meta":{"desktop":{"background-color":"","background-image":"","background-repeat":"repeat","background-position":"center center","background-size":"auto","background-attachment":"scroll","background-type":"","background-media":"","overlay-type":"","overlay-color":"","overlay-opacity":"","overlay-gradient":""},"tablet":{"background-color":"","background-image":"","background-repeat":"repeat","background-position":"center center","background-size":"auto","background-attachment":"scroll","background-type":"","background-media":"","overlay-type":"","overlay-color":"","overlay-opacity":"","overlay-gradient":""},"mobile":{"background-color":"","background-image":"","background-repeat":"repeat","background-position":"center center","background-size":"auto","background-attachment":"scroll","background-type":"","background-media":"","overlay-type":"","overlay-color":"","overlay-opacity":"","overlay-gradient":""}},"ast-content-background-meta":{"desktop":{"background-color":"var(--ast-global-color-5)","background-image":"","background-repeat":"repeat","background-position":"center center","background-size":"auto","background-attachment":"scroll","background-type":"","background-media":"","overlay-type":"","overlay-color":"","overlay-opacity":"","overlay-gradient":""},"tablet":{"background-color":"var(--ast-global-color-5)","background-image":"","background-repeat":"repeat","background-position":"center center","background-size":"auto","background-attachment":"scroll","background-type":"","background-media":"","overlay-type":"","overlay-color":"","overlay-opacity":"","overlay-gradient":""},"mobile":{"background-color":"var(--ast-global-color-5)","background-image":"","background-repeat":"repeat","background-position":"center center","background-size":"auto","background-attachment":"scroll","background-type":"","background-media":"","overlay-type":"","overlay-color":"","overlay-opacity":"","overlay-gradient":""}},"footnotes":""},"categories":[8],"tags":[173,170,77,174,172],"class_list":["post-12103","post","type-post","status-publish","format-quote","has-post-thumbnail","hentry","category-non-classe","tag-euthanasie","tag-loi","tag-priere","tag-soigner-mais-pas-tuer","tag-soins-palliatifs","post_format-post-format-quote"],"yoast_head":"<!-- This site is optimized with the Yoast SEO plugin v26.7 - https:\/\/yoast.com\/wordpress\/plugins\/seo\/ -->\n<title>Nous prions pour la vie - Jour 1 - C-PROACTIF<\/title>\n<meta name=\"description\" content=\"Aujourd&#039;hui nous prions pour la vie en interc\u00e9dant pour les m\u00e9decins et l&#039;ensemble des soignants qui ne veulent pas de la mort comme soin !\" \/>\n<meta name=\"robots\" content=\"noindex, follow, max-snippet:-1, max-image-preview:large, max-video-preview:-1\" \/>\n<meta property=\"og:locale\" content=\"fr_FR\" \/>\n<meta property=\"og:type\" content=\"article\" \/>\n<meta property=\"og:title\" content=\"Nous prions pour la vie - Jour 1 - C-PROACTIF\" \/>\n<meta property=\"og:description\" content=\"Aujourd&#039;hui nous prions pour la vie en interc\u00e9dant pour les m\u00e9decins et l&#039;ensemble des soignants qui ne veulent pas de la mort comme soin !\" \/>\n<meta property=\"og:url\" content=\"https:\/\/wp-sites.ccci.org\/c-proactif\/jour-1\/\" \/>\n<meta property=\"og:site_name\" content=\"C-PROACTIF\" \/>\n<meta property=\"article:published_time\" content=\"2022-12-06T21:10:00+00:00\" \/>\n<meta property=\"article:modified_time\" content=\"2023-12-21T15:16:13+00:00\" \/>\n<meta property=\"og:image\" content=\"https:\/\/wp-sites.ccci.org\/c-proactif\/wp-content\/uploads\/sites\/393\/2020\/03\/heart-1187266_1280.jpg\" \/>\n\t<meta property=\"og:image:width\" content=\"1280\" \/>\n\t<meta property=\"og:image:height\" content=\"1280\" \/>\n\t<meta property=\"og:image:type\" content=\"image\/jpeg\" \/>\n<meta name=\"author\" content=\"Anne-Marie HUSSON\" \/>\n<meta name=\"twitter:card\" content=\"summary_large_image\" \/>\n<meta name=\"twitter:label1\" content=\"\u00c9crit par\" \/>\n\t<meta name=\"twitter:data1\" content=\"Anne-Marie HUSSON\" \/>\n\t<meta name=\"twitter:label2\" content=\"Dur\u00e9e de lecture estim\u00e9e\" \/>\n\t<meta name=\"twitter:data2\" content=\"7 minutes\" \/>\n<script type=\"application\/ld+json\" class=\"yoast-schema-graph\">{\"@context\":\"https:\/\/schema.org\",\"@graph\":[{\"@type\":\"Article\",\"@id\":\"https:\/\/wp-sites.ccci.org\/c-proactif\/jour-1\/#article\",\"isPartOf\":{\"@id\":\"https:\/\/wp-sites.ccci.org\/c-proactif\/jour-1\/\"},\"author\":{\"name\":\"Anne-Marie HUSSON\",\"@id\":\"https:\/\/wp-sites.ccci.org\/c-proactif\/#\/schema\/person\/31baa806e67e95311c4c17fad287a4d2\"},\"headline\":\"Nous prions pour la vie &#8211; Jour 1\",\"datePublished\":\"2022-12-06T21:10:00+00:00\",\"dateModified\":\"2023-12-21T15:16:13+00:00\",\"mainEntityOfPage\":{\"@id\":\"https:\/\/wp-sites.ccci.org\/c-proactif\/jour-1\/\"},\"wordCount\":1334,\"publisher\":{\"@id\":\"https:\/\/wp-sites.ccci.org\/c-proactif\/#organization\"},\"image\":{\"@id\":\"https:\/\/wp-sites.ccci.org\/c-proactif\/jour-1\/#primaryimage\"},\"thumbnailUrl\":\"https:\/\/wp-sites.ccci.org\/c-proactif\/wp-content\/uploads\/sites\/393\/2020\/03\/heart-1187266_1280.jpg\",\"keywords\":[\"euthanasie\",\"loi\",\"pri\u00e8re\",\"soigner mais pas tuer\",\"soins palliatifs\"],\"inLanguage\":\"fr-FR\"},{\"@type\":\"WebPage\",\"@id\":\"https:\/\/wp-sites.ccci.org\/c-proactif\/jour-1\/\",\"url\":\"https:\/\/wp-sites.ccci.org\/c-proactif\/jour-1\/\",\"name\":\"Nous prions pour la vie - Jour 1 - C-PROACTIF\",\"isPartOf\":{\"@id\":\"https:\/\/wp-sites.ccci.org\/c-proactif\/#website\"},\"primaryImageOfPage\":{\"@id\":\"https:\/\/wp-sites.ccci.org\/c-proactif\/jour-1\/#primaryimage\"},\"image\":{\"@id\":\"https:\/\/wp-sites.ccci.org\/c-proactif\/jour-1\/#primaryimage\"},\"thumbnailUrl\":\"https:\/\/wp-sites.ccci.org\/c-proactif\/wp-content\/uploads\/sites\/393\/2020\/03\/heart-1187266_1280.jpg\",\"datePublished\":\"2022-12-06T21:10:00+00:00\",\"dateModified\":\"2023-12-21T15:16:13+00:00\",\"description\":\"Aujourd'hui nous prions pour la vie en interc\u00e9dant pour les m\u00e9decins et l'ensemble des soignants qui ne veulent pas de la mort comme soin !\",\"breadcrumb\":{\"@id\":\"https:\/\/wp-sites.ccci.org\/c-proactif\/jour-1\/#breadcrumb\"},\"inLanguage\":\"fr-FR\",\"potentialAction\":[{\"@type\":\"ReadAction\",\"target\":[\"https:\/\/wp-sites.ccci.org\/c-proactif\/jour-1\/\"]}]},{\"@type\":\"ImageObject\",\"inLanguage\":\"fr-FR\",\"@id\":\"https:\/\/wp-sites.ccci.org\/c-proactif\/jour-1\/#primaryimage\",\"url\":\"https:\/\/wp-sites.ccci.org\/c-proactif\/wp-content\/uploads\/sites\/393\/2020\/03\/heart-1187266_1280.jpg\",\"contentUrl\":\"https:\/\/wp-sites.ccci.org\/c-proactif\/wp-content\/uploads\/sites\/393\/2020\/03\/heart-1187266_1280.jpg\",\"width\":1280,\"height\":1280},{\"@type\":\"BreadcrumbList\",\"@id\":\"https:\/\/wp-sites.ccci.org\/c-proactif\/jour-1\/#breadcrumb\",\"itemListElement\":[{\"@type\":\"ListItem\",\"position\":1,\"name\":\"Accueil\",\"item\":\"https:\/\/wp-sites.ccci.org\/c-proactif\/\"},{\"@type\":\"ListItem\",\"position\":2,\"name\":\"Non class\u00e9\",\"item\":\"https:\/\/wp-sites.ccci.org\/c-proactif\/theme\/non-classe\/\"},{\"@type\":\"ListItem\",\"position\":3,\"name\":\"Nous prions pour la vie &#8211; Jour 1\"}]},{\"@type\":\"WebSite\",\"@id\":\"https:\/\/wp-sites.ccci.org\/c-proactif\/#website\",\"url\":\"https:\/\/wp-sites.ccci.org\/c-proactif\/\",\"name\":\"C-PROACTIF\",\"description\":\"R\u00e9seau professionnel chr\u00e9tien\",\"publisher\":{\"@id\":\"https:\/\/wp-sites.ccci.org\/c-proactif\/#organization\"},\"potentialAction\":[{\"@type\":\"SearchAction\",\"target\":{\"@type\":\"EntryPoint\",\"urlTemplate\":\"https:\/\/wp-sites.ccci.org\/c-proactif\/?s={search_term_string}\"},\"query-input\":{\"@type\":\"PropertyValueSpecification\",\"valueRequired\":true,\"valueName\":\"search_term_string\"}}],\"inLanguage\":\"fr-FR\"},{\"@type\":\"Organization\",\"@id\":\"https:\/\/wp-sites.ccci.org\/c-proactif\/#organization\",\"name\":\"C-PROACTIF\",\"url\":\"https:\/\/wp-sites.ccci.org\/c-proactif\/\",\"logo\":{\"@type\":\"ImageObject\",\"inLanguage\":\"fr-FR\",\"@id\":\"https:\/\/wp-sites.ccci.org\/c-proactif\/#\/schema\/logo\/image\/\",\"url\":\"https:\/\/wp-sites.ccci.org\/c-proactif\/wp-content\/uploads\/sites\/393\/2021\/05\/logo-baseline-blanc-300.png\",\"contentUrl\":\"https:\/\/wp-sites.ccci.org\/c-proactif\/wp-content\/uploads\/sites\/393\/2021\/05\/logo-baseline-blanc-300.png\",\"width\":300,\"height\":113,\"caption\":\"C-PROACTIF\"},\"image\":{\"@id\":\"https:\/\/wp-sites.ccci.org\/c-proactif\/#\/schema\/logo\/image\/\"}},{\"@type\":\"Person\",\"@id\":\"https:\/\/wp-sites.ccci.org\/c-proactif\/#\/schema\/person\/31baa806e67e95311c4c17fad287a4d2\",\"name\":\"Anne-Marie HUSSON\",\"image\":{\"@type\":\"ImageObject\",\"inLanguage\":\"fr-FR\",\"@id\":\"https:\/\/wp-sites.ccci.org\/c-proactif\/#\/schema\/person\/image\/\",\"url\":\"https:\/\/secure.gravatar.com\/avatar\/8610b2dea99ccb68a80717332fcf6000967063200f783c057fb3812ac2517470?s=96&d=mm&r=g\",\"contentUrl\":\"https:\/\/secure.gravatar.com\/avatar\/8610b2dea99ccb68a80717332fcf6000967063200f783c057fb3812ac2517470?s=96&d=mm&r=g\",\"caption\":\"Anne-Marie HUSSON\"},\"description\":\"D\u00e9l\u00e9gu\u00e9e fran\u00e7aise au Forum Mondial du travail du Comit\u00e9 de Lausanne. Consultante ind\u00e9pendante en strat\u00e9gie et innovation de la formation professionnelle. 22 ans de minist\u00e8re au sein d\u2019AGAPE FRANCE, Chef de projet e-learning au sein de diverses institutions (CCI et Universit\u00e9)\"}]}<\/script>\n<!-- \/ Yoast SEO plugin. -->","yoast_head_json":{"title":"Nous prions pour la vie - Jour 1 - C-PROACTIF","description":"Aujourd'hui nous prions pour la vie en interc\u00e9dant pour les m\u00e9decins et l'ensemble des soignants qui ne veulent pas de la mort comme soin !","robots":{"index":"noindex","follow":"follow","max-snippet":"max-snippet:-1","max-image-preview":"max-image-preview:large","max-video-preview":"max-video-preview:-1"},"og_locale":"fr_FR","og_type":"article","og_title":"Nous prions pour la vie - Jour 1 - C-PROACTIF","og_description":"Aujourd'hui nous prions pour la vie en interc\u00e9dant pour les m\u00e9decins et l'ensemble des soignants qui ne veulent pas de la mort comme soin !","og_url":"https:\/\/wp-sites.ccci.org\/c-proactif\/jour-1\/","og_site_name":"C-PROACTIF","article_published_time":"2022-12-06T21:10:00+00:00","article_modified_time":"2023-12-21T15:16:13+00:00","og_image":[{"width":1280,"height":1280,"url":"https:\/\/wp-sites.ccci.org\/c-proactif\/wp-content\/uploads\/sites\/393\/2020\/03\/heart-1187266_1280.jpg","type":"image\/jpeg"}],"author":"Anne-Marie HUSSON","twitter_card":"summary_large_image","twitter_misc":{"\u00c9crit par":"Anne-Marie HUSSON","Dur\u00e9e de lecture estim\u00e9e":"7 minutes"},"schema":{"@context":"https:\/\/schema.org","@graph":[{"@type":"Article","@id":"https:\/\/wp-sites.ccci.org\/c-proactif\/jour-1\/#article","isPartOf":{"@id":"https:\/\/wp-sites.ccci.org\/c-proactif\/jour-1\/"},"author":{"name":"Anne-Marie HUSSON","@id":"https:\/\/wp-sites.ccci.org\/c-proactif\/#\/schema\/person\/31baa806e67e95311c4c17fad287a4d2"},"headline":"Nous prions pour la vie &#8211; Jour 1","datePublished":"2022-12-06T21:10:00+00:00","dateModified":"2023-12-21T15:16:13+00:00","mainEntityOfPage":{"@id":"https:\/\/wp-sites.ccci.org\/c-proactif\/jour-1\/"},"wordCount":1334,"publisher":{"@id":"https:\/\/wp-sites.ccci.org\/c-proactif\/#organization"},"image":{"@id":"https:\/\/wp-sites.ccci.org\/c-proactif\/jour-1\/#primaryimage"},"thumbnailUrl":"https:\/\/wp-sites.ccci.org\/c-proactif\/wp-content\/uploads\/sites\/393\/2020\/03\/heart-1187266_1280.jpg","keywords":["euthanasie","loi","pri\u00e8re","soigner mais pas tuer","soins palliatifs"],"inLanguage":"fr-FR"},{"@type":"WebPage","@id":"https:\/\/wp-sites.ccci.org\/c-proactif\/jour-1\/","url":"https:\/\/wp-sites.ccci.org\/c-proactif\/jour-1\/","name":"Nous prions pour la vie - Jour 1 - C-PROACTIF","isPartOf":{"@id":"https:\/\/wp-sites.ccci.org\/c-proactif\/#website"},"primaryImageOfPage":{"@id":"https:\/\/wp-sites.ccci.org\/c-proactif\/jour-1\/#primaryimage"},"image":{"@id":"https:\/\/wp-sites.ccci.org\/c-proactif\/jour-1\/#primaryimage"},"thumbnailUrl":"https:\/\/wp-sites.ccci.org\/c-proactif\/wp-content\/uploads\/sites\/393\/2020\/03\/heart-1187266_1280.jpg","datePublished":"2022-12-06T21:10:00+00:00","dateModified":"2023-12-21T15:16:13+00:00","description":"Aujourd'hui nous prions pour la vie en interc\u00e9dant pour les m\u00e9decins et l'ensemble des soignants qui ne veulent pas de la mort comme soin !","breadcrumb":{"@id":"https:\/\/wp-sites.ccci.org\/c-proactif\/jour-1\/#breadcrumb"},"inLanguage":"fr-FR","potentialAction":[{"@type":"ReadAction","target":["https:\/\/wp-sites.ccci.org\/c-proactif\/jour-1\/"]}]},{"@type":"ImageObject","inLanguage":"fr-FR","@id":"https:\/\/wp-sites.ccci.org\/c-proactif\/jour-1\/#primaryimage","url":"https:\/\/wp-sites.ccci.org\/c-proactif\/wp-content\/uploads\/sites\/393\/2020\/03\/heart-1187266_1280.jpg","contentUrl":"https:\/\/wp-sites.ccci.org\/c-proactif\/wp-content\/uploads\/sites\/393\/2020\/03\/heart-1187266_1280.jpg","width":1280,"height":1280},{"@type":"BreadcrumbList","@id":"https:\/\/wp-sites.ccci.org\/c-proactif\/jour-1\/#breadcrumb","itemListElement":[{"@type":"ListItem","position":1,"name":"Accueil","item":"https:\/\/wp-sites.ccci.org\/c-proactif\/"},{"@type":"ListItem","position":2,"name":"Non class\u00e9","item":"https:\/\/wp-sites.ccci.org\/c-proactif\/theme\/non-classe\/"},{"@type":"ListItem","position":3,"name":"Nous prions pour la vie &#8211; Jour 1"}]},{"@type":"WebSite","@id":"https:\/\/wp-sites.ccci.org\/c-proactif\/#website","url":"https:\/\/wp-sites.ccci.org\/c-proactif\/","name":"C-PROACTIF","description":"R\u00e9seau professionnel chr\u00e9tien","publisher":{"@id":"https:\/\/wp-sites.ccci.org\/c-proactif\/#organization"},"potentialAction":[{"@type":"SearchAction","target":{"@type":"EntryPoint","urlTemplate":"https:\/\/wp-sites.ccci.org\/c-proactif\/?s={search_term_string}"},"query-input":{"@type":"PropertyValueSpecification","valueRequired":true,"valueName":"search_term_string"}}],"inLanguage":"fr-FR"},{"@type":"Organization","@id":"https:\/\/wp-sites.ccci.org\/c-proactif\/#organization","name":"C-PROACTIF","url":"https:\/\/wp-sites.ccci.org\/c-proactif\/","logo":{"@type":"ImageObject","inLanguage":"fr-FR","@id":"https:\/\/wp-sites.ccci.org\/c-proactif\/#\/schema\/logo\/image\/","url":"https:\/\/wp-sites.ccci.org\/c-proactif\/wp-content\/uploads\/sites\/393\/2021\/05\/logo-baseline-blanc-300.png","contentUrl":"https:\/\/wp-sites.ccci.org\/c-proactif\/wp-content\/uploads\/sites\/393\/2021\/05\/logo-baseline-blanc-300.png","width":300,"height":113,"caption":"C-PROACTIF"},"image":{"@id":"https:\/\/wp-sites.ccci.org\/c-proactif\/#\/schema\/logo\/image\/"}},{"@type":"Person","@id":"https:\/\/wp-sites.ccci.org\/c-proactif\/#\/schema\/person\/31baa806e67e95311c4c17fad287a4d2","name":"Anne-Marie HUSSON","image":{"@type":"ImageObject","inLanguage":"fr-FR","@id":"https:\/\/wp-sites.ccci.org\/c-proactif\/#\/schema\/person\/image\/","url":"https:\/\/secure.gravatar.com\/avatar\/8610b2dea99ccb68a80717332fcf6000967063200f783c057fb3812ac2517470?s=96&d=mm&r=g","contentUrl":"https:\/\/secure.gravatar.com\/avatar\/8610b2dea99ccb68a80717332fcf6000967063200f783c057fb3812ac2517470?s=96&d=mm&r=g","caption":"Anne-Marie HUSSON"},"description":"D\u00e9l\u00e9gu\u00e9e fran\u00e7aise au Forum Mondial du travail du Comit\u00e9 de Lausanne. Consultante ind\u00e9pendante en strat\u00e9gie et innovation de la formation professionnelle. 22 ans de minist\u00e8re au sein d\u2019AGAPE FRANCE, Chef de projet e-learning au sein de diverses institutions (CCI et Universit\u00e9)"}]}},"jetpack_featured_media_url":"https:\/\/wp-sites.ccci.org\/c-proactif\/wp-content\/uploads\/sites\/393\/2020\/03\/heart-1187266_1280.jpg","meta_box":[],"_links":{"self":[{"href":"https:\/\/wp-sites.ccci.org\/c-proactif\/wp-json\/wp\/v2\/posts\/12103","targetHints":{"allow":["GET"]}}],"collection":[{"href":"https:\/\/wp-sites.ccci.org\/c-proactif\/wp-json\/wp\/v2\/posts"}],"about":[{"href":"https:\/\/wp-sites.ccci.org\/c-proactif\/wp-json\/wp\/v2\/types\/post"}],"author":[{"embeddable":true,"href":"https:\/\/wp-sites.ccci.org\/c-proactif\/wp-json\/wp\/v2\/users\/14333"}],"replies":[{"embeddable":true,"href":"https:\/\/wp-sites.ccci.org\/c-proactif\/wp-json\/wp\/v2\/comments?post=12103"}],"version-history":[{"count":16,"href":"https:\/\/wp-sites.ccci.org\/c-proactif\/wp-json\/wp\/v2\/posts\/12103\/revisions"}],"predecessor-version":[{"id":12492,"href":"https:\/\/wp-sites.ccci.org\/c-proactif\/wp-json\/wp\/v2\/posts\/12103\/revisions\/12492"}],"wp:featuredmedia":[{"embeddable":true,"href":"https:\/\/wp-sites.ccci.org\/c-proactif\/wp-json\/wp\/v2\/media\/2041"}],"wp:attachment":[{"href":"https:\/\/wp-sites.ccci.org\/c-proactif\/wp-json\/wp\/v2\/media?parent=12103"}],"wp:term":[{"taxonomy":"category","embeddable":true,"href":"https:\/\/wp-sites.ccci.org\/c-proactif\/wp-json\/wp\/v2\/categories?post=12103"},{"taxonomy":"post_tag","embeddable":true,"href":"https:\/\/wp-sites.ccci.org\/c-proactif\/wp-json\/wp\/v2\/tags?post=12103"}],"curies":[{"name":"wp","href":"https:\/\/api.w.org\/{rel}","templated":true}]}}