{"id":12204,"date":"2022-12-08T22:00:43","date_gmt":"2022-12-08T21:00:43","guid":{"rendered":"https:\/\/c-proactif.org\/?p=12204"},"modified":"2023-12-21T16:16:12","modified_gmt":"2023-12-21T15:16:12","slug":"jour-3","status":"publish","type":"post","link":"https:\/\/wp-sites.ccci.org\/c-proactif\/jour-3\/","title":{"rendered":"Nous prions pour la vie &#8211; Jour 3"},"content":{"rendered":"\t\t<div data-elementor-type=\"wp-post\" data-elementor-id=\"12204\" class=\"elementor elementor-12204\" data-elementor-post-type=\"post\">\n\t\t\t\t\t\t<section data-particle_enable=\"false\" data-particle-mobile-disabled=\"false\" class=\"elementor-section elementor-top-section elementor-element elementor-element-38391b42 elementor-section-boxed elementor-section-height-default elementor-section-height-default\" data-id=\"38391b42\" data-element_type=\"section\">\n\t\t\t\t\t\t<div class=\"elementor-container elementor-column-gap-default\">\n\t\t\t\t\t<div class=\"elementor-column elementor-col-100 elementor-top-column elementor-element elementor-element-3f4dc5c5\" data-id=\"3f4dc5c5\" data-element_type=\"column\">\n\t\t\t<div class=\"elementor-widget-wrap elementor-element-populated\">\n\t\t\t\t\t\t<div class=\"elementor-element elementor-element-4c389233 intro elementor-widget elementor-widget-text-editor\" data-id=\"4c389233\" data-element_type=\"widget\" data-widget_type=\"text-editor.default\">\n\t\t\t\t<div class=\"elementor-widget-container\">\n\t\t\t\t\t\t\t\t\t<h2>Aujourd&rsquo;hui nous prions pour les autorit\u00e9s\u00a0 de notre pays\u00a0\u00a0<\/h2><blockquote><p><em>\u00ab J&rsquo;exhorte donc, avant toutes choses, \u00e0 faire des pri\u00e8res, des supplications, des requ\u00eates, des actions de gr\u00e2ces, pour tous les hommes, pour les rois et pour tous ceux qui sont \u00e9lev\u00e9s en dignit\u00e9, afin que nous menions une vie paisible et tranquille, en toute pi\u00e9t\u00e9 et honn\u00eatet\u00e9.\u00bb\u00a01 Timoth\u00e9e 2 v. 1-2.<\/em><\/p><\/blockquote>\t\t\t\t\t\t\t\t<\/div>\n\t\t\t\t<\/div>\n\t\t\t\t\t<\/div>\n\t\t<\/div>\n\t\t\t\t\t<\/div>\n\t\t<\/section>\n\t\t\t\t<section data-particle_enable=\"false\" data-particle-mobile-disabled=\"false\" class=\"elementor-section elementor-top-section elementor-element elementor-element-51c35737 elementor-section-boxed elementor-section-height-default elementor-section-height-default\" data-id=\"51c35737\" data-element_type=\"section\">\n\t\t\t\t\t\t<div class=\"elementor-container elementor-column-gap-default\">\n\t\t\t\t\t<div class=\"elementor-column elementor-col-50 elementor-top-column elementor-element elementor-element-7b781b38\" data-id=\"7b781b38\" data-element_type=\"column\">\n\t\t\t<div class=\"elementor-widget-wrap elementor-element-populated\">\n\t\t\t\t\t\t<div class=\"elementor-element elementor-element-72229df0 elementor-widget elementor-widget-text-editor\" data-id=\"72229df0\" data-element_type=\"widget\" data-widget_type=\"text-editor.default\">\n\t\t\t\t<div class=\"elementor-widget-container\">\n\t\t\t\t\t\t\t\t\t<p class=\"MsoNormal\">Pour cette troisi\u00e8me journ\u00e9e de je\u00fbne et de pri\u00e8re, nous voulons prier pour nos autorit\u00e9s et les pouvoirs publics car ce sont eux qui, in fine, prennent les d\u00e9cisions qui vont d\u00e9finir le type de soci\u00e9t\u00e9 dans laquelle nous vivons.\u00a0<\/p><p>Les d\u00e9positaires de la proposition de loi (<a href=\"https:\/\/www.assemblee-nationale.fr\/dyn\/15\/textes\/l15b3755_proposition-loi\">voir son intitul\u00e9 et ses signataires<\/a>) ont motiv\u00e9 leur volont\u00e9 de r\u00e9forme par le fait que plusieurs situations d\u00e9licates restent selon eux, sans r\u00e9ponse\u00a0; car disent-ils, \u00ab\u00a0<em>nous manquons<\/em> <em>d\u2019outils juridiques qui pourraient permettre \u00e0 tout un chacun de choisir sa fin de vie\u00a0<\/em>\u00bb pour ne pas dire \u00ab\u00a0<em>le choix de sa mort<\/em>\u00a0\u00bb, terme repris un peu plus loin dans le texte. Ceci serait particuli\u00e8rement pr\u00e9occupant \u00ab\u00a0<em>chez nos a\u00een\u00e9s et les personnes en situation de handicap et de d\u00e9pendance\u00a0<\/em>\u00bb.\u00a0<\/p>\t\t\t\t\t\t\t\t<\/div>\n\t\t\t\t<\/div>\n\t\t\t\t\t<\/div>\n\t\t<\/div>\n\t\t\t\t<div class=\"elementor-column elementor-col-50 elementor-top-column elementor-element elementor-element-372efe6e\" data-id=\"372efe6e\" data-element_type=\"column\">\n\t\t\t<div class=\"elementor-widget-wrap elementor-element-populated\">\n\t\t\t\t\t\t<div class=\"elementor-element elementor-element-79606041 elementor-widget elementor-widget-image\" data-id=\"79606041\" data-element_type=\"widget\" data-widget_type=\"image.default\">\n\t\t\t\t<div class=\"elementor-widget-container\">\n\t\t\t\t\t\t\t\t\t\t\t\t\t\t\t<img decoding=\"async\" src=\"https:\/\/wp-sites.ccci.org\/c-proactif\/wp-content\/uploads\/sites\/393\/2022\/12\/dandelion-5063527_640.jpg?w=640\" title=\"dandelion-5063527_640\" alt=\"dandelion-5063527_640\" loading=\"lazy\" \/>\t\t\t\t\t\t\t\t\t\t\t\t\t\t\t<\/div>\n\t\t\t\t<\/div>\n\t\t\t\t\t<\/div>\n\t\t<\/div>\n\t\t\t\t\t<\/div>\n\t\t<\/section>\n\t\t\t\t<section data-particle_enable=\"false\" data-particle-mobile-disabled=\"false\" class=\"elementor-section elementor-top-section elementor-element elementor-element-247ab9ff elementor-section-boxed elementor-section-height-default elementor-section-height-default\" data-id=\"247ab9ff\" data-element_type=\"section\">\n\t\t\t\t\t\t<div class=\"elementor-container elementor-column-gap-default\">\n\t\t\t\t\t<div class=\"elementor-column elementor-col-100 elementor-top-column elementor-element elementor-element-418d3a62\" data-id=\"418d3a62\" data-element_type=\"column\">\n\t\t\t<div class=\"elementor-widget-wrap elementor-element-populated\">\n\t\t\t\t\t\t<div class=\"elementor-element elementor-element-7c5dce71 elementor-widget elementor-widget-text-editor\" data-id=\"7c5dce71\" data-element_type=\"widget\" data-widget_type=\"text-editor.default\">\n\t\t\t\t<div class=\"elementor-widget-container\">\n\t\t\t\t\t\t\t\t\t<p>Faisons le point des diff\u00e9rentes situations contest\u00e9es et mettons-les en face de la r\u00e9alit\u00e9 et surtout de la responsabilit\u00e9 de nos autorit\u00e9s\u00a0:<\/p>\t\t\t\t\t\t\t\t<\/div>\n\t\t\t\t<\/div>\n\t\t\t\t<div class=\"elementor-element elementor-element-d8dbb8c eael-dt-th-align-center eael-table-align-left elementor-widget elementor-widget-eael-data-table\" data-id=\"d8dbb8c\" data-element_type=\"widget\" data-widget_type=\"eael-data-table.default\">\n\t\t\t\t<div class=\"elementor-widget-container\">\n\t\t\t\t\t\t\t<div class=\"eael-data-table-wrap\" data-table_id=\"d8dbb8c\" id=\"eael-data-table-wrapper-d8dbb8c\" data-custom_responsive=\"false\">\n\t\t\t<table class=\"tablesorter eael-data-table left\" id=\"eael-data-table-d8dbb8c\">\n\t\t\t    <thead>\n\t\t\t        <tr class=\"table-header\">\n\t\t\t\t\t\t\t\t\t            <th class=\" sorting\" id=\"\" colspan=\"\">\n\t\t\t\t\t\t\t\t\t\t\t\t\t\t<span class=\"data-table-header-text\">Situations d\u00e9nonc\u00e9es qui justifieraient le projet de loi <\/span><\/th>\n\t\t\t        \t\t\t\t            <th class=\" sorting\" id=\"\" colspan=\"\">\n\t\t\t\t\t\t\t\t\t\t\t\t\t\t<span class=\"data-table-header-text\">R\u00e9alit\u00e9 du terrain <\/span><\/th>\n\t\t\t        \t\t\t\t        <\/tr>\n\t\t\t    <\/thead>\n\t\t\t  \t<tbody>\n\t\t\t\t\t\t\t\t\t\t\t<tr>\n\t\t\t\t\t\t\t\t\t\t\t\t\t\t\t\t   \t\t\t\t\t\t\t\t\t\t\t<td colspan=\"\" rowspan=\"\" class=\"\" id=\"\">\n\t\t\t\t\t\t\t\t\t\t\t\t<div class=\"td-content-wrapper\"><div class=\"td-content\">\n\t\t\t\t\t\t\t\t\t\t\t\t\t<p style=\"text-align: left\">\u00ab\u00a0<em>Le d\u00e9sespoir de nos a\u00een\u00e9s et les personnes en situation de handicap et de d\u00e9pendance. (\u2026) \u00a0\u00c0 titre d\u2019exemple, nous avons en France, le plus haut taux de suicide chez nos a\u00een\u00e9s d\u2019Europe\u00a0\u00bb<\/em>\u00a0<\/p>\t\t\t\t\t\t\t\t\t\t\t\t<\/div><\/div>\n\t\t\t\t\t\t\t\t\t\t\t<\/td>\n\t\t\t\t\t\t\t\t\t\t\t\t\t\t\t\t\t\t\t\t\t\t\t\t\t\t\t\t\t   \t\t\t\t\t\t\t\t\t\t\t<td colspan=\"2\" rowspan=\"\" class=\"\" id=\"\">\n\t\t\t\t\t\t\t\t\t\t\t\t<div class=\"td-content-wrapper\"><div class=\"td-content\">\n\t\t\t\t\t\t\t\t\t\t\t\t\t<p style=\"text-align: left\">Ce d\u00e9sespoir avanc\u00e9 est un argument manipulatoire\u00a0: cf l\u2019enqu\u00eate parue dans <a href=\"https:\/\/www.la-croix.com\/Debats\/Peu-malades-fin-vie-demandent-leuthanasie-2022-04-05-1201208825\">La Croix du 5 avril<\/a> montrant que seulement 3% des personnes en soins palliatifs, d\u00fbment accompagn\u00e9es par une \u00e9quipe comp\u00e9tente et bienveillante, souhaiteraient avoir recours \u00e0 l\u2019euthanasie.<\/p><p style=\"text-align: left\">D\u2019autre part ce n\u2019est pas par une aide au suicide que l\u2019on doit r\u00e9pondre \u00e0 un taux de suicide \u00e9lev\u00e9\u00a0! Il faut plut\u00f4t en \u00e9tudier les causes et rechercher les moyens d\u2019y rem\u00e9dier\u2026<\/p>\t\t\t\t\t\t\t\t\t\t\t\t<\/div><\/div>\n\t\t\t\t\t\t\t\t\t\t\t<\/td>\n\t\t\t\t\t\t\t\t\t\t\t\t\t\t\t\t\t\t\t\t\t\t\t\t\t\t<\/tr>\n\t\t\t        \t\t\t\t\t\t<tr>\n\t\t\t\t\t\t\t\t\t\t\t\t\t\t\t\t   \t\t\t\t\t\t\t\t\t\t\t<td colspan=\"\" rowspan=\"\" class=\"\" id=\"\">\n\t\t\t\t\t\t\t\t\t\t\t\t<div class=\"td-content-wrapper\"><div class=\"td-content\">\n\t\t\t\t\t\t\t\t\t\t\t\t\t<p style=\"text-align: left\"><em>\u00ab\u00a0Malgr\u00e9 la loi interdisant l\u2019obstination d\u00e9raisonnable*, il existe encore des cas d\u2019acharnement th\u00e9rapeutique, puisqu\u2019un praticien peut d\u00e9cider seul de continuer les soins, dont la nutrition et l\u2019hydratation du patient, malgr\u00e9 un constat de vie pos\u00e9, sans que la personne de confiance n\u2019en soit inform\u00e9e.\u00a0\u00bb<\/em><\/p><p>*Introduite par La loi Leonetti de 2005 qui vise \u00e0 pr\u00e9venir les d\u00e9rives de l\u2019acharnement th\u00e9rapeutique<\/p>\t\t\t\t\t\t\t\t\t\t\t\t<\/div><\/div>\n\t\t\t\t\t\t\t\t\t\t\t<\/td>\n\t\t\t\t\t\t\t\t\t\t\t\t\t\t\t\t\t\t\t\t\t\t\t\t\t\t\t\t\t   \t\t\t\t\t\t\t\t\t\t\t<td colspan=\"2\" rowspan=\"\" class=\"\" id=\"\">\n\t\t\t\t\t\t\t\t\t\t\t\t<div class=\"td-content-wrapper\"><div class=\"td-content\">\n\t\t\t\t\t\t\t\t\t\t\t\t\tL\u2019acharnement th\u00e9rapeutique est interdit. Les directives anticip\u00e9es doivent obligatoirement \u00eatre respect\u00e9es.<br><br>\nLa \u00ab\u00a0proc\u00e9dure coll\u00e9giale\u00a0\u00bb n\u00e9cessaire pour l\u2019arr\u00eat des traitements (en concertation avec l\u2019ensemble de l\u2019\u00e9quipe de soins et confirm\u00e9e par un m\u00e9decin ind\u00e9pendant) peut aussi \u00eatre d\u00e9clench\u00e9e \u00e0 la demande de la personne de confiance, sinon de la famille ou d\u2019un proche.<br><br>\nCette proc\u00e9dure coll\u00e9giale doit obligatoirement \u00eatre enclench\u00e9e lorsque le m\u00e9decin estime que l\u2019application d\u2019une directive anticip\u00e9e est inappropri\u00e9e (Code de la Sant\u00e9 Publique, art <a href=\"https:\/\/www.legifrance.gouv.fr\/codes\/article_lc\/LEGIARTI000031971164\">L110-5-1<\/a> et <a href=\"https:\/\/www.legifrance.gouv.fr\/codes\/article_lc\/LEGIARTI000043588182\">R4127-37-2<\/a> )\t\t\t\t\t\t\t\t\t\t\t\t<\/div><\/div>\n\t\t\t\t\t\t\t\t\t\t\t<\/td>\n\t\t\t\t\t\t\t\t\t\t\t\t\t\t\t\t\t\t\t\t\t\t\t\t\t\t<\/tr>\n\t\t\t        \t\t\t\t\t\t<tr>\n\t\t\t\t\t\t\t\t\t\t\t\t\t\t\t\t   \t\t\t\t\t\t\t\t\t\t\t<td colspan=\"\" rowspan=\"\" class=\"\" id=\"\">\n\t\t\t\t\t\t\t\t\t\t\t\t<div class=\"td-content-wrapper\"><div class=\"td-content\">\n\t\t\t\t\t\t\t\t\t\t\t\t\t<p style=\"text-align: left\"><em>\u00ab\u00a0L\u2019organisation des soins palliatifs est quant \u00e0 elle l\u2019un des maux de notre syst\u00e8me de sant\u00e9. Force est de constater qu\u2019en France, tous les territoires n\u2019ont pas le m\u00eame acc\u00e8s \u00e0 ces services, certains n\u2019en poss\u00e9dant d\u2019ailleurs aucun. Mais au\u2011del\u00e0 d\u2019un probl\u00e8me de r\u00e9partition territoriale, les soignants de ces unit\u00e9s de soins palliatifs sont peu arm\u00e9s.\u00a0\u00bb\u00a0<\/em><\/p>\t\t\t\t\t\t\t\t\t\t\t\t<\/div><\/div>\n\t\t\t\t\t\t\t\t\t\t\t<\/td>\n\t\t\t\t\t\t\t\t\t\t\t\t\t\t\t\t\t\t\t\t\t\t\t\t\t\t\t\t\t   \t\t\t\t\t\t\t\t\t\t\t<td colspan=\"2\" rowspan=\"\" class=\"\" id=\"\">\n\t\t\t\t\t\t\t\t\t\t\t\t<div class=\"td-content-wrapper\"><div class=\"td-content\">\n\t\t\t\t\t\t\t\t\t\t\t\t\t<p>Et ici nous ne pouvons qu\u2019\u00eatre d\u2019accord avec ce constat, d\u00e9j\u00e0 fait \u00e0 maintes reprises par les diff\u00e9rents rapports sur la fin de vie, et les m\u00e9decins impliqu\u00e9s dans les\u00a0 soins palliatifs!<br \/><br \/><\/p><ul><li><em>Les patients (\u2026) connaissent mal les protocoles de fin de vie et l\u2019arsenal juridique dont ils peuvent b\u00e9n\u00e9ficier. <\/em><\/li><li><em>Les modules de formation sur la fin de vie en facult\u00e9 de m\u00e9decine sont tr\u00e8s courts et ne permettent pas aux futurs m\u00e9decins de ma\u00eetriser suffisamment la question. <\/em><\/li><li><em>Les m\u00e9decins en charge des soins palliatifs r\u00e9clament \u00e9galement la reconnaissance d\u2019une sp\u00e9cialit\u00e9, avec la capacit\u00e9 pour ceux\u2011ci de prescrire des m\u00e9dicaments, lorsque le m\u00e9decin traitant est en d\u00e9faut.<\/em><\/li><li><em>Une meilleure organisation des soins palliatifs en France et un nouveau plan budg\u00e9taire, permettraient de mani\u00e8re combin\u00e9e de r\u00e9pondre aux souhaits<strong> d\u2019une majorit\u00e9 des patients en fin de vie<\/strong>.<\/em><\/li><\/ul><p><strong>La r\u00e9ponse \u00e0 ce probl\u00e8me n\u2019est certainement pas le suicide assist\u00e9, mais la mise en \u0153uvre des recommandations faites \u00e0 maintes reprises !<\/strong><\/p>\t\t\t\t\t\t\t\t\t\t\t\t<\/div><\/div>\n\t\t\t\t\t\t\t\t\t\t\t<\/td>\n\t\t\t\t\t\t\t\t\t\t\t\t\t\t\t\t\t\t\t\t\t\t\t\t\t\t<\/tr>\n\t\t\t        \t\t\t    <\/tbody>\n\t\t\t<\/table>\n\t\t<\/div>\n\t  \t\t\t\t\t<\/div>\n\t\t\t\t<\/div>\n\t\t\t\t<div class=\"elementor-element elementor-element-ea4cd82 elementor-widget elementor-widget-text-editor\" data-id=\"ea4cd82\" data-element_type=\"widget\" data-widget_type=\"text-editor.default\">\n\t\t\t\t<div class=\"elementor-widget-container\">\n\t\t\t\t\t\t\t\t\t<h3>Il y a <strong>urgence pour les pouvoirs publics d\u2019assumer leur responsabilit\u00e9 en respectant leurs engagements :<\/strong><\/h3><ul><li>D\u00e9velopper l\u2019acc\u00e8s \u00e0 des soins palliatifs de qualit\u00e9 sur tout le territoire.<\/li><li>Donner une formation approfondie sur la fin de vie pour toutes les cat\u00e9gories de professionnels de sant\u00e9.<\/li><li>Diffuser \u00e0 la population une information objective et d\u00e9taill\u00e9e sur la l\u00e9gislation en vigueur.<\/li><li>Effectuer une \u00e9valuation rigoureuse de l\u2019application des dispositions en place.<\/li><\/ul><p>Alors que la loi fran\u00e7aise <u>garantit<\/u> depuis 1999 l\u2019acc\u00e8s aux soins palliatifs (Art <a href=\"https:\/\/www.legifrance.gouv.fr\/codes\/article_lc\/LEGIARTI000006685752\">L1110-9<\/a> du CSP)\u00a0!<\/p><p>Cette demande n\u2019est pas nouvelle, la sonnette d\u2019alarme a \u00e9t\u00e9 tir\u00e9e \u00e0 plusieurs reprises par des m\u00e9decins en soins palliatifs (par exemple r\u00e9cemment encore <a href=\"https:\/\/www.ouest-france.fr\/societe\/fin-de-vie\/entretien-en-fin-de-vie-etre-accompagne-dans-la-dignite-est-possible-plaide-claire-fourcade-ada4167e-f3be-11ec-977d-9e5658125e7d\">par la pr\u00e9sidente de la SFAP<\/a>).<\/p><p>D\u00e9j\u00e0 le <a href=\"https:\/\/www.vie-publique.fr\/rapport\/32878-penser-solidairement-fin-de-vie-commission-de-reflexion-sur-fin-de-vie\">rapport Sicard en 2012<\/a> affirmait \u00a0\u00ab\u00a0<em>Pour la commission, l\u2019assistance au suicide ne peut en aucun cas \u00eatre une solution propos\u00e9e comme une alternative \u00e0 l\u2019absence constat\u00e9e de soins palliatifs ou d\u2019un r\u00e9el accompagnement.<\/em>\u00a0\u00bb (p 100) et avertissait en conclusion que (p 103)\u00a0:<\/p><ul><li>L\u2019euthanasie engage profond\u00e9ment l\u2019id\u00e9e qu\u2019une soci\u00e9t\u00e9 se fait du r\u00f4le et des valeurs de la m\u00e9decine.<\/li><li>Tout d\u00e9placement d\u2019un interdit cr\u00e9e n\u00e9cessairement de nouvelles situations limites, suscitant une demande ind\u00e9finie de nouvelles lois.<\/li><\/ul><p>En 2019, la Commission des Affaires Sociales au S\u00e9nat parvenait au m\u00eame constat et \u00e0 des recommandations similaires\u00a0; nous vous encourageons \u00e0 <a href=\"https:\/\/www.senat.fr\/rap\/r20-866\/r20-866-syn.pdf\">consulter ce rapport<\/a>, facile d\u2019acc\u00e8s et tr\u00e8s parlant<em>.<\/em><\/p><h3 style=\"text-align: center\"><strong>Plut\u00f4t qu\u2019une \u00e9chappatoire vers le suicide assist\u00e9 au m\u00e9pris de la dignit\u00e9 humaine, exigeons du gouvernement qu&rsquo;il prenne ses responsabilit\u00e9s e<\/strong><strong>n donnant les moyens d\u2019appliquer ces recommandations d\u2019acc\u00e8s et de mise en \u0153uvre des soins palliatifs &#8211; <\/strong><strong>\u00a0recommandations pourtant r\u00e9p\u00e9t\u00e9es \u00e0 de nombreuses reprises\u00a0!<\/strong><\/h3><h3 style=\"text-align: center\">\u00a0<\/h3>\t\t\t\t\t\t\t\t<\/div>\n\t\t\t\t<\/div>\n\t\t\t\t\t<\/div>\n\t\t<\/div>\n\t\t\t\t\t<\/div>\n\t\t<\/section>\n\t\t\t\t<section data-particle_enable=\"false\" data-particle-mobile-disabled=\"false\" class=\"elementor-section elementor-top-section elementor-element elementor-element-1f988fc elementor-section-boxed elementor-section-height-default elementor-section-height-default\" data-id=\"1f988fc\" data-element_type=\"section\">\n\t\t\t\t\t\t<div class=\"elementor-container elementor-column-gap-default\">\n\t\t\t\t\t<div class=\"elementor-column elementor-col-100 elementor-top-column elementor-element elementor-element-f4d0d33\" data-id=\"f4d0d33\" data-element_type=\"column\">\n\t\t\t<div class=\"elementor-widget-wrap elementor-element-populated\">\n\t\t\t\t\t\t<div class=\"elementor-element elementor-element-aa97c4f elementor-widget elementor-widget-image\" data-id=\"aa97c4f\" data-element_type=\"widget\" data-widget_type=\"image.default\">\n\t\t\t\t<div class=\"elementor-widget-container\">\n\t\t\t\t\t\t\t\t\t\t\t\t\t\t\t<img decoding=\"async\" src=\"https:\/\/wp-sites.ccci.org\/c-proactif\/wp-content\/uploads\/sites\/393\/2022\/12\/parcours-3J-priere-FinVie.png?w=1024\" title=\"parcours-3J-priere-FinVie\" alt=\"parcours-3J-priere-FinVie\" loading=\"lazy\" \/>\t\t\t\t\t\t\t\t\t\t\t\t\t\t\t<\/div>\n\t\t\t\t<\/div>\n\t\t\t\t\t<\/div>\n\t\t<\/div>\n\t\t\t\t\t<\/div>\n\t\t<\/section>\n\t\t\t\t<section data-particle_enable=\"false\" data-particle-mobile-disabled=\"false\" class=\"elementor-section elementor-top-section elementor-element elementor-element-1dcc0585 elementor-section-boxed elementor-section-height-default elementor-section-height-default\" data-id=\"1dcc0585\" data-element_type=\"section\">\n\t\t\t\t\t\t<div class=\"elementor-container elementor-column-gap-default\">\n\t\t\t\t\t<div class=\"elementor-column elementor-col-100 elementor-top-column elementor-element elementor-element-2ac584cd\" data-id=\"2ac584cd\" data-element_type=\"column\">\n\t\t\t<div class=\"elementor-widget-wrap elementor-element-populated\">\n\t\t\t\t\t\t<div class=\"elementor-element elementor-element-249576b2 further elementor-widget elementor-widget-text-editor\" data-id=\"249576b2\" data-element_type=\"widget\" data-widget_type=\"text-editor.default\">\n\t\t\t\t<div class=\"elementor-widget-container\">\n\t\t\t\t\t\t\t\t\t<h2><strong>Prions pour les autorit\u00e9s de notre pays\u00a0<\/strong><\/h2><p>Prier pour nos autorit\u00e9s est conforme \u00e0 la volont\u00e9 de Dieu <strong>(1 Timoth\u00e9e 2\u00a0: 1-4)<\/strong>. Pourquoi\u00a0?\u00a0:<\/p><blockquote><ul><li>\u00ab\u00a0<em>afin que nous menions une vie paisible et tranquille, en toute pi\u00e9t\u00e9 et honn\u00eatet\u00e9<\/em>\u00bb v. 2<\/li><li>\u00ab\u00a0<em>car Il veut que tous les hommes soient sauv\u00e9s et qu\u2019ils parviennent \u00e0 la repentance<\/em>\u00bb v. 4<\/li><\/ul><\/blockquote><p>Prier pour nos autorit\u00e9s est approuv\u00e9 de Dieu car il souhaite que son Eglise puisse vivre dans un pays apais\u00e9, un pays qui ne s\u2019enfonce pas dans les t\u00e9n\u00e8bres du p\u00e9ch\u00e9 o\u00f9 la vie deviendrait plus difficile pour tous et dans laquelle les hommes se d\u00e9tourneraient toujours plus de Dieu. Prier pour nos autorit\u00e9s, c\u2019est donc prier pour notre pays et demander \u00e0 Dieu de le pr\u00e9server du mal\u00a0! C\u2019est aussi pr\u00e9server l\u2019Eglise, pas pour elle-m\u00eame et son confort \u00e9go\u00efste, mais pour qu\u2019elle soit toujours en capacit\u00e9 de continuer \u00e0 rendre t\u00e9moignage de la v\u00e9rit\u00e9 et apporter la bonne nouvelle du salut en J\u00e9sus-Christ au maximum de nos concitoyens.<\/p><p>La Parole nous encourage de bien des mani\u00e8res \u00e0 le faire\u00a0:<\/p><ul><li><strong>Proverbes 21, 1<\/strong> nous affirme que Dieu incline le c\u0153ur des rois selon sa volont\u00e9 :\u00a0<em>\u00ab Le c\u0153ur du roi est un courant d&rsquo;eau dans la main de l&rsquo;\u00c9ternel ; Il l&rsquo;incline partout o\u00f9 il veut. \u00bb<\/em>\u00a0<\/li><li><strong>2 Chroniques 16, 9\u00a0<\/strong>: \u00ab\u00a0<em>L\u2019Eternel \u00e9tend ses regards sur toute la terre, pour soutenir ceux dont le c\u0153ur est tout entier \u00e0 lui<\/em>\u00bb.<\/li><li><strong>Jacques 4, 2<\/strong> d\u00e9clare \u00e9galement :\u00a0<em>\u00ab Et vous ne poss\u00e9dez pas, parce que vous ne demandez pas\u00bb<\/em>.<\/li><\/ul><p>Alors demandons et approchons-nous de Dieu avec assurance pour pr\u00e9senter notre pri\u00e8re pour les autorit\u00e9s de notre pays\u00a0!<\/p><h3><strong>Prions pour les autorit\u00e9s impliqu\u00e9es dans <\/strong><a href=\"https:\/\/www.lecese.fr\/convention-citoyenne-sur-la-fin-de-vie\"><strong>la Convention Citoyenne sur la fin de<\/strong> <strong>vie<\/strong><\/a><strong>\u00a0 <\/strong><\/h3><p>Ses travaux commenc\u00e9s le 9 d\u00e9cembre 2022 vont durer jusqu\u2019\u00e0 la mi-mars 2023. Hier nous avons pri\u00e9 pour les 176 citoyens choisis pour y participer. Concentrons-nous aujourd\u2019hui, sur son comit\u00e9 de gouvernance, compos\u00e9 de 14 personnes qui vont les encadrer tout au long de leurs travaux : 6 repr\u00e9sentants du CESE, 3 repr\u00e9sentants du milieu de la recherche universitaire, 2 repr\u00e9sentants du Comit\u00e9 consultatif national d\u2019\u00e9thique pour les sciences de la vie et de la sant\u00e9 (CCNE), 1 repr\u00e9sentant du Centre national des soins palliatifs et de la fin de vie (CNSPFV) et 2 citoyens ayant si\u00e9g\u00e9 \u00e0 la Convention Citoyenne pour le climat.<\/p><ul><li><strong>Prions pour ces 14 personnes<\/strong>\u00a0: qu\u2019elles puissent travailler avec un esprit non partisan et de l\u2019humanit\u00e9, en \u00e9tant pr\u00eates \u00e0 se remettre en question et \u00e0 entendre ce qui leur sera dit.<\/li><li>Prions que l\u2019Esprit du Seigneur souffle dans ces travaux\u00a0: que sagesse soit aux commandes, m\u00eame si ces personnes ne le connaissent pas\u00a0(Pr 21\u00a0:1).<\/li><li>Prions en particulier pour la seule repr\u00e9sentante des Soins Palliatifs qui sera pr\u00e9sente dans la composition de ce comit\u00e9 de gouvernance\u00a0: <a href=\"https:\/\/www.lecese.fr\/sites\/default\/files\/images\/CCFDV\/GMarsico.pdf\">Giovanna MARSICO<\/a>. Qu\u2019elle ne se laisse pas impressionner mais puisse pr\u00e9senter ses revendications d\u2019une mani\u00e8re assur\u00e9e et convaincante.<\/li><\/ul><p><em>Si vous d\u00e9sirez prier de fa\u00e7on nominative pour ces repr\u00e9sentants, <\/em><a href=\"https:\/\/www.lecese.fr\/convention-citoyenne-sur-la-fin-de-vie\"><em>en voici la liste<\/em><\/a><em>.<\/em><\/p><h3><strong>Prions pour l\u2019Assembl\u00e9e Nationale et ses d\u00e9lib\u00e9rations\u00a0:\u00a0\u00a0 <\/strong><\/h3><ul><li>Prions pour une approche motiv\u00e9e par le respect des personnes et non politico-\u00e9conomique du traitement de la fin de vie.<\/li><li>Prions pour que cette discussion de projet de loi l\u00e8ve le voile sur les besoins du secteur de la Sant\u00e9 en g\u00e9n\u00e9ral et que ceux-ci soient pourvus.<\/li><li>Prions en particulier pour que l\u2019accent soit mis sur le besoin de rendre les soins palliatifs accessibles \u00e0 tous et de qualit\u00e9 \u00e9quivalente, sur l\u2019ensemble du territoire.<\/li><li>Prions que les d\u00e9bats conduisent \u00e0 un abandon du projet de r\u00e9forme de la loi actuelle et \u00e0 une meilleure mise en \u0153uvre de la loi Claeys-Leonetti, en lui octroyant les moyens humains et financiers pour le faire.<\/li><li>Prions pour que les moyens soient mis pour assurer la formation des \u00e9tudiants en m\u00e9decine sur les soins palliatifs et la formation continue des m\u00e9decins de ville.<\/li><li>Prions pour la mise en place d\u2019une campagne nationale d\u2019information du public sur la l\u00e9gislation concernant la fin de vie (en particulier les soins palliatifs et les directives anticip\u00e9es), afin que la population ne se laisse plus effrayer par les arguments concernant le risque de souffrance et d\u2019inconfort agit\u00e9s par les partisans de l\u2019euthanasie.<\/li><\/ul>\t\t\t\t\t\t\t\t<\/div>\n\t\t\t\t<\/div>\n\t\t\t\t\t<\/div>\n\t\t<\/div>\n\t\t\t\t\t<\/div>\n\t\t<\/section>\n\t\t\t\t<section data-particle_enable=\"false\" data-particle-mobile-disabled=\"false\" class=\"elementor-section elementor-top-section elementor-element elementor-element-69b3efc elementor-section-boxed elementor-section-height-default elementor-section-height-default\" data-id=\"69b3efc\" data-element_type=\"section\">\n\t\t\t\t\t\t<div class=\"elementor-container elementor-column-gap-default\">\n\t\t\t\t\t<div class=\"elementor-column elementor-col-100 elementor-top-column elementor-element elementor-element-d95072f\" data-id=\"d95072f\" data-element_type=\"column\">\n\t\t\t<div class=\"elementor-widget-wrap elementor-element-populated\">\n\t\t\t\t\t\t<section data-particle_enable=\"false\" data-particle-mobile-disabled=\"false\" class=\"elementor-section elementor-inner-section elementor-element elementor-element-11ac605 elementor-section-boxed elementor-section-height-default elementor-section-height-default\" data-id=\"11ac605\" data-element_type=\"section\">\n\t\t\t\t\t\t<div class=\"elementor-container elementor-column-gap-default\">\n\t\t\t\t\t<div class=\"elementor-column elementor-col-100 elementor-inner-column elementor-element elementor-element-0904cd8\" data-id=\"0904cd8\" data-element_type=\"column\">\n\t\t\t<div class=\"elementor-widget-wrap elementor-element-populated\">\n\t\t\t\t\t\t<div class=\"elementor-element elementor-element-a397a26 elementor-align-center elementor-widget elementor-widget-button\" data-id=\"a397a26\" data-element_type=\"widget\" data-widget_type=\"button.default\">\n\t\t\t\t<div class=\"elementor-widget-container\">\n\t\t\t\t\t\t\t\t\t<div class=\"elementor-button-wrapper\">\n\t\t\t\t\t<a class=\"elementor-button elementor-button-link elementor-size-sm\" href=\"https:\/\/zoom.us\/j\/7062240438\">\n\t\t\t\t\t\t<span class=\"elementor-button-content-wrapper\">\n\t\t\t\t\t\t\t\t\t<span class=\"elementor-button-text\">REJOINDRE LA SALLE DE PRIERE POUR LA RENCONTRE DE CL\u00d4TURE A 20h15  <\/span>\n\t\t\t\t\t<\/span>\n\t\t\t\t\t<\/a>\n\t\t\t\t<\/div>\n\t\t\t\t\t\t\t\t<\/div>\n\t\t\t\t<\/div>\n\t\t\t\t\t<\/div>\n\t\t<\/div>\n\t\t\t\t\t<\/div>\n\t\t<\/section>\n\t\t\t\t<div class=\"elementor-element elementor-element-849719a elementor-widget elementor-widget-image\" data-id=\"849719a\" data-element_type=\"widget\" data-widget_type=\"image.default\">\n\t\t\t\t<div class=\"elementor-widget-container\">\n\t\t\t\t\t\t\t\t\t\t\t\t\t\t\t\t<a href=\"https:\/\/zoom.us\/j\/7062240438\">\n\t\t\t\t\t\t\t<img decoding=\"async\" src=\"https:\/\/wp-sites.ccci.org\/c-proactif\/wp-content\/uploads\/sites\/393\/2022\/11\/recnontre-du-9dec.png?w=768\" title=\"recnontre du 9dec\" alt=\"recnontre du 9dec\" loading=\"lazy\" \/>\t\t\t\t\t\t\t\t<\/a>\n\t\t\t\t\t\t\t\t\t\t\t\t\t\t\t<\/div>\n\t\t\t\t<\/div>\n\t\t\t\t\t<\/div>\n\t\t<\/div>\n\t\t\t\t\t<\/div>\n\t\t<\/section>\n\t\t\t\t<\/div>\n\t\t","protected":false},"excerpt":{"rendered":"<p>Aujourd&rsquo;hui nous prions pour les autorit\u00e9s\u00a0 de notre pays \u00ab J&rsquo;exhorte donc, avant toutes choses, \u00e0 faire des pri\u00e8res, des supplications, des requ\u00eates, des actions de gr\u00e2ces, pour tous les [&hellip;]<\/p>\n","protected":false},"author":14333,"featured_media":12137,"comment_status":"closed","ping_status":"open","sticky":false,"template":"","format":"quote","meta":{"site-sidebar-layout":"default","site-content-layout":"default","ast-site-content-layout":"default","site-content-style":"default","site-sidebar-style":"default","ast-global-header-display":"","ast-banner-title-visibility":"","ast-main-header-display":"","ast-hfb-above-header-display":"","ast-hfb-below-header-display":"","ast-hfb-mobile-header-display":"","site-post-title":"","ast-breadcrumbs-content":"","ast-featured-img":"","footer-sml-layout":"","ast-disable-related-posts":"","theme-transparent-header-meta":"default","adv-header-id-meta":"","stick-header-meta":"","header-above-stick-meta":"","header-main-stick-meta":"","header-below-stick-meta":"","astra-migrate-meta-layouts":"default","ast-page-background-enabled":"default","ast-page-background-meta":{"desktop":{"background-color":"","background-image":"","background-repeat":"repeat","background-position":"center center","background-size":"auto","background-attachment":"scroll","background-type":"","background-media":"","overlay-type":"","overlay-color":"","overlay-opacity":"","overlay-gradient":""},"tablet":{"background-color":"","background-image":"","background-repeat":"repeat","background-position":"center center","background-size":"auto","background-attachment":"scroll","background-type":"","background-media":"","overlay-type":"","overlay-color":"","overlay-opacity":"","overlay-gradient":""},"mobile":{"background-color":"","background-image":"","background-repeat":"repeat","background-position":"center center","background-size":"auto","background-attachment":"scroll","background-type":"","background-media":"","overlay-type":"","overlay-color":"","overlay-opacity":"","overlay-gradient":""}},"ast-content-background-meta":{"desktop":{"background-color":"var(--ast-global-color-5)","background-image":"","background-repeat":"repeat","background-position":"center center","background-size":"auto","background-attachment":"scroll","background-type":"","background-media":"","overlay-type":"","overlay-color":"","overlay-opacity":"","overlay-gradient":""},"tablet":{"background-color":"var(--ast-global-color-5)","background-image":"","background-repeat":"repeat","background-position":"center center","background-size":"auto","background-attachment":"scroll","background-type":"","background-media":"","overlay-type":"","overlay-color":"","overlay-opacity":"","overlay-gradient":""},"mobile":{"background-color":"var(--ast-global-color-5)","background-image":"","background-repeat":"repeat","background-position":"center center","background-size":"auto","background-attachment":"scroll","background-type":"","background-media":"","overlay-type":"","overlay-color":"","overlay-opacity":"","overlay-gradient":""}},"footnotes":""},"categories":[8],"tags":[178,176,173,170,175,177,77,174,172],"class_list":["post-12204","post","type-post","status-publish","format-quote","has-post-thumbnail","hentry","category-non-classe","tag-autorites","tag-convention-nationale","tag-euthanasie","tag-loi","tag-opinion-publique","tag-pouvoirs-publics","tag-priere","tag-soigner-mais-pas-tuer","tag-soins-palliatifs","post_format-post-format-quote"],"yoast_head":"<!-- This site is optimized with the Yoast SEO plugin v26.7 - https:\/\/yoast.com\/wordpress\/plugins\/seo\/ -->\n<title>Nous prions pour la vie - Jour 3 - C-PROACTIF<\/title>\n<meta name=\"description\" content=\"Aujourd&#039;hui nous prions pour la vie en interc\u00e9dant pour nos autorit\u00e9s car in fine, ce sont elles qui d\u00e9cident de nos lois.\" \/>\n<meta name=\"robots\" content=\"noindex, follow, max-snippet:-1, max-image-preview:large, max-video-preview:-1\" \/>\n<meta property=\"og:locale\" content=\"fr_FR\" \/>\n<meta property=\"og:type\" content=\"article\" \/>\n<meta property=\"og:title\" content=\"Nous prions pour la vie - Jour 3 - C-PROACTIF\" \/>\n<meta property=\"og:description\" content=\"Aujourd&#039;hui nous prions pour la vie en interc\u00e9dant pour nos autorit\u00e9s car in fine, ce sont elles qui d\u00e9cident de nos lois.\" \/>\n<meta property=\"og:url\" content=\"https:\/\/wp-sites.ccci.org\/c-proactif\/jour-3\/\" \/>\n<meta property=\"og:site_name\" content=\"C-PROACTIF\" \/>\n<meta property=\"article:published_time\" content=\"2022-12-08T21:00:43+00:00\" \/>\n<meta property=\"article:modified_time\" content=\"2023-12-21T15:16:12+00:00\" \/>\n<meta property=\"og:image\" content=\"https:\/\/wp-sites.ccci.org\/c-proactif\/wp-content\/uploads\/sites\/393\/2022\/12\/dandelion-5063527_640.jpg\" \/>\n\t<meta property=\"og:image:width\" content=\"640\" \/>\n\t<meta property=\"og:image:height\" content=\"427\" \/>\n\t<meta property=\"og:image:type\" content=\"image\/jpeg\" \/>\n<meta name=\"author\" content=\"Anne-Marie HUSSON\" \/>\n<meta name=\"twitter:card\" content=\"summary_large_image\" \/>\n<meta name=\"twitter:label1\" content=\"\u00c9crit par\" \/>\n\t<meta name=\"twitter:data1\" content=\"Anne-Marie HUSSON\" \/>\n\t<meta name=\"twitter:label2\" content=\"Dur\u00e9e de lecture estim\u00e9e\" \/>\n\t<meta name=\"twitter:data2\" content=\"10 minutes\" \/>\n<script type=\"application\/ld+json\" class=\"yoast-schema-graph\">{\"@context\":\"https:\/\/schema.org\",\"@graph\":[{\"@type\":\"Article\",\"@id\":\"https:\/\/wp-sites.ccci.org\/c-proactif\/jour-3\/#article\",\"isPartOf\":{\"@id\":\"https:\/\/wp-sites.ccci.org\/c-proactif\/jour-3\/\"},\"author\":{\"name\":\"Anne-Marie HUSSON\",\"@id\":\"https:\/\/wp-sites.ccci.org\/c-proactif\/#\/schema\/person\/31baa806e67e95311c4c17fad287a4d2\"},\"headline\":\"Nous prions pour la vie &#8211; Jour 3\",\"datePublished\":\"2022-12-08T21:00:43+00:00\",\"dateModified\":\"2023-12-21T15:16:12+00:00\",\"mainEntityOfPage\":{\"@id\":\"https:\/\/wp-sites.ccci.org\/c-proactif\/jour-3\/\"},\"wordCount\":1874,\"publisher\":{\"@id\":\"https:\/\/wp-sites.ccci.org\/c-proactif\/#organization\"},\"image\":{\"@id\":\"https:\/\/wp-sites.ccci.org\/c-proactif\/jour-3\/#primaryimage\"},\"thumbnailUrl\":\"https:\/\/wp-sites.ccci.org\/c-proactif\/wp-content\/uploads\/sites\/393\/2022\/12\/dandelion-5063527_640.jpg\",\"keywords\":[\"autorit\u00e9s\",\"Convention Nationale\",\"euthanasie\",\"loi\",\"opinion publique\",\"pouvoirs publics\",\"pri\u00e8re\",\"soigner mais pas tuer\",\"soins palliatifs\"],\"inLanguage\":\"fr-FR\"},{\"@type\":\"WebPage\",\"@id\":\"https:\/\/wp-sites.ccci.org\/c-proactif\/jour-3\/\",\"url\":\"https:\/\/wp-sites.ccci.org\/c-proactif\/jour-3\/\",\"name\":\"Nous prions pour la vie - Jour 3 - C-PROACTIF\",\"isPartOf\":{\"@id\":\"https:\/\/wp-sites.ccci.org\/c-proactif\/#website\"},\"primaryImageOfPage\":{\"@id\":\"https:\/\/wp-sites.ccci.org\/c-proactif\/jour-3\/#primaryimage\"},\"image\":{\"@id\":\"https:\/\/wp-sites.ccci.org\/c-proactif\/jour-3\/#primaryimage\"},\"thumbnailUrl\":\"https:\/\/wp-sites.ccci.org\/c-proactif\/wp-content\/uploads\/sites\/393\/2022\/12\/dandelion-5063527_640.jpg\",\"datePublished\":\"2022-12-08T21:00:43+00:00\",\"dateModified\":\"2023-12-21T15:16:12+00:00\",\"description\":\"Aujourd'hui nous prions pour la vie en interc\u00e9dant pour nos autorit\u00e9s car in fine, ce sont elles qui d\u00e9cident de nos lois.\",\"breadcrumb\":{\"@id\":\"https:\/\/wp-sites.ccci.org\/c-proactif\/jour-3\/#breadcrumb\"},\"inLanguage\":\"fr-FR\",\"potentialAction\":[{\"@type\":\"ReadAction\",\"target\":[\"https:\/\/wp-sites.ccci.org\/c-proactif\/jour-3\/\"]}]},{\"@type\":\"ImageObject\",\"inLanguage\":\"fr-FR\",\"@id\":\"https:\/\/wp-sites.ccci.org\/c-proactif\/jour-3\/#primaryimage\",\"url\":\"https:\/\/wp-sites.ccci.org\/c-proactif\/wp-content\/uploads\/sites\/393\/2022\/12\/dandelion-5063527_640.jpg\",\"contentUrl\":\"https:\/\/wp-sites.ccci.org\/c-proactif\/wp-content\/uploads\/sites\/393\/2022\/12\/dandelion-5063527_640.jpg\",\"width\":640,\"height\":427},{\"@type\":\"BreadcrumbList\",\"@id\":\"https:\/\/wp-sites.ccci.org\/c-proactif\/jour-3\/#breadcrumb\",\"itemListElement\":[{\"@type\":\"ListItem\",\"position\":1,\"name\":\"Accueil\",\"item\":\"https:\/\/wp-sites.ccci.org\/c-proactif\/\"},{\"@type\":\"ListItem\",\"position\":2,\"name\":\"Non class\u00e9\",\"item\":\"https:\/\/wp-sites.ccci.org\/c-proactif\/theme\/non-classe\/\"},{\"@type\":\"ListItem\",\"position\":3,\"name\":\"Nous prions pour la vie &#8211; Jour 3\"}]},{\"@type\":\"WebSite\",\"@id\":\"https:\/\/wp-sites.ccci.org\/c-proactif\/#website\",\"url\":\"https:\/\/wp-sites.ccci.org\/c-proactif\/\",\"name\":\"C-PROACTIF\",\"description\":\"R\u00e9seau professionnel chr\u00e9tien\",\"publisher\":{\"@id\":\"https:\/\/wp-sites.ccci.org\/c-proactif\/#organization\"},\"potentialAction\":[{\"@type\":\"SearchAction\",\"target\":{\"@type\":\"EntryPoint\",\"urlTemplate\":\"https:\/\/wp-sites.ccci.org\/c-proactif\/?s={search_term_string}\"},\"query-input\":{\"@type\":\"PropertyValueSpecification\",\"valueRequired\":true,\"valueName\":\"search_term_string\"}}],\"inLanguage\":\"fr-FR\"},{\"@type\":\"Organization\",\"@id\":\"https:\/\/wp-sites.ccci.org\/c-proactif\/#organization\",\"name\":\"C-PROACTIF\",\"url\":\"https:\/\/wp-sites.ccci.org\/c-proactif\/\",\"logo\":{\"@type\":\"ImageObject\",\"inLanguage\":\"fr-FR\",\"@id\":\"https:\/\/wp-sites.ccci.org\/c-proactif\/#\/schema\/logo\/image\/\",\"url\":\"https:\/\/wp-sites.ccci.org\/c-proactif\/wp-content\/uploads\/sites\/393\/2021\/05\/logo-baseline-blanc-300.png\",\"contentUrl\":\"https:\/\/wp-sites.ccci.org\/c-proactif\/wp-content\/uploads\/sites\/393\/2021\/05\/logo-baseline-blanc-300.png\",\"width\":300,\"height\":113,\"caption\":\"C-PROACTIF\"},\"image\":{\"@id\":\"https:\/\/wp-sites.ccci.org\/c-proactif\/#\/schema\/logo\/image\/\"}},{\"@type\":\"Person\",\"@id\":\"https:\/\/wp-sites.ccci.org\/c-proactif\/#\/schema\/person\/31baa806e67e95311c4c17fad287a4d2\",\"name\":\"Anne-Marie HUSSON\",\"image\":{\"@type\":\"ImageObject\",\"inLanguage\":\"fr-FR\",\"@id\":\"https:\/\/wp-sites.ccci.org\/c-proactif\/#\/schema\/person\/image\/\",\"url\":\"https:\/\/secure.gravatar.com\/avatar\/8610b2dea99ccb68a80717332fcf6000967063200f783c057fb3812ac2517470?s=96&d=mm&r=g\",\"contentUrl\":\"https:\/\/secure.gravatar.com\/avatar\/8610b2dea99ccb68a80717332fcf6000967063200f783c057fb3812ac2517470?s=96&d=mm&r=g\",\"caption\":\"Anne-Marie HUSSON\"},\"description\":\"D\u00e9l\u00e9gu\u00e9e fran\u00e7aise au Forum Mondial du travail du Comit\u00e9 de Lausanne. Consultante ind\u00e9pendante en strat\u00e9gie et innovation de la formation professionnelle. 22 ans de minist\u00e8re au sein d\u2019AGAPE FRANCE, Chef de projet e-learning au sein de diverses institutions (CCI et Universit\u00e9)\"}]}<\/script>\n<!-- \/ Yoast SEO plugin. -->","yoast_head_json":{"title":"Nous prions pour la vie - Jour 3 - C-PROACTIF","description":"Aujourd'hui nous prions pour la vie en interc\u00e9dant pour nos autorit\u00e9s car in fine, ce sont elles qui d\u00e9cident de nos lois.","robots":{"index":"noindex","follow":"follow","max-snippet":"max-snippet:-1","max-image-preview":"max-image-preview:large","max-video-preview":"max-video-preview:-1"},"og_locale":"fr_FR","og_type":"article","og_title":"Nous prions pour la vie - Jour 3 - C-PROACTIF","og_description":"Aujourd'hui nous prions pour la vie en interc\u00e9dant pour nos autorit\u00e9s car in fine, ce sont elles qui d\u00e9cident de nos lois.","og_url":"https:\/\/wp-sites.ccci.org\/c-proactif\/jour-3\/","og_site_name":"C-PROACTIF","article_published_time":"2022-12-08T21:00:43+00:00","article_modified_time":"2023-12-21T15:16:12+00:00","og_image":[{"width":640,"height":427,"url":"https:\/\/wp-sites.ccci.org\/c-proactif\/wp-content\/uploads\/sites\/393\/2022\/12\/dandelion-5063527_640.jpg","type":"image\/jpeg"}],"author":"Anne-Marie HUSSON","twitter_card":"summary_large_image","twitter_misc":{"\u00c9crit par":"Anne-Marie HUSSON","Dur\u00e9e de lecture estim\u00e9e":"10 minutes"},"schema":{"@context":"https:\/\/schema.org","@graph":[{"@type":"Article","@id":"https:\/\/wp-sites.ccci.org\/c-proactif\/jour-3\/#article","isPartOf":{"@id":"https:\/\/wp-sites.ccci.org\/c-proactif\/jour-3\/"},"author":{"name":"Anne-Marie HUSSON","@id":"https:\/\/wp-sites.ccci.org\/c-proactif\/#\/schema\/person\/31baa806e67e95311c4c17fad287a4d2"},"headline":"Nous prions pour la vie &#8211; Jour 3","datePublished":"2022-12-08T21:00:43+00:00","dateModified":"2023-12-21T15:16:12+00:00","mainEntityOfPage":{"@id":"https:\/\/wp-sites.ccci.org\/c-proactif\/jour-3\/"},"wordCount":1874,"publisher":{"@id":"https:\/\/wp-sites.ccci.org\/c-proactif\/#organization"},"image":{"@id":"https:\/\/wp-sites.ccci.org\/c-proactif\/jour-3\/#primaryimage"},"thumbnailUrl":"https:\/\/wp-sites.ccci.org\/c-proactif\/wp-content\/uploads\/sites\/393\/2022\/12\/dandelion-5063527_640.jpg","keywords":["autorit\u00e9s","Convention Nationale","euthanasie","loi","opinion publique","pouvoirs publics","pri\u00e8re","soigner mais pas tuer","soins palliatifs"],"inLanguage":"fr-FR"},{"@type":"WebPage","@id":"https:\/\/wp-sites.ccci.org\/c-proactif\/jour-3\/","url":"https:\/\/wp-sites.ccci.org\/c-proactif\/jour-3\/","name":"Nous prions pour la vie - Jour 3 - C-PROACTIF","isPartOf":{"@id":"https:\/\/wp-sites.ccci.org\/c-proactif\/#website"},"primaryImageOfPage":{"@id":"https:\/\/wp-sites.ccci.org\/c-proactif\/jour-3\/#primaryimage"},"image":{"@id":"https:\/\/wp-sites.ccci.org\/c-proactif\/jour-3\/#primaryimage"},"thumbnailUrl":"https:\/\/wp-sites.ccci.org\/c-proactif\/wp-content\/uploads\/sites\/393\/2022\/12\/dandelion-5063527_640.jpg","datePublished":"2022-12-08T21:00:43+00:00","dateModified":"2023-12-21T15:16:12+00:00","description":"Aujourd'hui nous prions pour la vie en interc\u00e9dant pour nos autorit\u00e9s car in fine, ce sont elles qui d\u00e9cident de nos lois.","breadcrumb":{"@id":"https:\/\/wp-sites.ccci.org\/c-proactif\/jour-3\/#breadcrumb"},"inLanguage":"fr-FR","potentialAction":[{"@type":"ReadAction","target":["https:\/\/wp-sites.ccci.org\/c-proactif\/jour-3\/"]}]},{"@type":"ImageObject","inLanguage":"fr-FR","@id":"https:\/\/wp-sites.ccci.org\/c-proactif\/jour-3\/#primaryimage","url":"https:\/\/wp-sites.ccci.org\/c-proactif\/wp-content\/uploads\/sites\/393\/2022\/12\/dandelion-5063527_640.jpg","contentUrl":"https:\/\/wp-sites.ccci.org\/c-proactif\/wp-content\/uploads\/sites\/393\/2022\/12\/dandelion-5063527_640.jpg","width":640,"height":427},{"@type":"BreadcrumbList","@id":"https:\/\/wp-sites.ccci.org\/c-proactif\/jour-3\/#breadcrumb","itemListElement":[{"@type":"ListItem","position":1,"name":"Accueil","item":"https:\/\/wp-sites.ccci.org\/c-proactif\/"},{"@type":"ListItem","position":2,"name":"Non class\u00e9","item":"https:\/\/wp-sites.ccci.org\/c-proactif\/theme\/non-classe\/"},{"@type":"ListItem","position":3,"name":"Nous prions pour la vie &#8211; Jour 3"}]},{"@type":"WebSite","@id":"https:\/\/wp-sites.ccci.org\/c-proactif\/#website","url":"https:\/\/wp-sites.ccci.org\/c-proactif\/","name":"C-PROACTIF","description":"R\u00e9seau professionnel chr\u00e9tien","publisher":{"@id":"https:\/\/wp-sites.ccci.org\/c-proactif\/#organization"},"potentialAction":[{"@type":"SearchAction","target":{"@type":"EntryPoint","urlTemplate":"https:\/\/wp-sites.ccci.org\/c-proactif\/?s={search_term_string}"},"query-input":{"@type":"PropertyValueSpecification","valueRequired":true,"valueName":"search_term_string"}}],"inLanguage":"fr-FR"},{"@type":"Organization","@id":"https:\/\/wp-sites.ccci.org\/c-proactif\/#organization","name":"C-PROACTIF","url":"https:\/\/wp-sites.ccci.org\/c-proactif\/","logo":{"@type":"ImageObject","inLanguage":"fr-FR","@id":"https:\/\/wp-sites.ccci.org\/c-proactif\/#\/schema\/logo\/image\/","url":"https:\/\/wp-sites.ccci.org\/c-proactif\/wp-content\/uploads\/sites\/393\/2021\/05\/logo-baseline-blanc-300.png","contentUrl":"https:\/\/wp-sites.ccci.org\/c-proactif\/wp-content\/uploads\/sites\/393\/2021\/05\/logo-baseline-blanc-300.png","width":300,"height":113,"caption":"C-PROACTIF"},"image":{"@id":"https:\/\/wp-sites.ccci.org\/c-proactif\/#\/schema\/logo\/image\/"}},{"@type":"Person","@id":"https:\/\/wp-sites.ccci.org\/c-proactif\/#\/schema\/person\/31baa806e67e95311c4c17fad287a4d2","name":"Anne-Marie HUSSON","image":{"@type":"ImageObject","inLanguage":"fr-FR","@id":"https:\/\/wp-sites.ccci.org\/c-proactif\/#\/schema\/person\/image\/","url":"https:\/\/secure.gravatar.com\/avatar\/8610b2dea99ccb68a80717332fcf6000967063200f783c057fb3812ac2517470?s=96&d=mm&r=g","contentUrl":"https:\/\/secure.gravatar.com\/avatar\/8610b2dea99ccb68a80717332fcf6000967063200f783c057fb3812ac2517470?s=96&d=mm&r=g","caption":"Anne-Marie HUSSON"},"description":"D\u00e9l\u00e9gu\u00e9e fran\u00e7aise au Forum Mondial du travail du Comit\u00e9 de Lausanne. Consultante ind\u00e9pendante en strat\u00e9gie et innovation de la formation professionnelle. 22 ans de minist\u00e8re au sein d\u2019AGAPE FRANCE, Chef de projet e-learning au sein de diverses institutions (CCI et Universit\u00e9)"}]}},"jetpack_featured_media_url":"https:\/\/wp-sites.ccci.org\/c-proactif\/wp-content\/uploads\/sites\/393\/2022\/12\/dandelion-5063527_640.jpg","meta_box":[],"_links":{"self":[{"href":"https:\/\/wp-sites.ccci.org\/c-proactif\/wp-json\/wp\/v2\/posts\/12204","targetHints":{"allow":["GET"]}}],"collection":[{"href":"https:\/\/wp-sites.ccci.org\/c-proactif\/wp-json\/wp\/v2\/posts"}],"about":[{"href":"https:\/\/wp-sites.ccci.org\/c-proactif\/wp-json\/wp\/v2\/types\/post"}],"author":[{"embeddable":true,"href":"https:\/\/wp-sites.ccci.org\/c-proactif\/wp-json\/wp\/v2\/users\/14333"}],"replies":[{"embeddable":true,"href":"https:\/\/wp-sites.ccci.org\/c-proactif\/wp-json\/wp\/v2\/comments?post=12204"}],"version-history":[{"count":86,"href":"https:\/\/wp-sites.ccci.org\/c-proactif\/wp-json\/wp\/v2\/posts\/12204\/revisions"}],"predecessor-version":[{"id":12484,"href":"https:\/\/wp-sites.ccci.org\/c-proactif\/wp-json\/wp\/v2\/posts\/12204\/revisions\/12484"}],"wp:featuredmedia":[{"embeddable":true,"href":"https:\/\/wp-sites.ccci.org\/c-proactif\/wp-json\/wp\/v2\/media\/12137"}],"wp:attachment":[{"href":"https:\/\/wp-sites.ccci.org\/c-proactif\/wp-json\/wp\/v2\/media?parent=12204"}],"wp:term":[{"taxonomy":"category","embeddable":true,"href":"https:\/\/wp-sites.ccci.org\/c-proactif\/wp-json\/wp\/v2\/categories?post=12204"},{"taxonomy":"post_tag","embeddable":true,"href":"https:\/\/wp-sites.ccci.org\/c-proactif\/wp-json\/wp\/v2\/tags?post=12204"}],"curies":[{"name":"wp","href":"https:\/\/api.w.org\/{rel}","templated":true}]}}