{"id":13576,"date":"2023-05-11T18:13:41","date_gmt":"2023-05-11T16:13:41","guid":{"rendered":"https:\/\/c-proactif.org\/?p=13576"},"modified":"2023-12-22T12:40:31","modified_gmt":"2023-12-22T11:40:31","slug":"projet-dieu-travail","status":"publish","type":"post","link":"https:\/\/wp-sites.ccci.org\/c-proactif\/projet-dieu-travail\/","title":{"rendered":"Dieu sait quelles responsabilit\u00e9s professionnelles il veut te confier"},"content":{"rendered":"\t\t<div data-elementor-type=\"wp-post\" data-elementor-id=\"13576\" class=\"elementor elementor-13576\" data-elementor-post-type=\"post\">\n\t\t\t\t\t\t<section data-particle_enable=\"false\" data-particle-mobile-disabled=\"false\" class=\"elementor-section elementor-top-section elementor-element elementor-element-2fe50b68 elementor-section-boxed elementor-section-height-default elementor-section-height-default\" data-id=\"2fe50b68\" data-element_type=\"section\">\n\t\t\t\t\t\t<div class=\"elementor-container elementor-column-gap-default\">\n\t\t\t\t\t<div class=\"elementor-column elementor-col-100 elementor-top-column elementor-element elementor-element-6a4768e4\" data-id=\"6a4768e4\" data-element_type=\"column\">\n\t\t\t<div class=\"elementor-widget-wrap elementor-element-populated\">\n\t\t\t\t\t\t<section data-particle_enable=\"false\" data-particle-mobile-disabled=\"false\" class=\"elementor-section elementor-inner-section elementor-element elementor-element-daad01a elementor-section-boxed elementor-section-height-default elementor-section-height-default\" data-id=\"daad01a\" data-element_type=\"section\">\n\t\t\t\t\t\t<div class=\"elementor-container elementor-column-gap-default\">\n\t\t\t\t\t<div class=\"elementor-column elementor-col-100 elementor-inner-column elementor-element elementor-element-203b14f\" data-id=\"203b14f\" data-element_type=\"column\">\n\t\t\t<div class=\"elementor-widget-wrap elementor-element-populated\">\n\t\t\t\t\t\t<div class=\"elementor-element elementor-element-77d8059 elementor-widget elementor-widget-text-editor\" data-id=\"77d8059\" data-element_type=\"widget\" data-widget_type=\"text-editor.default\">\n\t\t\t\t<div class=\"elementor-widget-container\">\n\t\t\t\t\t\t\t\t\t<h4>Connais-tu le projet de Dieu pour ta vie professionnelle ? Car il en a un ! Un projet qui va te permettre d&rsquo;\u00eatre pleinement \u00e9panoui mais aussi de servir la soci\u00e9t\u00e9 avec le maximum d&rsquo;efficacit\u00e9. N&rsquo;aies donc pas peur de t&rsquo;aligner avec ce que Dieu te demande !\u00a0\u00a0<\/h4>\t\t\t\t\t\t\t\t<\/div>\n\t\t\t\t<\/div>\n\t\t\t\t\t<\/div>\n\t\t<\/div>\n\t\t\t\t\t<\/div>\n\t\t<\/section>\n\t\t\t\t\t<\/div>\n\t\t<\/div>\n\t\t\t\t\t<\/div>\n\t\t<\/section>\n\t\t\t\t<section data-particle_enable=\"false\" data-particle-mobile-disabled=\"false\" class=\"elementor-section elementor-top-section elementor-element elementor-element-6c6f14b6 elementor-section-boxed elementor-section-height-default elementor-section-height-default\" data-id=\"6c6f14b6\" data-element_type=\"section\">\n\t\t\t\t\t\t<div class=\"elementor-container elementor-column-gap-default\">\n\t\t\t\t\t<div class=\"elementor-column elementor-col-100 elementor-top-column elementor-element elementor-element-2200768f\" data-id=\"2200768f\" data-element_type=\"column\">\n\t\t\t<div class=\"elementor-widget-wrap elementor-element-populated\">\n\t\t\t\t\t\t\t<\/div>\n\t\t<\/div>\n\t\t\t\t\t<\/div>\n\t\t<\/section>\n\t\t\t\t<section data-particle_enable=\"false\" data-particle-mobile-disabled=\"false\" class=\"elementor-section elementor-top-section elementor-element elementor-element-a425324 elementor-section-boxed elementor-section-height-default elementor-section-height-default\" data-id=\"a425324\" data-element_type=\"section\">\n\t\t\t\t\t\t<div class=\"elementor-container elementor-column-gap-default\">\n\t\t\t\t\t<div class=\"elementor-column elementor-col-50 elementor-top-column elementor-element elementor-element-1435a10c\" data-id=\"1435a10c\" data-element_type=\"column\">\n\t\t\t<div class=\"elementor-widget-wrap elementor-element-populated\">\n\t\t\t\t\t\t<div class=\"elementor-element elementor-element-62c12ada elementor-widget elementor-widget-text-editor\" data-id=\"62c12ada\" data-element_type=\"widget\" data-widget_type=\"text-editor.default\">\n\t\t\t\t<div class=\"elementor-widget-container\">\n\t\t\t\t\t\t\t\t\t<p>Mais le fait est que nous avons parfois du mal \u00e0 nous sentir utiles ou qualifi\u00e9s pour ce que Dieu nous demande car nous sommes trop modestes et avons du mal \u00e0 nous appr\u00e9cier \u00e0 notre vraie mesure. Au contraire, nos pr\u00e9tentions sont parfois trop grandes et d\u00e9passent ce que Dieu nous appelle \u00e0 faire. Nous prenons alors des risques pour nous-m\u00eames ou pour les personnes que nous d\u00e9sirons servir\u2026 Cela est particuli\u00e8rement vrai dans le domaine professionnel o\u00f9 nous pouvons refuser des postes \u00e0 responsabilit\u00e9 par souci de rester modeste alors que Dieu nous y appelle \u2013 ou cherchons, au contraire \u00e0 br\u00fbler les \u00e9tapes alors que ce n\u2019est pas encore le temps de Dieu pour nous.\u00a0\u00a0<\/p><p>Alors, comment marcher avec assurance et entrer dans les projets de Dieu pour nous au travail\u00a0? Tout simplement, en nous souvenant que <strong>Dieu est notre Cr\u00e9ateur, qu\u2019il nous aime et nous connait intimement.<\/strong><\/p>\t\t\t\t\t\t\t\t<\/div>\n\t\t\t\t<\/div>\n\t\t\t\t\t<\/div>\n\t\t<\/div>\n\t\t\t\t<div class=\"elementor-column elementor-col-50 elementor-top-column elementor-element elementor-element-3ebf0d72\" data-id=\"3ebf0d72\" data-element_type=\"column\">\n\t\t\t<div class=\"elementor-widget-wrap elementor-element-populated\">\n\t\t\t\t\t\t<div class=\"elementor-element elementor-element-5ba158d2 elementor-widget elementor-widget-image\" data-id=\"5ba158d2\" data-element_type=\"widget\" data-widget_type=\"image.default\">\n\t\t\t\t<div class=\"elementor-widget-container\">\n\t\t\t\t\t\t\t\t\t\t\t\t\t\t\t<img decoding=\"async\" src=\"https:\/\/wp-sites.ccci.org\/c-proactif\/wp-content\/uploads\/sites\/393\/2023\/05\/question-mark-3245622_1920.jpg?w=400\" title=\"question-mark-3245622_1920\" alt=\"homme qui se questionne\" loading=\"lazy\" \/>\t\t\t\t\t\t\t\t\t\t\t\t\t\t\t<\/div>\n\t\t\t\t<\/div>\n\t\t\t\t\t<\/div>\n\t\t<\/div>\n\t\t\t\t\t<\/div>\n\t\t<\/section>\n\t\t\t\t<section data-particle_enable=\"false\" data-particle-mobile-disabled=\"false\" class=\"elementor-section elementor-top-section elementor-element elementor-element-6c4bb3bf elementor-section-boxed elementor-section-height-default elementor-section-height-default\" data-id=\"6c4bb3bf\" data-element_type=\"section\">\n\t\t\t\t\t\t<div class=\"elementor-container elementor-column-gap-default\">\n\t\t\t\t\t<div class=\"elementor-column elementor-col-100 elementor-top-column elementor-element elementor-element-59b18a8c\" data-id=\"59b18a8c\" data-element_type=\"column\">\n\t\t\t<div class=\"elementor-widget-wrap elementor-element-populated\">\n\t\t\t\t\t\t<div class=\"elementor-element elementor-element-1e5d139c elementor-widget elementor-widget-text-editor\" data-id=\"1e5d139c\" data-element_type=\"widget\" data-widget_type=\"text-editor.default\">\n\t\t\t\t<div class=\"elementor-widget-container\">\n\t\t\t\t\t\t\t\t\t<h2>Ton nom est grav\u00e9 sur ses mains<\/h2><p style=\"text-align: center\">Es 49:16 : \u00ab Voici, je t&rsquo;ai grav\u00e9 sur mes mains. \u00bb<br \/><strong>Le nom de chacun d\u2019entre nous est grav\u00e9 sur la paume des mains de l\u2019Eternel. <\/strong><br \/><strong>Dieu sait qui tu es : il te connait et il se souvient constamment de toi ! <\/strong><\/p><p>C\u2019est ce qu\u2019a exp\u00e9riment\u00e9 Mo\u00efse lorsque Dieu lui a confi\u00e9 la t\u00e2che de r\u00e9aliser le tabernacle. Pour nous remettre dans le texte, nous pouvons relire ce r\u00e9cit dans les chapitres 25 \u00e0 31 du livre de l&rsquo;Exode. Dieu donne \u00e0 Mo\u00efse des instructions tr\u00e8s pr\u00e9cises pour r\u00e9aliser le tabernacle. Il d\u00e9crit tr\u00e8s minutieusement la forme et les dimensions de la tente d\u2019assignation et de tous les \u00e9l\u00e9ments de l\u2019ameublement. Et Mo\u00efse a d\u00fb prendre peur car il s\u2019agissait d\u2019un ouvrage bien trop difficile et trop expert pour ses propres comp\u00e9tences ! <br \/>Mais Dieu savait ! Il avait d\u00e9j\u00e0 choisi QUI pouvait le faire :<\/p><blockquote><p>\u00ab\u00a0<strong>Betsaleel<\/strong>, fils d&rsquo;Uri, fils de Hur, de la tribu de Juda. <span id=\"fr-LSG-2424\" class=\"text Exod-31-3\"><strong>Je l&rsquo;ai rempli de l&rsquo;Esprit de Dieu<\/strong>, de sagesse, d&rsquo;intelligence, et de savoir pour toutes sortes d&rsquo;ouvrages, <\/span><span id=\"fr-LSG-2425\" class=\"text Exod-31-4\"><sup class=\"versenum\">\u00a0<\/sup>je l&rsquo;ai rendu capable de faire des inventions, de travailler l&rsquo;or, l&rsquo;argent et l&rsquo;airain,<\/span><span id=\"fr-LSG-2426\" class=\"text Exod-31-5\"><sup class=\"versenum\">\u00a0<\/sup>de graver les pierres \u00e0 ench\u00e2sser, de travailler le bois, et d&rsquo;ex\u00e9cuter toutes sortes d&rsquo;ouvrages.<\/span><span id=\"fr-LSG-2427\" class=\"text Exod-31-6\"><sup class=\"versenum\">\u00a0<\/sup>Et voici, je lui ai donn\u00e9 pour aide Oholiab, fils d&rsquo;Ahisamac, de la tribu de Dan. J&rsquo;ai mis de l&rsquo;intelligence dans l&rsquo;esprit de tous ceux qui sont habiles, pour qu&rsquo;ils fassent tout ce que je t&rsquo;ai ordonn\u00e9\u00a0\u00bb Ex 31:1-6<\/span><\/p><\/blockquote><p>Les th\u00e9ologiens s&rsquo;accordent \u00e0 dire que Betsaleel a \u00e9t\u00e9 le premier pour lequel il est fait explicitement mention d&rsquo;\u00eatre rempli de l&rsquo;Esprit, un esprit de sagesse, d&rsquo;intelligence et de savoir pour toutes sortes d&rsquo;ouvrages (v3). Et cet Esprit de Dieu lui a-t-il \u00e9t\u00e9 donn\u00e9 pour \u00eatre pr\u00eatre, proph\u00e8te, directeur de louange ? Non, pour \u00eatre un artisan, un cr\u00e9ateur d&rsquo;oeuvres rafin\u00e9es, un inventeur g\u00e9nial &#8230; Tout cela\u00a0 pour la gloire de Dieu et pour le b\u00e9n\u00e9fice de son peuple.\u00a0\u00a0<span style=\"font-size: 15px\">Et Betsaleel n&rsquo;\u00e9tait pas le seul ! Dieu lui a ajout\u00e9 <strong>Oholiab<\/strong> et \u00ab\u00a0<strong>tous ceux<\/strong> qui sont habiles pour qu&rsquo;ils fassent ce que je t&rsquo;ai ordonn\u00e9\u00a0\u00bb (v6)\u00a0<\/span><\/p><p>Dieu t&rsquo;a \u00e9quip\u00e9 de fa\u00e7on surnaturelle, il veut te remplir de son Esprit pour accomplir le travail qu&rsquo;il veut te confier ! Il t&rsquo;a \u00e9quip\u00e9 de dons et de talents pour les mettre \u00e0 son service, pour sa gloire et pour le b\u00e9n\u00e9fice de la soci\u00e9t\u00e9 o\u00f9 tu es appel\u00e9 \u00e0 agir. Comment vas-tu t&rsquo;offrir comme un sacrifice vivant pour le bien de ce monde ? Est-ce en inventant de nouvelles choses ? en pilotant des projets ? en exer\u00e7ant tes dons d&rsquo;\u00e9coute, de m\u00e9diateur dans un m\u00e9tier relationnel ? en accueillant des personnes dans un restaurant, un salon de coiffure ? Tu peux continuer la liste &#8230;\u00a0<\/p><h2>J\u00e9sus aussi sait ce qu\u2019il peut te confier<\/h2><blockquote><p>Je suis le bon berger. Je connais mes brebis, et elles me connaissent. Jn 10:14\u00a0<br \/>Mes brebis entendent ma voix; je les connais, et elles me suivent. Jn 10:27<\/p><\/blockquote><p>J\u00e9sus nous connait, parce que nous sommes ses brebis et nous lui appartenons. Sa rencontre avec Zach\u00e9e dans Luc 19 en est une belle illustration. La Bible nous parle en longueur de cet homme, chef des publicains, qui cherchait \u00e0 voir\u00a0 J\u00e9sus. Mais \u00e9tant de petite taille, press\u00e9 par la foule qui entourait J\u00e9sus, il court en avant et grimpe sur un sycomore pour \u00eatre s\u00fbr de voir J\u00e9sus quand il passerait. Cach\u00e9 par le feuillage, en guet sur son perchoir, il est convaincu de voir sans \u00eatre vu !\u00a0Mais J\u00e9sus sait ! Alors quand il passe sous l&rsquo;arbre, il l\u2019interpelle par son nom : \u00abZach\u00e9e, h\u00e2te-toi de descendre ; car il faut que je demeure aujourd&rsquo;hui dans ta maison \u00bb.(Luc 19:5)\u00a0<\/p><p>Et J\u00e9sus le restaure et utilise son m\u00e9tier de collecteur d&rsquo;imp\u00f4ts, de financier pour manifester ce changement (Luc 19:8). Apr\u00e8s le passage de J\u00e9sus, Zacch\u00e9e est probablement demeur\u00e9 dans le m\u00eame m\u00e9tier\u00a0 mais, d\u00e9sormais <strong>c&rsquo;est par son m\u00e9tier qu&rsquo;il a continu\u00e9 \u00e0 glorifier Dieu et \u00e0 servir la soci\u00e9t\u00e9.\u00a0<\/strong><\/p>\t\t\t\t\t\t\t\t<\/div>\n\t\t\t\t<\/div>\n\t\t\t\t\t<\/div>\n\t\t<\/div>\n\t\t\t\t\t<\/div>\n\t\t<\/section>\n\t\t\t\t<section data-particle_enable=\"false\" data-particle-mobile-disabled=\"false\" class=\"elementor-section elementor-top-section elementor-element elementor-element-32465bd6 elementor-section-boxed elementor-section-height-default elementor-section-height-default\" data-id=\"32465bd6\" data-element_type=\"section\">\n\t\t\t\t\t\t<div class=\"elementor-container elementor-column-gap-default\">\n\t\t\t\t\t<div class=\"elementor-column elementor-col-100 elementor-top-column elementor-element elementor-element-42cea715\" data-id=\"42cea715\" data-element_type=\"column\">\n\t\t\t<div class=\"elementor-widget-wrap elementor-element-populated\">\n\t\t\t\t\t\t<div class=\"elementor-element elementor-element-2d09e5b1 elementor-widget elementor-widget-text-editor\" data-id=\"2d09e5b1\" data-element_type=\"widget\" data-widget_type=\"text-editor.default\">\n\t\t\t\t<div class=\"elementor-widget-container\">\n\t\t\t\t\t\t\t\t\t<h2>En conclusion<\/h2><p>Dans tes choix professionnels, \u00e0 tous les carrefours de ta carri\u00e8re, n\u2019oublie pas d\u2019\u00eatre \u00e0 l\u2019\u00e9coute de Dieu et de lui demander son avis car il s<span style=\"font-size: 16px\">ait ce qu\u2019il veut et aussi ce qu\u2019il peut te confier ! Garde au fond du c\u0153ur qu\u2019il te connait personnellement, il connait les dons et les comp\u00e9tences dont tu es \u00e9quip\u00e9 : c\u2019est lui qui te les a donn\u00e9s ! Et s\u2019il t\u2019appelle pour une t\u00e2che, un profil de carri\u00e8re ou une responsabilit\u00e9 particuli\u00e8re, c\u2019est parce qu\u2019il sait que cela va te permettre de t\u2019\u00e9panouir \u00e0 son service et de rayonner davantage \u00e0 sa gloire.<\/span><\/p><h4><strong>Alors, faisons-lui confiance : lorsqu\u2019il nous choisit pour remplir une mission, il ne se trompe pas ! Il nous \u00e9quipe et nous donne tout ce dont nous avons besoin pour l&rsquo;accomplir.<\/strong><\/h4>\t\t\t\t\t\t\t\t<\/div>\n\t\t\t\t<\/div>\n\t\t\t\t\t<\/div>\n\t\t<\/div>\n\t\t\t\t\t<\/div>\n\t\t<\/section>\n\t\t\t\t<section data-particle_enable=\"false\" data-particle-mobile-disabled=\"false\" class=\"elementor-section elementor-top-section elementor-element elementor-element-4a0584c7 elementor-section-boxed elementor-section-height-default elementor-section-height-default\" data-id=\"4a0584c7\" data-element_type=\"section\">\n\t\t\t\t\t\t<div class=\"elementor-container elementor-column-gap-default\">\n\t\t\t\t\t<div class=\"elementor-column elementor-col-100 elementor-top-column elementor-element elementor-element-26255d2\" data-id=\"26255d2\" data-element_type=\"column\">\n\t\t\t<div class=\"elementor-widget-wrap elementor-element-populated\">\n\t\t\t\t\t\t<div class=\"elementor-element elementor-element-596347b9 further elementor-widget elementor-widget-text-editor\" data-id=\"596347b9\" data-element_type=\"widget\" data-widget_type=\"text-editor.default\">\n\t\t\t\t<div class=\"elementor-widget-container\">\n\t\t\t\t\t\t\t\t\t<h3>QUELQUES QUESTIONS POUR ALLER PLUS LOIN :\u00a0<\/h3><ol><li>Quelle est la derni\u00e8re fois o\u00f9 tu as demand\u00e9 le conseil de Dieu pour des choix relatifs \u00e0 ta vie professionnelle ?<\/li><li>Quelles comp\u00e9tences t\u2019a-t-il donn\u00e9 afin de les mettre \u00e0 sa disposition ?<\/li><li>Comment pourraient-elles \u00eatre mieux utilis\u00e9es pour contribuer au bien de la soci\u00e9t\u00e9 et pour glorifier Dieu ?<\/li><\/ol><p><em>Esprit de Dieu, remplis-moi d&rsquo;intelligence, de sagesse et de toutes les comp\u00e9tences n\u00e9cessaires pour je puisse accomplir ce que tu attends de moi, tout comme tu l&rsquo;as fait pour Betsaleel et son \u00e9quipe\u00a0 <img decoding=\"async\" class=\"emoji\" role=\"img\" src=\"https:\/\/s.w.org\/images\/core\/emoji\/14.0.0\/svg\/1f60a.svg\" alt=\"\ud83d\ude0a\" \/><\/em><\/p><p>Et si tu as besoin d&rsquo;aide pour discerner le plan de Dieu pour toi :\u00a0<\/p><ul><li>Rejoins un groupe\u00a0 &lsquo;<a href=\"https:\/\/wp-sites.ccci.org\/c-proactif\/\/groupes\/3-parcours-disponibles\/\">Orientation Pro<\/a>&lsquo;. Et <a href=\"https:\/\/wp-sites.ccci.org\/c-proactif\/\/contact\/\">envoie-nous un message<\/a> afin que nous r\u00e9servions ta place dans le prochain parcours qui ouvrira.\u00a0<\/li><li><a href=\"https:\/\/wp-sites.ccci.org\/c-proactif\/\/coaching-individuel\/\">Contacte l&rsquo;un de nos coaches partenaires<\/a>. Tu trouveras aurp\u00e8s d&rsquo;eux\u00a0 l&rsquo;accompagnement personnalis\u00e9 dont tu peux avoir besoin\u00a0<\/li><\/ul>\t\t\t\t\t\t\t\t<\/div>\n\t\t\t\t<\/div>\n\t\t\t\t\t<\/div>\n\t\t<\/div>\n\t\t\t\t\t<\/div>\n\t\t<\/section>\n\t\t\t\t<\/div>\n\t\t","protected":false},"excerpt":{"rendered":"<p>Connais-tu le projet de Dieu pour ta vie professionnelle ? Car il en a un ! Un projet qui va te permettre d&rsquo;\u00eatre pleinement \u00e9panoui mais aussi de servir la [&hellip;]<\/p>\n","protected":false},"author":14333,"featured_media":13592,"comment_status":"closed","ping_status":"open","sticky":false,"template":"","format":"quote","meta":{"site-sidebar-layout":"default","site-content-layout":"default","ast-site-content-layout":"default","site-content-style":"default","site-sidebar-style":"default","ast-global-header-display":"","ast-banner-title-visibility":"","ast-main-header-display":"","ast-hfb-above-header-display":"","ast-hfb-below-header-display":"","ast-hfb-mobile-header-display":"","site-post-title":"","ast-breadcrumbs-content":"","ast-featured-img":"","footer-sml-layout":"","ast-disable-related-posts":"","theme-transparent-header-meta":"default","adv-header-id-meta":"","stick-header-meta":"","header-above-stick-meta":"","header-main-stick-meta":"","header-below-stick-meta":"","astra-migrate-meta-layouts":"set","ast-page-background-enabled":"default","ast-page-background-meta":{"desktop":{"background-color":"","background-image":"","background-repeat":"repeat","background-position":"center center","background-size":"auto","background-attachment":"scroll","background-type":"","background-media":"","overlay-type":"","overlay-color":"","overlay-opacity":"","overlay-gradient":""},"tablet":{"background-color":"","background-image":"","background-repeat":"repeat","background-position":"center center","background-size":"auto","background-attachment":"scroll","background-type":"","background-media":"","overlay-type":"","overlay-color":"","overlay-opacity":"","overlay-gradient":""},"mobile":{"background-color":"","background-image":"","background-repeat":"repeat","background-position":"center center","background-size":"auto","background-attachment":"scroll","background-type":"","background-media":"","overlay-type":"","overlay-color":"","overlay-opacity":"","overlay-gradient":""}},"ast-content-background-meta":{"desktop":{"background-color":"var(--ast-global-color-5)","background-image":"","background-repeat":"repeat","background-position":"center center","background-size":"auto","background-attachment":"scroll","background-type":"","background-media":"","overlay-type":"","overlay-color":"","overlay-opacity":"","overlay-gradient":""},"tablet":{"background-color":"var(--ast-global-color-5)","background-image":"","background-repeat":"repeat","background-position":"center center","background-size":"auto","background-attachment":"scroll","background-type":"","background-media":"","overlay-type":"","overlay-color":"","overlay-opacity":"","overlay-gradient":""},"mobile":{"background-color":"var(--ast-global-color-5)","background-image":"","background-repeat":"repeat","background-position":"center center","background-size":"auto","background-attachment":"scroll","background-type":"","background-media":"","overlay-type":"","overlay-color":"","overlay-opacity":"","overlay-gradient":""}},"footnotes":""},"categories":[9],"tags":[],"class_list":["post-13576","post","type-post","status-publish","format-quote","has-post-thumbnail","hentry","category-penser-mon-travail","post_format-post-format-quote"],"yoast_head":"<!-- This site is optimized with the Yoast SEO plugin v26.7 - https:\/\/yoast.com\/wordpress\/plugins\/seo\/ -->\n<title>Dieu sait quelles responsabilit\u00e9s professionnelles il veut te confier - C-PROACTIF<\/title>\n<meta name=\"description\" content=\"Dieu a un projet pour notre vie de travail. Il sait ce qu&#039;il peut nous confier. Entre dans ses plans : ce sont les meilleurs pour toi !\" \/>\n<meta name=\"robots\" content=\"noindex, follow, max-snippet:-1, max-image-preview:large, max-video-preview:-1\" \/>\n<meta property=\"og:locale\" content=\"fr_FR\" \/>\n<meta property=\"og:type\" content=\"article\" \/>\n<meta property=\"og:title\" content=\"Dieu sait quelles responsabilit\u00e9s professionnelles il veut te confier - C-PROACTIF\" \/>\n<meta property=\"og:description\" content=\"Dieu a un projet pour notre vie de travail. Il sait ce qu&#039;il peut nous confier. Entre dans ses plans : ce sont les meilleurs pour toi !\" \/>\n<meta property=\"og:url\" content=\"https:\/\/wp-sites.ccci.org\/c-proactif\/projet-dieu-travail\/\" \/>\n<meta property=\"og:site_name\" content=\"C-PROACTIF\" \/>\n<meta property=\"article:published_time\" content=\"2023-05-11T16:13:41+00:00\" \/>\n<meta property=\"article:modified_time\" content=\"2023-12-22T11:40:31+00:00\" \/>\n<meta property=\"og:image\" content=\"https:\/\/wp-sites.ccci.org\/c-proactif\/wp-content\/uploads\/sites\/393\/2023\/05\/question-mark-3245622_1920.jpg\" \/>\n\t<meta property=\"og:image:width\" content=\"1920\" \/>\n\t<meta property=\"og:image:height\" content=\"1920\" \/>\n\t<meta property=\"og:image:type\" content=\"image\/jpeg\" \/>\n<meta name=\"author\" content=\"Anne-Marie HUSSON\" \/>\n<meta name=\"twitter:card\" content=\"summary_large_image\" \/>\n<meta name=\"twitter:label1\" content=\"\u00c9crit par\" \/>\n\t<meta name=\"twitter:data1\" content=\"Anne-Marie HUSSON\" \/>\n\t<meta name=\"twitter:label2\" content=\"Dur\u00e9e de lecture estim\u00e9e\" \/>\n\t<meta name=\"twitter:data2\" content=\"6 minutes\" \/>\n<script type=\"application\/ld+json\" class=\"yoast-schema-graph\">{\"@context\":\"https:\/\/schema.org\",\"@graph\":[{\"@type\":\"Article\",\"@id\":\"https:\/\/wp-sites.ccci.org\/c-proactif\/projet-dieu-travail\/#article\",\"isPartOf\":{\"@id\":\"https:\/\/wp-sites.ccci.org\/c-proactif\/projet-dieu-travail\/\"},\"author\":{\"name\":\"Anne-Marie HUSSON\",\"@id\":\"https:\/\/wp-sites.ccci.org\/c-proactif\/#\/schema\/person\/31baa806e67e95311c4c17fad287a4d2\"},\"headline\":\"Dieu sait quelles responsabilit\u00e9s professionnelles il veut te confier\",\"datePublished\":\"2023-05-11T16:13:41+00:00\",\"dateModified\":\"2023-12-22T11:40:31+00:00\",\"mainEntityOfPage\":{\"@id\":\"https:\/\/wp-sites.ccci.org\/c-proactif\/projet-dieu-travail\/\"},\"wordCount\":1250,\"publisher\":{\"@id\":\"https:\/\/wp-sites.ccci.org\/c-proactif\/#organization\"},\"image\":{\"@id\":\"https:\/\/wp-sites.ccci.org\/c-proactif\/projet-dieu-travail\/#primaryimage\"},\"thumbnailUrl\":\"https:\/\/wp-sites.ccci.org\/c-proactif\/wp-content\/uploads\/sites\/393\/2023\/05\/question-mark-3245622_1920.jpg\",\"articleSection\":[\"Penser mon travail\"],\"inLanguage\":\"fr-FR\"},{\"@type\":\"WebPage\",\"@id\":\"https:\/\/wp-sites.ccci.org\/c-proactif\/projet-dieu-travail\/\",\"url\":\"https:\/\/wp-sites.ccci.org\/c-proactif\/projet-dieu-travail\/\",\"name\":\"Dieu sait quelles responsabilit\u00e9s professionnelles il veut te confier - C-PROACTIF\",\"isPartOf\":{\"@id\":\"https:\/\/wp-sites.ccci.org\/c-proactif\/#website\"},\"primaryImageOfPage\":{\"@id\":\"https:\/\/wp-sites.ccci.org\/c-proactif\/projet-dieu-travail\/#primaryimage\"},\"image\":{\"@id\":\"https:\/\/wp-sites.ccci.org\/c-proactif\/projet-dieu-travail\/#primaryimage\"},\"thumbnailUrl\":\"https:\/\/wp-sites.ccci.org\/c-proactif\/wp-content\/uploads\/sites\/393\/2023\/05\/question-mark-3245622_1920.jpg\",\"datePublished\":\"2023-05-11T16:13:41+00:00\",\"dateModified\":\"2023-12-22T11:40:31+00:00\",\"description\":\"Dieu a un projet pour notre vie de travail. Il sait ce qu'il peut nous confier. Entre dans ses plans : ce sont les meilleurs pour toi !\",\"breadcrumb\":{\"@id\":\"https:\/\/wp-sites.ccci.org\/c-proactif\/projet-dieu-travail\/#breadcrumb\"},\"inLanguage\":\"fr-FR\",\"potentialAction\":[{\"@type\":\"ReadAction\",\"target\":[\"https:\/\/wp-sites.ccci.org\/c-proactif\/projet-dieu-travail\/\"]}]},{\"@type\":\"ImageObject\",\"inLanguage\":\"fr-FR\",\"@id\":\"https:\/\/wp-sites.ccci.org\/c-proactif\/projet-dieu-travail\/#primaryimage\",\"url\":\"https:\/\/wp-sites.ccci.org\/c-proactif\/wp-content\/uploads\/sites\/393\/2023\/05\/question-mark-3245622_1920.jpg\",\"contentUrl\":\"https:\/\/wp-sites.ccci.org\/c-proactif\/wp-content\/uploads\/sites\/393\/2023\/05\/question-mark-3245622_1920.jpg\",\"width\":1920,\"height\":1920,\"caption\":\"homme qui se questionne\"},{\"@type\":\"BreadcrumbList\",\"@id\":\"https:\/\/wp-sites.ccci.org\/c-proactif\/projet-dieu-travail\/#breadcrumb\",\"itemListElement\":[{\"@type\":\"ListItem\",\"position\":1,\"name\":\"Accueil\",\"item\":\"https:\/\/wp-sites.ccci.org\/c-proactif\/\"},{\"@type\":\"ListItem\",\"position\":2,\"name\":\"Penser mon travail\",\"item\":\"https:\/\/wp-sites.ccci.org\/c-proactif\/theme\/penser-mon-travail\/\"},{\"@type\":\"ListItem\",\"position\":3,\"name\":\"Dieu sait quelles responsabilit\u00e9s professionnelles il veut te confier\"}]},{\"@type\":\"WebSite\",\"@id\":\"https:\/\/wp-sites.ccci.org\/c-proactif\/#website\",\"url\":\"https:\/\/wp-sites.ccci.org\/c-proactif\/\",\"name\":\"C-PROACTIF\",\"description\":\"R\u00e9seau professionnel chr\u00e9tien\",\"publisher\":{\"@id\":\"https:\/\/wp-sites.ccci.org\/c-proactif\/#organization\"},\"potentialAction\":[{\"@type\":\"SearchAction\",\"target\":{\"@type\":\"EntryPoint\",\"urlTemplate\":\"https:\/\/wp-sites.ccci.org\/c-proactif\/?s={search_term_string}\"},\"query-input\":{\"@type\":\"PropertyValueSpecification\",\"valueRequired\":true,\"valueName\":\"search_term_string\"}}],\"inLanguage\":\"fr-FR\"},{\"@type\":\"Organization\",\"@id\":\"https:\/\/wp-sites.ccci.org\/c-proactif\/#organization\",\"name\":\"C-PROACTIF\",\"url\":\"https:\/\/wp-sites.ccci.org\/c-proactif\/\",\"logo\":{\"@type\":\"ImageObject\",\"inLanguage\":\"fr-FR\",\"@id\":\"https:\/\/wp-sites.ccci.org\/c-proactif\/#\/schema\/logo\/image\/\",\"url\":\"https:\/\/wp-sites.ccci.org\/c-proactif\/wp-content\/uploads\/sites\/393\/2021\/05\/logo-baseline-blanc-300.png\",\"contentUrl\":\"https:\/\/wp-sites.ccci.org\/c-proactif\/wp-content\/uploads\/sites\/393\/2021\/05\/logo-baseline-blanc-300.png\",\"width\":300,\"height\":113,\"caption\":\"C-PROACTIF\"},\"image\":{\"@id\":\"https:\/\/wp-sites.ccci.org\/c-proactif\/#\/schema\/logo\/image\/\"}},{\"@type\":\"Person\",\"@id\":\"https:\/\/wp-sites.ccci.org\/c-proactif\/#\/schema\/person\/31baa806e67e95311c4c17fad287a4d2\",\"name\":\"Anne-Marie HUSSON\",\"image\":{\"@type\":\"ImageObject\",\"inLanguage\":\"fr-FR\",\"@id\":\"https:\/\/wp-sites.ccci.org\/c-proactif\/#\/schema\/person\/image\/\",\"url\":\"https:\/\/secure.gravatar.com\/avatar\/8610b2dea99ccb68a80717332fcf6000967063200f783c057fb3812ac2517470?s=96&d=mm&r=g\",\"contentUrl\":\"https:\/\/secure.gravatar.com\/avatar\/8610b2dea99ccb68a80717332fcf6000967063200f783c057fb3812ac2517470?s=96&d=mm&r=g\",\"caption\":\"Anne-Marie HUSSON\"},\"description\":\"D\u00e9l\u00e9gu\u00e9e fran\u00e7aise au Forum Mondial du travail du Comit\u00e9 de Lausanne. Consultante ind\u00e9pendante en strat\u00e9gie et innovation de la formation professionnelle. 22 ans de minist\u00e8re au sein d\u2019AGAPE FRANCE, Chef de projet e-learning au sein de diverses institutions (CCI et Universit\u00e9)\"}]}<\/script>\n<!-- \/ Yoast SEO plugin. -->","yoast_head_json":{"title":"Dieu sait quelles responsabilit\u00e9s professionnelles il veut te confier - C-PROACTIF","description":"Dieu a un projet pour notre vie de travail. Il sait ce qu'il peut nous confier. Entre dans ses plans : ce sont les meilleurs pour toi !","robots":{"index":"noindex","follow":"follow","max-snippet":"max-snippet:-1","max-image-preview":"max-image-preview:large","max-video-preview":"max-video-preview:-1"},"og_locale":"fr_FR","og_type":"article","og_title":"Dieu sait quelles responsabilit\u00e9s professionnelles il veut te confier - C-PROACTIF","og_description":"Dieu a un projet pour notre vie de travail. Il sait ce qu'il peut nous confier. Entre dans ses plans : ce sont les meilleurs pour toi !","og_url":"https:\/\/wp-sites.ccci.org\/c-proactif\/projet-dieu-travail\/","og_site_name":"C-PROACTIF","article_published_time":"2023-05-11T16:13:41+00:00","article_modified_time":"2023-12-22T11:40:31+00:00","og_image":[{"width":1920,"height":1920,"url":"https:\/\/wp-sites.ccci.org\/c-proactif\/wp-content\/uploads\/sites\/393\/2023\/05\/question-mark-3245622_1920.jpg","type":"image\/jpeg"}],"author":"Anne-Marie HUSSON","twitter_card":"summary_large_image","twitter_misc":{"\u00c9crit par":"Anne-Marie HUSSON","Dur\u00e9e de lecture estim\u00e9e":"6 minutes"},"schema":{"@context":"https:\/\/schema.org","@graph":[{"@type":"Article","@id":"https:\/\/wp-sites.ccci.org\/c-proactif\/projet-dieu-travail\/#article","isPartOf":{"@id":"https:\/\/wp-sites.ccci.org\/c-proactif\/projet-dieu-travail\/"},"author":{"name":"Anne-Marie HUSSON","@id":"https:\/\/wp-sites.ccci.org\/c-proactif\/#\/schema\/person\/31baa806e67e95311c4c17fad287a4d2"},"headline":"Dieu sait quelles responsabilit\u00e9s professionnelles il veut te confier","datePublished":"2023-05-11T16:13:41+00:00","dateModified":"2023-12-22T11:40:31+00:00","mainEntityOfPage":{"@id":"https:\/\/wp-sites.ccci.org\/c-proactif\/projet-dieu-travail\/"},"wordCount":1250,"publisher":{"@id":"https:\/\/wp-sites.ccci.org\/c-proactif\/#organization"},"image":{"@id":"https:\/\/wp-sites.ccci.org\/c-proactif\/projet-dieu-travail\/#primaryimage"},"thumbnailUrl":"https:\/\/wp-sites.ccci.org\/c-proactif\/wp-content\/uploads\/sites\/393\/2023\/05\/question-mark-3245622_1920.jpg","articleSection":["Penser mon travail"],"inLanguage":"fr-FR"},{"@type":"WebPage","@id":"https:\/\/wp-sites.ccci.org\/c-proactif\/projet-dieu-travail\/","url":"https:\/\/wp-sites.ccci.org\/c-proactif\/projet-dieu-travail\/","name":"Dieu sait quelles responsabilit\u00e9s professionnelles il veut te confier - C-PROACTIF","isPartOf":{"@id":"https:\/\/wp-sites.ccci.org\/c-proactif\/#website"},"primaryImageOfPage":{"@id":"https:\/\/wp-sites.ccci.org\/c-proactif\/projet-dieu-travail\/#primaryimage"},"image":{"@id":"https:\/\/wp-sites.ccci.org\/c-proactif\/projet-dieu-travail\/#primaryimage"},"thumbnailUrl":"https:\/\/wp-sites.ccci.org\/c-proactif\/wp-content\/uploads\/sites\/393\/2023\/05\/question-mark-3245622_1920.jpg","datePublished":"2023-05-11T16:13:41+00:00","dateModified":"2023-12-22T11:40:31+00:00","description":"Dieu a un projet pour notre vie de travail. Il sait ce qu'il peut nous confier. Entre dans ses plans : ce sont les meilleurs pour toi !","breadcrumb":{"@id":"https:\/\/wp-sites.ccci.org\/c-proactif\/projet-dieu-travail\/#breadcrumb"},"inLanguage":"fr-FR","potentialAction":[{"@type":"ReadAction","target":["https:\/\/wp-sites.ccci.org\/c-proactif\/projet-dieu-travail\/"]}]},{"@type":"ImageObject","inLanguage":"fr-FR","@id":"https:\/\/wp-sites.ccci.org\/c-proactif\/projet-dieu-travail\/#primaryimage","url":"https:\/\/wp-sites.ccci.org\/c-proactif\/wp-content\/uploads\/sites\/393\/2023\/05\/question-mark-3245622_1920.jpg","contentUrl":"https:\/\/wp-sites.ccci.org\/c-proactif\/wp-content\/uploads\/sites\/393\/2023\/05\/question-mark-3245622_1920.jpg","width":1920,"height":1920,"caption":"homme qui se questionne"},{"@type":"BreadcrumbList","@id":"https:\/\/wp-sites.ccci.org\/c-proactif\/projet-dieu-travail\/#breadcrumb","itemListElement":[{"@type":"ListItem","position":1,"name":"Accueil","item":"https:\/\/wp-sites.ccci.org\/c-proactif\/"},{"@type":"ListItem","position":2,"name":"Penser mon travail","item":"https:\/\/wp-sites.ccci.org\/c-proactif\/theme\/penser-mon-travail\/"},{"@type":"ListItem","position":3,"name":"Dieu sait quelles responsabilit\u00e9s professionnelles il veut te confier"}]},{"@type":"WebSite","@id":"https:\/\/wp-sites.ccci.org\/c-proactif\/#website","url":"https:\/\/wp-sites.ccci.org\/c-proactif\/","name":"C-PROACTIF","description":"R\u00e9seau professionnel chr\u00e9tien","publisher":{"@id":"https:\/\/wp-sites.ccci.org\/c-proactif\/#organization"},"potentialAction":[{"@type":"SearchAction","target":{"@type":"EntryPoint","urlTemplate":"https:\/\/wp-sites.ccci.org\/c-proactif\/?s={search_term_string}"},"query-input":{"@type":"PropertyValueSpecification","valueRequired":true,"valueName":"search_term_string"}}],"inLanguage":"fr-FR"},{"@type":"Organization","@id":"https:\/\/wp-sites.ccci.org\/c-proactif\/#organization","name":"C-PROACTIF","url":"https:\/\/wp-sites.ccci.org\/c-proactif\/","logo":{"@type":"ImageObject","inLanguage":"fr-FR","@id":"https:\/\/wp-sites.ccci.org\/c-proactif\/#\/schema\/logo\/image\/","url":"https:\/\/wp-sites.ccci.org\/c-proactif\/wp-content\/uploads\/sites\/393\/2021\/05\/logo-baseline-blanc-300.png","contentUrl":"https:\/\/wp-sites.ccci.org\/c-proactif\/wp-content\/uploads\/sites\/393\/2021\/05\/logo-baseline-blanc-300.png","width":300,"height":113,"caption":"C-PROACTIF"},"image":{"@id":"https:\/\/wp-sites.ccci.org\/c-proactif\/#\/schema\/logo\/image\/"}},{"@type":"Person","@id":"https:\/\/wp-sites.ccci.org\/c-proactif\/#\/schema\/person\/31baa806e67e95311c4c17fad287a4d2","name":"Anne-Marie HUSSON","image":{"@type":"ImageObject","inLanguage":"fr-FR","@id":"https:\/\/wp-sites.ccci.org\/c-proactif\/#\/schema\/person\/image\/","url":"https:\/\/secure.gravatar.com\/avatar\/8610b2dea99ccb68a80717332fcf6000967063200f783c057fb3812ac2517470?s=96&d=mm&r=g","contentUrl":"https:\/\/secure.gravatar.com\/avatar\/8610b2dea99ccb68a80717332fcf6000967063200f783c057fb3812ac2517470?s=96&d=mm&r=g","caption":"Anne-Marie HUSSON"},"description":"D\u00e9l\u00e9gu\u00e9e fran\u00e7aise au Forum Mondial du travail du Comit\u00e9 de Lausanne. Consultante ind\u00e9pendante en strat\u00e9gie et innovation de la formation professionnelle. 22 ans de minist\u00e8re au sein d\u2019AGAPE FRANCE, Chef de projet e-learning au sein de diverses institutions (CCI et Universit\u00e9)"}]}},"jetpack_featured_media_url":"https:\/\/wp-sites.ccci.org\/c-proactif\/wp-content\/uploads\/sites\/393\/2023\/05\/question-mark-3245622_1920.jpg","meta_box":[],"_links":{"self":[{"href":"https:\/\/wp-sites.ccci.org\/c-proactif\/wp-json\/wp\/v2\/posts\/13576","targetHints":{"allow":["GET"]}}],"collection":[{"href":"https:\/\/wp-sites.ccci.org\/c-proactif\/wp-json\/wp\/v2\/posts"}],"about":[{"href":"https:\/\/wp-sites.ccci.org\/c-proactif\/wp-json\/wp\/v2\/types\/post"}],"author":[{"embeddable":true,"href":"https:\/\/wp-sites.ccci.org\/c-proactif\/wp-json\/wp\/v2\/users\/14333"}],"replies":[{"embeddable":true,"href":"https:\/\/wp-sites.ccci.org\/c-proactif\/wp-json\/wp\/v2\/comments?post=13576"}],"version-history":[{"count":25,"href":"https:\/\/wp-sites.ccci.org\/c-proactif\/wp-json\/wp\/v2\/posts\/13576\/revisions"}],"predecessor-version":[{"id":14840,"href":"https:\/\/wp-sites.ccci.org\/c-proactif\/wp-json\/wp\/v2\/posts\/13576\/revisions\/14840"}],"wp:featuredmedia":[{"embeddable":true,"href":"https:\/\/wp-sites.ccci.org\/c-proactif\/wp-json\/wp\/v2\/media\/13592"}],"wp:attachment":[{"href":"https:\/\/wp-sites.ccci.org\/c-proactif\/wp-json\/wp\/v2\/media?parent=13576"}],"wp:term":[{"taxonomy":"category","embeddable":true,"href":"https:\/\/wp-sites.ccci.org\/c-proactif\/wp-json\/wp\/v2\/categories?post=13576"},{"taxonomy":"post_tag","embeddable":true,"href":"https:\/\/wp-sites.ccci.org\/c-proactif\/wp-json\/wp\/v2\/tags?post=13576"}],"curies":[{"name":"wp","href":"https:\/\/api.w.org\/{rel}","templated":true}]}}