{"id":14792,"date":"2023-12-17T09:05:21","date_gmt":"2023-12-17T08:05:21","guid":{"rendered":"https:\/\/c-proactif.org\/?page_id=14792"},"modified":"2023-12-22T13:41:43","modified_gmt":"2023-12-22T12:41:43","slug":"ess","status":"publish","type":"post","link":"https:\/\/wp-sites.ccci.org\/c-proactif\/ess\/","title":{"rendered":"ESS, une fa\u00e7on chr\u00e9tienne de faire des affaires ?"},"content":{"rendered":"\t\t<div data-elementor-type=\"wp-page\" data-elementor-id=\"14792\" class=\"elementor elementor-14792\" data-elementor-post-type=\"post\">\n\t\t\t\t\t\t<section data-particle_enable=\"false\" data-particle-mobile-disabled=\"false\" class=\"elementor-section elementor-top-section elementor-element elementor-element-96254f9 elementor-section-boxed elementor-section-height-default elementor-section-height-default\" data-id=\"96254f9\" data-element_type=\"section\">\n\t\t\t\t\t\t<div class=\"elementor-container elementor-column-gap-default\">\n\t\t\t\t\t<div class=\"elementor-column elementor-col-100 elementor-top-column elementor-element elementor-element-4337449\" data-id=\"4337449\" data-element_type=\"column\">\n\t\t\t<div class=\"elementor-widget-wrap elementor-element-populated\">\n\t\t\t\t\t\t<div class=\"elementor-element elementor-element-5fc282f elementor-widget elementor-widget-text-editor\" data-id=\"5fc282f\" data-element_type=\"widget\" data-widget_type=\"text-editor.default\">\n\t\t\t\t<div class=\"elementor-widget-container\">\n\t\t\t\t\t\t\t\t\t<h3><strong>Par\u00e9e de beaucoup de vertus pour certains ou consid\u00e9r\u00e9e comme une douce utopie pour d\u2019autres, qu\u2019en connaissons-nous vraiment ?\u00a0<\/strong><\/h3>\t\t\t\t\t\t\t\t<\/div>\n\t\t\t\t<\/div>\n\t\t\t\t\t<\/div>\n\t\t<\/div>\n\t\t\t\t\t<\/div>\n\t\t<\/section>\n\t\t\t\t<section data-particle_enable=\"false\" data-particle-mobile-disabled=\"false\" class=\"elementor-section elementor-top-section elementor-element elementor-element-bb9429e elementor-section-boxed elementor-section-height-default elementor-section-height-default\" data-id=\"bb9429e\" data-element_type=\"section\">\n\t\t\t\t\t\t<div class=\"elementor-container elementor-column-gap-default\">\n\t\t\t\t\t<div class=\"elementor-column elementor-col-100 elementor-top-column elementor-element elementor-element-20b189f\" data-id=\"20b189f\" data-element_type=\"column\">\n\t\t\t<div class=\"elementor-widget-wrap elementor-element-populated\">\n\t\t\t\t\t\t<div class=\"elementor-element elementor-element-19a0d44 elementor-widget elementor-widget-image\" data-id=\"19a0d44\" data-element_type=\"widget\" data-widget_type=\"image.default\">\n\t\t\t\t<div class=\"elementor-widget-container\">\n\t\t\t\t\t\t\t\t\t\t\t\t\t\t\t\t<a href=\"https:\/\/youtu.be\/6fR4_sRnS7g\" target=\"_blank\">\n\t\t\t\t\t\t\t<img fetchpriority=\"high\" decoding=\"async\" width=\"1200\" height=\"675\" src=\"https:\/\/wp-sites.ccci.org\/c-proactif\/wp-content\/uploads\/sites\/393\/2023\/12\/visuel-ESS.jpg\" class=\"attachment-full size-full wp-image-14794\" alt=\"\" srcset=\"https:\/\/wp-sites.ccci.org\/c-proactif\/wp-content\/uploads\/sites\/393\/2023\/12\/visuel-ESS.jpg 1280w, https:\/\/wp-sites.ccci.org\/c-proactif\/wp-content\/uploads\/sites\/393\/2023\/12\/visuel-ESS.jpg?resize=300,169 300w, https:\/\/wp-sites.ccci.org\/c-proactif\/wp-content\/uploads\/sites\/393\/2023\/12\/visuel-ESS.jpg?resize=768,432 768w, https:\/\/wp-sites.ccci.org\/c-proactif\/wp-content\/uploads\/sites\/393\/2023\/12\/visuel-ESS.jpg?resize=1024,576 1024w\" sizes=\"(max-width: 1200px) 100vw, 1200px\" \/>\t\t\t\t\t\t\t\t<\/a>\n\t\t\t\t\t\t\t\t\t\t\t\t\t\t\t<\/div>\n\t\t\t\t<\/div>\n\t\t\t\t\t<\/div>\n\t\t<\/div>\n\t\t\t\t\t<\/div>\n\t\t<\/section>\n\t\t\t\t<section data-particle_enable=\"false\" data-particle-mobile-disabled=\"false\" class=\"elementor-section elementor-top-section elementor-element elementor-element-d479aa3 elementor-section-boxed elementor-section-height-default elementor-section-height-default\" data-id=\"d479aa3\" data-element_type=\"section\">\n\t\t\t\t\t\t<div class=\"elementor-container elementor-column-gap-default\">\n\t\t\t\t\t<div class=\"elementor-column elementor-col-66 elementor-top-column elementor-element elementor-element-a4111b9\" data-id=\"a4111b9\" data-element_type=\"column\">\n\t\t\t<div class=\"elementor-widget-wrap elementor-element-populated\">\n\t\t\t\t\t\t<div class=\"elementor-element elementor-element-88061f2 elementor-widget elementor-widget-text-editor\" data-id=\"88061f2\" data-element_type=\"widget\" data-widget_type=\"text-editor.default\">\n\t\t\t\t<div class=\"elementor-widget-container\">\n\t\t\t\t\t\t\t\t\t<p>Durant cette conf\u00e9rence, nous avons poursuivi notre analyse de pratiques professionnelles \u00e0 la lumi\u00e8re de notre engagement comme ambassadeurs de Christ dans le monde du travail\u00a0<\/p><ul><li>D\u2019o\u00f9 provient l&rsquo;\u00c9conomie Sociale\u00a0 et\u00a0 Solidaire ? Qu\u2019est-ce qui la d\u00e9finit ?\u00a0<\/li><li>Que v\u00e9hicule-t-elle en termes de valeurs ? Quel type de soci\u00e9t\u00e9 mod\u00e9lise-t-elle ?\u00a0<\/li><li>Et pour nous chr\u00e9tiens, respecte-t-elle mieux que d\u2019autres types d\u2019\u00e9conomie, notre mandat de g\u00e9rance de la Cr\u00e9ation ?\u00a0 \u00a0<\/li><\/ul><p><b>Nos \u00e9changes furent denses et tr\u00e8s riches ! Beaucoup ont \u00e9volu\u00e9 durant ce temps d&rsquo;\u00e9change sur leur perception de l&rsquo;ESS&#8230; jusqu&rsquo;\u00e0 regretter que ce type d&rsquo;engagement entrepreneurial soit si peu connu et pratiqu\u00e9 dans nos cercles chr\u00e9tiens !\u00a0 Il n&rsquo;est sans doute pas trop tard<\/b><span style=\"font-weight: bold; font-size: 16px; font-style: normal;\">\u00a0<\/span><span style=\"font-weight: bold; font-size: 16px;\">\u00a0!!\u00a0<\/span><\/p>\t\t\t\t\t\t\t\t<\/div>\n\t\t\t\t<\/div>\n\t\t\t\t\t<\/div>\n\t\t<\/div>\n\t\t\t\t<div class=\"elementor-column elementor-col-33 elementor-top-column elementor-element elementor-element-2fc020b\" data-id=\"2fc020b\" data-element_type=\"column\">\n\t\t\t<div class=\"elementor-widget-wrap elementor-element-populated\">\n\t\t\t\t\t\t<section data-particle_enable=\"false\" data-particle-mobile-disabled=\"false\" class=\"elementor-section elementor-inner-section elementor-element elementor-element-3b8a23f elementor-section-boxed elementor-section-height-default elementor-section-height-default\" data-id=\"3b8a23f\" data-element_type=\"section\">\n\t\t\t\t\t\t<div class=\"elementor-container elementor-column-gap-default\">\n\t\t\t\t\t<div class=\"elementor-column elementor-col-100 elementor-inner-column elementor-element elementor-element-fef6ed9\" data-id=\"fef6ed9\" data-element_type=\"column\">\n\t\t\t<div class=\"elementor-widget-wrap elementor-element-populated\">\n\t\t\t\t\t\t<div class=\"elementor-element elementor-element-be43247 elementor-widget elementor-widget-text-editor\" data-id=\"be43247\" data-element_type=\"widget\" data-widget_type=\"text-editor.default\">\n\t\t\t\t<div class=\"elementor-widget-container\">\n\t\t\t\t\t\t\t\t\t<h3 style=\"text-align: center\"><strong><span style=\"color: #ff6600\">Le replay de la conf\u00e9rence, et ses supports sont accessibles gratuitement\u00a0<\/span><\/strong><\/h3><div><strong>\u00a0<\/strong><\/div>\t\t\t\t\t\t\t\t<\/div>\n\t\t\t\t<\/div>\n\t\t\t\t\t<\/div>\n\t\t<\/div>\n\t\t\t\t\t<\/div>\n\t\t<\/section>\n\t\t\t\t<section data-particle_enable=\"false\" data-particle-mobile-disabled=\"false\" class=\"elementor-section elementor-inner-section elementor-element elementor-element-a804b91 elementor-section-boxed elementor-section-height-default elementor-section-height-default\" data-id=\"a804b91\" data-element_type=\"section\">\n\t\t\t\t\t\t<div class=\"elementor-container elementor-column-gap-default\">\n\t\t\t\t\t<div class=\"elementor-column elementor-col-100 elementor-inner-column elementor-element elementor-element-a51ec14\" data-id=\"a51ec14\" data-element_type=\"column\">\n\t\t\t<div class=\"elementor-widget-wrap elementor-element-populated\">\n\t\t\t\t\t\t<div class=\"elementor-element elementor-element-816c3af elementor-align-center elementor-widget elementor-widget-button\" data-id=\"816c3af\" data-element_type=\"widget\" data-widget_type=\"button.default\">\n\t\t\t\t<div class=\"elementor-widget-container\">\n\t\t\t\t\t\t\t\t\t<div class=\"elementor-button-wrapper\">\n\t\t\t\t\t<a class=\"elementor-button elementor-button-link elementor-size-sm\" href=\"https:\/\/youtu.be\/A3WK8NkfbqE\" target=\"_blank\">\n\t\t\t\t\t\t<span class=\"elementor-button-content-wrapper\">\n\t\t\t\t\t\t\t\t\t<span class=\"elementor-button-text\">VOIR LE REPLAY <\/span>\n\t\t\t\t\t<\/span>\n\t\t\t\t\t<\/a>\n\t\t\t\t<\/div>\n\t\t\t\t\t\t\t\t<\/div>\n\t\t\t\t<\/div>\n\t\t\t\t\t<\/div>\n\t\t<\/div>\n\t\t\t\t\t<\/div>\n\t\t<\/section>\n\t\t\t\t<section data-particle_enable=\"false\" data-particle-mobile-disabled=\"false\" class=\"elementor-section elementor-inner-section elementor-element elementor-element-428abef elementor-section-boxed elementor-section-height-default elementor-section-height-default\" data-id=\"428abef\" data-element_type=\"section\">\n\t\t\t\t\t\t<div class=\"elementor-container elementor-column-gap-default\">\n\t\t\t\t\t<div class=\"elementor-column elementor-col-100 elementor-inner-column elementor-element elementor-element-e7189db\" data-id=\"e7189db\" data-element_type=\"column\">\n\t\t\t<div class=\"elementor-widget-wrap elementor-element-populated\">\n\t\t\t\t\t\t<div class=\"elementor-element elementor-element-6cde324 elementor-align-center elementor-widget elementor-widget-button\" data-id=\"6cde324\" data-element_type=\"widget\" data-widget_type=\"button.default\">\n\t\t\t\t<div class=\"elementor-widget-container\">\n\t\t\t\t\t\t\t\t\t<div class=\"elementor-button-wrapper\">\n\t\t\t\t\t<a class=\"elementor-button elementor-button-link elementor-size-sm\" href=\"https:\/\/wp-sites.ccci.org\/c-proactif\/\/wp-content\/uploads\/sites\/393\/2023\/12\/WEB-CONF2-ESS.pdf\" target=\"_blank\">\n\t\t\t\t\t\t<span class=\"elementor-button-content-wrapper\">\n\t\t\t\t\t\t\t\t\t<span class=\"elementor-button-text\">PDF DE LA CONFERENCE <\/span>\n\t\t\t\t\t<\/span>\n\t\t\t\t\t<\/a>\n\t\t\t\t<\/div>\n\t\t\t\t\t\t\t\t<\/div>\n\t\t\t\t<\/div>\n\t\t\t\t\t<\/div>\n\t\t<\/div>\n\t\t\t\t\t<\/div>\n\t\t<\/section>\n\t\t\t\t\t<\/div>\n\t\t<\/div>\n\t\t\t\t\t<\/div>\n\t\t<\/section>\n\t\t\t\t<section data-particle_enable=\"false\" data-particle-mobile-disabled=\"false\" class=\"elementor-section elementor-top-section elementor-element elementor-element-a7b750e elementor-section-boxed elementor-section-height-default elementor-section-height-default\" data-id=\"a7b750e\" data-element_type=\"section\" data-settings=\"{&quot;background_background&quot;:&quot;classic&quot;}\">\n\t\t\t\t\t\t<div class=\"elementor-container elementor-column-gap-default\">\n\t\t\t\t\t<div class=\"elementor-column elementor-col-66 elementor-top-column elementor-element elementor-element-f181ec9\" data-id=\"f181ec9\" data-element_type=\"column\">\n\t\t\t<div class=\"elementor-widget-wrap elementor-element-populated\">\n\t\t\t\t\t\t<div class=\"elementor-element elementor-element-86c4fba elementor-widget elementor-widget-text-editor\" data-id=\"86c4fba\" data-element_type=\"widget\" data-widget_type=\"text-editor.default\">\n\t\t\t\t<div class=\"elementor-widget-container\">\n\t\t\t\t\t\t\t\t\t<h2 style=\"font-size: var(--tec-font-size-4);font-style: normal;font-weight: 400;margin-bottom: var(--tec-spacer-3);line-height: var(--tec-line-height-2);color: #141827;font-family: 'Helvetica Neue', Helvetica, -apple-system, BlinkMacSystemFont, Roboto, Arial, sans-serif;background-color: #566976\"><span style=\"font-size: 18px;color: #ffffff\"><span style=\"font-size: 18px;font-weight: bold\">Notre intervenante : Coralie Diebold<\/span><\/span><\/h2><p style=\"font-size: var(--tec-font-size-4);font-style: normal;font-weight: 400;margin-bottom: var(--tec-spacer-6);line-height: var(--tec-line-height-2);color: #141827;font-family: 'Helvetica Neue', Helvetica, -apple-system, BlinkMacSystemFont, Roboto, Arial, sans-serif;background-color: #566976\"><span style=\"font-size: 18px;color: #ffffff\">Coralie a fond\u00e9 l\u2019agence de communication responsable Yes for Comm. Sp\u00e9cialis\u00e9e dans le secteur de l\u2019ESS, elle accompagne les entreprises sociales, start-ups innovantes et associations sur tous les aspects de leur communication afin d\u2019am\u00e9liorer leur visibilit\u00e9 et leur impact. Sa raison d\u2019\u00eatre est de participer \u00e0 la transition sociale vers une soci\u00e9t\u00e9 plus juste, plus humaine et respectueuse de l\u2019environnement.<\/span><\/p>\t\t\t\t\t\t\t\t<\/div>\n\t\t\t\t<\/div>\n\t\t\t\t\t<\/div>\n\t\t<\/div>\n\t\t\t\t<div class=\"elementor-column elementor-col-33 elementor-top-column elementor-element elementor-element-03c8cae\" data-id=\"03c8cae\" data-element_type=\"column\">\n\t\t\t<div class=\"elementor-widget-wrap elementor-element-populated\">\n\t\t\t\t\t\t<div class=\"elementor-element elementor-element-5c0ad3b elementor-widget elementor-widget-image\" data-id=\"5c0ad3b\" data-element_type=\"widget\" data-widget_type=\"image.default\">\n\t\t\t\t<div class=\"elementor-widget-container\">\n\t\t\t\t\t\t\t\t\t\t\t\t\t\t\t\t<a href=\"https:\/\/wp-sites.ccci.org\/c-proactif\/\/wp-content\/uploads\/sites\/393\/2020\/06\/webinaire-16-juin20-EQUILIBRE-PRO-PERSO-.pdf\" target=\"_blank\">\n\t\t\t\t\t\t\t<img decoding=\"async\" src=\"https:\/\/wp-sites.ccci.org\/c-proactif\/wp-content\/uploads\/sites\/393\/2023\/11\/CORALIE-DIEBOLD-ID.jpeg?w=181\" title=\"CORALIE DIEBOLD-ID\" alt=\"CORALIE DIEBOLD-ID\" loading=\"lazy\" \/>\t\t\t\t\t\t\t\t<\/a>\n\t\t\t\t\t\t\t\t\t\t\t\t\t\t\t<\/div>\n\t\t\t\t<\/div>\n\t\t\t\t\t<\/div>\n\t\t<\/div>\n\t\t\t\t\t<\/div>\n\t\t<\/section>\n\t\t\t\t<\/div>\n\t\t","protected":false},"excerpt":{"rendered":"<p>Par\u00e9e de beaucoup de vertus pour certains ou consid\u00e9r\u00e9e comme une douce utopie pour d\u2019autres, qu\u2019en connaissons-nous vraiment ?\u00a0 Durant cette conf\u00e9rence, nous avons poursuivi notre analyse de pratiques professionnelles [&hellip;]<\/p>\n","protected":false},"author":14333,"featured_media":14794,"comment_status":"closed","ping_status":"closed","sticky":false,"template":"","format":"link","meta":{"site-sidebar-layout":"default","site-content-layout":"default","ast-site-content-layout":"default","site-content-style":"default","site-sidebar-style":"default","ast-global-header-display":"","ast-banner-title-visibility":"","ast-main-header-display":"","ast-hfb-above-header-display":"","ast-hfb-below-header-display":"","ast-hfb-mobile-header-display":"","site-post-title":"","ast-breadcrumbs-content":"","ast-featured-img":"","footer-sml-layout":"","ast-disable-related-posts":"","theme-transparent-header-meta":"default","adv-header-id-meta":"","stick-header-meta":"","header-above-stick-meta":"","header-main-stick-meta":"","header-below-stick-meta":"","astra-migrate-meta-layouts":"set","ast-page-background-enabled":"default","ast-page-background-meta":{"desktop":{"background-color":"","background-image":"","background-repeat":"repeat","background-position":"center center","background-size":"auto","background-attachment":"scroll","background-type":"","background-media":"","overlay-type":"","overlay-color":"","overlay-opacity":"","overlay-gradient":""},"tablet":{"background-color":"","background-image":"","background-repeat":"repeat","background-position":"center center","background-size":"auto","background-attachment":"scroll","background-type":"","background-media":"","overlay-type":"","overlay-color":"","overlay-opacity":"","overlay-gradient":""},"mobile":{"background-color":"","background-image":"","background-repeat":"repeat","background-position":"center center","background-size":"auto","background-attachment":"scroll","background-type":"","background-media":"","overlay-type":"","overlay-color":"","overlay-opacity":"","overlay-gradient":""}},"ast-content-background-meta":{"desktop":{"background-color":"var(--ast-global-color-5)","background-image":"","background-repeat":"repeat","background-position":"center center","background-size":"auto","background-attachment":"scroll","background-type":"","background-media":"","overlay-type":"","overlay-color":"","overlay-opacity":"","overlay-gradient":""},"tablet":{"background-color":"var(--ast-global-color-5)","background-image":"","background-repeat":"repeat","background-position":"center center","background-size":"auto","background-attachment":"scroll","background-type":"","background-media":"","overlay-type":"","overlay-color":"","overlay-opacity":"","overlay-gradient":""},"mobile":{"background-color":"var(--ast-global-color-5)","background-image":"","background-repeat":"repeat","background-position":"center center","background-size":"auto","background-attachment":"scroll","background-type":"","background-media":"","overlay-type":"","overlay-color":"","overlay-opacity":"","overlay-gradient":""}},"footnotes":""},"categories":[13],"tags":[],"class_list":["post-14792","post","type-post","status-publish","format-link","has-post-thumbnail","hentry","category-vie-pratique-au-travail","post_format-post-format-link"],"yoast_head":"<!-- This site is optimized with the Yoast SEO plugin v26.7 - https:\/\/yoast.com\/wordpress\/plugins\/seo\/ -->\n<title>ESS, une fa\u00e7on chr\u00e9tienne de faire des affaires ? - C-PROACTIF<\/title>\n<meta name=\"description\" content=\"Zoom sur l&#039;ESS afin de la d\u00e9couvrir et la placer sous le filtre de l&#039;Evangile. Quelles concordances mais aussi quelle dissonnances ?\" \/>\n<meta name=\"robots\" content=\"noindex, follow, max-snippet:-1, max-image-preview:large, max-video-preview:-1\" \/>\n<meta property=\"og:locale\" content=\"fr_FR\" \/>\n<meta property=\"og:type\" content=\"article\" \/>\n<meta property=\"og:title\" content=\"ESS, une fa\u00e7on chr\u00e9tienne de faire des affaires ? - C-PROACTIF\" \/>\n<meta property=\"og:description\" content=\"Zoom sur l&#039;ESS afin de la d\u00e9couvrir et la placer sous le filtre de l&#039;Evangile. Quelles concordances mais aussi quelle dissonnances ?\" \/>\n<meta property=\"og:url\" content=\"https:\/\/wp-sites.ccci.org\/c-proactif\/ess\/\" \/>\n<meta property=\"og:site_name\" content=\"C-PROACTIF\" \/>\n<meta property=\"article:published_time\" content=\"2023-12-17T08:05:21+00:00\" \/>\n<meta property=\"article:modified_time\" content=\"2023-12-22T12:41:43+00:00\" \/>\n<meta property=\"og:image\" content=\"https:\/\/wp-sites.ccci.org\/c-proactif\/wp-content\/uploads\/sites\/393\/2023\/12\/visuel-ESS.jpg\" \/>\n\t<meta property=\"og:image:width\" content=\"1280\" \/>\n\t<meta property=\"og:image:height\" content=\"720\" \/>\n\t<meta property=\"og:image:type\" content=\"image\/jpeg\" \/>\n<meta name=\"author\" content=\"Anne-Marie HUSSON\" \/>\n<meta name=\"twitter:card\" content=\"summary_large_image\" \/>\n<meta name=\"twitter:label1\" content=\"\u00c9crit par\" \/>\n\t<meta name=\"twitter:data1\" content=\"Anne-Marie HUSSON\" \/>\n\t<meta name=\"twitter:label2\" content=\"Dur\u00e9e de lecture estim\u00e9e\" \/>\n\t<meta name=\"twitter:data2\" content=\"2 minutes\" \/>\n<script type=\"application\/ld+json\" class=\"yoast-schema-graph\">{\"@context\":\"https:\/\/schema.org\",\"@graph\":[{\"@type\":\"Article\",\"@id\":\"https:\/\/wp-sites.ccci.org\/c-proactif\/ess\/#article\",\"isPartOf\":{\"@id\":\"https:\/\/wp-sites.ccci.org\/c-proactif\/ess\/\"},\"author\":{\"name\":\"Anne-Marie HUSSON\",\"@id\":\"https:\/\/wp-sites.ccci.org\/c-proactif\/#\/schema\/person\/31baa806e67e95311c4c17fad287a4d2\"},\"headline\":\"ESS, une fa\u00e7on chr\u00e9tienne de faire des affaires ?\",\"datePublished\":\"2023-12-17T08:05:21+00:00\",\"dateModified\":\"2023-12-22T12:41:43+00:00\",\"mainEntityOfPage\":{\"@id\":\"https:\/\/wp-sites.ccci.org\/c-proactif\/ess\/\"},\"wordCount\":250,\"publisher\":{\"@id\":\"https:\/\/wp-sites.ccci.org\/c-proactif\/#organization\"},\"image\":{\"@id\":\"https:\/\/wp-sites.ccci.org\/c-proactif\/ess\/#primaryimage\"},\"thumbnailUrl\":\"https:\/\/wp-sites.ccci.org\/c-proactif\/wp-content\/uploads\/sites\/393\/2023\/12\/visuel-ESS.jpg\",\"articleSection\":[\"Vie pratique au travail\"],\"inLanguage\":\"fr-FR\"},{\"@type\":\"WebPage\",\"@id\":\"https:\/\/wp-sites.ccci.org\/c-proactif\/ess\/\",\"url\":\"https:\/\/wp-sites.ccci.org\/c-proactif\/ess\/\",\"name\":\"ESS, une fa\u00e7on chr\u00e9tienne de faire des affaires ? - C-PROACTIF\",\"isPartOf\":{\"@id\":\"https:\/\/wp-sites.ccci.org\/c-proactif\/#website\"},\"primaryImageOfPage\":{\"@id\":\"https:\/\/wp-sites.ccci.org\/c-proactif\/ess\/#primaryimage\"},\"image\":{\"@id\":\"https:\/\/wp-sites.ccci.org\/c-proactif\/ess\/#primaryimage\"},\"thumbnailUrl\":\"https:\/\/wp-sites.ccci.org\/c-proactif\/wp-content\/uploads\/sites\/393\/2023\/12\/visuel-ESS.jpg\",\"datePublished\":\"2023-12-17T08:05:21+00:00\",\"dateModified\":\"2023-12-22T12:41:43+00:00\",\"description\":\"Zoom sur l'ESS afin de la d\u00e9couvrir et la placer sous le filtre de l'Evangile. Quelles concordances mais aussi quelle dissonnances ?\",\"breadcrumb\":{\"@id\":\"https:\/\/wp-sites.ccci.org\/c-proactif\/ess\/#breadcrumb\"},\"inLanguage\":\"fr-FR\",\"potentialAction\":[{\"@type\":\"ReadAction\",\"target\":[\"https:\/\/wp-sites.ccci.org\/c-proactif\/ess\/\"]}]},{\"@type\":\"ImageObject\",\"inLanguage\":\"fr-FR\",\"@id\":\"https:\/\/wp-sites.ccci.org\/c-proactif\/ess\/#primaryimage\",\"url\":\"https:\/\/wp-sites.ccci.org\/c-proactif\/wp-content\/uploads\/sites\/393\/2023\/12\/visuel-ESS.jpg\",\"contentUrl\":\"https:\/\/wp-sites.ccci.org\/c-proactif\/wp-content\/uploads\/sites\/393\/2023\/12\/visuel-ESS.jpg\",\"width\":1280,\"height\":720},{\"@type\":\"BreadcrumbList\",\"@id\":\"https:\/\/wp-sites.ccci.org\/c-proactif\/ess\/#breadcrumb\",\"itemListElement\":[{\"@type\":\"ListItem\",\"position\":1,\"name\":\"Accueil\",\"item\":\"https:\/\/wp-sites.ccci.org\/c-proactif\/\"},{\"@type\":\"ListItem\",\"position\":2,\"name\":\"Vie pratique au travail\",\"item\":\"https:\/\/wp-sites.ccci.org\/c-proactif\/theme\/vie-pratique-au-travail\/\"},{\"@type\":\"ListItem\",\"position\":3,\"name\":\"ESS, une fa\u00e7on chr\u00e9tienne de faire des affaires ?\"}]},{\"@type\":\"WebSite\",\"@id\":\"https:\/\/wp-sites.ccci.org\/c-proactif\/#website\",\"url\":\"https:\/\/wp-sites.ccci.org\/c-proactif\/\",\"name\":\"C-PROACTIF\",\"description\":\"R\u00e9seau professionnel chr\u00e9tien\",\"publisher\":{\"@id\":\"https:\/\/wp-sites.ccci.org\/c-proactif\/#organization\"},\"potentialAction\":[{\"@type\":\"SearchAction\",\"target\":{\"@type\":\"EntryPoint\",\"urlTemplate\":\"https:\/\/wp-sites.ccci.org\/c-proactif\/?s={search_term_string}\"},\"query-input\":{\"@type\":\"PropertyValueSpecification\",\"valueRequired\":true,\"valueName\":\"search_term_string\"}}],\"inLanguage\":\"fr-FR\"},{\"@type\":\"Organization\",\"@id\":\"https:\/\/wp-sites.ccci.org\/c-proactif\/#organization\",\"name\":\"C-PROACTIF\",\"url\":\"https:\/\/wp-sites.ccci.org\/c-proactif\/\",\"logo\":{\"@type\":\"ImageObject\",\"inLanguage\":\"fr-FR\",\"@id\":\"https:\/\/wp-sites.ccci.org\/c-proactif\/#\/schema\/logo\/image\/\",\"url\":\"https:\/\/wp-sites.ccci.org\/c-proactif\/wp-content\/uploads\/sites\/393\/2021\/05\/logo-baseline-blanc-300.png\",\"contentUrl\":\"https:\/\/wp-sites.ccci.org\/c-proactif\/wp-content\/uploads\/sites\/393\/2021\/05\/logo-baseline-blanc-300.png\",\"width\":300,\"height\":113,\"caption\":\"C-PROACTIF\"},\"image\":{\"@id\":\"https:\/\/wp-sites.ccci.org\/c-proactif\/#\/schema\/logo\/image\/\"}},{\"@type\":\"Person\",\"@id\":\"https:\/\/wp-sites.ccci.org\/c-proactif\/#\/schema\/person\/31baa806e67e95311c4c17fad287a4d2\",\"name\":\"Anne-Marie HUSSON\",\"image\":{\"@type\":\"ImageObject\",\"inLanguage\":\"fr-FR\",\"@id\":\"https:\/\/wp-sites.ccci.org\/c-proactif\/#\/schema\/person\/image\/\",\"url\":\"https:\/\/secure.gravatar.com\/avatar\/8610b2dea99ccb68a80717332fcf6000967063200f783c057fb3812ac2517470?s=96&d=mm&r=g\",\"contentUrl\":\"https:\/\/secure.gravatar.com\/avatar\/8610b2dea99ccb68a80717332fcf6000967063200f783c057fb3812ac2517470?s=96&d=mm&r=g\",\"caption\":\"Anne-Marie HUSSON\"},\"description\":\"D\u00e9l\u00e9gu\u00e9e fran\u00e7aise au Forum Mondial du travail du Comit\u00e9 de Lausanne. Consultante ind\u00e9pendante en strat\u00e9gie et innovation de la formation professionnelle. 22 ans de minist\u00e8re au sein d\u2019AGAPE FRANCE, Chef de projet e-learning au sein de diverses institutions (CCI et Universit\u00e9)\"}]}<\/script>\n<!-- \/ Yoast SEO plugin. -->","yoast_head_json":{"title":"ESS, une fa\u00e7on chr\u00e9tienne de faire des affaires ? - C-PROACTIF","description":"Zoom sur l'ESS afin de la d\u00e9couvrir et la placer sous le filtre de l'Evangile. Quelles concordances mais aussi quelle dissonnances ?","robots":{"index":"noindex","follow":"follow","max-snippet":"max-snippet:-1","max-image-preview":"max-image-preview:large","max-video-preview":"max-video-preview:-1"},"og_locale":"fr_FR","og_type":"article","og_title":"ESS, une fa\u00e7on chr\u00e9tienne de faire des affaires ? - C-PROACTIF","og_description":"Zoom sur l'ESS afin de la d\u00e9couvrir et la placer sous le filtre de l'Evangile. Quelles concordances mais aussi quelle dissonnances ?","og_url":"https:\/\/wp-sites.ccci.org\/c-proactif\/ess\/","og_site_name":"C-PROACTIF","article_published_time":"2023-12-17T08:05:21+00:00","article_modified_time":"2023-12-22T12:41:43+00:00","og_image":[{"width":1280,"height":720,"url":"https:\/\/wp-sites.ccci.org\/c-proactif\/wp-content\/uploads\/sites\/393\/2023\/12\/visuel-ESS.jpg","type":"image\/jpeg"}],"author":"Anne-Marie HUSSON","twitter_card":"summary_large_image","twitter_misc":{"\u00c9crit par":"Anne-Marie HUSSON","Dur\u00e9e de lecture estim\u00e9e":"2 minutes"},"schema":{"@context":"https:\/\/schema.org","@graph":[{"@type":"Article","@id":"https:\/\/wp-sites.ccci.org\/c-proactif\/ess\/#article","isPartOf":{"@id":"https:\/\/wp-sites.ccci.org\/c-proactif\/ess\/"},"author":{"name":"Anne-Marie HUSSON","@id":"https:\/\/wp-sites.ccci.org\/c-proactif\/#\/schema\/person\/31baa806e67e95311c4c17fad287a4d2"},"headline":"ESS, une fa\u00e7on chr\u00e9tienne de faire des affaires ?","datePublished":"2023-12-17T08:05:21+00:00","dateModified":"2023-12-22T12:41:43+00:00","mainEntityOfPage":{"@id":"https:\/\/wp-sites.ccci.org\/c-proactif\/ess\/"},"wordCount":250,"publisher":{"@id":"https:\/\/wp-sites.ccci.org\/c-proactif\/#organization"},"image":{"@id":"https:\/\/wp-sites.ccci.org\/c-proactif\/ess\/#primaryimage"},"thumbnailUrl":"https:\/\/wp-sites.ccci.org\/c-proactif\/wp-content\/uploads\/sites\/393\/2023\/12\/visuel-ESS.jpg","articleSection":["Vie pratique au travail"],"inLanguage":"fr-FR"},{"@type":"WebPage","@id":"https:\/\/wp-sites.ccci.org\/c-proactif\/ess\/","url":"https:\/\/wp-sites.ccci.org\/c-proactif\/ess\/","name":"ESS, une fa\u00e7on chr\u00e9tienne de faire des affaires ? - C-PROACTIF","isPartOf":{"@id":"https:\/\/wp-sites.ccci.org\/c-proactif\/#website"},"primaryImageOfPage":{"@id":"https:\/\/wp-sites.ccci.org\/c-proactif\/ess\/#primaryimage"},"image":{"@id":"https:\/\/wp-sites.ccci.org\/c-proactif\/ess\/#primaryimage"},"thumbnailUrl":"https:\/\/wp-sites.ccci.org\/c-proactif\/wp-content\/uploads\/sites\/393\/2023\/12\/visuel-ESS.jpg","datePublished":"2023-12-17T08:05:21+00:00","dateModified":"2023-12-22T12:41:43+00:00","description":"Zoom sur l'ESS afin de la d\u00e9couvrir et la placer sous le filtre de l'Evangile. Quelles concordances mais aussi quelle dissonnances ?","breadcrumb":{"@id":"https:\/\/wp-sites.ccci.org\/c-proactif\/ess\/#breadcrumb"},"inLanguage":"fr-FR","potentialAction":[{"@type":"ReadAction","target":["https:\/\/wp-sites.ccci.org\/c-proactif\/ess\/"]}]},{"@type":"ImageObject","inLanguage":"fr-FR","@id":"https:\/\/wp-sites.ccci.org\/c-proactif\/ess\/#primaryimage","url":"https:\/\/wp-sites.ccci.org\/c-proactif\/wp-content\/uploads\/sites\/393\/2023\/12\/visuel-ESS.jpg","contentUrl":"https:\/\/wp-sites.ccci.org\/c-proactif\/wp-content\/uploads\/sites\/393\/2023\/12\/visuel-ESS.jpg","width":1280,"height":720},{"@type":"BreadcrumbList","@id":"https:\/\/wp-sites.ccci.org\/c-proactif\/ess\/#breadcrumb","itemListElement":[{"@type":"ListItem","position":1,"name":"Accueil","item":"https:\/\/wp-sites.ccci.org\/c-proactif\/"},{"@type":"ListItem","position":2,"name":"Vie pratique au travail","item":"https:\/\/wp-sites.ccci.org\/c-proactif\/theme\/vie-pratique-au-travail\/"},{"@type":"ListItem","position":3,"name":"ESS, une fa\u00e7on chr\u00e9tienne de faire des affaires ?"}]},{"@type":"WebSite","@id":"https:\/\/wp-sites.ccci.org\/c-proactif\/#website","url":"https:\/\/wp-sites.ccci.org\/c-proactif\/","name":"C-PROACTIF","description":"R\u00e9seau professionnel chr\u00e9tien","publisher":{"@id":"https:\/\/wp-sites.ccci.org\/c-proactif\/#organization"},"potentialAction":[{"@type":"SearchAction","target":{"@type":"EntryPoint","urlTemplate":"https:\/\/wp-sites.ccci.org\/c-proactif\/?s={search_term_string}"},"query-input":{"@type":"PropertyValueSpecification","valueRequired":true,"valueName":"search_term_string"}}],"inLanguage":"fr-FR"},{"@type":"Organization","@id":"https:\/\/wp-sites.ccci.org\/c-proactif\/#organization","name":"C-PROACTIF","url":"https:\/\/wp-sites.ccci.org\/c-proactif\/","logo":{"@type":"ImageObject","inLanguage":"fr-FR","@id":"https:\/\/wp-sites.ccci.org\/c-proactif\/#\/schema\/logo\/image\/","url":"https:\/\/wp-sites.ccci.org\/c-proactif\/wp-content\/uploads\/sites\/393\/2021\/05\/logo-baseline-blanc-300.png","contentUrl":"https:\/\/wp-sites.ccci.org\/c-proactif\/wp-content\/uploads\/sites\/393\/2021\/05\/logo-baseline-blanc-300.png","width":300,"height":113,"caption":"C-PROACTIF"},"image":{"@id":"https:\/\/wp-sites.ccci.org\/c-proactif\/#\/schema\/logo\/image\/"}},{"@type":"Person","@id":"https:\/\/wp-sites.ccci.org\/c-proactif\/#\/schema\/person\/31baa806e67e95311c4c17fad287a4d2","name":"Anne-Marie HUSSON","image":{"@type":"ImageObject","inLanguage":"fr-FR","@id":"https:\/\/wp-sites.ccci.org\/c-proactif\/#\/schema\/person\/image\/","url":"https:\/\/secure.gravatar.com\/avatar\/8610b2dea99ccb68a80717332fcf6000967063200f783c057fb3812ac2517470?s=96&d=mm&r=g","contentUrl":"https:\/\/secure.gravatar.com\/avatar\/8610b2dea99ccb68a80717332fcf6000967063200f783c057fb3812ac2517470?s=96&d=mm&r=g","caption":"Anne-Marie HUSSON"},"description":"D\u00e9l\u00e9gu\u00e9e fran\u00e7aise au Forum Mondial du travail du Comit\u00e9 de Lausanne. Consultante ind\u00e9pendante en strat\u00e9gie et innovation de la formation professionnelle. 22 ans de minist\u00e8re au sein d\u2019AGAPE FRANCE, Chef de projet e-learning au sein de diverses institutions (CCI et Universit\u00e9)"}]}},"jetpack_featured_media_url":"https:\/\/wp-sites.ccci.org\/c-proactif\/wp-content\/uploads\/sites\/393\/2023\/12\/visuel-ESS.jpg","meta_box":[],"_links":{"self":[{"href":"https:\/\/wp-sites.ccci.org\/c-proactif\/wp-json\/wp\/v2\/posts\/14792","targetHints":{"allow":["GET"]}}],"collection":[{"href":"https:\/\/wp-sites.ccci.org\/c-proactif\/wp-json\/wp\/v2\/posts"}],"about":[{"href":"https:\/\/wp-sites.ccci.org\/c-proactif\/wp-json\/wp\/v2\/types\/post"}],"author":[{"embeddable":true,"href":"https:\/\/wp-sites.ccci.org\/c-proactif\/wp-json\/wp\/v2\/users\/14333"}],"replies":[{"embeddable":true,"href":"https:\/\/wp-sites.ccci.org\/c-proactif\/wp-json\/wp\/v2\/comments?post=14792"}],"version-history":[{"count":21,"href":"https:\/\/wp-sites.ccci.org\/c-proactif\/wp-json\/wp\/v2\/posts\/14792\/revisions"}],"predecessor-version":[{"id":14861,"href":"https:\/\/wp-sites.ccci.org\/c-proactif\/wp-json\/wp\/v2\/posts\/14792\/revisions\/14861"}],"wp:featuredmedia":[{"embeddable":true,"href":"https:\/\/wp-sites.ccci.org\/c-proactif\/wp-json\/wp\/v2\/media\/14794"}],"wp:attachment":[{"href":"https:\/\/wp-sites.ccci.org\/c-proactif\/wp-json\/wp\/v2\/media?parent=14792"}],"wp:term":[{"taxonomy":"category","embeddable":true,"href":"https:\/\/wp-sites.ccci.org\/c-proactif\/wp-json\/wp\/v2\/categories?post=14792"},{"taxonomy":"post_tag","embeddable":true,"href":"https:\/\/wp-sites.ccci.org\/c-proactif\/wp-json\/wp\/v2\/tags?post=14792"}],"curies":[{"name":"wp","href":"https:\/\/api.w.org\/{rel}","templated":true}]}}