{"id":16270,"date":"2025-02-15T14:44:18","date_gmt":"2025-02-15T13:44:18","guid":{"rendered":"https:\/\/c-proactif.org\/?p=16270"},"modified":"2025-02-15T15:02:44","modified_gmt":"2025-02-15T14:02:44","slug":"le-chretien-et-lengagement-politique","status":"publish","type":"post","link":"https:\/\/wp-sites.ccci.org\/c-proactif\/le-chretien-et-lengagement-politique\/","title":{"rendered":"Le chr\u00e9tien et l&rsquo;engagement politique"},"content":{"rendered":"\t\t<div data-elementor-type=\"wp-post\" data-elementor-id=\"16270\" class=\"elementor elementor-16270\" data-elementor-post-type=\"post\">\n\t\t\t\t\t\t<section data-particle_enable=\"false\" data-particle-mobile-disabled=\"false\" class=\"elementor-section elementor-top-section elementor-element elementor-element-287ae7c elementor-section-boxed elementor-section-height-default elementor-section-height-default\" data-id=\"287ae7c\" data-element_type=\"section\">\n\t\t\t\t\t\t<div class=\"elementor-container elementor-column-gap-default\">\n\t\t\t\t\t<div class=\"elementor-column elementor-col-100 elementor-top-column elementor-element elementor-element-d9aa618\" data-id=\"d9aa618\" data-element_type=\"column\">\n\t\t\t<div class=\"elementor-widget-wrap elementor-element-populated\">\n\t\t\t\t\t\t<div class=\"elementor-element elementor-element-a803093 elementor-widget elementor-widget-video\" data-id=\"a803093\" data-element_type=\"widget\" data-settings=\"{&quot;youtube_url&quot;:&quot;https:\\\/\\\/www.youtube.com\\\/watch?v=c4LJw3g4ddo&quot;,&quot;video_type&quot;:&quot;youtube&quot;,&quot;controls&quot;:&quot;yes&quot;}\" data-widget_type=\"video.default\">\n\t\t\t\t<div class=\"elementor-widget-container\">\n\t\t\t\t\t\t\t<div class=\"elementor-wrapper elementor-open-inline\">\n\t\t\t<div class=\"elementor-video\"><\/div>\t\t<\/div>\n\t\t\t\t\t\t<\/div>\n\t\t\t\t<\/div>\n\t\t\t\t<div class=\"elementor-element elementor-element-71c474b elementor-widget elementor-widget-text-editor\" data-id=\"71c474b\" data-element_type=\"widget\" data-widget_type=\"text-editor.default\">\n\t\t\t\t<div class=\"elementor-widget-container\">\n\t\t\t\t\t\t\t\t\t<p><strong>Que nous soyons d\u00e9j\u00e0 engag\u00e9s en politique, <\/strong><strong>que nous souhaitions nous y engager <\/strong><strong>ou que nous d\u00e9sirions vivre en citoyen engag\u00e9, <\/strong><strong>cette conf\u00e9rence nous concerne !<\/strong><\/p>\t\t\t\t\t\t\t\t<\/div>\n\t\t\t\t<\/div>\n\t\t\t\t<div class=\"elementor-element elementor-element-b769e43 elementor-widget elementor-widget-read-more\" data-id=\"b769e43\" data-element_type=\"widget\" data-widget_type=\"read-more.default\">\n\t\t\t\t<div class=\"elementor-widget-container\">\n\t\t\t\t\t<\/div><\/div><\/div><\/div><\/div><\/section><\/div> &hellip;<p class=\"ast-the-content-more-link\"> <a class=\"\" href=\"https:\/\/wp-sites.ccci.org\/c-proactif\/le-chretien-et-lengagement-politique\/\"> <span class=\"screen-reader-text\">Le chr\u00e9tien et l&rsquo;engagement politique<\/span>Lire la suite\u00a0\u00bb<\/a><\/p>","protected":false},"excerpt":{"rendered":"<p>https:\/\/www.youtube.com\/watch?v=c4LJw3g4ddo Que nous soyons d\u00e9j\u00e0 engag\u00e9s en politique, que nous souhaitions nous y engager ou que nous d\u00e9sirions vivre en citoyen engag\u00e9, cette conf\u00e9rence nous concerne !<\/p>\n","protected":false},"author":15159,"featured_media":0,"comment_status":"closed","ping_status":"open","sticky":false,"template":"","format":"standard","meta":{"site-sidebar-layout":"default","site-content-layout":"","ast-site-content-layout":"default","site-content-style":"default","site-sidebar-style":"default","ast-global-header-display":"","ast-banner-title-visibility":"","ast-main-header-display":"","ast-hfb-above-header-display":"","ast-hfb-below-header-display":"","ast-hfb-mobile-header-display":"","site-post-title":"","ast-breadcrumbs-content":"","ast-featured-img":"","footer-sml-layout":"","ast-disable-related-posts":"","theme-transparent-header-meta":"default","adv-header-id-meta":"","stick-header-meta":"","header-above-stick-meta":"","header-main-stick-meta":"","header-below-stick-meta":"","astra-migrate-meta-layouts":"set","ast-page-background-enabled":"default","ast-page-background-meta":{"desktop":{"background-color":"","background-image":"","background-repeat":"repeat","background-position":"center center","background-size":"auto","background-attachment":"scroll","background-type":"","background-media":"","overlay-type":"","overlay-color":"","overlay-opacity":"","overlay-gradient":""},"tablet":{"background-color":"","background-image":"","background-repeat":"repeat","background-position":"center center","background-size":"auto","background-attachment":"scroll","background-type":"","background-media":"","overlay-type":"","overlay-color":"","overlay-opacity":"","overlay-gradient":""},"mobile":{"background-color":"","background-image":"","background-repeat":"repeat","background-position":"center center","background-size":"auto","background-attachment":"scroll","background-type":"","background-media":"","overlay-type":"","overlay-color":"","overlay-opacity":"","overlay-gradient":""}},"ast-content-background-meta":{"desktop":{"background-color":"var(--ast-global-color-5)","background-image":"","background-repeat":"repeat","background-position":"center center","background-size":"auto","background-attachment":"scroll","background-type":"","background-media":"","overlay-type":"","overlay-color":"","overlay-opacity":"","overlay-gradient":""},"tablet":{"background-color":"var(--ast-global-color-5)","background-image":"","background-repeat":"repeat","background-position":"center center","background-size":"auto","background-attachment":"scroll","background-type":"","background-media":"","overlay-type":"","overlay-color":"","overlay-opacity":"","overlay-gradient":""},"mobile":{"background-color":"var(--ast-global-color-5)","background-image":"","background-repeat":"repeat","background-position":"center center","background-size":"auto","background-attachment":"scroll","background-type":"","background-media":"","overlay-type":"","overlay-color":"","overlay-opacity":"","overlay-gradient":""}},"footnotes":""},"categories":[198],"tags":[],"class_list":["post-16270","post","type-post","status-publish","format-standard","hentry","category-replays"],"yoast_head":"<!-- This site is optimized with the Yoast SEO plugin v26.7 - https:\/\/yoast.com\/wordpress\/plugins\/seo\/ -->\n<title>Le chr\u00e9tien et l&#039;engagement politique - C-PROACTIF<\/title>\n<meta name=\"robots\" content=\"noindex, follow, max-snippet:-1, max-image-preview:large, max-video-preview:-1\" \/>\n<meta property=\"og:locale\" content=\"fr_FR\" \/>\n<meta property=\"og:type\" content=\"article\" \/>\n<meta property=\"og:title\" content=\"Le chr\u00e9tien et l&#039;engagement politique - C-PROACTIF\" \/>\n<meta property=\"og:description\" content=\"https:\/\/www.youtube.com\/watch?v=c4LJw3g4ddo Que nous soyons d\u00e9j\u00e0 engag\u00e9s en politique, que nous souhaitions nous y engager ou que nous d\u00e9sirions vivre en citoyen engag\u00e9, cette conf\u00e9rence nous concerne !\" \/>\n<meta property=\"og:url\" content=\"https:\/\/wp-sites.ccci.org\/c-proactif\/le-chretien-et-lengagement-politique\/\" \/>\n<meta property=\"og:site_name\" content=\"C-PROACTIF\" \/>\n<meta property=\"article:published_time\" content=\"2025-02-15T13:44:18+00:00\" \/>\n<meta property=\"article:modified_time\" content=\"2025-02-15T14:02:44+00:00\" \/>\n<meta name=\"author\" content=\"GenevieveK\" \/>\n<meta name=\"twitter:card\" content=\"summary_large_image\" \/>\n<meta name=\"twitter:label1\" content=\"\u00c9crit par\" \/>\n\t<meta name=\"twitter:data1\" content=\"GenevieveK\" \/>\n\t<meta name=\"twitter:label2\" content=\"Dur\u00e9e de lecture estim\u00e9e\" \/>\n\t<meta name=\"twitter:data2\" content=\"2 minutes\" \/>\n<script type=\"application\/ld+json\" class=\"yoast-schema-graph\">{\"@context\":\"https:\/\/schema.org\",\"@graph\":[{\"@type\":\"Article\",\"@id\":\"https:\/\/wp-sites.ccci.org\/c-proactif\/le-chretien-et-lengagement-politique\/#article\",\"isPartOf\":{\"@id\":\"https:\/\/wp-sites.ccci.org\/c-proactif\/le-chretien-et-lengagement-politique\/\"},\"author\":{\"name\":\"GenevieveK\",\"@id\":\"https:\/\/wp-sites.ccci.org\/c-proactif\/#\/schema\/person\/4e4cb154b1cd2fc0746229ab13330466\"},\"headline\":\"Le chr\u00e9tien et l&rsquo;engagement politique\",\"datePublished\":\"2025-02-15T13:44:18+00:00\",\"dateModified\":\"2025-02-15T14:02:44+00:00\",\"mainEntityOfPage\":{\"@id\":\"https:\/\/wp-sites.ccci.org\/c-proactif\/le-chretien-et-lengagement-politique\/\"},\"wordCount\":349,\"publisher\":{\"@id\":\"https:\/\/wp-sites.ccci.org\/c-proactif\/#organization\"},\"articleSection\":[\"Replays\"],\"inLanguage\":\"fr-FR\"},{\"@type\":\"WebPage\",\"@id\":\"https:\/\/wp-sites.ccci.org\/c-proactif\/le-chretien-et-lengagement-politique\/\",\"url\":\"https:\/\/wp-sites.ccci.org\/c-proactif\/le-chretien-et-lengagement-politique\/\",\"name\":\"Le chr\u00e9tien et l'engagement politique - C-PROACTIF\",\"isPartOf\":{\"@id\":\"https:\/\/wp-sites.ccci.org\/c-proactif\/#website\"},\"datePublished\":\"2025-02-15T13:44:18+00:00\",\"dateModified\":\"2025-02-15T14:02:44+00:00\",\"breadcrumb\":{\"@id\":\"https:\/\/wp-sites.ccci.org\/c-proactif\/le-chretien-et-lengagement-politique\/#breadcrumb\"},\"inLanguage\":\"fr-FR\",\"potentialAction\":[{\"@type\":\"ReadAction\",\"target\":[\"https:\/\/wp-sites.ccci.org\/c-proactif\/le-chretien-et-lengagement-politique\/\"]}]},{\"@type\":\"BreadcrumbList\",\"@id\":\"https:\/\/wp-sites.ccci.org\/c-proactif\/le-chretien-et-lengagement-politique\/#breadcrumb\",\"itemListElement\":[{\"@type\":\"ListItem\",\"position\":1,\"name\":\"Accueil\",\"item\":\"https:\/\/wp-sites.ccci.org\/c-proactif\/\"},{\"@type\":\"ListItem\",\"position\":2,\"name\":\"Vid\u00e9os et podcast\",\"item\":\"https:\/\/wp-sites.ccci.org\/c-proactif\/theme\/videos-et-podcast\/\"},{\"@type\":\"ListItem\",\"position\":3,\"name\":\"Replays\",\"item\":\"https:\/\/wp-sites.ccci.org\/c-proactif\/theme\/videos-et-podcast\/#replays\/\"},{\"@type\":\"ListItem\",\"position\":4,\"name\":\"Le chr\u00e9tien et l&rsquo;engagement politique\"}]},{\"@type\":\"WebSite\",\"@id\":\"https:\/\/wp-sites.ccci.org\/c-proactif\/#website\",\"url\":\"https:\/\/wp-sites.ccci.org\/c-proactif\/\",\"name\":\"C-PROACTIF\",\"description\":\"R\u00e9seau professionnel chr\u00e9tien\",\"publisher\":{\"@id\":\"https:\/\/wp-sites.ccci.org\/c-proactif\/#organization\"},\"potentialAction\":[{\"@type\":\"SearchAction\",\"target\":{\"@type\":\"EntryPoint\",\"urlTemplate\":\"https:\/\/wp-sites.ccci.org\/c-proactif\/?s={search_term_string}\"},\"query-input\":{\"@type\":\"PropertyValueSpecification\",\"valueRequired\":true,\"valueName\":\"search_term_string\"}}],\"inLanguage\":\"fr-FR\"},{\"@type\":\"Organization\",\"@id\":\"https:\/\/wp-sites.ccci.org\/c-proactif\/#organization\",\"name\":\"C-PROACTIF\",\"url\":\"https:\/\/wp-sites.ccci.org\/c-proactif\/\",\"logo\":{\"@type\":\"ImageObject\",\"inLanguage\":\"fr-FR\",\"@id\":\"https:\/\/wp-sites.ccci.org\/c-proactif\/#\/schema\/logo\/image\/\",\"url\":\"https:\/\/wp-sites.ccci.org\/c-proactif\/wp-content\/uploads\/sites\/393\/2021\/05\/logo-baseline-blanc-300.png\",\"contentUrl\":\"https:\/\/wp-sites.ccci.org\/c-proactif\/wp-content\/uploads\/sites\/393\/2021\/05\/logo-baseline-blanc-300.png\",\"width\":300,\"height\":113,\"caption\":\"C-PROACTIF\"},\"image\":{\"@id\":\"https:\/\/wp-sites.ccci.org\/c-proactif\/#\/schema\/logo\/image\/\"}},{\"@type\":\"Person\",\"@id\":\"https:\/\/wp-sites.ccci.org\/c-proactif\/#\/schema\/person\/4e4cb154b1cd2fc0746229ab13330466\",\"name\":\"GenevieveK\",\"image\":{\"@type\":\"ImageObject\",\"inLanguage\":\"fr-FR\",\"@id\":\"https:\/\/wp-sites.ccci.org\/c-proactif\/#\/schema\/person\/image\/\",\"url\":\"https:\/\/secure.gravatar.com\/avatar\/78e8cac02c11c96f9bd5df8b06d841c4942718b3a8d7b87afb1691d70bdc21a4?s=96&d=mm&r=g\",\"contentUrl\":\"https:\/\/secure.gravatar.com\/avatar\/78e8cac02c11c96f9bd5df8b06d841c4942718b3a8d7b87afb1691d70bdc21a4?s=96&d=mm&r=g\",\"caption\":\"GenevieveK\"}}]}<\/script>\n<!-- \/ Yoast SEO plugin. -->","yoast_head_json":{"title":"Le chr\u00e9tien et l'engagement politique - C-PROACTIF","robots":{"index":"noindex","follow":"follow","max-snippet":"max-snippet:-1","max-image-preview":"max-image-preview:large","max-video-preview":"max-video-preview:-1"},"og_locale":"fr_FR","og_type":"article","og_title":"Le chr\u00e9tien et l'engagement politique - C-PROACTIF","og_description":"https:\/\/www.youtube.com\/watch?v=c4LJw3g4ddo Que nous soyons d\u00e9j\u00e0 engag\u00e9s en politique, que nous souhaitions nous y engager ou que nous d\u00e9sirions vivre en citoyen engag\u00e9, cette conf\u00e9rence nous concerne !","og_url":"https:\/\/wp-sites.ccci.org\/c-proactif\/le-chretien-et-lengagement-politique\/","og_site_name":"C-PROACTIF","article_published_time":"2025-02-15T13:44:18+00:00","article_modified_time":"2025-02-15T14:02:44+00:00","author":"GenevieveK","twitter_card":"summary_large_image","twitter_misc":{"\u00c9crit par":"GenevieveK","Dur\u00e9e de lecture estim\u00e9e":"2 minutes"},"schema":{"@context":"https:\/\/schema.org","@graph":[{"@type":"Article","@id":"https:\/\/wp-sites.ccci.org\/c-proactif\/le-chretien-et-lengagement-politique\/#article","isPartOf":{"@id":"https:\/\/wp-sites.ccci.org\/c-proactif\/le-chretien-et-lengagement-politique\/"},"author":{"name":"GenevieveK","@id":"https:\/\/wp-sites.ccci.org\/c-proactif\/#\/schema\/person\/4e4cb154b1cd2fc0746229ab13330466"},"headline":"Le chr\u00e9tien et l&rsquo;engagement politique","datePublished":"2025-02-15T13:44:18+00:00","dateModified":"2025-02-15T14:02:44+00:00","mainEntityOfPage":{"@id":"https:\/\/wp-sites.ccci.org\/c-proactif\/le-chretien-et-lengagement-politique\/"},"wordCount":349,"publisher":{"@id":"https:\/\/wp-sites.ccci.org\/c-proactif\/#organization"},"articleSection":["Replays"],"inLanguage":"fr-FR"},{"@type":"WebPage","@id":"https:\/\/wp-sites.ccci.org\/c-proactif\/le-chretien-et-lengagement-politique\/","url":"https:\/\/wp-sites.ccci.org\/c-proactif\/le-chretien-et-lengagement-politique\/","name":"Le chr\u00e9tien et l'engagement politique - C-PROACTIF","isPartOf":{"@id":"https:\/\/wp-sites.ccci.org\/c-proactif\/#website"},"datePublished":"2025-02-15T13:44:18+00:00","dateModified":"2025-02-15T14:02:44+00:00","breadcrumb":{"@id":"https:\/\/wp-sites.ccci.org\/c-proactif\/le-chretien-et-lengagement-politique\/#breadcrumb"},"inLanguage":"fr-FR","potentialAction":[{"@type":"ReadAction","target":["https:\/\/wp-sites.ccci.org\/c-proactif\/le-chretien-et-lengagement-politique\/"]}]},{"@type":"BreadcrumbList","@id":"https:\/\/wp-sites.ccci.org\/c-proactif\/le-chretien-et-lengagement-politique\/#breadcrumb","itemListElement":[{"@type":"ListItem","position":1,"name":"Accueil","item":"https:\/\/wp-sites.ccci.org\/c-proactif\/"},{"@type":"ListItem","position":2,"name":"Vid\u00e9os et podcast","item":"https:\/\/wp-sites.ccci.org\/c-proactif\/theme\/videos-et-podcast\/"},{"@type":"ListItem","position":3,"name":"Replays","item":"https:\/\/wp-sites.ccci.org\/c-proactif\/theme\/videos-et-podcast\/#replays\/"},{"@type":"ListItem","position":4,"name":"Le chr\u00e9tien et l&rsquo;engagement politique"}]},{"@type":"WebSite","@id":"https:\/\/wp-sites.ccci.org\/c-proactif\/#website","url":"https:\/\/wp-sites.ccci.org\/c-proactif\/","name":"C-PROACTIF","description":"R\u00e9seau professionnel chr\u00e9tien","publisher":{"@id":"https:\/\/wp-sites.ccci.org\/c-proactif\/#organization"},"potentialAction":[{"@type":"SearchAction","target":{"@type":"EntryPoint","urlTemplate":"https:\/\/wp-sites.ccci.org\/c-proactif\/?s={search_term_string}"},"query-input":{"@type":"PropertyValueSpecification","valueRequired":true,"valueName":"search_term_string"}}],"inLanguage":"fr-FR"},{"@type":"Organization","@id":"https:\/\/wp-sites.ccci.org\/c-proactif\/#organization","name":"C-PROACTIF","url":"https:\/\/wp-sites.ccci.org\/c-proactif\/","logo":{"@type":"ImageObject","inLanguage":"fr-FR","@id":"https:\/\/wp-sites.ccci.org\/c-proactif\/#\/schema\/logo\/image\/","url":"https:\/\/wp-sites.ccci.org\/c-proactif\/wp-content\/uploads\/sites\/393\/2021\/05\/logo-baseline-blanc-300.png","contentUrl":"https:\/\/wp-sites.ccci.org\/c-proactif\/wp-content\/uploads\/sites\/393\/2021\/05\/logo-baseline-blanc-300.png","width":300,"height":113,"caption":"C-PROACTIF"},"image":{"@id":"https:\/\/wp-sites.ccci.org\/c-proactif\/#\/schema\/logo\/image\/"}},{"@type":"Person","@id":"https:\/\/wp-sites.ccci.org\/c-proactif\/#\/schema\/person\/4e4cb154b1cd2fc0746229ab13330466","name":"GenevieveK","image":{"@type":"ImageObject","inLanguage":"fr-FR","@id":"https:\/\/wp-sites.ccci.org\/c-proactif\/#\/schema\/person\/image\/","url":"https:\/\/secure.gravatar.com\/avatar\/78e8cac02c11c96f9bd5df8b06d841c4942718b3a8d7b87afb1691d70bdc21a4?s=96&d=mm&r=g","contentUrl":"https:\/\/secure.gravatar.com\/avatar\/78e8cac02c11c96f9bd5df8b06d841c4942718b3a8d7b87afb1691d70bdc21a4?s=96&d=mm&r=g","caption":"GenevieveK"}}]}},"jetpack_featured_media_url":"","meta_box":[],"_links":{"self":[{"href":"https:\/\/wp-sites.ccci.org\/c-proactif\/wp-json\/wp\/v2\/posts\/16270","targetHints":{"allow":["GET"]}}],"collection":[{"href":"https:\/\/wp-sites.ccci.org\/c-proactif\/wp-json\/wp\/v2\/posts"}],"about":[{"href":"https:\/\/wp-sites.ccci.org\/c-proactif\/wp-json\/wp\/v2\/types\/post"}],"author":[{"embeddable":true,"href":"https:\/\/wp-sites.ccci.org\/c-proactif\/wp-json\/wp\/v2\/users\/15159"}],"replies":[{"embeddable":true,"href":"https:\/\/wp-sites.ccci.org\/c-proactif\/wp-json\/wp\/v2\/comments?post=16270"}],"version-history":[{"count":12,"href":"https:\/\/wp-sites.ccci.org\/c-proactif\/wp-json\/wp\/v2\/posts\/16270\/revisions"}],"predecessor-version":[{"id":16500,"href":"https:\/\/wp-sites.ccci.org\/c-proactif\/wp-json\/wp\/v2\/posts\/16270\/revisions\/16500"}],"wp:attachment":[{"href":"https:\/\/wp-sites.ccci.org\/c-proactif\/wp-json\/wp\/v2\/media?parent=16270"}],"wp:term":[{"taxonomy":"category","embeddable":true,"href":"https:\/\/wp-sites.ccci.org\/c-proactif\/wp-json\/wp\/v2\/categories?post=16270"},{"taxonomy":"post_tag","embeddable":true,"href":"https:\/\/wp-sites.ccci.org\/c-proactif\/wp-json\/wp\/v2\/tags?post=16270"}],"curies":[{"name":"wp","href":"https:\/\/api.w.org\/{rel}","templated":true}]}}