{"id":1767,"date":"2019-12-06T11:27:38","date_gmt":"2019-12-06T10:27:38","guid":{"rendered":"https:\/\/c-proactif.org\/?p=1767"},"modified":"2023-12-22T13:21:50","modified_gmt":"2023-12-22T12:21:50","slug":"mat10-16","status":"publish","type":"post","link":"https:\/\/wp-sites.ccci.org\/c-proactif\/mat10-16\/","title":{"rendered":"Le serpent et la colombe"},"content":{"rendered":"\t\t<div data-elementor-type=\"wp-post\" data-elementor-id=\"1767\" class=\"elementor elementor-1767\" data-elementor-post-type=\"post\">\n\t\t\t\t\t\t<section data-particle_enable=\"false\" data-particle-mobile-disabled=\"false\" class=\"elementor-section elementor-top-section elementor-element elementor-element-7101d319 elementor-section-boxed elementor-section-height-default elementor-section-height-default\" data-id=\"7101d319\" data-element_type=\"section\">\n\t\t\t\t\t\t<div class=\"elementor-container elementor-column-gap-default\">\n\t\t\t\t\t<div class=\"elementor-column elementor-col-100 elementor-top-column elementor-element elementor-element-779afeec\" data-id=\"779afeec\" data-element_type=\"column\">\n\t\t\t<div class=\"elementor-widget-wrap elementor-element-populated\">\n\t\t\t\t\t\t<div class=\"elementor-element elementor-element-49c8c178 intro elementor-widget elementor-widget-text-editor\" data-id=\"49c8c178\" data-element_type=\"widget\" data-widget_type=\"text-editor.default\">\n\t\t\t\t<div class=\"elementor-widget-container\">\n\t\t\t\t\t\t\t\t\t<blockquote><p>\u00ab Voici je vous envoie comme des brebis au milieu des loups ; soyez donc rus\u00e9s comme les serpents et candides comme les colombes. \u00bb Matthieu 10:16<\/p><\/blockquote>\t\t\t\t\t\t\t\t<\/div>\n\t\t\t\t<\/div>\n\t\t\t\t\t<\/div>\n\t\t<\/div>\n\t\t\t\t\t<\/div>\n\t\t<\/section>\n\t\t\t\t<section data-particle_enable=\"false\" data-particle-mobile-disabled=\"false\" class=\"elementor-section elementor-top-section elementor-element elementor-element-113963c1 elementor-section-boxed elementor-section-height-default elementor-section-height-default\" data-id=\"113963c1\" data-element_type=\"section\">\n\t\t\t\t\t\t<div class=\"elementor-container elementor-column-gap-default\">\n\t\t\t\t\t<div class=\"elementor-column elementor-col-50 elementor-top-column elementor-element elementor-element-3ba1f231\" data-id=\"3ba1f231\" data-element_type=\"column\">\n\t\t\t<div class=\"elementor-widget-wrap elementor-element-populated\">\n\t\t\t\t\t\t<div class=\"elementor-element elementor-element-138aaf9 elementor-widget elementor-widget-text-editor\" data-id=\"138aaf9\" data-element_type=\"widget\" data-widget_type=\"text-editor.default\">\n\t\t\t\t<div class=\"elementor-widget-container\">\n\t\t\t\t\t\t\t\t\t<p>Cela pourrait ressembler au d\u00e9but d&rsquo;une fable de La Fontaine mais c&rsquo;est bien J\u00e9sus qui parle ! Il nous envoie dans le monde et Il sait bien que ce monde ne nous est pas favorable. Nous y sommes envoy\u00e9s pour agir, pour transformer nos environnements avec les valeurs de l&rsquo;Evangile mais ce monde ne nous attend pas et surtout, il va d\u00e9ployer toutes ses armes pour nous emp\u00eacher de le faire librement. Alors, quelle est notre marge de manoeuvre ?\u00a0<\/p><h2>Comment \u00eatre, \u00e0 la fois, serpent et colombe ?<\/h2>\t\t\t\t\t\t\t\t<\/div>\n\t\t\t\t<\/div>\n\t\t\t\t\t<\/div>\n\t\t<\/div>\n\t\t\t\t<div class=\"elementor-column elementor-col-50 elementor-top-column elementor-element elementor-element-5e7d5ab1\" data-id=\"5e7d5ab1\" data-element_type=\"column\">\n\t\t\t<div class=\"elementor-widget-wrap elementor-element-populated\">\n\t\t\t\t\t\t<div class=\"elementor-element elementor-element-65c5c648 elementor-widget elementor-widget-image\" data-id=\"65c5c648\" data-element_type=\"widget\" data-widget_type=\"image.default\">\n\t\t\t\t<div class=\"elementor-widget-container\">\n\t\t\t\t\t\t\t\t\t\t\t\t\t\t\t<img decoding=\"async\" src=\"https:\/\/wp-sites.ccci.org\/c-proactif\/wp-content\/uploads\/sites\/393\/2019\/12\/isolated-1712770_1280.png?w=1024\" title=\"isolated-1712770_1280\" alt=\"colombe\" loading=\"lazy\" \/>\t\t\t\t\t\t\t\t\t\t\t\t\t\t\t<\/div>\n\t\t\t\t<\/div>\n\t\t\t\t\t<\/div>\n\t\t<\/div>\n\t\t\t\t\t<\/div>\n\t\t<\/section>\n\t\t\t\t<section data-particle_enable=\"false\" data-particle-mobile-disabled=\"false\" class=\"elementor-section elementor-top-section elementor-element elementor-element-5227675 elementor-section-boxed elementor-section-height-default elementor-section-height-default\" data-id=\"5227675\" data-element_type=\"section\">\n\t\t\t\t\t\t<div class=\"elementor-container elementor-column-gap-default\">\n\t\t\t\t\t<div class=\"elementor-column elementor-col-100 elementor-top-column elementor-element elementor-element-26669cca\" data-id=\"26669cca\" data-element_type=\"column\">\n\t\t\t<div class=\"elementor-widget-wrap elementor-element-populated\">\n\t\t\t\t\t\t<div class=\"elementor-element elementor-element-1d62eefb elementor-widget elementor-widget-text-editor\" data-id=\"1d62eefb\" data-element_type=\"widget\" data-widget_type=\"text-editor.default\">\n\t\t\t\t<div class=\"elementor-widget-container\">\n\t\t\t\t\t\t\t\t\t<p>Lorsque nous p\u00e9n\u00e9trons le monde du travail, nous sommes tr\u00e8s vite confront\u00e9s \u00e0 la dure r\u00e9alit\u00e9 des loups : la comp\u00e9tition qui peut rendre les coll\u00e8gues hypocrites, peu collaboratifs, r\u00e9cup\u00e9rateurs du travail des autres.., le mensonge avec les fausses promesses faites aux clients, les rapports d&rsquo;activit\u00e9 arrang\u00e9s &#8230;, la cupidit\u00e9 et la lutte pour le profit qui fait passer les questions d\u00e9ontologiques de service et de qualit\u00e9 au second plan &#8230;<\/p><h3>Ne pas nous cacher la r\u00e9alit\u00e9\u00a0<\/h3><p>Notre Dieu connait ces choses ! J\u00e9sus les a aussi v\u00e9cu durant sa vie terrestre. <strong>Il ne nous demande pas de les nier mais de les regarder en face.<\/strong> En effet, comment pourrions-nous combattre ce que nous refuserions de voir ? <strong>Soyons rus\u00e9s comme le serpent qui voit clairement \u00ab\u00a0le dessous des cartes\u00a0\u00bb, les intentions cach\u00e9es, ce qui est r\u00e9ellement en jeu, au-dessous des discours de fa\u00e7ade<\/strong>. Ce n&rsquo;est que dans cette clairvoyance et ce discernement que nous serons capables de nous dissocier de ces chose et de livrer le combat face aux vrais adversaires.<\/p><h3>Y agir avec les armes de Dieu et non les n\u00f4tres !<\/h3><p>Mais en m\u00eame temps, l<strong>es armes avec lesquelles il nous est demand\u00e9 de combattre ne sont pas celles du monde !<\/strong> Pas de vengeance face \u00e0 une offense, pas de manipulation ni de m\u00e9disance pour an\u00e9antir un coll\u00e8gue peu scrupuleux &#8230; La brebis n&rsquo;a pas de d\u00e9fense et face au loup, elle semble bien peu arm\u00e9e ! Mais elle plane comme une colombe : elle s&rsquo;arrache \u00e0 la glaise et vole. Elle voit haut et elle acc\u00e8de \u00e0 des r\u00e9alit\u00e9s spirituelles que l&rsquo;homme coll\u00e9 \u00e0 la terre n&rsquo;appr\u00e9hende pas. <strong>La colombe prie : elle apporte au P\u00e8re tout ce qu&rsquo;elle a vu afin de Lui demander d&rsquo;agir dans sa r\u00e9alit\u00e9 de travail.<\/strong> Selon les cas, de lui donner de la patience ou du discernement ou une parole de connaissance qui va confronter les intentions cach\u00e9es.<\/p><p>Il va nous falloir du courage pour le vivre au quotidien car par nos propres forces, cela semble juste impossible ! Notre vielle nature aura vite fait de nous inciter \u00e0 agir comme des loups au milieu des autres loups &#8230; Et dans ce cas, notre impact et notre t\u00e9moignage seront morts &#8230;<\/p><blockquote><p>\u00ab\u00a0Ce n&rsquo;est pas un esprit de timidit\u00e9 (de faiblesse) que Dieu nous a donn\u00e9, <br \/>mais un esprit de force, d&rsquo;amour et de sagesse\u00a0\u00bb 2Tim 1:7<\/p><\/blockquote><p>Seul le Saint-Esprit peut nous donner la force, l&rsquo;amour n\u00e9cessaire et la sagesse pour le faire ! La force de r\u00e9sister \u00e0 la tentation d&rsquo;entrer dans la bagarre comme un loup, l&rsquo;amour pour rechercher dans toutes ces situations le bien des personnes et la sagesse pour trouver les bons outils, les bons moments, les bonnes paroles&#8230;<\/p>\t\t\t\t\t\t\t\t<\/div>\n\t\t\t\t<\/div>\n\t\t\t\t\t<\/div>\n\t\t<\/div>\n\t\t\t\t\t<\/div>\n\t\t<\/section>\n\t\t\t\t<section data-particle_enable=\"false\" data-particle-mobile-disabled=\"false\" class=\"elementor-section elementor-top-section elementor-element elementor-element-42cc5c7c elementor-section-boxed elementor-section-height-default elementor-section-height-default\" data-id=\"42cc5c7c\" data-element_type=\"section\">\n\t\t\t\t\t\t<div class=\"elementor-container elementor-column-gap-default\">\n\t\t\t\t\t<div class=\"elementor-column elementor-col-100 elementor-top-column elementor-element elementor-element-379e1db5\" data-id=\"379e1db5\" data-element_type=\"column\">\n\t\t\t<div class=\"elementor-widget-wrap elementor-element-populated\">\n\t\t\t\t\t\t<div class=\"elementor-element elementor-element-3aaf14d5 elementor-widget elementor-widget-text-editor\" data-id=\"3aaf14d5\" data-element_type=\"widget\" data-widget_type=\"text-editor.default\">\n\t\t\t\t<div class=\"elementor-widget-container\">\n\t\t\t\t\t\t\t\t\t<h2><strong>Etre rempli du Saint Esprit : un imp\u00e9ratif <\/strong><\/h2><p><strong>En conclusion, nous n&rsquo;avons pas d&rsquo;autre choix que d&rsquo;\u00eatre remplis du Saint-Esprit quand nous allons au travail !<\/strong> Lui seul peut nous donner le discernement n\u00e9cessaire et la capacit\u00e9 de r\u00e9agir en enfants de Dieu dans nos diverses situations. Alors notre parole ne sera plus la notre mais celle de Dieu : une parole agissante et ext\u00e9rieure au monde, une parole qui apporte gu\u00e9rison et vie au c\u0153ur d\u2019un monde en souffrance.<\/p><p><em>Si vous avez d\u00e9j\u00e0 v\u00e9cu des exp\u00e9riences de ce type, en laissant Dieu prendre les commandes dans une situation professionnelle difficile, <a href=\"https:\/\/www.facebook.com\/groups\/406955296921903\/\" target=\"_blank\" rel=\"noopener\">n&rsquo;h\u00e9sitez pas \u00e0 venir le partager dans le groupe de la communaut\u00e9<\/a> : nous en serons tous fortifi\u00e9s !<\/em><\/p>\t\t\t\t\t\t\t\t<\/div>\n\t\t\t\t<\/div>\n\t\t\t\t\t<\/div>\n\t\t<\/div>\n\t\t\t\t\t<\/div>\n\t\t<\/section>\n\t\t\t\t<section data-particle_enable=\"false\" data-particle-mobile-disabled=\"false\" class=\"elementor-section elementor-top-section elementor-element elementor-element-70c6fd66 elementor-section-boxed elementor-section-height-default elementor-section-height-default\" data-id=\"70c6fd66\" data-element_type=\"section\">\n\t\t\t\t\t\t<div class=\"elementor-container elementor-column-gap-default\">\n\t\t\t\t\t<div class=\"elementor-column elementor-col-100 elementor-top-column elementor-element elementor-element-459447ac\" data-id=\"459447ac\" data-element_type=\"column\">\n\t\t\t<div class=\"elementor-widget-wrap elementor-element-populated\">\n\t\t\t\t\t\t<div class=\"elementor-element elementor-element-590d3c7d further elementor-widget elementor-widget-text-editor\" data-id=\"590d3c7d\" data-element_type=\"widget\" data-widget_type=\"text-editor.default\">\n\t\t\t\t<div class=\"elementor-widget-container\">\n\t\t\t\t\t\t\t\t\t<h3>POUR APPROFONDIR SEUL &#8211; OU MIEUX &#8211; EN PETITS GROUPES<\/h3><p>Voici quelques questions pour vous aider \u00e0 approfondir cet enseignement seul ou en petit groupe :<\/p><p>1. Etes-vous d&rsquo;accord avec la fa\u00e7on dont sont caract\u00e9ris\u00e9s dans cet article les postures du\u00a0 \u00ab\u00a0serpent\u00a0\u00bb\u00a0 et de la \u00ab\u00a0colombe\u00a0\u00bb dans notre vie chr\u00e9tienne. Auriez-vous d&rsquo;autres caract\u00e9ristiques \u00e0 leur ajouter ?\u00a0<\/p><p>2. D&rsquo;une fa\u00e7on g\u00e9n\u00e9rale, dans votre vie professionnelle, \u00eates-vous plut\u00f4t \u00ab\u00a0serpent\u00a0\u00bb ou \u00ab\u00a0colombe\u00a0\u00bb ?\u00a0 \u00a0Qu&rsquo;est-ce qui vous permet de le dire ?\u00a0<\/p><p>3. Si vous \u00eates \u00ab\u00a0serpent\u00a0\u00bb, capable de d\u00e9celer les motifs cach\u00e9s, les enjeux des diff\u00e9rentes situations, de\u00a0 quoi cela vous a-t-il prot\u00e9g\u00e9 ? A quel combat sp\u00e9cifique cela vous a-t-il engag\u00e9 pour faire \u00e9merger la transparence et la v\u00e9rit\u00e9\u00a0 ?\u00a0 \u00a0<\/p><p>4. Si vous \u00eates \u00ab\u00a0colombe\u00a0\u00bb , choisissant de mener les combats par la pri\u00e8re et laissant \u00e0 Dieu le choix des armes, quelles d\u00e9livrances avez-vous exp\u00e9riment\u00e9es ? Racontez comment Dieu a transform\u00e9 des situations compliqu\u00e9es pour faire valoir votre droit ?\u00a0\u00a0<\/p><p>5. Pourquoi est-il important d&rsquo;\u00eatre \u00e0 la fois \u00ab\u00a0serpent \u00a0\u00bb et \u00ab\u00a0colombe\u00a0\u00bb ? Que manque-t-il quand nous ne sommes que l&rsquo;un des deux ?\u00a0<\/p><h4>Pri\u00e8re\u00a0<\/h4><p>Remerciez le Seigneur pour les comportements dont Il vous a d\u00e9j\u00e0 \u00e9quip\u00e9\/e pour rayonner de Sa pr\u00e9sence dans votre lieu de travail. Remerciez- le pour tout ce qu&rsquo;Il vous a montr\u00e9 ou toutes les fois o\u00f9 Il est intervenu d&rsquo;une fa\u00e7on tangible suite \u00e0 la pri\u00e8re.\u00a0<\/p><p>Demandez au Seigneur de faire de vous, <strong>\u00e0 la fois<\/strong>,\u00a0 un serpent et une colombe afin de pouvoir vivre comme des enfants du Royaume qui rayonnent de Lui dans vos situations de travail.\u00a0\u00a0<\/p>\t\t\t\t\t\t\t\t<\/div>\n\t\t\t\t<\/div>\n\t\t\t\t\t<\/div>\n\t\t<\/div>\n\t\t\t\t\t<\/div>\n\t\t<\/section>\n\t\t\t\t<\/div>\n\t\t","protected":false},"excerpt":{"rendered":"<p>\u00ab Voici je vous envoie comme des brebis au milieu des loups ; soyez donc rus\u00e9s comme les serpents et candides comme les colombes. \u00bb Matthieu 10:16 Cela pourrait ressembler [&hellip;]<\/p>\n","protected":false},"author":14333,"featured_media":1770,"comment_status":"open","ping_status":"closed","sticky":false,"template":"","format":"quote","meta":{"site-sidebar-layout":"default","site-content-layout":"default","ast-site-content-layout":"default","site-content-style":"default","site-sidebar-style":"default","ast-global-header-display":"","ast-banner-title-visibility":"","ast-main-header-display":"","ast-hfb-above-header-display":"","ast-hfb-below-header-display":"","ast-hfb-mobile-header-display":"","site-post-title":"","ast-breadcrumbs-content":"","ast-featured-img":"","footer-sml-layout":"","ast-disable-related-posts":"","theme-transparent-header-meta":"default","adv-header-id-meta":"","stick-header-meta":"","header-above-stick-meta":"","header-main-stick-meta":"","header-below-stick-meta":"","astra-migrate-meta-layouts":"set","ast-page-background-enabled":"default","ast-page-background-meta":{"desktop":{"background-color":"","background-image":"","background-repeat":"repeat","background-position":"center center","background-size":"auto","background-attachment":"scroll","background-type":"","background-media":"","overlay-type":"","overlay-color":"","overlay-opacity":"","overlay-gradient":""},"tablet":{"background-color":"","background-image":"","background-repeat":"repeat","background-position":"center center","background-size":"auto","background-attachment":"scroll","background-type":"","background-media":"","overlay-type":"","overlay-color":"","overlay-opacity":"","overlay-gradient":""},"mobile":{"background-color":"","background-image":"","background-repeat":"repeat","background-position":"center center","background-size":"auto","background-attachment":"scroll","background-type":"","background-media":"","overlay-type":"","overlay-color":"","overlay-opacity":"","overlay-gradient":""}},"ast-content-background-meta":{"desktop":{"background-color":"var(--ast-global-color-5)","background-image":"","background-repeat":"repeat","background-position":"center center","background-size":"auto","background-attachment":"scroll","background-type":"","background-media":"","overlay-type":"","overlay-color":"","overlay-opacity":"","overlay-gradient":""},"tablet":{"background-color":"var(--ast-global-color-5)","background-image":"","background-repeat":"repeat","background-position":"center center","background-size":"auto","background-attachment":"scroll","background-type":"","background-media":"","overlay-type":"","overlay-color":"","overlay-opacity":"","overlay-gradient":""},"mobile":{"background-color":"var(--ast-global-color-5)","background-image":"","background-repeat":"repeat","background-position":"center center","background-size":"auto","background-attachment":"scroll","background-type":"","background-media":"","overlay-type":"","overlay-color":"","overlay-opacity":"","overlay-gradient":""}},"footnotes":""},"categories":[9],"tags":[18,29,32,50,67,68,77,87],"class_list":["post-1767","post","type-post","status-publish","format-quote","has-post-thumbnail","hentry","category-penser-mon-travail","tag-armes","tag-colombe","tag-comportement","tag-ethique","tag-matthieu-1016","tag-meditation","tag-priere","tag-serpent","post_format-post-format-quote"],"yoast_head":"<!-- This site is optimized with the Yoast SEO plugin v26.7 - https:\/\/yoast.com\/wordpress\/plugins\/seo\/ -->\n<title>Le serpent et la colombe - C-PROACTIF<\/title>\n<meta name=\"description\" content=\"Comment \u00eatre \u00e0 la fois, &quot;serpent&quot; et &quot;colombe&quot; sur nos lieux de travail ? Il s&#039;agit d&#039;un mixage difficile que seul le Saint-Esprit peut nous aider \u00e0 vivre.\" \/>\n<meta name=\"robots\" content=\"noindex, follow, max-snippet:-1, max-image-preview:large, max-video-preview:-1\" \/>\n<meta property=\"og:locale\" content=\"fr_FR\" \/>\n<meta property=\"og:type\" content=\"article\" \/>\n<meta property=\"og:title\" content=\"Le serpent et la colombe - C-PROACTIF\" \/>\n<meta property=\"og:description\" content=\"Comment \u00eatre \u00e0 la fois, &quot;serpent&quot; et &quot;colombe&quot; sur nos lieux de travail ? Il s&#039;agit d&#039;un mixage difficile que seul le Saint-Esprit peut nous aider \u00e0 vivre.\" \/>\n<meta property=\"og:url\" content=\"https:\/\/wp-sites.ccci.org\/c-proactif\/mat10-16\/\" \/>\n<meta property=\"og:site_name\" content=\"C-PROACTIF\" \/>\n<meta property=\"article:published_time\" content=\"2019-12-06T10:27:38+00:00\" \/>\n<meta property=\"article:modified_time\" content=\"2023-12-22T12:21:50+00:00\" \/>\n<meta property=\"og:image\" content=\"https:\/\/wp-sites.ccci.org\/c-proactif\/wp-content\/uploads\/sites\/393\/2019\/12\/isolated-1712770_1280.png\" \/>\n\t<meta property=\"og:image:width\" content=\"1280\" \/>\n\t<meta property=\"og:image:height\" content=\"1024\" \/>\n\t<meta property=\"og:image:type\" content=\"image\/png\" \/>\n<meta name=\"author\" content=\"Anne-Marie HUSSON\" \/>\n<meta name=\"twitter:card\" content=\"summary_large_image\" \/>\n<meta name=\"twitter:label1\" content=\"\u00c9crit par\" \/>\n\t<meta name=\"twitter:data1\" content=\"Anne-Marie HUSSON\" \/>\n\t<meta name=\"twitter:label2\" content=\"Dur\u00e9e de lecture estim\u00e9e\" \/>\n\t<meta name=\"twitter:data2\" content=\"5 minutes\" \/>\n<script type=\"application\/ld+json\" class=\"yoast-schema-graph\">{\"@context\":\"https:\/\/schema.org\",\"@graph\":[{\"@type\":\"Article\",\"@id\":\"https:\/\/wp-sites.ccci.org\/c-proactif\/mat10-16\/#article\",\"isPartOf\":{\"@id\":\"https:\/\/wp-sites.ccci.org\/c-proactif\/mat10-16\/\"},\"author\":{\"name\":\"Anne-Marie HUSSON\",\"@id\":\"https:\/\/wp-sites.ccci.org\/c-proactif\/#\/schema\/person\/31baa806e67e95311c4c17fad287a4d2\"},\"headline\":\"Le serpent et la colombe\",\"datePublished\":\"2019-12-06T10:27:38+00:00\",\"dateModified\":\"2023-12-22T12:21:50+00:00\",\"mainEntityOfPage\":{\"@id\":\"https:\/\/wp-sites.ccci.org\/c-proactif\/mat10-16\/\"},\"wordCount\":1005,\"commentCount\":0,\"publisher\":{\"@id\":\"https:\/\/wp-sites.ccci.org\/c-proactif\/#organization\"},\"image\":{\"@id\":\"https:\/\/wp-sites.ccci.org\/c-proactif\/mat10-16\/#primaryimage\"},\"thumbnailUrl\":\"https:\/\/wp-sites.ccci.org\/c-proactif\/wp-content\/uploads\/sites\/393\/2019\/12\/isolated-1712770_1280.png\",\"keywords\":[\"armes\",\"colombe\",\"comportement\",\"\u00e9thique\",\"Matthieu 10:16\",\"m\u00e9ditation\",\"pri\u00e8re\",\"serpent\"],\"articleSection\":[\"Penser mon travail\"],\"inLanguage\":\"fr-FR\",\"potentialAction\":[{\"@type\":\"CommentAction\",\"name\":\"Comment\",\"target\":[\"https:\/\/wp-sites.ccci.org\/c-proactif\/mat10-16\/#respond\"]}]},{\"@type\":\"WebPage\",\"@id\":\"https:\/\/wp-sites.ccci.org\/c-proactif\/mat10-16\/\",\"url\":\"https:\/\/wp-sites.ccci.org\/c-proactif\/mat10-16\/\",\"name\":\"Le serpent et la colombe - C-PROACTIF\",\"isPartOf\":{\"@id\":\"https:\/\/wp-sites.ccci.org\/c-proactif\/#website\"},\"primaryImageOfPage\":{\"@id\":\"https:\/\/wp-sites.ccci.org\/c-proactif\/mat10-16\/#primaryimage\"},\"image\":{\"@id\":\"https:\/\/wp-sites.ccci.org\/c-proactif\/mat10-16\/#primaryimage\"},\"thumbnailUrl\":\"https:\/\/wp-sites.ccci.org\/c-proactif\/wp-content\/uploads\/sites\/393\/2019\/12\/isolated-1712770_1280.png\",\"datePublished\":\"2019-12-06T10:27:38+00:00\",\"dateModified\":\"2023-12-22T12:21:50+00:00\",\"description\":\"Comment \u00eatre \u00e0 la fois, \\\"serpent\\\" et \\\"colombe\\\" sur nos lieux de travail ? Il s'agit d'un mixage difficile que seul le Saint-Esprit peut nous aider \u00e0 vivre.\",\"breadcrumb\":{\"@id\":\"https:\/\/wp-sites.ccci.org\/c-proactif\/mat10-16\/#breadcrumb\"},\"inLanguage\":\"fr-FR\",\"potentialAction\":[{\"@type\":\"ReadAction\",\"target\":[\"https:\/\/wp-sites.ccci.org\/c-proactif\/mat10-16\/\"]}]},{\"@type\":\"ImageObject\",\"inLanguage\":\"fr-FR\",\"@id\":\"https:\/\/wp-sites.ccci.org\/c-proactif\/mat10-16\/#primaryimage\",\"url\":\"https:\/\/wp-sites.ccci.org\/c-proactif\/wp-content\/uploads\/sites\/393\/2019\/12\/isolated-1712770_1280.png\",\"contentUrl\":\"https:\/\/wp-sites.ccci.org\/c-proactif\/wp-content\/uploads\/sites\/393\/2019\/12\/isolated-1712770_1280.png\",\"width\":1280,\"height\":1024,\"caption\":\"colombe\"},{\"@type\":\"BreadcrumbList\",\"@id\":\"https:\/\/wp-sites.ccci.org\/c-proactif\/mat10-16\/#breadcrumb\",\"itemListElement\":[{\"@type\":\"ListItem\",\"position\":1,\"name\":\"Accueil\",\"item\":\"https:\/\/wp-sites.ccci.org\/c-proactif\/\"},{\"@type\":\"ListItem\",\"position\":2,\"name\":\"Penser mon travail\",\"item\":\"https:\/\/wp-sites.ccci.org\/c-proactif\/theme\/penser-mon-travail\/\"},{\"@type\":\"ListItem\",\"position\":3,\"name\":\"Le serpent et la colombe\"}]},{\"@type\":\"WebSite\",\"@id\":\"https:\/\/wp-sites.ccci.org\/c-proactif\/#website\",\"url\":\"https:\/\/wp-sites.ccci.org\/c-proactif\/\",\"name\":\"C-PROACTIF\",\"description\":\"R\u00e9seau professionnel chr\u00e9tien\",\"publisher\":{\"@id\":\"https:\/\/wp-sites.ccci.org\/c-proactif\/#organization\"},\"potentialAction\":[{\"@type\":\"SearchAction\",\"target\":{\"@type\":\"EntryPoint\",\"urlTemplate\":\"https:\/\/wp-sites.ccci.org\/c-proactif\/?s={search_term_string}\"},\"query-input\":{\"@type\":\"PropertyValueSpecification\",\"valueRequired\":true,\"valueName\":\"search_term_string\"}}],\"inLanguage\":\"fr-FR\"},{\"@type\":\"Organization\",\"@id\":\"https:\/\/wp-sites.ccci.org\/c-proactif\/#organization\",\"name\":\"C-PROACTIF\",\"url\":\"https:\/\/wp-sites.ccci.org\/c-proactif\/\",\"logo\":{\"@type\":\"ImageObject\",\"inLanguage\":\"fr-FR\",\"@id\":\"https:\/\/wp-sites.ccci.org\/c-proactif\/#\/schema\/logo\/image\/\",\"url\":\"https:\/\/wp-sites.ccci.org\/c-proactif\/wp-content\/uploads\/sites\/393\/2021\/05\/logo-baseline-blanc-300.png\",\"contentUrl\":\"https:\/\/wp-sites.ccci.org\/c-proactif\/wp-content\/uploads\/sites\/393\/2021\/05\/logo-baseline-blanc-300.png\",\"width\":300,\"height\":113,\"caption\":\"C-PROACTIF\"},\"image\":{\"@id\":\"https:\/\/wp-sites.ccci.org\/c-proactif\/#\/schema\/logo\/image\/\"}},{\"@type\":\"Person\",\"@id\":\"https:\/\/wp-sites.ccci.org\/c-proactif\/#\/schema\/person\/31baa806e67e95311c4c17fad287a4d2\",\"name\":\"Anne-Marie HUSSON\",\"image\":{\"@type\":\"ImageObject\",\"inLanguage\":\"fr-FR\",\"@id\":\"https:\/\/wp-sites.ccci.org\/c-proactif\/#\/schema\/person\/image\/\",\"url\":\"https:\/\/secure.gravatar.com\/avatar\/8610b2dea99ccb68a80717332fcf6000967063200f783c057fb3812ac2517470?s=96&d=mm&r=g\",\"contentUrl\":\"https:\/\/secure.gravatar.com\/avatar\/8610b2dea99ccb68a80717332fcf6000967063200f783c057fb3812ac2517470?s=96&d=mm&r=g\",\"caption\":\"Anne-Marie HUSSON\"},\"description\":\"D\u00e9l\u00e9gu\u00e9e fran\u00e7aise au Forum Mondial du travail du Comit\u00e9 de Lausanne. Consultante ind\u00e9pendante en strat\u00e9gie et innovation de la formation professionnelle. 22 ans de minist\u00e8re au sein d\u2019AGAPE FRANCE, Chef de projet e-learning au sein de diverses institutions (CCI et Universit\u00e9)\"}]}<\/script>\n<!-- \/ Yoast SEO plugin. -->","yoast_head_json":{"title":"Le serpent et la colombe - C-PROACTIF","description":"Comment \u00eatre \u00e0 la fois, \"serpent\" et \"colombe\" sur nos lieux de travail ? Il s'agit d'un mixage difficile que seul le Saint-Esprit peut nous aider \u00e0 vivre.","robots":{"index":"noindex","follow":"follow","max-snippet":"max-snippet:-1","max-image-preview":"max-image-preview:large","max-video-preview":"max-video-preview:-1"},"og_locale":"fr_FR","og_type":"article","og_title":"Le serpent et la colombe - C-PROACTIF","og_description":"Comment \u00eatre \u00e0 la fois, \"serpent\" et \"colombe\" sur nos lieux de travail ? Il s'agit d'un mixage difficile que seul le Saint-Esprit peut nous aider \u00e0 vivre.","og_url":"https:\/\/wp-sites.ccci.org\/c-proactif\/mat10-16\/","og_site_name":"C-PROACTIF","article_published_time":"2019-12-06T10:27:38+00:00","article_modified_time":"2023-12-22T12:21:50+00:00","og_image":[{"width":1280,"height":1024,"url":"https:\/\/wp-sites.ccci.org\/c-proactif\/wp-content\/uploads\/sites\/393\/2019\/12\/isolated-1712770_1280.png","type":"image\/png"}],"author":"Anne-Marie HUSSON","twitter_card":"summary_large_image","twitter_misc":{"\u00c9crit par":"Anne-Marie HUSSON","Dur\u00e9e de lecture estim\u00e9e":"5 minutes"},"schema":{"@context":"https:\/\/schema.org","@graph":[{"@type":"Article","@id":"https:\/\/wp-sites.ccci.org\/c-proactif\/mat10-16\/#article","isPartOf":{"@id":"https:\/\/wp-sites.ccci.org\/c-proactif\/mat10-16\/"},"author":{"name":"Anne-Marie HUSSON","@id":"https:\/\/wp-sites.ccci.org\/c-proactif\/#\/schema\/person\/31baa806e67e95311c4c17fad287a4d2"},"headline":"Le serpent et la colombe","datePublished":"2019-12-06T10:27:38+00:00","dateModified":"2023-12-22T12:21:50+00:00","mainEntityOfPage":{"@id":"https:\/\/wp-sites.ccci.org\/c-proactif\/mat10-16\/"},"wordCount":1005,"commentCount":0,"publisher":{"@id":"https:\/\/wp-sites.ccci.org\/c-proactif\/#organization"},"image":{"@id":"https:\/\/wp-sites.ccci.org\/c-proactif\/mat10-16\/#primaryimage"},"thumbnailUrl":"https:\/\/wp-sites.ccci.org\/c-proactif\/wp-content\/uploads\/sites\/393\/2019\/12\/isolated-1712770_1280.png","keywords":["armes","colombe","comportement","\u00e9thique","Matthieu 10:16","m\u00e9ditation","pri\u00e8re","serpent"],"articleSection":["Penser mon travail"],"inLanguage":"fr-FR","potentialAction":[{"@type":"CommentAction","name":"Comment","target":["https:\/\/wp-sites.ccci.org\/c-proactif\/mat10-16\/#respond"]}]},{"@type":"WebPage","@id":"https:\/\/wp-sites.ccci.org\/c-proactif\/mat10-16\/","url":"https:\/\/wp-sites.ccci.org\/c-proactif\/mat10-16\/","name":"Le serpent et la colombe - C-PROACTIF","isPartOf":{"@id":"https:\/\/wp-sites.ccci.org\/c-proactif\/#website"},"primaryImageOfPage":{"@id":"https:\/\/wp-sites.ccci.org\/c-proactif\/mat10-16\/#primaryimage"},"image":{"@id":"https:\/\/wp-sites.ccci.org\/c-proactif\/mat10-16\/#primaryimage"},"thumbnailUrl":"https:\/\/wp-sites.ccci.org\/c-proactif\/wp-content\/uploads\/sites\/393\/2019\/12\/isolated-1712770_1280.png","datePublished":"2019-12-06T10:27:38+00:00","dateModified":"2023-12-22T12:21:50+00:00","description":"Comment \u00eatre \u00e0 la fois, \"serpent\" et \"colombe\" sur nos lieux de travail ? Il s'agit d'un mixage difficile que seul le Saint-Esprit peut nous aider \u00e0 vivre.","breadcrumb":{"@id":"https:\/\/wp-sites.ccci.org\/c-proactif\/mat10-16\/#breadcrumb"},"inLanguage":"fr-FR","potentialAction":[{"@type":"ReadAction","target":["https:\/\/wp-sites.ccci.org\/c-proactif\/mat10-16\/"]}]},{"@type":"ImageObject","inLanguage":"fr-FR","@id":"https:\/\/wp-sites.ccci.org\/c-proactif\/mat10-16\/#primaryimage","url":"https:\/\/wp-sites.ccci.org\/c-proactif\/wp-content\/uploads\/sites\/393\/2019\/12\/isolated-1712770_1280.png","contentUrl":"https:\/\/wp-sites.ccci.org\/c-proactif\/wp-content\/uploads\/sites\/393\/2019\/12\/isolated-1712770_1280.png","width":1280,"height":1024,"caption":"colombe"},{"@type":"BreadcrumbList","@id":"https:\/\/wp-sites.ccci.org\/c-proactif\/mat10-16\/#breadcrumb","itemListElement":[{"@type":"ListItem","position":1,"name":"Accueil","item":"https:\/\/wp-sites.ccci.org\/c-proactif\/"},{"@type":"ListItem","position":2,"name":"Penser mon travail","item":"https:\/\/wp-sites.ccci.org\/c-proactif\/theme\/penser-mon-travail\/"},{"@type":"ListItem","position":3,"name":"Le serpent et la colombe"}]},{"@type":"WebSite","@id":"https:\/\/wp-sites.ccci.org\/c-proactif\/#website","url":"https:\/\/wp-sites.ccci.org\/c-proactif\/","name":"C-PROACTIF","description":"R\u00e9seau professionnel chr\u00e9tien","publisher":{"@id":"https:\/\/wp-sites.ccci.org\/c-proactif\/#organization"},"potentialAction":[{"@type":"SearchAction","target":{"@type":"EntryPoint","urlTemplate":"https:\/\/wp-sites.ccci.org\/c-proactif\/?s={search_term_string}"},"query-input":{"@type":"PropertyValueSpecification","valueRequired":true,"valueName":"search_term_string"}}],"inLanguage":"fr-FR"},{"@type":"Organization","@id":"https:\/\/wp-sites.ccci.org\/c-proactif\/#organization","name":"C-PROACTIF","url":"https:\/\/wp-sites.ccci.org\/c-proactif\/","logo":{"@type":"ImageObject","inLanguage":"fr-FR","@id":"https:\/\/wp-sites.ccci.org\/c-proactif\/#\/schema\/logo\/image\/","url":"https:\/\/wp-sites.ccci.org\/c-proactif\/wp-content\/uploads\/sites\/393\/2021\/05\/logo-baseline-blanc-300.png","contentUrl":"https:\/\/wp-sites.ccci.org\/c-proactif\/wp-content\/uploads\/sites\/393\/2021\/05\/logo-baseline-blanc-300.png","width":300,"height":113,"caption":"C-PROACTIF"},"image":{"@id":"https:\/\/wp-sites.ccci.org\/c-proactif\/#\/schema\/logo\/image\/"}},{"@type":"Person","@id":"https:\/\/wp-sites.ccci.org\/c-proactif\/#\/schema\/person\/31baa806e67e95311c4c17fad287a4d2","name":"Anne-Marie HUSSON","image":{"@type":"ImageObject","inLanguage":"fr-FR","@id":"https:\/\/wp-sites.ccci.org\/c-proactif\/#\/schema\/person\/image\/","url":"https:\/\/secure.gravatar.com\/avatar\/8610b2dea99ccb68a80717332fcf6000967063200f783c057fb3812ac2517470?s=96&d=mm&r=g","contentUrl":"https:\/\/secure.gravatar.com\/avatar\/8610b2dea99ccb68a80717332fcf6000967063200f783c057fb3812ac2517470?s=96&d=mm&r=g","caption":"Anne-Marie HUSSON"},"description":"D\u00e9l\u00e9gu\u00e9e fran\u00e7aise au Forum Mondial du travail du Comit\u00e9 de Lausanne. Consultante ind\u00e9pendante en strat\u00e9gie et innovation de la formation professionnelle. 22 ans de minist\u00e8re au sein d\u2019AGAPE FRANCE, Chef de projet e-learning au sein de diverses institutions (CCI et Universit\u00e9)"}]}},"jetpack_featured_media_url":"https:\/\/wp-sites.ccci.org\/c-proactif\/wp-content\/uploads\/sites\/393\/2019\/12\/isolated-1712770_1280.png","meta_box":[],"_links":{"self":[{"href":"https:\/\/wp-sites.ccci.org\/c-proactif\/wp-json\/wp\/v2\/posts\/1767","targetHints":{"allow":["GET"]}}],"collection":[{"href":"https:\/\/wp-sites.ccci.org\/c-proactif\/wp-json\/wp\/v2\/posts"}],"about":[{"href":"https:\/\/wp-sites.ccci.org\/c-proactif\/wp-json\/wp\/v2\/types\/post"}],"author":[{"embeddable":true,"href":"https:\/\/wp-sites.ccci.org\/c-proactif\/wp-json\/wp\/v2\/users\/14333"}],"replies":[{"embeddable":true,"href":"https:\/\/wp-sites.ccci.org\/c-proactif\/wp-json\/wp\/v2\/comments?post=1767"}],"version-history":[{"count":1,"href":"https:\/\/wp-sites.ccci.org\/c-proactif\/wp-json\/wp\/v2\/posts\/1767\/revisions"}],"predecessor-version":[{"id":13244,"href":"https:\/\/wp-sites.ccci.org\/c-proactif\/wp-json\/wp\/v2\/posts\/1767\/revisions\/13244"}],"wp:featuredmedia":[{"embeddable":true,"href":"https:\/\/wp-sites.ccci.org\/c-proactif\/wp-json\/wp\/v2\/media\/1770"}],"wp:attachment":[{"href":"https:\/\/wp-sites.ccci.org\/c-proactif\/wp-json\/wp\/v2\/media?parent=1767"}],"wp:term":[{"taxonomy":"category","embeddable":true,"href":"https:\/\/wp-sites.ccci.org\/c-proactif\/wp-json\/wp\/v2\/categories?post=1767"},{"taxonomy":"post_tag","embeddable":true,"href":"https:\/\/wp-sites.ccci.org\/c-proactif\/wp-json\/wp\/v2\/tags?post=1767"}],"curies":[{"name":"wp","href":"https:\/\/api.w.org\/{rel}","templated":true}]}}