{"id":1933,"date":"2020-02-07T10:47:19","date_gmt":"2020-02-07T09:47:19","guid":{"rendered":"https:\/\/c-proactif.org\/?p=1933"},"modified":"2023-12-22T13:30:01","modified_gmt":"2023-12-22T12:30:01","slug":"travail-restaure","status":"publish","type":"post","link":"https:\/\/wp-sites.ccci.org\/c-proactif\/travail-restaure\/","title":{"rendered":"Notre travail va-t-il nous suivre dans l&rsquo;\u00e9ternit\u00e9 ?"},"content":{"rendered":"\t\t<div data-elementor-type=\"wp-post\" data-elementor-id=\"1933\" class=\"elementor elementor-1933\" data-elementor-post-type=\"post\">\n\t\t\t\t\t\t<section data-particle_enable=\"false\" data-particle-mobile-disabled=\"false\" class=\"elementor-section elementor-top-section elementor-element elementor-element-ba35e25 elementor-section-boxed elementor-section-height-default elementor-section-height-default\" data-id=\"ba35e25\" data-element_type=\"section\">\n\t\t\t\t\t\t<div class=\"elementor-container elementor-column-gap-default\">\n\t\t\t\t\t<div class=\"elementor-column elementor-col-100 elementor-top-column elementor-element elementor-element-3657656d\" data-id=\"3657656d\" data-element_type=\"column\">\n\t\t\t<div class=\"elementor-widget-wrap elementor-element-populated\">\n\t\t\t\t\t\t<div class=\"elementor-element elementor-element-4b8b2aeb intro elementor-widget elementor-widget-text-editor\" data-id=\"4b8b2aeb\" data-element_type=\"widget\" data-widget_type=\"text-editor.default\">\n\t\t\t\t<div class=\"elementor-widget-container\">\n\t\t\t\t\t\t\t\t\t<p>Nous arrivons au terme de cette s\u00e9rie sur la doctrine biblique du travail. Mais celle-ci ne saurait \u00eatre compl\u00e8te sans une perspective de la fin ! <strong>Qu\u2019en sera-t-il du travail accompli ici-bas ? Tout sera-t-il d\u00e9truit ? oubli\u00e9 ? Ou au contraire, notre travail terrestre va-t-il nous suivre dans l&rsquo;\u00e9ternit\u00e9\u00a0 ? En d\u2019autres termes, en quoi notre travail d\u2019aujourd\u2019hui participe-t-il \u00e0 la construction du Royaume de Dieu ?<\/strong><\/p>\t\t\t\t\t\t\t\t<\/div>\n\t\t\t\t<\/div>\n\t\t\t\t\t<\/div>\n\t\t<\/div>\n\t\t\t\t\t<\/div>\n\t\t<\/section>\n\t\t\t\t<section data-particle_enable=\"false\" data-particle-mobile-disabled=\"false\" class=\"elementor-section elementor-top-section elementor-element elementor-element-6f4ffc99 elementor-section-boxed elementor-section-height-default elementor-section-height-default\" data-id=\"6f4ffc99\" data-element_type=\"section\">\n\t\t\t\t\t\t<div class=\"elementor-container elementor-column-gap-default\">\n\t\t\t\t\t<div class=\"elementor-column elementor-col-50 elementor-top-column elementor-element elementor-element-3c6162dd\" data-id=\"3c6162dd\" data-element_type=\"column\">\n\t\t\t<div class=\"elementor-widget-wrap elementor-element-populated\">\n\t\t\t\t\t\t<div class=\"elementor-element elementor-element-437c7c8f elementor-widget elementor-widget-text-editor\" data-id=\"437c7c8f\" data-element_type=\"widget\" data-widget_type=\"text-editor.default\">\n\t\t\t\t<div class=\"elementor-widget-container\">\n\t\t\t\t\t\t\t\t\t<p>Ces questions pourraient appara\u00eetre au premier abord, bien secondaires. Et pourtant ! Notre vie terrestre est un chemin. Tout itin\u00e9raire a un point de d\u00e9part et un point d\u2019arriv\u00e9e. Sans point d\u2019arriv\u00e9e, le chemin n\u2019est qu\u2019une errance. Il nous faut donc une vision juste de l\u2019arriv\u00e9e pour marcher dans la bonne direction ! <strong>D\u00e9couvrir que votre travail terrestre a quelque chose \u00e0 voir avec l&rsquo;\u00e9ternit\u00e9 du Royaume de Dieu va nous donner de l\u2019esp\u00e9rance et vous motiver \u00e0 lui offrir le meilleur de vous-m\u00eames au quotidien, comme une offrande \u00e0 Dieu et un service d\u2019amour pour les hommes.<\/strong><\/p>\t\t\t\t\t\t\t\t<\/div>\n\t\t\t\t<\/div>\n\t\t\t\t\t<\/div>\n\t\t<\/div>\n\t\t\t\t<div class=\"elementor-column elementor-col-50 elementor-top-column elementor-element elementor-element-420a912a\" data-id=\"420a912a\" data-element_type=\"column\">\n\t\t\t<div class=\"elementor-widget-wrap elementor-element-populated\">\n\t\t\t\t\t\t<div class=\"elementor-element elementor-element-6291cf2b elementor-widget elementor-widget-image\" data-id=\"6291cf2b\" data-element_type=\"widget\" data-widget_type=\"image.default\">\n\t\t\t\t<div class=\"elementor-widget-container\">\n\t\t\t\t\t\t\t\t\t\t\t\t\t\t\t<img decoding=\"async\" src=\"https:\/\/wp-sites.ccci.org\/c-proactif\/wp-content\/uploads\/sites\/393\/2019\/05\/workplace-1245776_1280-1024x682-1.jpg?w=1024\" title=\"workplace-1245776_1280-1024&#215;682\" alt=\"Coll\u00e8gues au bureau\" loading=\"lazy\" \/>\t\t\t\t\t\t\t\t\t\t\t\t\t\t\t<\/div>\n\t\t\t\t<\/div>\n\t\t\t\t\t<\/div>\n\t\t<\/div>\n\t\t\t\t\t<\/div>\n\t\t<\/section>\n\t\t<!-- dce invisible element 772cdee3 --><!-- dce invisible element 7e758fba --><!-- dce invisible element 3badaf5 -->\t\t<section data-particle_enable=\"false\" data-particle-mobile-disabled=\"false\" class=\"elementor-section elementor-top-section elementor-element elementor-element-4fefbc4 elementor-section-boxed elementor-section-height-default elementor-section-height-default\" data-id=\"4fefbc4\" data-element_type=\"section\">\n\t\t\t\t\t\t<div class=\"elementor-container elementor-column-gap-default\">\n\t\t\t\t\t<div class=\"elementor-column elementor-col-100 elementor-top-column elementor-element elementor-element-97e6d9a\" data-id=\"97e6d9a\" data-element_type=\"column\">\n\t\t\t<div class=\"elementor-widget-wrap elementor-element-populated\">\n\t\t\t\t\t\t<div class=\"elementor-element elementor-element-40f0863 elementor-widget elementor-widget-template\" data-id=\"40f0863\" data-element_type=\"widget\" data-widget_type=\"template.default\">\n\t\t\t\t<div class=\"elementor-widget-container\">\n\t\t\t\t\t\t\t<div class=\"elementor-template\">\n\t\t\t\t\t<div data-elementor-type=\"page\" data-elementor-id=\"11382\" class=\"elementor elementor-11382\" data-elementor-post-type=\"elementor_library\">\n\t\t\t\t\t\t<section data-particle_enable=\"false\" data-particle-mobile-disabled=\"false\" class=\"dce-visibility-event elementor-section elementor-top-section elementor-element elementor-element-5f1d670 elementor-section-boxed elementor-section-height-default elementor-section-height-default\" data-id=\"5f1d670\" data-element_type=\"section\" data-settings=\"{&quot;background_background&quot;:&quot;classic&quot;,&quot;enabled_visibility&quot;:&quot;yes&quot;,&quot;dce_visibility_selected&quot;:&quot;yes&quot;}\">\n\t\t\t\t\t\t<div class=\"elementor-container elementor-column-gap-default\">\n\t\t\t\t\t<div class=\"elementor-column elementor-col-100 elementor-top-column elementor-element elementor-element-ccfab59\" data-id=\"ccfab59\" data-element_type=\"column\">\n\t\t\t<div class=\"elementor-widget-wrap elementor-element-populated\">\n\t\t\t\t\t\t<div class=\"dce-visibility-event elementor-element elementor-element-4d15b3b elementor-widget elementor-widget-heading\" data-id=\"4d15b3b\" data-element_type=\"widget\" data-settings=\"{&quot;enabled_visibility&quot;:&quot;yes&quot;,&quot;dce_visibility_selected&quot;:&quot;yes&quot;}\" data-widget_type=\"heading.default\">\n\t\t\t\t<div class=\"elementor-widget-container\">\n\t\t\t\t\t<h2 class=\"elementor-heading-title elementor-size-default\">Pour lire la suite de l'article, deux options :<\/h2>\t\t\t\t<\/div>\n\t\t\t\t<\/div>\n\t\t\t\t\t<\/div>\n\t\t<\/div>\n\t\t\t\t\t<\/div>\n\t\t<\/section>\n\t\t\t\t<section data-particle_enable=\"false\" data-particle-mobile-disabled=\"false\" class=\"dce-visibility-event elementor-section elementor-top-section elementor-element elementor-element-12b7b246 elementor-section-content-middle elementor-section-boxed elementor-section-height-default elementor-section-height-default\" data-id=\"12b7b246\" data-element_type=\"section\" data-settings=\"{&quot;background_background&quot;:&quot;classic&quot;,&quot;enabled_visibility&quot;:&quot;yes&quot;,&quot;dce_visibility_selected&quot;:&quot;yes&quot;}\">\n\t\t\t\t\t\t<div class=\"elementor-container elementor-column-gap-default\">\n\t\t\t\t\t<div class=\"elementor-column elementor-col-50 elementor-top-column elementor-element elementor-element-f4ba864\" data-id=\"f4ba864\" data-element_type=\"column\" data-settings=\"{&quot;background_background&quot;:&quot;classic&quot;}\">\n\t\t\t<div class=\"elementor-widget-wrap elementor-element-populated\">\n\t\t\t\t\t\t<div class=\"elementor-element elementor-element-58779a6 elementor-position-right elementor-vertical-align-middle elementor-widget elementor-widget-image-box\" data-id=\"58779a6\" data-element_type=\"widget\" data-widget_type=\"image-box.default\">\n\t\t\t\t<div class=\"elementor-widget-container\">\n\t\t\t\t\t<div class=\"elementor-image-box-wrapper\"><figure class=\"elementor-image-box-img\"><a href=\"https:\/\/agapemedia.fr\/boutique\/ma-vie-professionnelle-une-aventure-de-foi\/\" target=\"_blank\" tabindex=\"-1\"><img fetchpriority=\"high\" decoding=\"async\" width=\"610\" height=\"894\" src=\"https:\/\/wp-sites.ccci.org\/c-proactif\/wp-content\/uploads\/sites\/393\/2022\/03\/Ma-vie-professionnelle-une-aventure-de-foi.jpg\" class=\"attachment-full size-full wp-image-9823\" alt=\"\" srcset=\"https:\/\/wp-sites.ccci.org\/c-proactif\/wp-content\/uploads\/sites\/393\/2022\/03\/Ma-vie-professionnelle-une-aventure-de-foi.jpg 610w, https:\/\/wp-sites.ccci.org\/c-proactif\/wp-content\/uploads\/sites\/393\/2022\/03\/Ma-vie-professionnelle-une-aventure-de-foi.jpg?resize=205,300 205w\" sizes=\"(max-width: 610px) 100vw, 610px\" \/><\/a><\/figure><div class=\"elementor-image-box-content\"><h3 class=\"elementor-image-box-title\"><a href=\"https:\/\/agapemedia.fr\/boutique\/ma-vie-professionnelle-une-aventure-de-foi\/\" target=\"_blank\">Tous les articles de la doctrine biblique du travail sont dans le livre \u00ab\u00a0Ma vie professionnelle, une aventure de foi\u00a0\u00bb<\/a><\/h3><p class=\"elementor-image-box-description\">Prix de vente\u00a0: 14\u00a0\u20ac<br>\n\u00c9ditions Farel (mars 2022)<\/p><\/div><\/div>\t\t\t\t<\/div>\n\t\t\t\t<\/div>\n\t\t\t\t<div class=\"elementor-element elementor-element-890f9ec elementor-align-center orange elementor-widget elementor-widget-button\" data-id=\"890f9ec\" data-element_type=\"widget\" data-widget_type=\"button.default\">\n\t\t\t\t<div class=\"elementor-widget-container\">\n\t\t\t\t\t\t\t\t\t<div class=\"elementor-button-wrapper\">\n\t\t\t\t\t<a class=\"elementor-button elementor-button-link elementor-size-sm\" href=\"https:\/\/agapemedia.fr\/boutique\/ma-vie-professionnelle-une-aventure-de-foi\/\" target=\"_blank\">\n\t\t\t\t\t\t<span class=\"elementor-button-content-wrapper\">\n\t\t\t\t\t\t\t\t\t<span class=\"elementor-button-text\">Acheter le livre<\/span>\n\t\t\t\t\t<\/span>\n\t\t\t\t\t<\/a>\n\t\t\t\t<\/div>\n\t\t\t\t\t\t\t\t<\/div>\n\t\t\t\t<\/div>\n\t\t\t\t\t<\/div>\n\t\t<\/div>\n\t\t\t\t<div class=\"elementor-column elementor-col-50 elementor-top-column elementor-element elementor-element-1d4642f7\" data-id=\"1d4642f7\" data-element_type=\"column\" data-settings=\"{&quot;background_background&quot;:&quot;classic&quot;}\">\n\t\t\t<div class=\"elementor-widget-wrap elementor-element-populated\">\n\t\t\t\t\t\t<div class=\"elementor-element elementor-element-3f047730 elementor-align-center orange elementor-widget elementor-widget-login-button\" data-id=\"3f047730\" data-element_type=\"widget\" data-widget_type=\"login-button.default\">\n\t\t\t\t<div class=\"elementor-widget-container\">\n\t\t\t\t\t\t\t<div class=\"elementor-button-wrapper\">\n\t\t\t<a href=\"https:\/\/wp-sites.ccci.org\/c-proactif\/wp-login.php?redirect_to=https%3A%2F%2Fwp-sites.ccci.org%2Fc-proactif%2Ftravail-restaure%2F&#038;fromURI=https%3A%2F%2Fwp-sites.ccci.org%2Fc-proactif%2Ftravail-restaure%2F\" class=\"elementor-button-link elementor-button\" role=\"button\">\n\t\t\t\t\t\t<span class=\"elementor-button-content-wrapper\">\n\t\t\t\t\t\t\t\t\t<span class=\"elementor-button-text\">Devenir membre<\/span>\n\t\t\t\t\t<\/span>\n\t\t\t\t\t<\/a>\n\t\t<\/div>\n\t\t\t\t\t\t<\/div>\n\t\t\t\t<\/div>\n\t\t\t\t<div class=\"elementor-element elementor-element-6d695a7f enum-fa elementor-widget elementor-widget-text-editor\" data-id=\"6d695a7f\" data-element_type=\"widget\" data-widget_type=\"text-editor.default\">\n\t\t\t\t<div class=\"elementor-widget-container\">\n\t\t\t\t\t\t\t\t\t<p style=\"margin-left: 20px; margin-bottom:10px\">Avantages :<\/p>\n<ul style=\"font-size:14px\">\n \t<li><i class=\"fas fa-check\" aria-hidden=\"true\"><\/i>Acc\u00e8s illimit\u00e9 \u00e0 tous les articles de la s\u00e9rie <em>Doctrine biblique du travail<\/em><\/li>\n \t<li><i class=\"fas fa-check\" aria-hidden=\"true\"><\/i>Acc\u00e8s privil\u00e9gi\u00e9 \u00e0 des ressources de formation<\/li>\n<\/ul>\t\t\t\t\t\t\t\t<\/div>\n\t\t\t\t<\/div>\n\t\t\t\t<div class=\"elementor-element elementor-element-afef7f0 elementor-align-center elementor-widget elementor-widget-login-button\" data-id=\"afef7f0\" data-element_type=\"widget\" data-widget_type=\"login-button.default\">\n\t\t\t\t<div class=\"elementor-widget-container\">\n\t\t\t\t\t\t\t<div class=\"elementor-button-wrapper\">\n\t\t\t<a href=\"https:\/\/wp-sites.ccci.org\/c-proactif\/wp-login.php?redirect_to=https%3A%2F%2Fwp-sites.ccci.org%2Fc-proactif%2Ftravail-restaure%2F&#038;fromURI=https%3A%2F%2Fwp-sites.ccci.org%2Fc-proactif%2Ftravail-restaure%2F\" class=\"elementor-button-link elementor-button\" role=\"button\">\n\t\t\t\t\t\t<span class=\"elementor-button-content-wrapper\">\n\t\t\t\t\t\t\t\t\t<span class=\"elementor-button-text\">D\u00e9j\u00e0 membre ? Se connecter<\/span>\n\t\t\t\t\t<\/span>\n\t\t\t\t\t<\/a>\n\t\t<\/div>\n\t\t\t\t\t\t<\/div>\n\t\t\t\t<\/div>\n\t\t\t\t\t<\/div>\n\t\t<\/div>\n\t\t\t\t\t<\/div>\n\t\t<\/section>\n\t\t<!-- dce invisible element 21390600 -->\t\t<\/div>\n\t\t\t\t<\/div>\n\t\t\t\t\t\t<\/div>\n\t\t\t\t<\/div>\n\t\t\t\t\t<\/div>\n\t\t<\/div>\n\t\t\t\t\t<\/div>\n\t\t<\/section>\n\t\t\t\t<\/div>\n\t\t","protected":false},"excerpt":{"rendered":"<p>Nous arrivons au terme de cette s\u00e9rie sur la doctrine biblique du travail. Mais celle-ci ne saurait \u00eatre compl\u00e8te sans une perspective de la fin ! Qu\u2019en sera-t-il du travail [&hellip;]<\/p>\n","protected":false},"author":14333,"featured_media":147,"comment_status":"open","ping_status":"closed","sticky":false,"template":"","format":"quote","meta":{"site-sidebar-layout":"default","site-content-layout":"","ast-site-content-layout":"default","site-content-style":"default","site-sidebar-style":"default","ast-global-header-display":"","ast-banner-title-visibility":"","ast-main-header-display":"","ast-hfb-above-header-display":"","ast-hfb-below-header-display":"","ast-hfb-mobile-header-display":"","site-post-title":"","ast-breadcrumbs-content":"","ast-featured-img":"","footer-sml-layout":"","ast-disable-related-posts":"","theme-transparent-header-meta":"","adv-header-id-meta":"","stick-header-meta":"","header-above-stick-meta":"","header-main-stick-meta":"","header-below-stick-meta":"","astra-migrate-meta-layouts":"default","ast-page-background-enabled":"default","ast-page-background-meta":{"desktop":{"background-color":"","background-image":"","background-repeat":"repeat","background-position":"center center","background-size":"auto","background-attachment":"scroll","background-type":"","background-media":"","overlay-type":"","overlay-color":"","overlay-opacity":"","overlay-gradient":""},"tablet":{"background-color":"","background-image":"","background-repeat":"repeat","background-position":"center center","background-size":"auto","background-attachment":"scroll","background-type":"","background-media":"","overlay-type":"","overlay-color":"","overlay-opacity":"","overlay-gradient":""},"mobile":{"background-color":"","background-image":"","background-repeat":"repeat","background-position":"center center","background-size":"auto","background-attachment":"scroll","background-type":"","background-media":"","overlay-type":"","overlay-color":"","overlay-opacity":"","overlay-gradient":""}},"ast-content-background-meta":{"desktop":{"background-color":"var(--ast-global-color-5)","background-image":"","background-repeat":"repeat","background-position":"center center","background-size":"auto","background-attachment":"scroll","background-type":"","background-media":"","overlay-type":"","overlay-color":"","overlay-opacity":"","overlay-gradient":""},"tablet":{"background-color":"var(--ast-global-color-5)","background-image":"","background-repeat":"repeat","background-position":"center center","background-size":"auto","background-attachment":"scroll","background-type":"","background-media":"","overlay-type":"","overlay-color":"","overlay-opacity":"","overlay-gradient":""},"mobile":{"background-color":"var(--ast-global-color-5)","background-image":"","background-repeat":"repeat","background-position":"center center","background-size":"auto","background-attachment":"scroll","background-type":"","background-media":"","overlay-type":"","overlay-color":"","overlay-opacity":"","overlay-gradient":""}},"footnotes":""},"categories":[2,5],"tags":[42,66,79,80,81],"class_list":["post-1933","post","type-post","status-publish","format-quote","has-post-thumbnail","hentry","category-doctrine-biblique-du-travail","category-4-travail-glorifie","tag-doctrine","tag-mandat","tag-restauration","tag-royaume","tag-saint-esprit","post_format-post-format-quote"],"yoast_head":"<!-- This site is optimized with the Yoast SEO plugin v26.7 - https:\/\/yoast.com\/wordpress\/plugins\/seo\/ -->\n<title>Notre travail va-t-il nous suivre dans l&#039;\u00e9ternit\u00e9 ? - C-PROACTIF<\/title>\n<meta name=\"description\" content=\"Notre travail terrestre comptera dans l&#039;\u00e9ternit\u00e9 et contribuera, apr\u00e8s avoir \u00e9t\u00e9 puifi\u00e9, \u00e0 construire la Nouvelle J\u00e9rusalem. Ne perdons donc pas courage !\" \/>\n<meta name=\"robots\" content=\"noindex, follow, max-snippet:-1, max-image-preview:large, max-video-preview:-1\" \/>\n<meta property=\"og:locale\" content=\"fr_FR\" \/>\n<meta property=\"og:type\" content=\"article\" \/>\n<meta property=\"og:title\" content=\"Notre travail va-t-il nous suivre dans l&#039;\u00e9ternit\u00e9 ? - C-PROACTIF\" \/>\n<meta property=\"og:description\" content=\"Notre travail terrestre comptera dans l&#039;\u00e9ternit\u00e9 et contribuera, apr\u00e8s avoir \u00e9t\u00e9 puifi\u00e9, \u00e0 construire la Nouvelle J\u00e9rusalem. Ne perdons donc pas courage !\" \/>\n<meta property=\"og:url\" content=\"https:\/\/wp-sites.ccci.org\/c-proactif\/travail-restaure\/\" \/>\n<meta property=\"og:site_name\" content=\"C-PROACTIF\" \/>\n<meta property=\"article:published_time\" content=\"2020-02-07T09:47:19+00:00\" \/>\n<meta property=\"article:modified_time\" content=\"2023-12-22T12:30:01+00:00\" \/>\n<meta property=\"og:image\" content=\"https:\/\/wp-sites.ccci.org\/c-proactif\/wp-content\/uploads\/sites\/393\/2019\/05\/workplace-1245776_1280-1024x682-1.jpg\" \/>\n\t<meta property=\"og:image:width\" content=\"1024\" \/>\n\t<meta property=\"og:image:height\" content=\"682\" \/>\n\t<meta property=\"og:image:type\" content=\"image\/jpeg\" \/>\n<meta name=\"author\" content=\"Anne-Marie HUSSON\" \/>\n<meta name=\"twitter:card\" content=\"summary_large_image\" \/>\n<meta name=\"twitter:label1\" content=\"\u00c9crit par\" \/>\n\t<meta name=\"twitter:data1\" content=\"Anne-Marie HUSSON\" \/>\n\t<meta name=\"twitter:label2\" content=\"Dur\u00e9e de lecture estim\u00e9e\" \/>\n\t<meta name=\"twitter:data2\" content=\"16 minutes\" \/>\n<script type=\"application\/ld+json\" class=\"yoast-schema-graph\">{\"@context\":\"https:\/\/schema.org\",\"@graph\":[{\"@type\":\"Article\",\"@id\":\"https:\/\/wp-sites.ccci.org\/c-proactif\/travail-restaure\/#article\",\"isPartOf\":{\"@id\":\"https:\/\/wp-sites.ccci.org\/c-proactif\/travail-restaure\/\"},\"author\":{\"name\":\"Anne-Marie HUSSON\",\"@id\":\"https:\/\/wp-sites.ccci.org\/c-proactif\/#\/schema\/person\/31baa806e67e95311c4c17fad287a4d2\"},\"headline\":\"Notre travail va-t-il nous suivre dans l&rsquo;\u00e9ternit\u00e9 ?\",\"datePublished\":\"2020-02-07T09:47:19+00:00\",\"dateModified\":\"2023-12-22T12:30:01+00:00\",\"mainEntityOfPage\":{\"@id\":\"https:\/\/wp-sites.ccci.org\/c-proactif\/travail-restaure\/\"},\"wordCount\":3070,\"commentCount\":0,\"publisher\":{\"@id\":\"https:\/\/wp-sites.ccci.org\/c-proactif\/#organization\"},\"image\":{\"@id\":\"https:\/\/wp-sites.ccci.org\/c-proactif\/travail-restaure\/#primaryimage\"},\"thumbnailUrl\":\"https:\/\/wp-sites.ccci.org\/c-proactif\/wp-content\/uploads\/sites\/393\/2019\/05\/workplace-1245776_1280-1024x682-1.jpg\",\"keywords\":[\"doctrine\",\"mandat\",\"restauration\",\"royaume\",\"Saint-Esprit\"],\"articleSection\":[\"Doctrine biblique du travail\",\"Le travail glorifi\u00e9\"],\"inLanguage\":\"fr-FR\",\"potentialAction\":[{\"@type\":\"CommentAction\",\"name\":\"Comment\",\"target\":[\"https:\/\/wp-sites.ccci.org\/c-proactif\/travail-restaure\/#respond\"]}]},{\"@type\":\"WebPage\",\"@id\":\"https:\/\/wp-sites.ccci.org\/c-proactif\/travail-restaure\/\",\"url\":\"https:\/\/wp-sites.ccci.org\/c-proactif\/travail-restaure\/\",\"name\":\"Notre travail va-t-il nous suivre dans l'\u00e9ternit\u00e9 ? - C-PROACTIF\",\"isPartOf\":{\"@id\":\"https:\/\/wp-sites.ccci.org\/c-proactif\/#website\"},\"primaryImageOfPage\":{\"@id\":\"https:\/\/wp-sites.ccci.org\/c-proactif\/travail-restaure\/#primaryimage\"},\"image\":{\"@id\":\"https:\/\/wp-sites.ccci.org\/c-proactif\/travail-restaure\/#primaryimage\"},\"thumbnailUrl\":\"https:\/\/wp-sites.ccci.org\/c-proactif\/wp-content\/uploads\/sites\/393\/2019\/05\/workplace-1245776_1280-1024x682-1.jpg\",\"datePublished\":\"2020-02-07T09:47:19+00:00\",\"dateModified\":\"2023-12-22T12:30:01+00:00\",\"description\":\"Notre travail terrestre comptera dans l'\u00e9ternit\u00e9 et contribuera, apr\u00e8s avoir \u00e9t\u00e9 puifi\u00e9, \u00e0 construire la Nouvelle J\u00e9rusalem. Ne perdons donc pas courage !\",\"breadcrumb\":{\"@id\":\"https:\/\/wp-sites.ccci.org\/c-proactif\/travail-restaure\/#breadcrumb\"},\"inLanguage\":\"fr-FR\",\"potentialAction\":[{\"@type\":\"ReadAction\",\"target\":[\"https:\/\/wp-sites.ccci.org\/c-proactif\/travail-restaure\/\"]}]},{\"@type\":\"ImageObject\",\"inLanguage\":\"fr-FR\",\"@id\":\"https:\/\/wp-sites.ccci.org\/c-proactif\/travail-restaure\/#primaryimage\",\"url\":\"https:\/\/wp-sites.ccci.org\/c-proactif\/wp-content\/uploads\/sites\/393\/2019\/05\/workplace-1245776_1280-1024x682-1.jpg\",\"contentUrl\":\"https:\/\/wp-sites.ccci.org\/c-proactif\/wp-content\/uploads\/sites\/393\/2019\/05\/workplace-1245776_1280-1024x682-1.jpg\",\"width\":1024,\"height\":682,\"caption\":\"Coll\u00e8gues au bureau\"},{\"@type\":\"BreadcrumbList\",\"@id\":\"https:\/\/wp-sites.ccci.org\/c-proactif\/travail-restaure\/#breadcrumb\",\"itemListElement\":[{\"@type\":\"ListItem\",\"position\":1,\"name\":\"Accueil\",\"item\":\"https:\/\/wp-sites.ccci.org\/c-proactif\/\"},{\"@type\":\"ListItem\",\"position\":2,\"name\":\"Doctrine biblique du travail\",\"item\":\"https:\/\/wp-sites.ccci.org\/c-proactif\/theme\/doctrine-biblique-du-travail\/\"},{\"@type\":\"ListItem\",\"position\":3,\"name\":\"Le travail glorifi\u00e9\",\"item\":\"https:\/\/wp-sites.ccci.org\/c-proactif\/theme\/doctrine-biblique-du-travail\/#4-travail-glorifie\/\"},{\"@type\":\"ListItem\",\"position\":4,\"name\":\"Notre travail va-t-il nous suivre dans l&rsquo;\u00e9ternit\u00e9 ?\"}]},{\"@type\":\"WebSite\",\"@id\":\"https:\/\/wp-sites.ccci.org\/c-proactif\/#website\",\"url\":\"https:\/\/wp-sites.ccci.org\/c-proactif\/\",\"name\":\"C-PROACTIF\",\"description\":\"R\u00e9seau professionnel chr\u00e9tien\",\"publisher\":{\"@id\":\"https:\/\/wp-sites.ccci.org\/c-proactif\/#organization\"},\"potentialAction\":[{\"@type\":\"SearchAction\",\"target\":{\"@type\":\"EntryPoint\",\"urlTemplate\":\"https:\/\/wp-sites.ccci.org\/c-proactif\/?s={search_term_string}\"},\"query-input\":{\"@type\":\"PropertyValueSpecification\",\"valueRequired\":true,\"valueName\":\"search_term_string\"}}],\"inLanguage\":\"fr-FR\"},{\"@type\":\"Organization\",\"@id\":\"https:\/\/wp-sites.ccci.org\/c-proactif\/#organization\",\"name\":\"C-PROACTIF\",\"url\":\"https:\/\/wp-sites.ccci.org\/c-proactif\/\",\"logo\":{\"@type\":\"ImageObject\",\"inLanguage\":\"fr-FR\",\"@id\":\"https:\/\/wp-sites.ccci.org\/c-proactif\/#\/schema\/logo\/image\/\",\"url\":\"https:\/\/wp-sites.ccci.org\/c-proactif\/wp-content\/uploads\/sites\/393\/2021\/05\/logo-baseline-blanc-300.png\",\"contentUrl\":\"https:\/\/wp-sites.ccci.org\/c-proactif\/wp-content\/uploads\/sites\/393\/2021\/05\/logo-baseline-blanc-300.png\",\"width\":300,\"height\":113,\"caption\":\"C-PROACTIF\"},\"image\":{\"@id\":\"https:\/\/wp-sites.ccci.org\/c-proactif\/#\/schema\/logo\/image\/\"}},{\"@type\":\"Person\",\"@id\":\"https:\/\/wp-sites.ccci.org\/c-proactif\/#\/schema\/person\/31baa806e67e95311c4c17fad287a4d2\",\"name\":\"Anne-Marie HUSSON\",\"image\":{\"@type\":\"ImageObject\",\"inLanguage\":\"fr-FR\",\"@id\":\"https:\/\/wp-sites.ccci.org\/c-proactif\/#\/schema\/person\/image\/\",\"url\":\"https:\/\/secure.gravatar.com\/avatar\/8610b2dea99ccb68a80717332fcf6000967063200f783c057fb3812ac2517470?s=96&d=mm&r=g\",\"contentUrl\":\"https:\/\/secure.gravatar.com\/avatar\/8610b2dea99ccb68a80717332fcf6000967063200f783c057fb3812ac2517470?s=96&d=mm&r=g\",\"caption\":\"Anne-Marie HUSSON\"},\"description\":\"D\u00e9l\u00e9gu\u00e9e fran\u00e7aise au Forum Mondial du travail du Comit\u00e9 de Lausanne. Consultante ind\u00e9pendante en strat\u00e9gie et innovation de la formation professionnelle. 22 ans de minist\u00e8re au sein d\u2019AGAPE FRANCE, Chef de projet e-learning au sein de diverses institutions (CCI et Universit\u00e9)\"}]}<\/script>\n<!-- \/ Yoast SEO plugin. -->","yoast_head_json":{"title":"Notre travail va-t-il nous suivre dans l'\u00e9ternit\u00e9 ? - C-PROACTIF","description":"Notre travail terrestre comptera dans l'\u00e9ternit\u00e9 et contribuera, apr\u00e8s avoir \u00e9t\u00e9 puifi\u00e9, \u00e0 construire la Nouvelle J\u00e9rusalem. Ne perdons donc pas courage !","robots":{"index":"noindex","follow":"follow","max-snippet":"max-snippet:-1","max-image-preview":"max-image-preview:large","max-video-preview":"max-video-preview:-1"},"og_locale":"fr_FR","og_type":"article","og_title":"Notre travail va-t-il nous suivre dans l'\u00e9ternit\u00e9 ? - C-PROACTIF","og_description":"Notre travail terrestre comptera dans l'\u00e9ternit\u00e9 et contribuera, apr\u00e8s avoir \u00e9t\u00e9 puifi\u00e9, \u00e0 construire la Nouvelle J\u00e9rusalem. Ne perdons donc pas courage !","og_url":"https:\/\/wp-sites.ccci.org\/c-proactif\/travail-restaure\/","og_site_name":"C-PROACTIF","article_published_time":"2020-02-07T09:47:19+00:00","article_modified_time":"2023-12-22T12:30:01+00:00","og_image":[{"width":1024,"height":682,"url":"https:\/\/wp-sites.ccci.org\/c-proactif\/wp-content\/uploads\/sites\/393\/2019\/05\/workplace-1245776_1280-1024x682-1.jpg","type":"image\/jpeg"}],"author":"Anne-Marie HUSSON","twitter_card":"summary_large_image","twitter_misc":{"\u00c9crit par":"Anne-Marie HUSSON","Dur\u00e9e de lecture estim\u00e9e":"16 minutes"},"schema":{"@context":"https:\/\/schema.org","@graph":[{"@type":"Article","@id":"https:\/\/wp-sites.ccci.org\/c-proactif\/travail-restaure\/#article","isPartOf":{"@id":"https:\/\/wp-sites.ccci.org\/c-proactif\/travail-restaure\/"},"author":{"name":"Anne-Marie HUSSON","@id":"https:\/\/wp-sites.ccci.org\/c-proactif\/#\/schema\/person\/31baa806e67e95311c4c17fad287a4d2"},"headline":"Notre travail va-t-il nous suivre dans l&rsquo;\u00e9ternit\u00e9 ?","datePublished":"2020-02-07T09:47:19+00:00","dateModified":"2023-12-22T12:30:01+00:00","mainEntityOfPage":{"@id":"https:\/\/wp-sites.ccci.org\/c-proactif\/travail-restaure\/"},"wordCount":3070,"commentCount":0,"publisher":{"@id":"https:\/\/wp-sites.ccci.org\/c-proactif\/#organization"},"image":{"@id":"https:\/\/wp-sites.ccci.org\/c-proactif\/travail-restaure\/#primaryimage"},"thumbnailUrl":"https:\/\/wp-sites.ccci.org\/c-proactif\/wp-content\/uploads\/sites\/393\/2019\/05\/workplace-1245776_1280-1024x682-1.jpg","keywords":["doctrine","mandat","restauration","royaume","Saint-Esprit"],"articleSection":["Doctrine biblique du travail","Le travail glorifi\u00e9"],"inLanguage":"fr-FR","potentialAction":[{"@type":"CommentAction","name":"Comment","target":["https:\/\/wp-sites.ccci.org\/c-proactif\/travail-restaure\/#respond"]}]},{"@type":"WebPage","@id":"https:\/\/wp-sites.ccci.org\/c-proactif\/travail-restaure\/","url":"https:\/\/wp-sites.ccci.org\/c-proactif\/travail-restaure\/","name":"Notre travail va-t-il nous suivre dans l'\u00e9ternit\u00e9 ? - C-PROACTIF","isPartOf":{"@id":"https:\/\/wp-sites.ccci.org\/c-proactif\/#website"},"primaryImageOfPage":{"@id":"https:\/\/wp-sites.ccci.org\/c-proactif\/travail-restaure\/#primaryimage"},"image":{"@id":"https:\/\/wp-sites.ccci.org\/c-proactif\/travail-restaure\/#primaryimage"},"thumbnailUrl":"https:\/\/wp-sites.ccci.org\/c-proactif\/wp-content\/uploads\/sites\/393\/2019\/05\/workplace-1245776_1280-1024x682-1.jpg","datePublished":"2020-02-07T09:47:19+00:00","dateModified":"2023-12-22T12:30:01+00:00","description":"Notre travail terrestre comptera dans l'\u00e9ternit\u00e9 et contribuera, apr\u00e8s avoir \u00e9t\u00e9 puifi\u00e9, \u00e0 construire la Nouvelle J\u00e9rusalem. Ne perdons donc pas courage !","breadcrumb":{"@id":"https:\/\/wp-sites.ccci.org\/c-proactif\/travail-restaure\/#breadcrumb"},"inLanguage":"fr-FR","potentialAction":[{"@type":"ReadAction","target":["https:\/\/wp-sites.ccci.org\/c-proactif\/travail-restaure\/"]}]},{"@type":"ImageObject","inLanguage":"fr-FR","@id":"https:\/\/wp-sites.ccci.org\/c-proactif\/travail-restaure\/#primaryimage","url":"https:\/\/wp-sites.ccci.org\/c-proactif\/wp-content\/uploads\/sites\/393\/2019\/05\/workplace-1245776_1280-1024x682-1.jpg","contentUrl":"https:\/\/wp-sites.ccci.org\/c-proactif\/wp-content\/uploads\/sites\/393\/2019\/05\/workplace-1245776_1280-1024x682-1.jpg","width":1024,"height":682,"caption":"Coll\u00e8gues au bureau"},{"@type":"BreadcrumbList","@id":"https:\/\/wp-sites.ccci.org\/c-proactif\/travail-restaure\/#breadcrumb","itemListElement":[{"@type":"ListItem","position":1,"name":"Accueil","item":"https:\/\/wp-sites.ccci.org\/c-proactif\/"},{"@type":"ListItem","position":2,"name":"Doctrine biblique du travail","item":"https:\/\/wp-sites.ccci.org\/c-proactif\/theme\/doctrine-biblique-du-travail\/"},{"@type":"ListItem","position":3,"name":"Le travail glorifi\u00e9","item":"https:\/\/wp-sites.ccci.org\/c-proactif\/theme\/doctrine-biblique-du-travail\/#4-travail-glorifie\/"},{"@type":"ListItem","position":4,"name":"Notre travail va-t-il nous suivre dans l&rsquo;\u00e9ternit\u00e9 ?"}]},{"@type":"WebSite","@id":"https:\/\/wp-sites.ccci.org\/c-proactif\/#website","url":"https:\/\/wp-sites.ccci.org\/c-proactif\/","name":"C-PROACTIF","description":"R\u00e9seau professionnel chr\u00e9tien","publisher":{"@id":"https:\/\/wp-sites.ccci.org\/c-proactif\/#organization"},"potentialAction":[{"@type":"SearchAction","target":{"@type":"EntryPoint","urlTemplate":"https:\/\/wp-sites.ccci.org\/c-proactif\/?s={search_term_string}"},"query-input":{"@type":"PropertyValueSpecification","valueRequired":true,"valueName":"search_term_string"}}],"inLanguage":"fr-FR"},{"@type":"Organization","@id":"https:\/\/wp-sites.ccci.org\/c-proactif\/#organization","name":"C-PROACTIF","url":"https:\/\/wp-sites.ccci.org\/c-proactif\/","logo":{"@type":"ImageObject","inLanguage":"fr-FR","@id":"https:\/\/wp-sites.ccci.org\/c-proactif\/#\/schema\/logo\/image\/","url":"https:\/\/wp-sites.ccci.org\/c-proactif\/wp-content\/uploads\/sites\/393\/2021\/05\/logo-baseline-blanc-300.png","contentUrl":"https:\/\/wp-sites.ccci.org\/c-proactif\/wp-content\/uploads\/sites\/393\/2021\/05\/logo-baseline-blanc-300.png","width":300,"height":113,"caption":"C-PROACTIF"},"image":{"@id":"https:\/\/wp-sites.ccci.org\/c-proactif\/#\/schema\/logo\/image\/"}},{"@type":"Person","@id":"https:\/\/wp-sites.ccci.org\/c-proactif\/#\/schema\/person\/31baa806e67e95311c4c17fad287a4d2","name":"Anne-Marie HUSSON","image":{"@type":"ImageObject","inLanguage":"fr-FR","@id":"https:\/\/wp-sites.ccci.org\/c-proactif\/#\/schema\/person\/image\/","url":"https:\/\/secure.gravatar.com\/avatar\/8610b2dea99ccb68a80717332fcf6000967063200f783c057fb3812ac2517470?s=96&d=mm&r=g","contentUrl":"https:\/\/secure.gravatar.com\/avatar\/8610b2dea99ccb68a80717332fcf6000967063200f783c057fb3812ac2517470?s=96&d=mm&r=g","caption":"Anne-Marie HUSSON"},"description":"D\u00e9l\u00e9gu\u00e9e fran\u00e7aise au Forum Mondial du travail du Comit\u00e9 de Lausanne. Consultante ind\u00e9pendante en strat\u00e9gie et innovation de la formation professionnelle. 22 ans de minist\u00e8re au sein d\u2019AGAPE FRANCE, Chef de projet e-learning au sein de diverses institutions (CCI et Universit\u00e9)"}]}},"jetpack_featured_media_url":"https:\/\/wp-sites.ccci.org\/c-proactif\/wp-content\/uploads\/sites\/393\/2019\/05\/workplace-1245776_1280-1024x682-1.jpg","meta_box":[],"_links":{"self":[{"href":"https:\/\/wp-sites.ccci.org\/c-proactif\/wp-json\/wp\/v2\/posts\/1933","targetHints":{"allow":["GET"]}}],"collection":[{"href":"https:\/\/wp-sites.ccci.org\/c-proactif\/wp-json\/wp\/v2\/posts"}],"about":[{"href":"https:\/\/wp-sites.ccci.org\/c-proactif\/wp-json\/wp\/v2\/types\/post"}],"author":[{"embeddable":true,"href":"https:\/\/wp-sites.ccci.org\/c-proactif\/wp-json\/wp\/v2\/users\/14333"}],"replies":[{"embeddable":true,"href":"https:\/\/wp-sites.ccci.org\/c-proactif\/wp-json\/wp\/v2\/comments?post=1933"}],"version-history":[{"count":10,"href":"https:\/\/wp-sites.ccci.org\/c-proactif\/wp-json\/wp\/v2\/posts\/1933\/revisions"}],"predecessor-version":[{"id":16501,"href":"https:\/\/wp-sites.ccci.org\/c-proactif\/wp-json\/wp\/v2\/posts\/1933\/revisions\/16501"}],"wp:featuredmedia":[{"embeddable":true,"href":"https:\/\/wp-sites.ccci.org\/c-proactif\/wp-json\/wp\/v2\/media\/147"}],"wp:attachment":[{"href":"https:\/\/wp-sites.ccci.org\/c-proactif\/wp-json\/wp\/v2\/media?parent=1933"}],"wp:term":[{"taxonomy":"category","embeddable":true,"href":"https:\/\/wp-sites.ccci.org\/c-proactif\/wp-json\/wp\/v2\/categories?post=1933"},{"taxonomy":"post_tag","embeddable":true,"href":"https:\/\/wp-sites.ccci.org\/c-proactif\/wp-json\/wp\/v2\/tags?post=1933"}],"curies":[{"name":"wp","href":"https:\/\/api.w.org\/{rel}","templated":true}]}}