{"id":1963,"date":"2020-03-06T12:15:50","date_gmt":"2020-03-06T11:15:50","guid":{"rendered":"https:\/\/c-proactif.org\/?p=1963"},"modified":"2024-04-26T18:56:40","modified_gmt":"2024-04-26T16:56:40","slug":"appel-de-christ","status":"publish","type":"post","link":"https:\/\/wp-sites.ccci.org\/c-proactif\/appel-de-christ\/","title":{"rendered":"A la source de tout appel : celui du Christ"},"content":{"rendered":"\t\t<div data-elementor-type=\"wp-post\" data-elementor-id=\"1963\" class=\"elementor elementor-1963\" data-elementor-post-type=\"post\">\n\t\t\t\t\t\t<section data-particle_enable=\"false\" data-particle-mobile-disabled=\"false\" class=\"elementor-section elementor-top-section elementor-element elementor-element-3a5a0f3c elementor-section-boxed elementor-section-height-default elementor-section-height-default\" data-id=\"3a5a0f3c\" data-element_type=\"section\">\n\t\t\t\t\t\t<div class=\"elementor-container elementor-column-gap-default\">\n\t\t\t\t\t<div class=\"elementor-column elementor-col-50 elementor-top-column elementor-element elementor-element-35fa73e3\" data-id=\"35fa73e3\" data-element_type=\"column\">\n\t\t\t<div class=\"elementor-widget-wrap elementor-element-populated\">\n\t\t\t\t\t\t<div class=\"elementor-element elementor-element-64e6a253 elementor-widget elementor-widget-text-editor\" data-id=\"64e6a253\" data-element_type=\"widget\" data-widget_type=\"text-editor.default\">\n\t\t\t\t<div class=\"elementor-widget-container\">\n\t\t\t\t\t\t\t\t\t<p>Si notre travail est un minist\u00e8re ou de fa\u00e7on plus \u00e9tymologique une \u00ab vocation \u00bb, alors nous devons \u00eatre appel\u00e9 ! <strong>Mais cet appel sp\u00e9cifique pour le travail ne viendra que quand les fondations seront en place.<\/strong><\/p><p>Dans cet article, nous allons voir quel est notre appel prioritaire, celui qui fonde tous les autres. Nous serons alors sur des bases solides pour d\u00e9couvrir, nous pr\u00e9parer et surtout vivre en accord avec l\u2019appel sp\u00e9cifique de Dieu sur nos vies professionnelles.<\/p>\t\t\t\t\t\t\t\t<\/div>\n\t\t\t\t<\/div>\n\t\t\t\t\t<\/div>\n\t\t<\/div>\n\t\t\t\t<div class=\"elementor-column elementor-col-50 elementor-top-column elementor-element elementor-element-ab78067\" data-id=\"ab78067\" data-element_type=\"column\">\n\t\t\t<div class=\"elementor-widget-wrap elementor-element-populated\">\n\t\t\t\t\t\t<div class=\"elementor-element elementor-element-1ea9140d elementor-widget elementor-widget-image\" data-id=\"1ea9140d\" data-element_type=\"widget\" data-widget_type=\"image.default\">\n\t\t\t\t<div class=\"elementor-widget-container\">\n\t\t\t\t\t\t\t\t\t\t\t\t\t\t\t<img decoding=\"async\" src=\"https:\/\/wp-sites.ccci.org\/c-proactif\/wp-content\/uploads\/sites\/393\/2020\/03\/appel-300x285-1.jpg?w=300\" title=\"appel-300&#215;285\" alt=\"pecheurs avec J\u00e9sus\" loading=\"lazy\" \/>\t\t\t\t\t\t\t\t\t\t\t\t\t\t\t<\/div>\n\t\t\t\t<\/div>\n\t\t\t\t\t<\/div>\n\t\t<\/div>\n\t\t\t\t\t<\/div>\n\t\t<\/section>\n\t\t\t\t<section data-particle_enable=\"false\" data-particle-mobile-disabled=\"false\" class=\"elementor-section elementor-top-section elementor-element elementor-element-def4a74 elementor-section-boxed elementor-section-height-default elementor-section-height-default\" data-id=\"def4a74\" data-element_type=\"section\">\n\t\t\t\t\t\t<div class=\"elementor-container elementor-column-gap-default\">\n\t\t\t\t\t<div class=\"elementor-column elementor-col-100 elementor-top-column elementor-element elementor-element-77c3f6fc\" data-id=\"77c3f6fc\" data-element_type=\"column\">\n\t\t\t<div class=\"elementor-widget-wrap elementor-element-populated\">\n\t\t\t\t\t\t<div class=\"elementor-element elementor-element-16801af3 elementor-widget elementor-widget-text-editor\" data-id=\"16801af3\" data-element_type=\"widget\" data-widget_type=\"text-editor.default\">\n\t\t\t\t<div class=\"elementor-widget-container\">\n\t\t\t\t\t\t\t\t\t<h2>Le point de d\u00e9part : l\u2019appel \u00e0 suivre J\u00e9sus-Christ pour notre salut<\/h2><blockquote><p>\u00ab Cela est bon et agr\u00e9able devant Dieu notre Sauveur, qui veut que tous les hommes soient sauv\u00e9s et parviennent \u00e0 la connaissance de la v\u00e9rit\u00e9. \u00bb 1 Tim 2 :3-4<\/p><p>Dieu est fid\u00e8le, lui qui vous a appel\u00e9s \u00e0 vivre en communion avec son Fils, J\u00e9sus-Christ notre Seigneur. 1Cor.1.9<\/p><\/blockquote><p>Dieu a un appel pour tous les hommes, celui de les sauver, d\u2019en faire ses enfants d\u2019adoption, de leur donner leur part d\u2019h\u00e9ritage avec Lui. D\u2019apr\u00e8s les versets cit\u00e9s ci-dessus, notre appel commun est de venir \u00e0 Dieu, de conna\u00eetre la v\u00e9rit\u00e9, de vivre en communion avec son Fils, J\u00e9sus notre Seigneur.<\/p><blockquote><p>Le Seigneur Dieu m\u2019a ouvert l\u2019oreille, et moi, je ne me suis pas rebell\u00e9 et je ne me suis pas d\u00e9rob\u00e9. Es. 50.5<\/p><\/blockquote><p><strong>A celui qui r\u00e9pond \u00e0 cet appel fondateur, celui de suivre Christ, d\u2019autres appels vont suivre car Dieu ne nous a pas sauv\u00e9s pour nous laisser oisifs ou inactifs mais pour entrer dans ses projets (Jer 29 :11), dans les \u0153uvres pr\u00e9par\u00e9es d\u2019avance pour nous (Eph 2 :10). <\/strong>Sur le chemin de Damas, alors qu\u2019il rencontrait J\u00e9sus dans la lumi\u00e8re aveuglante qui l\u2019a terrass\u00e9e, Paul a demand\u00e9 : \u00ab Que veux-tu que je fasse, Seigneur ? \u00bb (Act 22.10). Ainsi, nous mettre en mouvement, \u00e0 la suite de l\u2019appel de croire en J\u00e9sus, est une chose naturelle et incontournable !<\/p><p>Nous sommes tous appel\u00e9s <strong>POUR quelque chose<\/strong> de sp\u00e9cifique \u00e0 accomplir, certes ! Mais surtout nous sommes appel\u00e9s <strong>PAR J\u00e9sus<\/strong>, c\u2019est \u00e0 dire par Dieu Lui-m\u00eame ! Notre premier appel est d\u2019\u00eatre r\u00e9concili\u00e9 avec Dieu et de devenir ses enfants (Jn 1 :12)<\/p><h2>Un chemin, plus qu\u2019un mode d\u2019emploi<\/h2><p>Si l\u2019appel de Dieu est une certitude, le contenu de cet appel n\u2019est pas clair !!<br \/>Comment savoir ce que Dieu me demande de faire ?<\/p><p>On voudrait que Dieu nous montre o\u00f9 habiter, avec qui nous marier, quelle \u00e9cole fr\u00e9quenter, quel type de travail exercer ? Ce serait g\u00e9nial, n\u2019est-ce pas ? Mais dans ce cas, o\u00f9 serait notre libert\u00e9 d\u2019\u00eatre nous-m\u00eames, de r\u00e9pondre de fa\u00e7on volontaire et joyeuse \u00e0 ce que Dieu place devant nous ou en nous ?<\/p><p>Trouver la finalit\u00e9 de notre vocation n\u2019est ni chose imm\u00e9diate ni facile. C\u2019est un chemin \u00e0 vivre avec foi et par la foi. Il est vrai que dans la Bible, Dieu envoie des personnes pour des t\u00e2ches particuli\u00e8res, mais il n\u2019y a pas tant d\u2019exemples que \u00e7a : No\u00e9, Mo\u00efse, Joseph, G\u00e9d\u00e9on, David, Salomon\u2026 Vous pourrez en ajouter vous-m\u00eames quelques autres.<\/p><p>Qu\u2019en est-il de tous ceux qui ne sont jamais nomm\u00e9s ? Comment ont-ils connu ou reconnu leur appel ? Identifi\u00e9 de fa\u00e7on s\u00fbre ce que Dieu attendait d\u2019eux ? L\u2019appel de Dieu n\u2019est pas juste une question de \u00ab faire \u00bb, c\u2019est plus profond que de simplement se lancer dans une activit\u00e9. <strong>C\u2019est trouver qui je suis en Dieu, la mission particuli\u00e8re pour laquelle Il m\u2019a plac\u00e9 en ce monde, en ce temps, dans ces circonstances, avec ces dons qui sont les miens. C\u2019est entrer dans son \u00e9cole d\u2019apprentissage pour \u00ab devenir \u00bb ce qu\u2019il m\u2019appelle \u00e0 \u00eatre.<\/strong><\/p><p>Cela ne vous sera pas donn\u00e9 sans un vrai travail de discernement, de recherche et parfois sans lutte dans la pri\u00e8re.<\/p><h2>Vivre cet appel de Christ comme une gr\u00e2ce !<\/h2><p>Le seul appel sur notre vie qui soit sans aucune ambigu\u00eft\u00e9 : celui de Christ qui nous appelle \u00e0 le suivre, ou comme le dit notre texte, \u00ab \u00e0 vivre dans la communion avec Lui \u00bb. (1 Cor 1 :9)<\/p><p><strong>Comment r\u00e9pondre \u00e0 cet appel ? <br \/>En changeant notre mani\u00e8re de vivre dans tous les domaines de notre existence.<\/strong><\/p><p>L\u2019appel \u00e0 suivre Christ, \u00e0 lui donner toute autorit\u00e9 dans notre vie, doit \u00eatre \u00e0 l\u2019origine de tout ce que nous ferons par la suite, qu\u2019il s\u2019agisse de devenir pasteur ou boulanger, missionnaire ou ing\u00e9nieure, \u00e9vang\u00e9liste ou coiffeur. <strong>Il s&rsquo;agit de changer de nature, de grandir \u00e0 l\u2019image de Christ, de faire mourir le vieil homme pour rev\u00eatir l\u2019homme nouveau, de nous laisser transformer dans nos pens\u00e9es pour Lui ressembler toujours d\u2019avantage.<\/strong>\u00a0<\/p><blockquote><p>Je vous exhorte donc, fr\u00e8res, par les compassions de Dieu, \u00e0 offrir vos corps comme un sacrifice vivant, saint, agr\u00e9able \u00e0 Dieu, ce qui sera de votre part un culte raisonnable. Ne vous conformez pas au si\u00e8cle pr\u00e9sent, mais soyez transform\u00e9s par le renouvellement de l&rsquo;intelligence, afin que vous discerniez quelle est la volont\u00e9 de Dieu, ce qui est bon, agr\u00e9able et parfait. Romains 12 : 1-2<\/p><\/blockquote><p>Quelle gr\u00e2ce de savoir que Dieu a un appel pour nous ! De pouvoir entrer dans ses projets, ceux qu\u2019Il a \u00e9tablis avant la fondation du monde ! (Eph 1 :4) De devenir co-acteur avec Lui dans l\u2019\u00e9tablissement du Royaume de Dieu ! Dieu se r\u00e9v\u00e8le \u00e0 nous et nous envoie. (2Cor 4.1)<\/p>\t\t\t\t\t\t\t\t<\/div>\n\t\t\t\t<\/div>\n\t\t\t\t\t<\/div>\n\t\t<\/div>\n\t\t\t\t\t<\/div>\n\t\t<\/section>\n\t\t\t\t<section data-particle_enable=\"false\" data-particle-mobile-disabled=\"false\" class=\"elementor-section elementor-top-section elementor-element elementor-element-6a45a9f5 elementor-section-boxed elementor-section-height-default elementor-section-height-default\" data-id=\"6a45a9f5\" data-element_type=\"section\">\n\t\t\t\t\t\t<div class=\"elementor-container elementor-column-gap-default\">\n\t\t\t\t\t<div class=\"elementor-column elementor-col-100 elementor-top-column elementor-element elementor-element-494480b4\" data-id=\"494480b4\" data-element_type=\"column\">\n\t\t\t<div class=\"elementor-widget-wrap elementor-element-populated\">\n\t\t\t\t\t\t<div class=\"elementor-element elementor-element-35d3a90b elementor-widget elementor-widget-text-editor\" data-id=\"35d3a90b\" data-element_type=\"widget\" data-widget_type=\"text-editor.default\">\n\t\t\t\t<div class=\"elementor-widget-container\">\n\t\t\t\t\t\t\t\t\t<h2>En conclusion<\/h2><p>Dieu nous appelle ! D\u2019abord \u00e0 le suivre mais, ce qui vient en compl\u00e9ment de fa\u00e7on naturelle et logique, \u00e0 Le servir ! Dieu a des projets sp\u00e9cifiques pour chacun de nous qu\u2019Il va nous r\u00e9v\u00e9ler si nous nous attachons \u00e0 vivre en communion avec Lui. Gr\u00e2ce \u00e0 notre appel, si nous nous attachons \u00e0 notre t\u00e2che et pers\u00e9v\u00e9rons, notre vie ne sera ni futile ni flottante. Pour Calvin, suivre notre vocation en Dieu est indispensable pour ne pas \u00ab <em>virevolter inconsid\u00e9r\u00e9ment tout au long de notre vie<\/em> \u00bb. C\u2019est en gardant le cap de notre appel que \u00ab <em>chacun supportera patiemment sa situation \u2026 \u00e0 condition d\u2019avoir compris que personne ne porte d\u2019autre fardeau que celui que Dieu lui a mis sur les \u00e9paules<\/em> \u00bb.<\/p>\t\t\t\t\t\t\t\t<\/div>\n\t\t\t\t<\/div>\n\t\t\t\t\t<\/div>\n\t\t<\/div>\n\t\t\t\t\t<\/div>\n\t\t<\/section>\n\t\t\t\t<section data-particle_enable=\"false\" data-particle-mobile-disabled=\"false\" class=\"elementor-section elementor-top-section elementor-element elementor-element-5ada4211 elementor-section-boxed elementor-section-height-default elementor-section-height-default\" data-id=\"5ada4211\" data-element_type=\"section\">\n\t\t\t\t\t\t<div class=\"elementor-container elementor-column-gap-default\">\n\t\t\t\t\t<div class=\"elementor-column elementor-col-100 elementor-top-column elementor-element elementor-element-5a0f0b48\" data-id=\"5a0f0b48\" data-element_type=\"column\">\n\t\t\t<div class=\"elementor-widget-wrap elementor-element-populated\">\n\t\t\t\t\t\t<div class=\"elementor-element elementor-element-ca7f9fa further elementor-widget elementor-widget-text-editor\" data-id=\"ca7f9fa\" data-element_type=\"widget\" data-widget_type=\"text-editor.default\">\n\t\t\t\t<div class=\"elementor-widget-container\">\n\t\t\t\t\t\t\t\t\t<h3>POUR APPROFONDIR SEUL &#8211; OU MIEUX &#8211; EN PETITS GROUPES<\/h3><p>Le livre de Paul aux Eph\u00e9siens est un bon terreau pour comprendre la primaut\u00e9 de notre appel \u00e0 suivre Christ d\u2019abord, avant de pouvoir Le servir dans ce monde.<\/p><p><strong>Lisez Eph 1:4-12<\/strong><\/p><ul><li>Dans quels versets trouvez-vous l\u2019affirmation que Dieu vous appelle \u00e0 Lui ?<\/li><li>Quelle diff\u00e9rence cela fait-il de vous savoir appel\u00e9 par Dieu lui-m\u00eame ? <br \/>Quelles sont les promesses de Dieu attach\u00e9es pour vous \u00e0 cet appel ?<\/li><li>Quelle r\u00e9ponse Dieu attend-il de vous en \u00e9cho \u00e0 ses promesses ?<\/li><\/ul><p><strong>Lisez Eph 2 :8-10 <\/strong><\/p><ul><li>Qu\u2019est-ce qui vient naturellement avec notre appel \u00e0 suivre Christ ?<\/li><li>Pourquoi cela fait-il de notre vie, une vie \u00ab riche \u00bb ?<\/li><li>Avons-nous une quelconque fiert\u00e9 \u00e0 en retirer ?<\/li><\/ul><p><strong>Lisez Eph 4 :17-24 <\/strong><\/p><ul><li>Avec l\u2019appel \u00e0 suivre Christ, vient aussi l\u2019appel \u00e0 la sanctification. Comment Paul l\u2019illustre-t-il ?<\/li><li>De quoi devons-nous nous d\u00e9pouiller ? Que devons-nous rev\u00eatir ?<\/li><li>Quel sera l\u2019impact de ce chemin de sanctification sur la f\u00e9condit\u00e9 de votre vie sur terre ?<\/li><\/ul><p><strong>En r\u00e9ponse \u00e0 cet appel de suivre Christ et de le servir au mieux, quelle d\u00e9cision allez-vous prendre aujourd\u2019hui pour entrer dans ses projets pour vous ?<\/strong> <strong>Priez en groupe \u00e0 ce sujet.\u00a0<\/strong><\/p><p>\u00a0<\/p>\t\t\t\t\t\t\t\t<\/div>\n\t\t\t\t<\/div>\n\t\t\t\t\t<\/div>\n\t\t<\/div>\n\t\t\t\t\t<\/div>\n\t\t<\/section>\n\t\t\t\t<\/div>\n\t\t","protected":false},"excerpt":{"rendered":"<p>Si notre travail est un minist\u00e8re ou de fa\u00e7on plus \u00e9tymologique une \u00ab vocation \u00bb, alors nous devons \u00eatre appel\u00e9 ! Mais cet appel sp\u00e9cifique pour le travail ne viendra [&hellip;]<\/p>\n","protected":false},"author":65389,"featured_media":2012,"comment_status":"open","ping_status":"closed","sticky":false,"template":"","format":"quote","meta":{"site-sidebar-layout":"default","site-content-layout":"","ast-site-content-layout":"default","site-content-style":"default","site-sidebar-style":"default","ast-global-header-display":"","ast-banner-title-visibility":"","ast-main-header-display":"","ast-hfb-above-header-display":"","ast-hfb-below-header-display":"","ast-hfb-mobile-header-display":"","site-post-title":"","ast-breadcrumbs-content":"","ast-featured-img":"","footer-sml-layout":"","ast-disable-related-posts":"","theme-transparent-header-meta":"default","adv-header-id-meta":"","stick-header-meta":"","header-above-stick-meta":"","header-main-stick-meta":"","header-below-stick-meta":"","astra-migrate-meta-layouts":"set","ast-page-background-enabled":"default","ast-page-background-meta":{"desktop":{"background-color":"","background-image":"","background-repeat":"repeat","background-position":"center center","background-size":"auto","background-attachment":"scroll","background-type":"","background-media":"","overlay-type":"","overlay-color":"","overlay-opacity":"","overlay-gradient":""},"tablet":{"background-color":"","background-image":"","background-repeat":"repeat","background-position":"center center","background-size":"auto","background-attachment":"scroll","background-type":"","background-media":"","overlay-type":"","overlay-color":"","overlay-opacity":"","overlay-gradient":""},"mobile":{"background-color":"","background-image":"","background-repeat":"repeat","background-position":"center center","background-size":"auto","background-attachment":"scroll","background-type":"","background-media":"","overlay-type":"","overlay-color":"","overlay-opacity":"","overlay-gradient":""}},"ast-content-background-meta":{"desktop":{"background-color":"var(--ast-global-color-5)","background-image":"","background-repeat":"repeat","background-position":"center center","background-size":"auto","background-attachment":"scroll","background-type":"","background-media":"","overlay-type":"","overlay-color":"","overlay-opacity":"","overlay-gradient":""},"tablet":{"background-color":"var(--ast-global-color-5)","background-image":"","background-repeat":"repeat","background-position":"center center","background-size":"auto","background-attachment":"scroll","background-type":"","background-media":"","overlay-type":"","overlay-color":"","overlay-opacity":"","overlay-gradient":""},"mobile":{"background-color":"var(--ast-global-color-5)","background-image":"","background-repeat":"repeat","background-position":"center center","background-size":"auto","background-attachment":"scroll","background-type":"","background-media":"","overlay-type":"","overlay-color":"","overlay-opacity":"","overlay-gradient":""}},"footnotes":""},"categories":[10],"tags":[17,27,40,101],"class_list":["post-1963","post","type-post","status-publish","format-quote","has-post-thumbnail","hentry","category-repondre-a-notre-appel","tag-appel","tag-christ","tag-disciple","tag-travail","post_format-post-format-quote"],"yoast_head":"<!-- This site is optimized with the Yoast SEO plugin v26.7 - https:\/\/yoast.com\/wordpress\/plugins\/seo\/ -->\n<title>A la source de tout appel : celui du Christ - C-PROACTIF<\/title>\n<meta name=\"description\" content=\"Dieu nous confie beaucoup de missions et d&#039;appels diff\u00e9rents \u00e0 son service. Mais \u00e0 la source de tout autre appel se trouve l&#039;appel de Christ \u00e0 le suivre.\" \/>\n<meta name=\"robots\" content=\"noindex, follow, max-snippet:-1, max-image-preview:large, max-video-preview:-1\" \/>\n<meta property=\"og:locale\" content=\"fr_FR\" \/>\n<meta property=\"og:type\" content=\"article\" \/>\n<meta property=\"og:title\" content=\"A la source de tout appel : celui du Christ - C-PROACTIF\" \/>\n<meta property=\"og:description\" content=\"Dieu nous confie beaucoup de missions et d&#039;appels diff\u00e9rents \u00e0 son service. Mais \u00e0 la source de tout autre appel se trouve l&#039;appel de Christ \u00e0 le suivre.\" \/>\n<meta property=\"og:url\" content=\"https:\/\/wp-sites.ccci.org\/c-proactif\/appel-de-christ\/\" \/>\n<meta property=\"og:site_name\" content=\"C-PROACTIF\" \/>\n<meta property=\"article:published_time\" content=\"2020-03-06T11:15:50+00:00\" \/>\n<meta property=\"article:modified_time\" content=\"2024-04-26T16:56:40+00:00\" \/>\n<meta property=\"og:image\" content=\"https:\/\/wp-sites.ccci.org\/c-proactif\/wp-content\/uploads\/sites\/393\/2020\/03\/appel-300x285-1.jpg\" \/>\n\t<meta property=\"og:image:width\" content=\"300\" \/>\n\t<meta property=\"og:image:height\" content=\"285\" \/>\n\t<meta property=\"og:image:type\" content=\"image\/jpeg\" \/>\n<meta name=\"author\" content=\"Daniel Touilliez\" \/>\n<meta name=\"twitter:card\" content=\"summary_large_image\" \/>\n<meta name=\"twitter:label1\" content=\"\u00c9crit par\" \/>\n\t<meta name=\"twitter:data1\" content=\"Daniel Touilliez\" \/>\n\t<meta name=\"twitter:label2\" content=\"Dur\u00e9e de lecture estim\u00e9e\" \/>\n\t<meta name=\"twitter:data2\" content=\"6 minutes\" \/>\n<script type=\"application\/ld+json\" class=\"yoast-schema-graph\">{\"@context\":\"https:\/\/schema.org\",\"@graph\":[{\"@type\":\"Article\",\"@id\":\"https:\/\/wp-sites.ccci.org\/c-proactif\/appel-de-christ\/#article\",\"isPartOf\":{\"@id\":\"https:\/\/wp-sites.ccci.org\/c-proactif\/appel-de-christ\/\"},\"author\":{\"name\":\"Daniel Touilliez\",\"@id\":\"https:\/\/wp-sites.ccci.org\/c-proactif\/#\/schema\/person\/d056a05cc02ffd72cddd2126236ac260\"},\"headline\":\"A la source de tout appel : celui du Christ\",\"datePublished\":\"2020-03-06T11:15:50+00:00\",\"dateModified\":\"2024-04-26T16:56:40+00:00\",\"mainEntityOfPage\":{\"@id\":\"https:\/\/wp-sites.ccci.org\/c-proactif\/appel-de-christ\/\"},\"wordCount\":1266,\"commentCount\":0,\"publisher\":{\"@id\":\"https:\/\/wp-sites.ccci.org\/c-proactif\/#organization\"},\"image\":{\"@id\":\"https:\/\/wp-sites.ccci.org\/c-proactif\/appel-de-christ\/#primaryimage\"},\"thumbnailUrl\":\"https:\/\/wp-sites.ccci.org\/c-proactif\/wp-content\/uploads\/sites\/393\/2020\/03\/appel-300x285-1.jpg\",\"keywords\":[\"appel\",\"Christ\",\"disciple\",\"travail\"],\"articleSection\":[\"R\u00e9pondre \u00e0 notre appel\"],\"inLanguage\":\"fr-FR\",\"potentialAction\":[{\"@type\":\"CommentAction\",\"name\":\"Comment\",\"target\":[\"https:\/\/wp-sites.ccci.org\/c-proactif\/appel-de-christ\/#respond\"]}]},{\"@type\":\"WebPage\",\"@id\":\"https:\/\/wp-sites.ccci.org\/c-proactif\/appel-de-christ\/\",\"url\":\"https:\/\/wp-sites.ccci.org\/c-proactif\/appel-de-christ\/\",\"name\":\"A la source de tout appel : celui du Christ - C-PROACTIF\",\"isPartOf\":{\"@id\":\"https:\/\/wp-sites.ccci.org\/c-proactif\/#website\"},\"primaryImageOfPage\":{\"@id\":\"https:\/\/wp-sites.ccci.org\/c-proactif\/appel-de-christ\/#primaryimage\"},\"image\":{\"@id\":\"https:\/\/wp-sites.ccci.org\/c-proactif\/appel-de-christ\/#primaryimage\"},\"thumbnailUrl\":\"https:\/\/wp-sites.ccci.org\/c-proactif\/wp-content\/uploads\/sites\/393\/2020\/03\/appel-300x285-1.jpg\",\"datePublished\":\"2020-03-06T11:15:50+00:00\",\"dateModified\":\"2024-04-26T16:56:40+00:00\",\"description\":\"Dieu nous confie beaucoup de missions et d'appels diff\u00e9rents \u00e0 son service. Mais \u00e0 la source de tout autre appel se trouve l'appel de Christ \u00e0 le suivre.\",\"breadcrumb\":{\"@id\":\"https:\/\/wp-sites.ccci.org\/c-proactif\/appel-de-christ\/#breadcrumb\"},\"inLanguage\":\"fr-FR\",\"potentialAction\":[{\"@type\":\"ReadAction\",\"target\":[\"https:\/\/wp-sites.ccci.org\/c-proactif\/appel-de-christ\/\"]}]},{\"@type\":\"ImageObject\",\"inLanguage\":\"fr-FR\",\"@id\":\"https:\/\/wp-sites.ccci.org\/c-proactif\/appel-de-christ\/#primaryimage\",\"url\":\"https:\/\/wp-sites.ccci.org\/c-proactif\/wp-content\/uploads\/sites\/393\/2020\/03\/appel-300x285-1.jpg\",\"contentUrl\":\"https:\/\/wp-sites.ccci.org\/c-proactif\/wp-content\/uploads\/sites\/393\/2020\/03\/appel-300x285-1.jpg\",\"width\":300,\"height\":285,\"caption\":\"pecheurs avec J\u00e9sus\"},{\"@type\":\"BreadcrumbList\",\"@id\":\"https:\/\/wp-sites.ccci.org\/c-proactif\/appel-de-christ\/#breadcrumb\",\"itemListElement\":[{\"@type\":\"ListItem\",\"position\":1,\"name\":\"Accueil\",\"item\":\"https:\/\/wp-sites.ccci.org\/c-proactif\/\"},{\"@type\":\"ListItem\",\"position\":2,\"name\":\"R\u00e9pondre \u00e0 notre appel\",\"item\":\"https:\/\/wp-sites.ccci.org\/c-proactif\/theme\/repondre-a-notre-appel\/\"},{\"@type\":\"ListItem\",\"position\":3,\"name\":\"A la source de tout appel : celui du Christ\"}]},{\"@type\":\"WebSite\",\"@id\":\"https:\/\/wp-sites.ccci.org\/c-proactif\/#website\",\"url\":\"https:\/\/wp-sites.ccci.org\/c-proactif\/\",\"name\":\"C-PROACTIF\",\"description\":\"R\u00e9seau professionnel chr\u00e9tien\",\"publisher\":{\"@id\":\"https:\/\/wp-sites.ccci.org\/c-proactif\/#organization\"},\"potentialAction\":[{\"@type\":\"SearchAction\",\"target\":{\"@type\":\"EntryPoint\",\"urlTemplate\":\"https:\/\/wp-sites.ccci.org\/c-proactif\/?s={search_term_string}\"},\"query-input\":{\"@type\":\"PropertyValueSpecification\",\"valueRequired\":true,\"valueName\":\"search_term_string\"}}],\"inLanguage\":\"fr-FR\"},{\"@type\":\"Organization\",\"@id\":\"https:\/\/wp-sites.ccci.org\/c-proactif\/#organization\",\"name\":\"C-PROACTIF\",\"url\":\"https:\/\/wp-sites.ccci.org\/c-proactif\/\",\"logo\":{\"@type\":\"ImageObject\",\"inLanguage\":\"fr-FR\",\"@id\":\"https:\/\/wp-sites.ccci.org\/c-proactif\/#\/schema\/logo\/image\/\",\"url\":\"https:\/\/wp-sites.ccci.org\/c-proactif\/wp-content\/uploads\/sites\/393\/2021\/05\/logo-baseline-blanc-300.png\",\"contentUrl\":\"https:\/\/wp-sites.ccci.org\/c-proactif\/wp-content\/uploads\/sites\/393\/2021\/05\/logo-baseline-blanc-300.png\",\"width\":300,\"height\":113,\"caption\":\"C-PROACTIF\"},\"image\":{\"@id\":\"https:\/\/wp-sites.ccci.org\/c-proactif\/#\/schema\/logo\/image\/\"}},{\"@type\":\"Person\",\"@id\":\"https:\/\/wp-sites.ccci.org\/c-proactif\/#\/schema\/person\/d056a05cc02ffd72cddd2126236ac260\",\"name\":\"Daniel Touilliez\",\"image\":{\"@type\":\"ImageObject\",\"inLanguage\":\"fr-FR\",\"@id\":\"https:\/\/wp-sites.ccci.org\/c-proactif\/#\/schema\/person\/image\/\",\"url\":\"https:\/\/secure.gravatar.com\/avatar\/39c0d75dec7178c2199d52966c7b0fbb98cc4e4af331fbf6f2c7c457291516a4?s=96&d=mm&r=g\",\"contentUrl\":\"https:\/\/secure.gravatar.com\/avatar\/39c0d75dec7178c2199d52966c7b0fbb98cc4e4af331fbf6f2c7c457291516a4?s=96&d=mm&r=g\",\"caption\":\"Daniel Touilliez\"},\"description\":\"Accompagnant de personnes en recherche d\u2019emploi au sein de \u00ab\u00a0Solidarit\u00e9s Nouvelles Face au ch\u00f4mage.\u00a0\u00bb Conf\u00e9rencier selon la demande des \u00e9glises pour pr\u00e9senter les principes bibliques du travail. 35 ans de \u00ab\u00a0travail-minist\u00e8re\u00a0\u00bb au sein d\u2019une grande entreprise dans le domaine de l\u2019\u00e9nergie.\"}]}<\/script>\n<!-- \/ Yoast SEO plugin. -->","yoast_head_json":{"title":"A la source de tout appel : celui du Christ - C-PROACTIF","description":"Dieu nous confie beaucoup de missions et d'appels diff\u00e9rents \u00e0 son service. Mais \u00e0 la source de tout autre appel se trouve l'appel de Christ \u00e0 le suivre.","robots":{"index":"noindex","follow":"follow","max-snippet":"max-snippet:-1","max-image-preview":"max-image-preview:large","max-video-preview":"max-video-preview:-1"},"og_locale":"fr_FR","og_type":"article","og_title":"A la source de tout appel : celui du Christ - C-PROACTIF","og_description":"Dieu nous confie beaucoup de missions et d'appels diff\u00e9rents \u00e0 son service. Mais \u00e0 la source de tout autre appel se trouve l'appel de Christ \u00e0 le suivre.","og_url":"https:\/\/wp-sites.ccci.org\/c-proactif\/appel-de-christ\/","og_site_name":"C-PROACTIF","article_published_time":"2020-03-06T11:15:50+00:00","article_modified_time":"2024-04-26T16:56:40+00:00","og_image":[{"width":300,"height":285,"url":"https:\/\/wp-sites.ccci.org\/c-proactif\/wp-content\/uploads\/sites\/393\/2020\/03\/appel-300x285-1.jpg","type":"image\/jpeg"}],"author":"Daniel Touilliez","twitter_card":"summary_large_image","twitter_misc":{"\u00c9crit par":"Daniel Touilliez","Dur\u00e9e de lecture estim\u00e9e":"6 minutes"},"schema":{"@context":"https:\/\/schema.org","@graph":[{"@type":"Article","@id":"https:\/\/wp-sites.ccci.org\/c-proactif\/appel-de-christ\/#article","isPartOf":{"@id":"https:\/\/wp-sites.ccci.org\/c-proactif\/appel-de-christ\/"},"author":{"name":"Daniel Touilliez","@id":"https:\/\/wp-sites.ccci.org\/c-proactif\/#\/schema\/person\/d056a05cc02ffd72cddd2126236ac260"},"headline":"A la source de tout appel : celui du Christ","datePublished":"2020-03-06T11:15:50+00:00","dateModified":"2024-04-26T16:56:40+00:00","mainEntityOfPage":{"@id":"https:\/\/wp-sites.ccci.org\/c-proactif\/appel-de-christ\/"},"wordCount":1266,"commentCount":0,"publisher":{"@id":"https:\/\/wp-sites.ccci.org\/c-proactif\/#organization"},"image":{"@id":"https:\/\/wp-sites.ccci.org\/c-proactif\/appel-de-christ\/#primaryimage"},"thumbnailUrl":"https:\/\/wp-sites.ccci.org\/c-proactif\/wp-content\/uploads\/sites\/393\/2020\/03\/appel-300x285-1.jpg","keywords":["appel","Christ","disciple","travail"],"articleSection":["R\u00e9pondre \u00e0 notre appel"],"inLanguage":"fr-FR","potentialAction":[{"@type":"CommentAction","name":"Comment","target":["https:\/\/wp-sites.ccci.org\/c-proactif\/appel-de-christ\/#respond"]}]},{"@type":"WebPage","@id":"https:\/\/wp-sites.ccci.org\/c-proactif\/appel-de-christ\/","url":"https:\/\/wp-sites.ccci.org\/c-proactif\/appel-de-christ\/","name":"A la source de tout appel : celui du Christ - C-PROACTIF","isPartOf":{"@id":"https:\/\/wp-sites.ccci.org\/c-proactif\/#website"},"primaryImageOfPage":{"@id":"https:\/\/wp-sites.ccci.org\/c-proactif\/appel-de-christ\/#primaryimage"},"image":{"@id":"https:\/\/wp-sites.ccci.org\/c-proactif\/appel-de-christ\/#primaryimage"},"thumbnailUrl":"https:\/\/wp-sites.ccci.org\/c-proactif\/wp-content\/uploads\/sites\/393\/2020\/03\/appel-300x285-1.jpg","datePublished":"2020-03-06T11:15:50+00:00","dateModified":"2024-04-26T16:56:40+00:00","description":"Dieu nous confie beaucoup de missions et d'appels diff\u00e9rents \u00e0 son service. Mais \u00e0 la source de tout autre appel se trouve l'appel de Christ \u00e0 le suivre.","breadcrumb":{"@id":"https:\/\/wp-sites.ccci.org\/c-proactif\/appel-de-christ\/#breadcrumb"},"inLanguage":"fr-FR","potentialAction":[{"@type":"ReadAction","target":["https:\/\/wp-sites.ccci.org\/c-proactif\/appel-de-christ\/"]}]},{"@type":"ImageObject","inLanguage":"fr-FR","@id":"https:\/\/wp-sites.ccci.org\/c-proactif\/appel-de-christ\/#primaryimage","url":"https:\/\/wp-sites.ccci.org\/c-proactif\/wp-content\/uploads\/sites\/393\/2020\/03\/appel-300x285-1.jpg","contentUrl":"https:\/\/wp-sites.ccci.org\/c-proactif\/wp-content\/uploads\/sites\/393\/2020\/03\/appel-300x285-1.jpg","width":300,"height":285,"caption":"pecheurs avec J\u00e9sus"},{"@type":"BreadcrumbList","@id":"https:\/\/wp-sites.ccci.org\/c-proactif\/appel-de-christ\/#breadcrumb","itemListElement":[{"@type":"ListItem","position":1,"name":"Accueil","item":"https:\/\/wp-sites.ccci.org\/c-proactif\/"},{"@type":"ListItem","position":2,"name":"R\u00e9pondre \u00e0 notre appel","item":"https:\/\/wp-sites.ccci.org\/c-proactif\/theme\/repondre-a-notre-appel\/"},{"@type":"ListItem","position":3,"name":"A la source de tout appel : celui du Christ"}]},{"@type":"WebSite","@id":"https:\/\/wp-sites.ccci.org\/c-proactif\/#website","url":"https:\/\/wp-sites.ccci.org\/c-proactif\/","name":"C-PROACTIF","description":"R\u00e9seau professionnel chr\u00e9tien","publisher":{"@id":"https:\/\/wp-sites.ccci.org\/c-proactif\/#organization"},"potentialAction":[{"@type":"SearchAction","target":{"@type":"EntryPoint","urlTemplate":"https:\/\/wp-sites.ccci.org\/c-proactif\/?s={search_term_string}"},"query-input":{"@type":"PropertyValueSpecification","valueRequired":true,"valueName":"search_term_string"}}],"inLanguage":"fr-FR"},{"@type":"Organization","@id":"https:\/\/wp-sites.ccci.org\/c-proactif\/#organization","name":"C-PROACTIF","url":"https:\/\/wp-sites.ccci.org\/c-proactif\/","logo":{"@type":"ImageObject","inLanguage":"fr-FR","@id":"https:\/\/wp-sites.ccci.org\/c-proactif\/#\/schema\/logo\/image\/","url":"https:\/\/wp-sites.ccci.org\/c-proactif\/wp-content\/uploads\/sites\/393\/2021\/05\/logo-baseline-blanc-300.png","contentUrl":"https:\/\/wp-sites.ccci.org\/c-proactif\/wp-content\/uploads\/sites\/393\/2021\/05\/logo-baseline-blanc-300.png","width":300,"height":113,"caption":"C-PROACTIF"},"image":{"@id":"https:\/\/wp-sites.ccci.org\/c-proactif\/#\/schema\/logo\/image\/"}},{"@type":"Person","@id":"https:\/\/wp-sites.ccci.org\/c-proactif\/#\/schema\/person\/d056a05cc02ffd72cddd2126236ac260","name":"Daniel Touilliez","image":{"@type":"ImageObject","inLanguage":"fr-FR","@id":"https:\/\/wp-sites.ccci.org\/c-proactif\/#\/schema\/person\/image\/","url":"https:\/\/secure.gravatar.com\/avatar\/39c0d75dec7178c2199d52966c7b0fbb98cc4e4af331fbf6f2c7c457291516a4?s=96&d=mm&r=g","contentUrl":"https:\/\/secure.gravatar.com\/avatar\/39c0d75dec7178c2199d52966c7b0fbb98cc4e4af331fbf6f2c7c457291516a4?s=96&d=mm&r=g","caption":"Daniel Touilliez"},"description":"Accompagnant de personnes en recherche d\u2019emploi au sein de \u00ab\u00a0Solidarit\u00e9s Nouvelles Face au ch\u00f4mage.\u00a0\u00bb Conf\u00e9rencier selon la demande des \u00e9glises pour pr\u00e9senter les principes bibliques du travail. 35 ans de \u00ab\u00a0travail-minist\u00e8re\u00a0\u00bb au sein d\u2019une grande entreprise dans le domaine de l\u2019\u00e9nergie."}]}},"jetpack_featured_media_url":"https:\/\/wp-sites.ccci.org\/c-proactif\/wp-content\/uploads\/sites\/393\/2020\/03\/appel-300x285-1.jpg","meta_box":[],"_links":{"self":[{"href":"https:\/\/wp-sites.ccci.org\/c-proactif\/wp-json\/wp\/v2\/posts\/1963","targetHints":{"allow":["GET"]}}],"collection":[{"href":"https:\/\/wp-sites.ccci.org\/c-proactif\/wp-json\/wp\/v2\/posts"}],"about":[{"href":"https:\/\/wp-sites.ccci.org\/c-proactif\/wp-json\/wp\/v2\/types\/post"}],"author":[{"embeddable":true,"href":"https:\/\/wp-sites.ccci.org\/c-proactif\/wp-json\/wp\/v2\/users\/65389"}],"replies":[{"embeddable":true,"href":"https:\/\/wp-sites.ccci.org\/c-proactif\/wp-json\/wp\/v2\/comments?post=1963"}],"version-history":[{"count":8,"href":"https:\/\/wp-sites.ccci.org\/c-proactif\/wp-json\/wp\/v2\/posts\/1963\/revisions"}],"predecessor-version":[{"id":15214,"href":"https:\/\/wp-sites.ccci.org\/c-proactif\/wp-json\/wp\/v2\/posts\/1963\/revisions\/15214"}],"wp:featuredmedia":[{"embeddable":true,"href":"https:\/\/wp-sites.ccci.org\/c-proactif\/wp-json\/wp\/v2\/media\/2012"}],"wp:attachment":[{"href":"https:\/\/wp-sites.ccci.org\/c-proactif\/wp-json\/wp\/v2\/media?parent=1963"}],"wp:term":[{"taxonomy":"category","embeddable":true,"href":"https:\/\/wp-sites.ccci.org\/c-proactif\/wp-json\/wp\/v2\/categories?post=1963"},{"taxonomy":"post_tag","embeddable":true,"href":"https:\/\/wp-sites.ccci.org\/c-proactif\/wp-json\/wp\/v2\/tags?post=1963"}],"curies":[{"name":"wp","href":"https:\/\/api.w.org\/{rel}","templated":true}]}}