{"id":1970,"date":"2020-03-06T15:16:09","date_gmt":"2020-03-06T14:16:09","guid":{"rendered":"https:\/\/c-proactif.org\/?p=1970"},"modified":"2023-12-22T13:37:21","modified_gmt":"2023-12-22T12:37:21","slug":"besoins-du-monde","status":"publish","type":"post","link":"https:\/\/wp-sites.ccci.org\/c-proactif\/besoins-du-monde\/","title":{"rendered":"R\u00e9pondre aux besoins du monde"},"content":{"rendered":"\t\t<div data-elementor-type=\"wp-post\" data-elementor-id=\"1970\" class=\"elementor elementor-1970\" data-elementor-post-type=\"post\">\n\t\t\t\t\t\t<section data-particle_enable=\"false\" data-particle-mobile-disabled=\"false\" class=\"elementor-section elementor-top-section elementor-element elementor-element-759df61c elementor-section-boxed elementor-section-height-default elementor-section-height-default\" data-id=\"759df61c\" data-element_type=\"section\">\n\t\t\t\t\t\t<div class=\"elementor-container elementor-column-gap-default\">\n\t\t\t\t\t<div class=\"elementor-column elementor-col-50 elementor-top-column elementor-element elementor-element-52c801aa\" data-id=\"52c801aa\" data-element_type=\"column\">\n\t\t\t<div class=\"elementor-widget-wrap elementor-element-populated\">\n\t\t\t\t\t\t<div class=\"elementor-element elementor-element-4206218f elementor-widget elementor-widget-text-editor\" data-id=\"4206218f\" data-element_type=\"widget\" data-widget_type=\"text-editor.default\">\n\t\t\t\t<div class=\"elementor-widget-container\">\n\t\t\t\t\t\t\t\t\t<p>Le Saint-Esprit nous guide et nous responsabilise dans le travail qu\u2019Il souhaite nous voir exercer. C\u2019est pourquoi Il nous a donn\u00e9 des rep\u00e8res dans sa Parole afin de discerner sa volont\u00e9. Col. 1.9-10.<\/p><p>L\u2019un des premiers rep\u00e8res que Dieu nous donne pour discerner comment orienter notre vie professionnelle est d\u2019\u00eatre sensible aux besoins du monde \u2013 ou plus exactement de prendre conscience des besoins du monde qui font \u00e9cho en nous.<\/p>\t\t\t\t\t\t\t\t<\/div>\n\t\t\t\t<\/div>\n\t\t\t\t\t<\/div>\n\t\t<\/div>\n\t\t\t\t<div class=\"elementor-column elementor-col-50 elementor-top-column elementor-element elementor-element-3059215e\" data-id=\"3059215e\" data-element_type=\"column\">\n\t\t\t<div class=\"elementor-widget-wrap elementor-element-populated\">\n\t\t\t\t\t\t<div class=\"elementor-element elementor-element-384a0456 elementor-widget elementor-widget-image\" data-id=\"384a0456\" data-element_type=\"widget\" data-widget_type=\"image.default\">\n\t\t\t\t<div class=\"elementor-widget-container\">\n\t\t\t\t\t\t\t\t\t\t\t\t\t\t\t<img decoding=\"async\" src=\"https:\/\/wp-sites.ccci.org\/c-proactif\/wp-content\/uploads\/sites\/393\/2020\/03\/earth-683436_1920.jpg?w=1024\" title=\"earth-683436_1920\" alt=\"earth-683436_1920\" loading=\"lazy\" \/>\t\t\t\t\t\t\t\t\t\t\t\t\t\t\t<\/div>\n\t\t\t\t<\/div>\n\t\t\t\t\t<\/div>\n\t\t<\/div>\n\t\t\t\t\t<\/div>\n\t\t<\/section>\n\t\t\t\t<section data-particle_enable=\"false\" data-particle-mobile-disabled=\"false\" class=\"elementor-section elementor-top-section elementor-element elementor-element-671b015c elementor-section-boxed elementor-section-height-default elementor-section-height-default\" data-id=\"671b015c\" data-element_type=\"section\">\n\t\t\t\t\t\t<div class=\"elementor-container elementor-column-gap-default\">\n\t\t\t\t\t<div class=\"elementor-column elementor-col-100 elementor-top-column elementor-element elementor-element-74bda371\" data-id=\"74bda371\" data-element_type=\"column\">\n\t\t\t<div class=\"elementor-widget-wrap elementor-element-populated\">\n\t\t\t\t\t\t<div class=\"elementor-element elementor-element-24090443 elementor-widget elementor-widget-text-editor\" data-id=\"24090443\" data-element_type=\"widget\" data-widget_type=\"text-editor.default\">\n\t\t\t\t<div class=\"elementor-widget-container\">\n\t\t\t\t\t\t\t\t\t<h2>Notre monde a besoin d\u2019\u00eatre r\u00e9par\u00e9<\/h2><p>\u00ab Notre monde \u00bb, notre soci\u00e9t\u00e9, ceux que nous c\u00f4toyons dans notre environnement familial, professionnel ou de loisir\u2026 souffre. Les stigmates du p\u00e9ch\u00e9 marquent tout ce qui nous entoure. Partout il y a besoin de \u00ab r\u00e9parer \u00bb le monde, en l\u2019organisant, en b\u00e2tissant, en cultivant, en cr\u00e9ant \u2026 ou de r\u00e9parer les personnes en les soignant, en les enseignant, en les nourrissant.<\/p><p>Auxquels de ces besoins seriez-vous en mesure de r\u00e9pondre ?<br \/>\u00ab J\u2019ai une passion pour les personnes \u00e2g\u00e9es \u00bb<br \/>\u00ab Pr\u00e9parer un bon plat, c\u2019est comme dire je t\u2019aime ! \u00bb <br \/>\u00ab J\u2019ai envie d\u2019aider les jeunes \u00e0 pr\u00e9parer leur projet professionnel \u00bb<br \/>Quelle est la phrase que vous diriez spontan\u00e9ment en \u00e9cho \u00e0 ces d\u00e9clarations ?<\/p><p>La Parole de Dieu nous appelle \u00e0 servir. Nous travaillons pour servir nos contemporains et apporter notre contribution au bon d\u00e9roulement de la soci\u00e9t\u00e9.<\/p><p><strong>L\u2019une des premi\u00e8res dispositions de c\u0153ur pour discerner notre orientation professionnelle sera donc d\u2019\u00eatre attentif \u00e0 notre milieu, d\u2019observer, d\u2019\u00eatre sensible \u00e0 ce qui s\u2019y passe. Que lui manque-t-il pour ressembler davantage au projet initial de Dieu ?<\/strong><\/p><h2>Quels besoins du monde vous interpellent ?<\/h2><p>Cela ne signifie pas que nous ayons \u00e0 r\u00e9soudre tous les probl\u00e8mes, ni que nous devions les r\u00e9soudre d\u2019un seul coup ! Et pas tout seuls ! Ne visons pas trop haut mais soyons attentifs aux besoins \u00abordinaires \u00bb comme celui de gagner notre vie pour nous et notre famille car cela aussi fait partie de notre mission divine.<\/p><p>Mais avec quelle activit\u00e9 professionnelle allons-nous r\u00e9pondre \u00e0 ce besoin basique ? Nous ne voulons pas simplement avoir un travail \u00abalimentaire \u00bb, sans int\u00e9r\u00eat pour nous, m\u00eame si parfois cela pourra \u00eatre n\u00e9cessaire. Non, <strong>nous d\u00e9sirons un travail qui fait sens pour nous, qui nous permet de r\u00e9pondre \u00e0 notre mani\u00e8re, aux besoins de la soci\u00e9t\u00e9 qui nous interpellent.<\/strong> Et cela sera diff\u00e9rent pour chacun car nous ne sommes pas tous sensibles aux m\u00eames besoins. Cela d\u00e9pend de notre aspiration profonde et des dons que le Seigneur a d\u00e9pos\u00e9s en nous (voir les deux articles suivants).\u00a0<\/p><h2>Notre travail contribue \u00e0 la gr\u00e2ce commune<\/h2><blockquote><p>\u00a0\u00bb Que ta volont\u00e9 soit faite sur la terre comme au ciel\u00a0\u00bb. Mat 6 :10\u00a0<\/p><\/blockquote><p>Participer \u00e0 l\u2019\u0153uvre de Dieu consiste \u00e0 \u00e9tablir son Royaume partout o\u00f9 nous nous trouvons. Il ne s\u2019agit pas seulement d\u2019\u00e9vang\u00e9liser mais plus largement de tout faire pour influencer notre environnement afin qu\u2019il ressemble le plus possible \u00e0 ce que Dieu a toujours voulu qu\u2019il soit. A cette fin, nous aurons \u00e0 d\u00e9velopper la justice, la gu\u00e9rison, la r\u00e9conciliation, la compassion, la bont\u00e9, l\u2019humilit\u00e9 et la patience (Col 3:12-14) &#8211; ce qui pourrait d\u00e9boucher sur des m\u00e9tiers comme la magistrature, les finances publiques, la m\u00e9decine, la psychologie, le coaching sportif\u2026 ou encore l\u2019esth\u00e9tique ou la restauration d\u2019\u0153uvres d\u2019art. <\/p><p><strong>A chacun selon ce que nous sommes en mesure d\u2019apporter \u00e0 notre environnement par notre nature renouvel\u00e9e en Christ.<\/strong><\/p>\t\t\t\t\t\t\t\t<\/div>\n\t\t\t\t<\/div>\n\t\t\t\t\t<\/div>\n\t\t<\/div>\n\t\t\t\t\t<\/div>\n\t\t<\/section>\n\t\t\t\t<section data-particle_enable=\"false\" data-particle-mobile-disabled=\"false\" class=\"elementor-section elementor-top-section elementor-element elementor-element-41511c7a elementor-section-boxed elementor-section-height-default elementor-section-height-default\" data-id=\"41511c7a\" data-element_type=\"section\">\n\t\t\t\t\t\t<div class=\"elementor-container elementor-column-gap-default\">\n\t\t\t\t\t<div class=\"elementor-column elementor-col-100 elementor-top-column elementor-element elementor-element-74008af5\" data-id=\"74008af5\" data-element_type=\"column\">\n\t\t\t<div class=\"elementor-widget-wrap elementor-element-populated\">\n\t\t\t\t\t\t<div class=\"elementor-element elementor-element-50158180 elementor-widget elementor-widget-text-editor\" data-id=\"50158180\" data-element_type=\"widget\" data-widget_type=\"text-editor.default\">\n\t\t\t\t<div class=\"elementor-widget-container\">\n\t\t\t\t\t\t\t\t\t<blockquote><p><strong>\u00ab Le lieu o\u00f9 Dieu vous appelle est le lieu o\u00f9 votre joie profonde et la faim profonde du monde se rencontrent \u00bb<\/strong> Frederick Buechner<\/p><\/blockquote>\t\t\t\t\t\t\t\t<\/div>\n\t\t\t\t<\/div>\n\t\t\t\t\t<\/div>\n\t\t<\/div>\n\t\t\t\t\t<\/div>\n\t\t<\/section>\n\t\t\t\t<section data-particle_enable=\"false\" data-particle-mobile-disabled=\"false\" class=\"elementor-section elementor-top-section elementor-element elementor-element-7bc13b76 elementor-section-boxed elementor-section-height-default elementor-section-height-default\" data-id=\"7bc13b76\" data-element_type=\"section\">\n\t\t\t\t\t\t<div class=\"elementor-container elementor-column-gap-default\">\n\t\t\t\t\t<div class=\"elementor-column elementor-col-100 elementor-top-column elementor-element elementor-element-19088913\" data-id=\"19088913\" data-element_type=\"column\">\n\t\t\t<div class=\"elementor-widget-wrap elementor-element-populated\">\n\t\t\t\t\t\t<div class=\"elementor-element elementor-element-1fe83d9b further elementor-widget elementor-widget-text-editor\" data-id=\"1fe83d9b\" data-element_type=\"widget\" data-widget_type=\"text-editor.default\">\n\t\t\t\t<div class=\"elementor-widget-container\">\n\t\t\t\t\t\t\t\t\t<h3>POUR APPROFONDIR SEUL &#8211; OU MIEUX &#8211; EN PETITS GROUPES<\/h3><p>Voici quelques questions pour vous aider \u00e0 approfondir cet enseignement seul ou en petit groupe :<\/p><p><strong>Mettre en lien besoins du monde et activit\u00e9s professionnelles<\/strong><\/p><ul><li>Quand vous \u00e9couter des flashs d\u2019information ou lisez des journaux, quels sont les sujets qui vous sensibilisent le plus ?<\/li><li>Pourquoi ? Quels besoins ces sujets mettent-ils en exergue ?<\/li><li>Comment Dieu voudrait-il que les choses se passent dans ce domaine particulier de la soci\u00e9t\u00e9 ?<\/li><li>Quels sont les m\u00e9tiers qui peuvent y contribuer ?<\/li><li>Ces m\u00e9tiers font-ils partie de ceux que vous aimeriez exercer ou que vous exercez d\u00e9j\u00e0 ?<\/li><\/ul><p><strong>Mettre en lien mandat divin et besoins du monde<\/strong> <br \/>La Bible est un livre tr\u00e8s pratique qui nous engage \u00e0 agir pour le bien de notre monde. Exercer une activit\u00e9 professionnelle en accord avec ses commandements est l\u2019une des fa\u00e7ons les plus solides d\u2019y r\u00e9pondre. Essayez de mettre en lien les trois commandements suivants avec des m\u00e9tiers pr\u00e9cis que vous pourriez exercer pour les mettre en \u0153uvre :<\/p><ul><li>Mat. 25.34-36 \u2013 Le service aux plus d\u00e9munis<\/li><li>Jer.29.7 \u2013 Prendre des responsabilit\u00e9s (politiques ou autres)<\/li><li>Eph.4.28 \u2013 Choisir un travail bien r\u00e9mun\u00e9r\u00e9 pour pouvoir en vivre et m\u00eame plus.<\/li><\/ul><p>Pour compl\u00e9ter, si votre propre m\u00e9tier ne se retrouve pas dans ces trois exemples, quel serait le verset biblique qui justifierait le mieux votre propre activit\u00e9 professionnelle ?<\/p><p><strong>A m\u00e9diter :<\/strong><\/p><ul><li>Si nous sommes en bonne position pour obtenir un mandat \u00e9lectif, pourquoi chercher un travail \u00e0 l\u2019autre bout du monde pour d\u00e9fendre les droits de l\u2019homme ?<\/li><li>Ou bien, \u00e0 quoi servirait d\u2019avoir un job de conseiller pour les jeunes en difficult\u00e9, si c\u2019est pour n\u00e9gliger l\u2019\u00e9ducation de nos propres enfants ?<\/li><\/ul><p>\u00a0<\/p>\t\t\t\t\t\t\t\t<\/div>\n\t\t\t\t<\/div>\n\t\t\t\t\t<\/div>\n\t\t<\/div>\n\t\t\t\t\t<\/div>\n\t\t<\/section>\n\t\t\t\t<\/div>\n\t\t","protected":false},"excerpt":{"rendered":"<p>Le Saint-Esprit nous guide et nous responsabilise dans le travail qu\u2019Il souhaite nous voir exercer. C\u2019est pourquoi Il nous a donn\u00e9 des rep\u00e8res dans sa Parole afin de discerner sa [&hellip;]<\/p>\n","protected":false},"author":65389,"featured_media":2007,"comment_status":"open","ping_status":"closed","sticky":false,"template":"","format":"quote","meta":{"site-sidebar-layout":"default","site-content-layout":"","ast-site-content-layout":"default","site-content-style":"default","site-sidebar-style":"default","ast-global-header-display":"","ast-banner-title-visibility":"","ast-main-header-display":"","ast-hfb-above-header-display":"","ast-hfb-below-header-display":"","ast-hfb-mobile-header-display":"","site-post-title":"","ast-breadcrumbs-content":"","ast-featured-img":"","footer-sml-layout":"","ast-disable-related-posts":"","theme-transparent-header-meta":"","adv-header-id-meta":"","stick-header-meta":"","header-above-stick-meta":"","header-main-stick-meta":"","header-below-stick-meta":"","astra-migrate-meta-layouts":"default","ast-page-background-enabled":"default","ast-page-background-meta":{"desktop":{"background-color":"","background-image":"","background-repeat":"repeat","background-position":"center center","background-size":"auto","background-attachment":"scroll","background-type":"","background-media":"","overlay-type":"","overlay-color":"","overlay-opacity":"","overlay-gradient":""},"tablet":{"background-color":"","background-image":"","background-repeat":"repeat","background-position":"center center","background-size":"auto","background-attachment":"scroll","background-type":"","background-media":"","overlay-type":"","overlay-color":"","overlay-opacity":"","overlay-gradient":""},"mobile":{"background-color":"","background-image":"","background-repeat":"repeat","background-position":"center center","background-size":"auto","background-attachment":"scroll","background-type":"","background-media":"","overlay-type":"","overlay-color":"","overlay-opacity":"","overlay-gradient":""}},"ast-content-background-meta":{"desktop":{"background-color":"var(--ast-global-color-5)","background-image":"","background-repeat":"repeat","background-position":"center center","background-size":"auto","background-attachment":"scroll","background-type":"","background-media":"","overlay-type":"","overlay-color":"","overlay-opacity":"","overlay-gradient":""},"tablet":{"background-color":"var(--ast-global-color-5)","background-image":"","background-repeat":"repeat","background-position":"center center","background-size":"auto","background-attachment":"scroll","background-type":"","background-media":"","overlay-type":"","overlay-color":"","overlay-opacity":"","overlay-gradient":""},"mobile":{"background-color":"var(--ast-global-color-5)","background-image":"","background-repeat":"repeat","background-position":"center center","background-size":"auto","background-attachment":"scroll","background-type":"","background-media":"","overlay-type":"","overlay-color":"","overlay-opacity":"","overlay-gradient":""}},"footnotes":""},"categories":[10],"tags":[17,21,85,101],"class_list":["post-1970","post","type-post","status-publish","format-quote","has-post-thumbnail","hentry","category-repondre-a-notre-appel","tag-appel","tag-besoins-du-monde","tag-sens","tag-travail","post_format-post-format-quote"],"yoast_head":"<!-- This site is optimized with the Yoast SEO plugin v26.7 - https:\/\/yoast.com\/wordpress\/plugins\/seo\/ -->\n<title>R\u00e9pondre aux besoins du monde - C-PROACTIF<\/title>\n<meta name=\"description\" content=\"Si le travail est un service, alors il doit r\u00e9pondre \u00e0 un besoin identifi\u00e9 ! A quels besoins du monde, pouvez-vous r\u00e9pondre au niveau professionnel ?\" \/>\n<meta name=\"robots\" content=\"noindex, follow, max-snippet:-1, max-image-preview:large, max-video-preview:-1\" \/>\n<meta property=\"og:locale\" content=\"fr_FR\" \/>\n<meta property=\"og:type\" content=\"article\" \/>\n<meta property=\"og:title\" content=\"R\u00e9pondre aux besoins du monde - C-PROACTIF\" \/>\n<meta property=\"og:description\" content=\"Si le travail est un service, alors il doit r\u00e9pondre \u00e0 un besoin identifi\u00e9 ! A quels besoins du monde, pouvez-vous r\u00e9pondre au niveau professionnel ?\" \/>\n<meta property=\"og:url\" content=\"https:\/\/wp-sites.ccci.org\/c-proactif\/besoins-du-monde\/\" \/>\n<meta property=\"og:site_name\" content=\"C-PROACTIF\" \/>\n<meta property=\"article:published_time\" content=\"2020-03-06T14:16:09+00:00\" \/>\n<meta property=\"article:modified_time\" content=\"2023-12-22T12:37:21+00:00\" \/>\n<meta property=\"og:image\" content=\"https:\/\/wp-sites.ccci.org\/c-proactif\/wp-content\/uploads\/sites\/393\/2020\/03\/earth-683436_1920.jpg\" \/>\n\t<meta property=\"og:image:width\" content=\"1920\" \/>\n\t<meta property=\"og:image:height\" content=\"1920\" \/>\n\t<meta property=\"og:image:type\" content=\"image\/jpeg\" \/>\n<meta name=\"author\" content=\"Daniel Touilliez\" \/>\n<meta name=\"twitter:card\" content=\"summary_large_image\" \/>\n<meta name=\"twitter:label1\" content=\"\u00c9crit par\" \/>\n\t<meta name=\"twitter:data1\" content=\"Daniel Touilliez\" \/>\n\t<meta name=\"twitter:label2\" content=\"Dur\u00e9e de lecture estim\u00e9e\" \/>\n\t<meta name=\"twitter:data2\" content=\"5 minutes\" \/>\n<script type=\"application\/ld+json\" class=\"yoast-schema-graph\">{\"@context\":\"https:\/\/schema.org\",\"@graph\":[{\"@type\":\"Article\",\"@id\":\"https:\/\/wp-sites.ccci.org\/c-proactif\/besoins-du-monde\/#article\",\"isPartOf\":{\"@id\":\"https:\/\/wp-sites.ccci.org\/c-proactif\/besoins-du-monde\/\"},\"author\":{\"name\":\"Daniel Touilliez\",\"@id\":\"https:\/\/wp-sites.ccci.org\/c-proactif\/#\/schema\/person\/d056a05cc02ffd72cddd2126236ac260\"},\"headline\":\"R\u00e9pondre aux besoins du monde\",\"datePublished\":\"2020-03-06T14:16:09+00:00\",\"dateModified\":\"2023-12-22T12:37:21+00:00\",\"mainEntityOfPage\":{\"@id\":\"https:\/\/wp-sites.ccci.org\/c-proactif\/besoins-du-monde\/\"},\"wordCount\":920,\"commentCount\":0,\"publisher\":{\"@id\":\"https:\/\/wp-sites.ccci.org\/c-proactif\/#organization\"},\"image\":{\"@id\":\"https:\/\/wp-sites.ccci.org\/c-proactif\/besoins-du-monde\/#primaryimage\"},\"thumbnailUrl\":\"https:\/\/wp-sites.ccci.org\/c-proactif\/wp-content\/uploads\/sites\/393\/2020\/03\/earth-683436_1920.jpg\",\"keywords\":[\"appel\",\"besoins du monde\",\"sens\",\"travail\"],\"articleSection\":[\"R\u00e9pondre \u00e0 notre appel\"],\"inLanguage\":\"fr-FR\",\"potentialAction\":[{\"@type\":\"CommentAction\",\"name\":\"Comment\",\"target\":[\"https:\/\/wp-sites.ccci.org\/c-proactif\/besoins-du-monde\/#respond\"]}]},{\"@type\":\"WebPage\",\"@id\":\"https:\/\/wp-sites.ccci.org\/c-proactif\/besoins-du-monde\/\",\"url\":\"https:\/\/wp-sites.ccci.org\/c-proactif\/besoins-du-monde\/\",\"name\":\"R\u00e9pondre aux besoins du monde - C-PROACTIF\",\"isPartOf\":{\"@id\":\"https:\/\/wp-sites.ccci.org\/c-proactif\/#website\"},\"primaryImageOfPage\":{\"@id\":\"https:\/\/wp-sites.ccci.org\/c-proactif\/besoins-du-monde\/#primaryimage\"},\"image\":{\"@id\":\"https:\/\/wp-sites.ccci.org\/c-proactif\/besoins-du-monde\/#primaryimage\"},\"thumbnailUrl\":\"https:\/\/wp-sites.ccci.org\/c-proactif\/wp-content\/uploads\/sites\/393\/2020\/03\/earth-683436_1920.jpg\",\"datePublished\":\"2020-03-06T14:16:09+00:00\",\"dateModified\":\"2023-12-22T12:37:21+00:00\",\"description\":\"Si le travail est un service, alors il doit r\u00e9pondre \u00e0 un besoin identifi\u00e9 ! A quels besoins du monde, pouvez-vous r\u00e9pondre au niveau professionnel ?\",\"breadcrumb\":{\"@id\":\"https:\/\/wp-sites.ccci.org\/c-proactif\/besoins-du-monde\/#breadcrumb\"},\"inLanguage\":\"fr-FR\",\"potentialAction\":[{\"@type\":\"ReadAction\",\"target\":[\"https:\/\/wp-sites.ccci.org\/c-proactif\/besoins-du-monde\/\"]}]},{\"@type\":\"ImageObject\",\"inLanguage\":\"fr-FR\",\"@id\":\"https:\/\/wp-sites.ccci.org\/c-proactif\/besoins-du-monde\/#primaryimage\",\"url\":\"https:\/\/wp-sites.ccci.org\/c-proactif\/wp-content\/uploads\/sites\/393\/2020\/03\/earth-683436_1920.jpg\",\"contentUrl\":\"https:\/\/wp-sites.ccci.org\/c-proactif\/wp-content\/uploads\/sites\/393\/2020\/03\/earth-683436_1920.jpg\",\"width\":1920,\"height\":1920},{\"@type\":\"BreadcrumbList\",\"@id\":\"https:\/\/wp-sites.ccci.org\/c-proactif\/besoins-du-monde\/#breadcrumb\",\"itemListElement\":[{\"@type\":\"ListItem\",\"position\":1,\"name\":\"Accueil\",\"item\":\"https:\/\/wp-sites.ccci.org\/c-proactif\/\"},{\"@type\":\"ListItem\",\"position\":2,\"name\":\"R\u00e9pondre \u00e0 notre appel\",\"item\":\"https:\/\/wp-sites.ccci.org\/c-proactif\/theme\/repondre-a-notre-appel\/\"},{\"@type\":\"ListItem\",\"position\":3,\"name\":\"R\u00e9pondre aux besoins du monde\"}]},{\"@type\":\"WebSite\",\"@id\":\"https:\/\/wp-sites.ccci.org\/c-proactif\/#website\",\"url\":\"https:\/\/wp-sites.ccci.org\/c-proactif\/\",\"name\":\"C-PROACTIF\",\"description\":\"R\u00e9seau professionnel chr\u00e9tien\",\"publisher\":{\"@id\":\"https:\/\/wp-sites.ccci.org\/c-proactif\/#organization\"},\"potentialAction\":[{\"@type\":\"SearchAction\",\"target\":{\"@type\":\"EntryPoint\",\"urlTemplate\":\"https:\/\/wp-sites.ccci.org\/c-proactif\/?s={search_term_string}\"},\"query-input\":{\"@type\":\"PropertyValueSpecification\",\"valueRequired\":true,\"valueName\":\"search_term_string\"}}],\"inLanguage\":\"fr-FR\"},{\"@type\":\"Organization\",\"@id\":\"https:\/\/wp-sites.ccci.org\/c-proactif\/#organization\",\"name\":\"C-PROACTIF\",\"url\":\"https:\/\/wp-sites.ccci.org\/c-proactif\/\",\"logo\":{\"@type\":\"ImageObject\",\"inLanguage\":\"fr-FR\",\"@id\":\"https:\/\/wp-sites.ccci.org\/c-proactif\/#\/schema\/logo\/image\/\",\"url\":\"https:\/\/wp-sites.ccci.org\/c-proactif\/wp-content\/uploads\/sites\/393\/2021\/05\/logo-baseline-blanc-300.png\",\"contentUrl\":\"https:\/\/wp-sites.ccci.org\/c-proactif\/wp-content\/uploads\/sites\/393\/2021\/05\/logo-baseline-blanc-300.png\",\"width\":300,\"height\":113,\"caption\":\"C-PROACTIF\"},\"image\":{\"@id\":\"https:\/\/wp-sites.ccci.org\/c-proactif\/#\/schema\/logo\/image\/\"}},{\"@type\":\"Person\",\"@id\":\"https:\/\/wp-sites.ccci.org\/c-proactif\/#\/schema\/person\/d056a05cc02ffd72cddd2126236ac260\",\"name\":\"Daniel Touilliez\",\"image\":{\"@type\":\"ImageObject\",\"inLanguage\":\"fr-FR\",\"@id\":\"https:\/\/wp-sites.ccci.org\/c-proactif\/#\/schema\/person\/image\/\",\"url\":\"https:\/\/secure.gravatar.com\/avatar\/39c0d75dec7178c2199d52966c7b0fbb98cc4e4af331fbf6f2c7c457291516a4?s=96&d=mm&r=g\",\"contentUrl\":\"https:\/\/secure.gravatar.com\/avatar\/39c0d75dec7178c2199d52966c7b0fbb98cc4e4af331fbf6f2c7c457291516a4?s=96&d=mm&r=g\",\"caption\":\"Daniel Touilliez\"},\"description\":\"Accompagnant de personnes en recherche d\u2019emploi au sein de \u00ab\u00a0Solidarit\u00e9s Nouvelles Face au ch\u00f4mage.\u00a0\u00bb Conf\u00e9rencier selon la demande des \u00e9glises pour pr\u00e9senter les principes bibliques du travail. 35 ans de \u00ab\u00a0travail-minist\u00e8re\u00a0\u00bb au sein d\u2019une grande entreprise dans le domaine de l\u2019\u00e9nergie.\"}]}<\/script>\n<!-- \/ Yoast SEO plugin. -->","yoast_head_json":{"title":"R\u00e9pondre aux besoins du monde - C-PROACTIF","description":"Si le travail est un service, alors il doit r\u00e9pondre \u00e0 un besoin identifi\u00e9 ! A quels besoins du monde, pouvez-vous r\u00e9pondre au niveau professionnel ?","robots":{"index":"noindex","follow":"follow","max-snippet":"max-snippet:-1","max-image-preview":"max-image-preview:large","max-video-preview":"max-video-preview:-1"},"og_locale":"fr_FR","og_type":"article","og_title":"R\u00e9pondre aux besoins du monde - C-PROACTIF","og_description":"Si le travail est un service, alors il doit r\u00e9pondre \u00e0 un besoin identifi\u00e9 ! A quels besoins du monde, pouvez-vous r\u00e9pondre au niveau professionnel ?","og_url":"https:\/\/wp-sites.ccci.org\/c-proactif\/besoins-du-monde\/","og_site_name":"C-PROACTIF","article_published_time":"2020-03-06T14:16:09+00:00","article_modified_time":"2023-12-22T12:37:21+00:00","og_image":[{"width":1920,"height":1920,"url":"https:\/\/wp-sites.ccci.org\/c-proactif\/wp-content\/uploads\/sites\/393\/2020\/03\/earth-683436_1920.jpg","type":"image\/jpeg"}],"author":"Daniel Touilliez","twitter_card":"summary_large_image","twitter_misc":{"\u00c9crit par":"Daniel Touilliez","Dur\u00e9e de lecture estim\u00e9e":"5 minutes"},"schema":{"@context":"https:\/\/schema.org","@graph":[{"@type":"Article","@id":"https:\/\/wp-sites.ccci.org\/c-proactif\/besoins-du-monde\/#article","isPartOf":{"@id":"https:\/\/wp-sites.ccci.org\/c-proactif\/besoins-du-monde\/"},"author":{"name":"Daniel Touilliez","@id":"https:\/\/wp-sites.ccci.org\/c-proactif\/#\/schema\/person\/d056a05cc02ffd72cddd2126236ac260"},"headline":"R\u00e9pondre aux besoins du monde","datePublished":"2020-03-06T14:16:09+00:00","dateModified":"2023-12-22T12:37:21+00:00","mainEntityOfPage":{"@id":"https:\/\/wp-sites.ccci.org\/c-proactif\/besoins-du-monde\/"},"wordCount":920,"commentCount":0,"publisher":{"@id":"https:\/\/wp-sites.ccci.org\/c-proactif\/#organization"},"image":{"@id":"https:\/\/wp-sites.ccci.org\/c-proactif\/besoins-du-monde\/#primaryimage"},"thumbnailUrl":"https:\/\/wp-sites.ccci.org\/c-proactif\/wp-content\/uploads\/sites\/393\/2020\/03\/earth-683436_1920.jpg","keywords":["appel","besoins du monde","sens","travail"],"articleSection":["R\u00e9pondre \u00e0 notre appel"],"inLanguage":"fr-FR","potentialAction":[{"@type":"CommentAction","name":"Comment","target":["https:\/\/wp-sites.ccci.org\/c-proactif\/besoins-du-monde\/#respond"]}]},{"@type":"WebPage","@id":"https:\/\/wp-sites.ccci.org\/c-proactif\/besoins-du-monde\/","url":"https:\/\/wp-sites.ccci.org\/c-proactif\/besoins-du-monde\/","name":"R\u00e9pondre aux besoins du monde - C-PROACTIF","isPartOf":{"@id":"https:\/\/wp-sites.ccci.org\/c-proactif\/#website"},"primaryImageOfPage":{"@id":"https:\/\/wp-sites.ccci.org\/c-proactif\/besoins-du-monde\/#primaryimage"},"image":{"@id":"https:\/\/wp-sites.ccci.org\/c-proactif\/besoins-du-monde\/#primaryimage"},"thumbnailUrl":"https:\/\/wp-sites.ccci.org\/c-proactif\/wp-content\/uploads\/sites\/393\/2020\/03\/earth-683436_1920.jpg","datePublished":"2020-03-06T14:16:09+00:00","dateModified":"2023-12-22T12:37:21+00:00","description":"Si le travail est un service, alors il doit r\u00e9pondre \u00e0 un besoin identifi\u00e9 ! A quels besoins du monde, pouvez-vous r\u00e9pondre au niveau professionnel ?","breadcrumb":{"@id":"https:\/\/wp-sites.ccci.org\/c-proactif\/besoins-du-monde\/#breadcrumb"},"inLanguage":"fr-FR","potentialAction":[{"@type":"ReadAction","target":["https:\/\/wp-sites.ccci.org\/c-proactif\/besoins-du-monde\/"]}]},{"@type":"ImageObject","inLanguage":"fr-FR","@id":"https:\/\/wp-sites.ccci.org\/c-proactif\/besoins-du-monde\/#primaryimage","url":"https:\/\/wp-sites.ccci.org\/c-proactif\/wp-content\/uploads\/sites\/393\/2020\/03\/earth-683436_1920.jpg","contentUrl":"https:\/\/wp-sites.ccci.org\/c-proactif\/wp-content\/uploads\/sites\/393\/2020\/03\/earth-683436_1920.jpg","width":1920,"height":1920},{"@type":"BreadcrumbList","@id":"https:\/\/wp-sites.ccci.org\/c-proactif\/besoins-du-monde\/#breadcrumb","itemListElement":[{"@type":"ListItem","position":1,"name":"Accueil","item":"https:\/\/wp-sites.ccci.org\/c-proactif\/"},{"@type":"ListItem","position":2,"name":"R\u00e9pondre \u00e0 notre appel","item":"https:\/\/wp-sites.ccci.org\/c-proactif\/theme\/repondre-a-notre-appel\/"},{"@type":"ListItem","position":3,"name":"R\u00e9pondre aux besoins du monde"}]},{"@type":"WebSite","@id":"https:\/\/wp-sites.ccci.org\/c-proactif\/#website","url":"https:\/\/wp-sites.ccci.org\/c-proactif\/","name":"C-PROACTIF","description":"R\u00e9seau professionnel chr\u00e9tien","publisher":{"@id":"https:\/\/wp-sites.ccci.org\/c-proactif\/#organization"},"potentialAction":[{"@type":"SearchAction","target":{"@type":"EntryPoint","urlTemplate":"https:\/\/wp-sites.ccci.org\/c-proactif\/?s={search_term_string}"},"query-input":{"@type":"PropertyValueSpecification","valueRequired":true,"valueName":"search_term_string"}}],"inLanguage":"fr-FR"},{"@type":"Organization","@id":"https:\/\/wp-sites.ccci.org\/c-proactif\/#organization","name":"C-PROACTIF","url":"https:\/\/wp-sites.ccci.org\/c-proactif\/","logo":{"@type":"ImageObject","inLanguage":"fr-FR","@id":"https:\/\/wp-sites.ccci.org\/c-proactif\/#\/schema\/logo\/image\/","url":"https:\/\/wp-sites.ccci.org\/c-proactif\/wp-content\/uploads\/sites\/393\/2021\/05\/logo-baseline-blanc-300.png","contentUrl":"https:\/\/wp-sites.ccci.org\/c-proactif\/wp-content\/uploads\/sites\/393\/2021\/05\/logo-baseline-blanc-300.png","width":300,"height":113,"caption":"C-PROACTIF"},"image":{"@id":"https:\/\/wp-sites.ccci.org\/c-proactif\/#\/schema\/logo\/image\/"}},{"@type":"Person","@id":"https:\/\/wp-sites.ccci.org\/c-proactif\/#\/schema\/person\/d056a05cc02ffd72cddd2126236ac260","name":"Daniel Touilliez","image":{"@type":"ImageObject","inLanguage":"fr-FR","@id":"https:\/\/wp-sites.ccci.org\/c-proactif\/#\/schema\/person\/image\/","url":"https:\/\/secure.gravatar.com\/avatar\/39c0d75dec7178c2199d52966c7b0fbb98cc4e4af331fbf6f2c7c457291516a4?s=96&d=mm&r=g","contentUrl":"https:\/\/secure.gravatar.com\/avatar\/39c0d75dec7178c2199d52966c7b0fbb98cc4e4af331fbf6f2c7c457291516a4?s=96&d=mm&r=g","caption":"Daniel Touilliez"},"description":"Accompagnant de personnes en recherche d\u2019emploi au sein de \u00ab\u00a0Solidarit\u00e9s Nouvelles Face au ch\u00f4mage.\u00a0\u00bb Conf\u00e9rencier selon la demande des \u00e9glises pour pr\u00e9senter les principes bibliques du travail. 35 ans de \u00ab\u00a0travail-minist\u00e8re\u00a0\u00bb au sein d\u2019une grande entreprise dans le domaine de l\u2019\u00e9nergie."}]}},"jetpack_featured_media_url":"https:\/\/wp-sites.ccci.org\/c-proactif\/wp-content\/uploads\/sites\/393\/2020\/03\/earth-683436_1920.jpg","meta_box":[],"_links":{"self":[{"href":"https:\/\/wp-sites.ccci.org\/c-proactif\/wp-json\/wp\/v2\/posts\/1970","targetHints":{"allow":["GET"]}}],"collection":[{"href":"https:\/\/wp-sites.ccci.org\/c-proactif\/wp-json\/wp\/v2\/posts"}],"about":[{"href":"https:\/\/wp-sites.ccci.org\/c-proactif\/wp-json\/wp\/v2\/types\/post"}],"author":[{"embeddable":true,"href":"https:\/\/wp-sites.ccci.org\/c-proactif\/wp-json\/wp\/v2\/users\/65389"}],"replies":[{"embeddable":true,"href":"https:\/\/wp-sites.ccci.org\/c-proactif\/wp-json\/wp\/v2\/comments?post=1970"}],"version-history":[{"count":1,"href":"https:\/\/wp-sites.ccci.org\/c-proactif\/wp-json\/wp\/v2\/posts\/1970\/revisions"}],"predecessor-version":[{"id":10440,"href":"https:\/\/wp-sites.ccci.org\/c-proactif\/wp-json\/wp\/v2\/posts\/1970\/revisions\/10440"}],"wp:featuredmedia":[{"embeddable":true,"href":"https:\/\/wp-sites.ccci.org\/c-proactif\/wp-json\/wp\/v2\/media\/2007"}],"wp:attachment":[{"href":"https:\/\/wp-sites.ccci.org\/c-proactif\/wp-json\/wp\/v2\/media?parent=1970"}],"wp:term":[{"taxonomy":"category","embeddable":true,"href":"https:\/\/wp-sites.ccci.org\/c-proactif\/wp-json\/wp\/v2\/categories?post=1970"},{"taxonomy":"post_tag","embeddable":true,"href":"https:\/\/wp-sites.ccci.org\/c-proactif\/wp-json\/wp\/v2\/tags?post=1970"}],"curies":[{"name":"wp","href":"https:\/\/api.w.org\/{rel}","templated":true}]}}