{"id":1981,"date":"2020-03-06T16:23:43","date_gmt":"2020-03-06T15:23:43","guid":{"rendered":"https:\/\/c-proactif.org\/?p=1981"},"modified":"2023-12-22T13:37:20","modified_gmt":"2023-12-22T12:37:20","slug":"nos-aspirations-profondes","status":"publish","type":"post","link":"https:\/\/wp-sites.ccci.org\/c-proactif\/nos-aspirations-profondes\/","title":{"rendered":"\u00catre \u00e0 l\u2019\u00e9coute de nos aspirations profondes"},"content":{"rendered":"\t\t<div data-elementor-type=\"wp-post\" data-elementor-id=\"1981\" class=\"elementor elementor-1981\" data-elementor-post-type=\"post\">\n\t\t\t\t\t\t<section data-particle_enable=\"false\" data-particle-mobile-disabled=\"false\" class=\"elementor-section elementor-top-section elementor-element elementor-element-6658388c elementor-section-boxed elementor-section-height-default elementor-section-height-default\" data-id=\"6658388c\" data-element_type=\"section\">\n\t\t\t\t\t\t<div class=\"elementor-container elementor-column-gap-default\">\n\t\t\t\t\t<div class=\"elementor-column elementor-col-100 elementor-top-column elementor-element elementor-element-1dec8cc9\" data-id=\"1dec8cc9\" data-element_type=\"column\">\n\t\t\t<div class=\"elementor-widget-wrap elementor-element-populated\">\n\t\t\t\t\t\t<div class=\"elementor-element elementor-element-4db420b0 intro elementor-widget elementor-widget-text-editor\" data-id=\"4db420b0\" data-element_type=\"widget\" data-widget_type=\"text-editor.default\">\n\t\t\t\t<div class=\"elementor-widget-container\">\n\t\t\t\t\t\t\t\t\t<blockquote>\n<p>\u00ab Fais de l&rsquo;\u00c9ternel tes d\u00e9lices, et il te donnera ce que ton c\u0153ur d\u00e9sire. \u00bb Ps 34:4&nbsp;<\/p>\n<\/blockquote>\t\t\t\t\t\t\t\t<\/div>\n\t\t\t\t<\/div>\n\t\t\t\t<div class=\"elementor-element elementor-element-bc377e7 intro elementor-widget elementor-widget-text-editor\" data-id=\"bc377e7\" data-element_type=\"widget\" data-widget_type=\"text-editor.default\">\n\t\t\t\t<div class=\"elementor-widget-container\">\n\t\t\t\t\t\t\t\t\t<p>Savez-vous ce que votre c\u0153ur d\u00e9sire r\u00e9ellement<span style=\"font-size: 18px;\">\u00a0<\/span><span style=\"font-size: 18px;\">?<\/span><\/p>\t\t\t\t\t\t\t\t<\/div>\n\t\t\t\t<\/div>\n\t\t\t\t\t<\/div>\n\t\t<\/div>\n\t\t\t\t\t<\/div>\n\t\t<\/section>\n\t\t\t\t<section data-particle_enable=\"false\" data-particle-mobile-disabled=\"false\" class=\"elementor-section elementor-top-section elementor-element elementor-element-a885817 elementor-section-boxed elementor-section-height-default elementor-section-height-default\" data-id=\"a885817\" data-element_type=\"section\">\n\t\t\t\t\t\t<div class=\"elementor-container elementor-column-gap-default\">\n\t\t\t\t\t<div class=\"elementor-column elementor-col-50 elementor-top-column elementor-element elementor-element-73a33091\" data-id=\"73a33091\" data-element_type=\"column\">\n\t\t\t<div class=\"elementor-widget-wrap elementor-element-populated\">\n\t\t\t\t\t\t<div class=\"elementor-element elementor-element-600a4d78 elementor-widget elementor-widget-text-editor\" data-id=\"600a4d78\" data-element_type=\"widget\" data-widget_type=\"text-editor.default\">\n\t\t\t\t<div class=\"elementor-widget-container\">\n\t\t\t\t\t\t\t\t\t<p>Le troisi\u00e8me rep\u00e8re que Dieu nous donne pour discerner notre orientation professionnelle est d\u2019\u00eatre \u00e0 l\u2019\u00e9coute de nos aspirations profondes. Car le Seigneur souhaite que nous soyons \u00e9panouis dans toute notre personnalit\u00e9.&nbsp;<\/p>\n<p>C\u2019est ce que nous allons aborder dans cet article.<\/p>\n<blockquote>\n<p>\u00ab<span style=\"font-size: 16.5px;\">&nbsp;<\/span><span style=\"font-size: 16.5px;\">Il accomplit les d\u00e9sirs de ceux qui le craignent, il entend leur cri et les sauve<\/span><span style=\"font-size: 16.5px;\">&nbsp;<\/span><span style=\"font-size: 16.5px;\">\u00bb. Ps 145:19<\/span><\/p>\n<\/blockquote>\t\t\t\t\t\t\t\t<\/div>\n\t\t\t\t<\/div>\n\t\t\t\t\t<\/div>\n\t\t<\/div>\n\t\t\t\t<div class=\"elementor-column elementor-col-50 elementor-top-column elementor-element elementor-element-7a86f6bd\" data-id=\"7a86f6bd\" data-element_type=\"column\">\n\t\t\t<div class=\"elementor-widget-wrap elementor-element-populated\">\n\t\t\t\t\t\t<div class=\"elementor-element elementor-element-7a9515eb elementor-widget elementor-widget-image\" data-id=\"7a9515eb\" data-element_type=\"widget\" data-widget_type=\"image.default\">\n\t\t\t\t<div class=\"elementor-widget-container\">\n\t\t\t\t\t\t\t\t\t\t\t\t\t\t\t<img decoding=\"async\" src=\"https:\/\/wp-sites.ccci.org\/c-proactif\/wp-content\/uploads\/sites\/393\/2020\/03\/happiness-1866081_1920.jpg?w=1024\" title=\"happiness-1866081_1920\" alt=\"pl\u00e9nitude\" loading=\"lazy\" \/>\t\t\t\t\t\t\t\t\t\t\t\t\t\t\t<\/div>\n\t\t\t\t<\/div>\n\t\t\t\t\t<\/div>\n\t\t<\/div>\n\t\t\t\t\t<\/div>\n\t\t<\/section>\n\t\t\t\t<section data-particle_enable=\"false\" data-particle-mobile-disabled=\"false\" class=\"elementor-section elementor-top-section elementor-element elementor-element-53a3ce2 elementor-section-boxed elementor-section-height-default elementor-section-height-default\" data-id=\"53a3ce2\" data-element_type=\"section\">\n\t\t\t\t\t\t<div class=\"elementor-container elementor-column-gap-default\">\n\t\t\t\t\t<div class=\"elementor-column elementor-col-100 elementor-top-column elementor-element elementor-element-3e196827\" data-id=\"3e196827\" data-element_type=\"column\">\n\t\t\t<div class=\"elementor-widget-wrap elementor-element-populated\">\n\t\t\t\t\t\t<div class=\"elementor-element elementor-element-5f6fc8be elementor-widget elementor-widget-text-editor\" data-id=\"5f6fc8be\" data-element_type=\"widget\" data-widget_type=\"text-editor.default\">\n\t\t\t\t<div class=\"elementor-widget-container\">\n\t\t\t\t\t\t\t\t\t<h2>Oserez-vous reconnaitre vos aspirations profondes ?<\/h2><h3>Billy Elliot est devenu danseur \u00e9toile !<\/h3><p>Rien ne l\u2019y pr\u00e9destinait. \u00c9lev\u00e9 dans une pauvre cit\u00e9 mini\u00e8re du nord de l\u2019Angleterre, Billy voit son p\u00e8re et son fr\u00e8re trimer tous les jours \u00e0 la mine. Billy a onze ans quand, se rendant comme chaque semaine \u00e0 l\u2019entrainement de boxe vers lequel le pousse son p\u00e8re, il d\u00e9couvre le cours de danse des filles qui se passe dans son propre gymnase. <br \/>C\u2019est la r\u00e9v\u00e9lation ! Billy est fascin\u00e9 par ce qu\u2019il voit\u2026Il ne peut s\u2019emp\u00eacher de continuer \u00e0 regarder, il commence m\u00eame \u00e0 essayer en cachette \u2026 Mais ce n\u2019est pas possible pour lui ! Comment faire accepter cela \u00e0 son p\u00e8re ? Peu \u00e0 peu, rep\u00e9r\u00e9 par la professeur de danse, Billy suit des cours en secret de sa famille, progresse \u2026 jusqu\u2019\u00e0 ce qu\u2019il parvienne \u00e0 convaincre son p\u00e8re de son talent et obtienne la permission d&rsquo;int\u00e9grer une grande \u00e9cole de danse \u00e0 Londres. Et le r\u00eave s\u2019accomplit ! Billy travaille dur et devient, des ann\u00e9es plus tard, danseur \u00e9toile du lac des cygnes.<\/p><h3><strong>Ce qui vous constitue, au plus profond de vous-m\u00eame <\/strong><\/h3><p>Une aspiration profonde c\u2019est ce qui vous habite au point de vous rendre capable de surmonter tous les obstacles pour y parvenir. Vous vous sentez juste fait pour \u00e7a et tant que vous n\u2019\u00eates pas l\u00e0, quelque chose de vous ne s\u2019exprime pas.<\/p><p>Il faut parfois beaucoup de temps et beaucoup de courage pour agir en accord avec nos aspirations profondes. Les raisons en sont multiples. Ce peut \u00eatre simplement parce que vos aspirations profondes ne sont pas courantes ou admises dans votre milieu social, ou encore, par frilosit\u00e9 parce que les suivre vous ferait prendre des risques que vous n&rsquo;\u00eates pas pr\u00eat \u00e0 prendre \u2026 Vous aurez alors tendance \u00e0 les \u00e9touffer pour entrer dans quelque chose de plus conventionnel ou de plus socialement prot\u00e9g\u00e9. Je connais un homme qui a fait toute sa carri\u00e8re en tant que v\u00e9t\u00e9rinaire avant d\u2019oser s\u2019avouer une aspiration profonde pour la musique. \u00c0 60 ans, il s\u2019est mis \u00e0 apprendre s\u00e9rieusement la guitare et a tr\u00e8s vite commenc\u00e9 une nouvelle carri\u00e8re professionnelle, par passion cette fois-ci ! Quel dommage de n\u2019avoir pas eu ce courage avant !<\/p><h3><strong>Oser reconna\u00eetre vos aspirations profondes ! <\/strong><\/h3><p><strong>Les reconna\u00eetre c\u2019est vous rencontrer vous-m\u00eame et en m\u00eame temps, d\u00e9couvrir \u00e0 quoi Dieu vous a destin\u00e9.<\/strong> Si vous vous sentez attir\u00e9 profond\u00e9ment vers une certaine carri\u00e8re professionnelle, il est fort probable que celle-ci corresponde \u00e0 une aspiration profonde que Dieu a d\u00e9pos\u00e9 \u00e0 dessein dans votre c\u0153ur. Pourquoi ? Pour vous donner du plaisir et de la joie !<\/p><blockquote><p>Jusqu&rsquo;\u00e0 pr\u00e9sent, vous n&rsquo;avez rien demand\u00e9 en mon nom. Demandez et vous recevrez, afin que votre joie soit compl\u00e8te. Jn. 16:24<\/p><\/blockquote><h2>Distinguer entre \u00ab\u00a0aspirations\u00a0\u00bb et \u00ab\u00a0envies\u00a0\u00bb\u00a0<\/h2><p>Mais ne confondons pas ! Notre soci\u00e9t\u00e9 nous encourage le plus souvent \u00e0 satisfaire nos envies, pas nos aspirations profondes. Nous sommes environn\u00e9s par toutes sortes de sollicitations publicitaires qui captent notre int\u00e9r\u00eat avec de mauvais arguments et nos motivations sont embrouill\u00e9es. Nous d\u00e9sirons faire des choses qui semblent nous apporter \u00ab\u00a0ce que notre c\u0153ur d\u00e9sire \u00bb mais qui ne correspondent pas \u00e0 celles que Dieu a plac\u00e9es dans le fond de notre c\u0153ur. Ro.7:22-25.<\/p><p>Par exemple, nous r\u00e9pondons aux aspirations de nos parents sans nous en rendre compte, alors que notre aspiration profonde \u00e9tait ailleurs. Cela est souvent vrai des carri\u00e8res artistiques pour des personnes vivant \u00e9loign\u00e9es de ce contexte.<\/p><p>Nous ne pouvons pas non plus, simplement dire : \u00ab Faites ce qui vous rend heureux ! \u00bb<br \/>Car ce qui nous rendrait heureux \u2014 ou semblerait nous rendre heureux \u2014 pourrait \u00eatre bien \u00e9loign\u00e9 des autres rep\u00e8res d\u00e9j\u00e0 \u00e9voqu\u00e9s : \u00eatre en accord avec les besoins du monde (<a href=\"https:\/\/wp-sites.ccci.org\/c-proactif\/\/repondre-aux-besoins-du-monde\/\" target=\"_blank\" rel=\"noopener\">article<\/a>) ou correspondre \u00e0 la bonne utilisation de vos comp\u00e9tences et de vos dons pour le bien commun (<a href=\"https:\/\/wp-sites.ccci.org\/c-proactif\/\/exprimer-mes-talents-et-mes-dons\/\" target=\"_blank\" rel=\"noopener\">article<\/a>).<\/p><p><strong>Satisfaire vos envies, n\u2019est pas la m\u00eame chose que r\u00e9pondre \u00e0 vos aspirations profondes !<\/strong><\/p><blockquote><p>L\u2019endroit o\u00f9 Dieu vous appelle est l\u00e0 o\u00f9 votre joie profonde et la faim profonde du monde se rencontrent. &#8211; Frederick Buechner<\/p><\/blockquote><h2>Faire face aux situations de dilemme<\/h2><p>Le discernement n\u2019est donc pas toujours facile \u00e0 faire ! Il peut m\u00eame arriver que, parvenu \u00e0 identifier nos aspirations profondes, nous soyons retenus de les suivre parce que le m\u00e9tier vis\u00e9 peut demander de lourds sacrifices ou \u00eatre v\u00e9cu difficilement au niveau social.<\/p><p>Il existe aussi des consid\u00e9rations morales \u00e0 prendre en compte : pouvons-nous en tant que chr\u00e9tien embrasser tous types de carri\u00e8res ? Quelles sont les limites \u00e9thiques que nous nous donnerons pour l\u2019exercice de notre m\u00e9tier ?<\/p><p>Si nous nous trouvons dans ce type de situation probl\u00e9matique, il peut \u00eatre pr\u00e9f\u00e9rable de choisir un autre m\u00e9tier, nous permettant de participer librement au travail de Christ plut\u00f4t que de nous obstiner dans un m\u00e9tier plus attirant mais qui ne le glorifierait pas Christ autant. S&rsquo;il s\u2019agit d\u2019un choix conscient et assum\u00e9, alors soyons assur\u00e9s que le Saint Esprit nous accompagnera (Ph.2.13)<\/p><p>Dans ce monde d\u00e9chu, il peut arriver que l&rsquo;on fasse un m\u00e9tier que l&rsquo;on n&rsquo;aime pas. Les circonstances (le ch\u00f4mage, le manque d&rsquo;opportunit\u00e9s ou le manque de ressources financi\u00e8res pour faire les \u00e9tudes adapt\u00e9es\u2026) peuvent nous conduire \u00e0 des emplois\u00a0 \u00ab\u00a0alimentaires\u00a0\u00bb, pour lesquels nous n\u2019avons pas d\u2019attirance particuli\u00e8re. Mais nous pouvons malgr\u00e9 tout les accepter avec reconnaissance, apprendre \u00e0 les aimer et \u00e0 y donner le meilleur de nous-m\u00eames en les vivant comme un culte rendu \u00e0 Dieu. Pensez \u00e0 Joseph qui, en toutes circonstances, a appris \u00e0 servir Dieu avec constance et int\u00e9grit\u00e9, m\u00eame pendant ses dix ann\u00e9es de service injuste dans la prison de Pharaon !<\/p><p>Ayez confiance, dans toutes ces situations, Dieu prendra soin de vous : Mat. 24.25-27 ; 1Cor. 7.21-2\u00c0<\/p>\t\t\t\t\t\t\t\t<\/div>\n\t\t\t\t<\/div>\n\t\t\t\t\t<\/div>\n\t\t<\/div>\n\t\t\t\t\t<\/div>\n\t\t<\/section>\n\t\t\t\t<section data-particle_enable=\"false\" data-particle-mobile-disabled=\"false\" class=\"elementor-section elementor-top-section elementor-element elementor-element-fb71868 elementor-section-boxed elementor-section-height-default elementor-section-height-default\" data-id=\"fb71868\" data-element_type=\"section\">\n\t\t\t\t\t\t<div class=\"elementor-container elementor-column-gap-default\">\n\t\t\t\t\t<div class=\"elementor-column elementor-col-100 elementor-top-column elementor-element elementor-element-41c348ba\" data-id=\"41c348ba\" data-element_type=\"column\">\n\t\t\t<div class=\"elementor-widget-wrap elementor-element-populated\">\n\t\t\t\t\t\t<div class=\"elementor-element elementor-element-27c0f26b elementor-widget elementor-widget-text-editor\" data-id=\"27c0f26b\" data-element_type=\"widget\" data-widget_type=\"text-editor.default\">\n\t\t\t\t<div class=\"elementor-widget-container\">\n\t\t\t\t\t\t\t\t\t<h2>En conclusion<\/h2><p>Les trois points de rep\u00e8res que nous venons de pr\u00e9senter dans les trois articles de cette section, sont \u00e0 consid\u00e9rer de fa\u00e7on ind\u00e9pendante mais aussi en relation les uns avec les autres. L\u2019un d\u2019eux pourra \u00eatre pr\u00e9dominant par rapport aux autres dans le choix de votre m\u00e9tier ou au contraire, \u00eatre totalement absent du m\u00e9tier que vous exercez aujourd\u2019hui. Cela ne doit pas vous troubler car la vie chr\u00e9tienne est une marche avec Dieu, en \u00e9volution constante. L\u2019important est de rechercher la direction de Dieu dans la pri\u00e8re et de progresser dans l\u2019\u00e9coute. Par exemple, si votre m\u00e9tier actuel ne vous para\u00eet pas r\u00e9pondre \u00e0 un besoin\u00a0 \u00e9vident du monde , c\u2019est peut-\u00eatre tout simplement parce qu\u2019il correspond \u00e0 une \u00e9tape d\u2019apprentissage et qu&rsquo;il vous permettra de rebondir vers quelque chose de plus complet ult\u00e9rieurement.<\/p><blockquote><p>Ainsi, mes fr\u00e8res et s\u0153urs bien-aim\u00e9s, soyez fermes, in\u00e9branlables. Travaillez de mieux en mieux \u00e0 l&rsquo;\u0153uvre du Seigneur, sachant que votre travail n&rsquo;est pas sans r\u00e9sultat dans le Seigneur. 1 Cor. 15:58<\/p><\/blockquote><p>Le v\u00e9ritable objectif de notre travail est de glorifier Dieu en servant le bien commun. <br \/>Notre travail n\u2019est pas vain : tout ce que nous faisons dans la puissance du Saint Esprit et en union avec le Christ apporte l\u2019amour, l\u2019esp\u00e9rance et la gr\u00e2ce ; une parcelle du Royaume sur terre !<\/p><p>Mais nous avons besoin d&rsquo;\u00eatre conseill\u00e9 et accompagn\u00e9 pour le vivre de fa\u00e7on victorieuse !\u00a0<\/p>\t\t\t\t\t\t\t\t<\/div>\n\t\t\t\t<\/div>\n\t\t\t\t\t<\/div>\n\t\t<\/div>\n\t\t\t\t\t<\/div>\n\t\t<\/section>\n\t\t\t\t<section data-particle_enable=\"false\" data-particle-mobile-disabled=\"false\" class=\"elementor-section elementor-top-section elementor-element elementor-element-24e6ed4c elementor-section-boxed elementor-section-height-default elementor-section-height-default\" data-id=\"24e6ed4c\" data-element_type=\"section\">\n\t\t\t\t\t\t<div class=\"elementor-container elementor-column-gap-default\">\n\t\t\t\t\t<div class=\"elementor-column elementor-col-100 elementor-top-column elementor-element elementor-element-7c8d7804\" data-id=\"7c8d7804\" data-element_type=\"column\">\n\t\t\t<div class=\"elementor-widget-wrap elementor-element-populated\">\n\t\t\t\t\t\t<div class=\"elementor-element elementor-element-5ea33f7f further elementor-widget elementor-widget-text-editor\" data-id=\"5ea33f7f\" data-element_type=\"widget\" data-widget_type=\"text-editor.default\">\n\t\t\t\t<div class=\"elementor-widget-container\">\n\t\t\t\t\t\t\t\t\t<h3>POUR APPROFONDIR SEUL &#8211; OU MIEUX &#8211; EN PETITS GROUPES<\/h3><p>Voici quelques questions pour vous aider \u00e0 approfondir cet enseignement seul ou en petit groupe :<\/p><ul><li>Quand vous vous demandez ce que vous d\u00e9sirez vraiment, quelle est la premi\u00e8re chose qui vous vient \u00e0 l\u2019esprit ? \u00c9crivez-la. Est-elle difficile \u00e0 vous avouer ?<\/li><li>A quoi passez-vous votre temps libre ?<\/li><li>Y a-t-il quelque-chose sans laquelle vous n\u2019imagineriez pas vivre ?<\/li><li>Avec qui passez-vous du temps, et pourquoi ?<\/li><li>Pensez \u00e0 trois ou cinq moments dans votre vie o\u00f9 vous avez particip\u00e9 \u00e0 des activit\u00e9s qui vous ont faits vous sentir \u00ab\u00a0vivant\u00a0\u00bb. Que faisiez-vous et pourquoi ?<\/li><li>\u00c0 quels personnages (c\u00e9l\u00e8bres ou non) aimeriez-vous ressembler ?<\/li><li>Si Dieu semblait vous conduire vers un travail dont vous ne savez rien, pour lequel vous n\u2019avez pas actuellement de comp\u00e9tences et ne savez pas si\u00a0 vous l&rsquo;aimeriez, seriez-vous pr\u00eat \u00e0 lui faire confiance et \u00e0 prendre ce travail ?<\/li><li>Comment les autres per\u00e7oivent-ils la direction de Dieu pour vous ?<\/li><\/ul><p>En exer\u00e7ant votre m\u00e9tier, vous consid\u00e9rez-vous, comme on l\u2019entend parfois au sujet des pasteurs ou missionnaires, \u00ab<span style=\"font-size: 15px;\">\u00a0<\/span><span style=\"font-size: 15px;\">\u00e0 plein temps pour Dieu<\/span><span style=\"font-size: 15px;\">\u00a0<\/span><span style=\"font-size: 15px;\">?<\/span><span style=\"font-size: 15px;\">\u00a0<\/span><span style=\"font-size: 15px;\">\u00bb<\/span><\/p><p><strong>Prier et demander \u00e0 Dieu de vous permettre de vivre en accord avec vos aspirations profondes.\u00a0<\/strong><span style=\"font-size: 15px;\">\u00a0<\/span><\/p>\t\t\t\t\t\t\t\t<\/div>\n\t\t\t\t<\/div>\n\t\t\t\t\t<\/div>\n\t\t<\/div>\n\t\t\t\t\t<\/div>\n\t\t<\/section>\n\t\t\t\t<\/div>\n\t\t","protected":false},"excerpt":{"rendered":"<p>\u00ab Fais de l&rsquo;\u00c9ternel tes d\u00e9lices, et il te donnera ce que ton c\u0153ur d\u00e9sire. \u00bb Ps 34:4&nbsp; Savez-vous ce que votre c\u0153ur d\u00e9sire r\u00e9ellement\u00a0? Le troisi\u00e8me rep\u00e8re que Dieu [&hellip;]<\/p>\n","protected":false},"author":65389,"featured_media":1998,"comment_status":"open","ping_status":"closed","sticky":false,"template":"","format":"quote","meta":{"site-sidebar-layout":"default","site-content-layout":"","ast-site-content-layout":"default","site-content-style":"default","site-sidebar-style":"default","ast-global-header-display":"","ast-banner-title-visibility":"","ast-main-header-display":"","ast-hfb-above-header-display":"","ast-hfb-below-header-display":"","ast-hfb-mobile-header-display":"","site-post-title":"","ast-breadcrumbs-content":"","ast-featured-img":"","footer-sml-layout":"","ast-disable-related-posts":"","theme-transparent-header-meta":"","adv-header-id-meta":"","stick-header-meta":"","header-above-stick-meta":"","header-main-stick-meta":"","header-below-stick-meta":"","astra-migrate-meta-layouts":"default","ast-page-background-enabled":"default","ast-page-background-meta":{"desktop":{"background-color":"","background-image":"","background-repeat":"repeat","background-position":"center center","background-size":"auto","background-attachment":"scroll","background-type":"","background-media":"","overlay-type":"","overlay-color":"","overlay-opacity":"","overlay-gradient":""},"tablet":{"background-color":"","background-image":"","background-repeat":"repeat","background-position":"center center","background-size":"auto","background-attachment":"scroll","background-type":"","background-media":"","overlay-type":"","overlay-color":"","overlay-opacity":"","overlay-gradient":""},"mobile":{"background-color":"","background-image":"","background-repeat":"repeat","background-position":"center center","background-size":"auto","background-attachment":"scroll","background-type":"","background-media":"","overlay-type":"","overlay-color":"","overlay-opacity":"","overlay-gradient":""}},"ast-content-background-meta":{"desktop":{"background-color":"var(--ast-global-color-5)","background-image":"","background-repeat":"repeat","background-position":"center center","background-size":"auto","background-attachment":"scroll","background-type":"","background-media":"","overlay-type":"","overlay-color":"","overlay-opacity":"","overlay-gradient":""},"tablet":{"background-color":"var(--ast-global-color-5)","background-image":"","background-repeat":"repeat","background-position":"center center","background-size":"auto","background-attachment":"scroll","background-type":"","background-media":"","overlay-type":"","overlay-color":"","overlay-opacity":"","overlay-gradient":""},"mobile":{"background-color":"var(--ast-global-color-5)","background-image":"","background-repeat":"repeat","background-position":"center center","background-size":"auto","background-attachment":"scroll","background-type":"","background-media":"","overlay-type":"","overlay-color":"","overlay-opacity":"","overlay-gradient":""}},"footnotes":""},"categories":[10],"tags":[17,90],"class_list":["post-1981","post","type-post","status-publish","format-quote","has-post-thumbnail","hentry","category-repondre-a-notre-appel","tag-appel","tag-shalom","post_format-post-format-quote"],"yoast_head":"<!-- This site is optimized with the Yoast SEO plugin v26.7 - https:\/\/yoast.com\/wordpress\/plugins\/seo\/ -->\n<title>\u00catre \u00e0 l\u2019\u00e9coute de nos aspirations profondes - C-PROACTIF<\/title>\n<meta name=\"description\" content=\"Nos aspirations profondes, ce qui nous fait vibrer et \u00eatre nous, au plus profond de nous-m\u00eames, est important \u00e0 suivre car c&#039;est le d\u00e9p\u00f4t de Dieu en nous.\" \/>\n<meta name=\"robots\" content=\"noindex, follow, max-snippet:-1, max-image-preview:large, max-video-preview:-1\" \/>\n<meta property=\"og:locale\" content=\"fr_FR\" \/>\n<meta property=\"og:type\" content=\"article\" \/>\n<meta property=\"og:title\" content=\"\u00catre \u00e0 l\u2019\u00e9coute de nos aspirations profondes - C-PROACTIF\" \/>\n<meta property=\"og:description\" content=\"Nos aspirations profondes, ce qui nous fait vibrer et \u00eatre nous, au plus profond de nous-m\u00eames, est important \u00e0 suivre car c&#039;est le d\u00e9p\u00f4t de Dieu en nous.\" \/>\n<meta property=\"og:url\" content=\"https:\/\/wp-sites.ccci.org\/c-proactif\/nos-aspirations-profondes\/\" \/>\n<meta property=\"og:site_name\" content=\"C-PROACTIF\" \/>\n<meta property=\"article:published_time\" content=\"2020-03-06T15:23:43+00:00\" \/>\n<meta property=\"article:modified_time\" content=\"2023-12-22T12:37:20+00:00\" \/>\n<meta property=\"og:image\" content=\"https:\/\/wp-sites.ccci.org\/c-proactif\/wp-content\/uploads\/sites\/393\/2020\/03\/happiness-1866081_1920.jpg\" \/>\n\t<meta property=\"og:image:width\" content=\"1920\" \/>\n\t<meta property=\"og:image:height\" content=\"1280\" \/>\n\t<meta property=\"og:image:type\" content=\"image\/jpeg\" \/>\n<meta name=\"author\" content=\"Daniel Touilliez\" \/>\n<meta name=\"twitter:card\" content=\"summary_large_image\" \/>\n<meta name=\"twitter:label1\" content=\"\u00c9crit par\" \/>\n\t<meta name=\"twitter:data1\" content=\"Daniel Touilliez\" \/>\n\t<meta name=\"twitter:label2\" content=\"Dur\u00e9e de lecture estim\u00e9e\" \/>\n\t<meta name=\"twitter:data2\" content=\"8 minutes\" \/>\n<script type=\"application\/ld+json\" class=\"yoast-schema-graph\">{\"@context\":\"https:\/\/schema.org\",\"@graph\":[{\"@type\":\"Article\",\"@id\":\"https:\/\/wp-sites.ccci.org\/c-proactif\/nos-aspirations-profondes\/#article\",\"isPartOf\":{\"@id\":\"https:\/\/wp-sites.ccci.org\/c-proactif\/nos-aspirations-profondes\/\"},\"author\":{\"name\":\"Daniel Touilliez\",\"@id\":\"https:\/\/wp-sites.ccci.org\/c-proactif\/#\/schema\/person\/d056a05cc02ffd72cddd2126236ac260\"},\"headline\":\"\u00catre \u00e0 l\u2019\u00e9coute de nos aspirations profondes\",\"datePublished\":\"2020-03-06T15:23:43+00:00\",\"dateModified\":\"2023-12-22T12:37:20+00:00\",\"mainEntityOfPage\":{\"@id\":\"https:\/\/wp-sites.ccci.org\/c-proactif\/nos-aspirations-profondes\/\"},\"wordCount\":1577,\"commentCount\":0,\"publisher\":{\"@id\":\"https:\/\/wp-sites.ccci.org\/c-proactif\/#organization\"},\"image\":{\"@id\":\"https:\/\/wp-sites.ccci.org\/c-proactif\/nos-aspirations-profondes\/#primaryimage\"},\"thumbnailUrl\":\"https:\/\/wp-sites.ccci.org\/c-proactif\/wp-content\/uploads\/sites\/393\/2020\/03\/happiness-1866081_1920.jpg\",\"keywords\":[\"appel\",\"shalom\"],\"articleSection\":[\"R\u00e9pondre \u00e0 notre appel\"],\"inLanguage\":\"fr-FR\",\"potentialAction\":[{\"@type\":\"CommentAction\",\"name\":\"Comment\",\"target\":[\"https:\/\/wp-sites.ccci.org\/c-proactif\/nos-aspirations-profondes\/#respond\"]}]},{\"@type\":\"WebPage\",\"@id\":\"https:\/\/wp-sites.ccci.org\/c-proactif\/nos-aspirations-profondes\/\",\"url\":\"https:\/\/wp-sites.ccci.org\/c-proactif\/nos-aspirations-profondes\/\",\"name\":\"\u00catre \u00e0 l\u2019\u00e9coute de nos aspirations profondes - C-PROACTIF\",\"isPartOf\":{\"@id\":\"https:\/\/wp-sites.ccci.org\/c-proactif\/#website\"},\"primaryImageOfPage\":{\"@id\":\"https:\/\/wp-sites.ccci.org\/c-proactif\/nos-aspirations-profondes\/#primaryimage\"},\"image\":{\"@id\":\"https:\/\/wp-sites.ccci.org\/c-proactif\/nos-aspirations-profondes\/#primaryimage\"},\"thumbnailUrl\":\"https:\/\/wp-sites.ccci.org\/c-proactif\/wp-content\/uploads\/sites\/393\/2020\/03\/happiness-1866081_1920.jpg\",\"datePublished\":\"2020-03-06T15:23:43+00:00\",\"dateModified\":\"2023-12-22T12:37:20+00:00\",\"description\":\"Nos aspirations profondes, ce qui nous fait vibrer et \u00eatre nous, au plus profond de nous-m\u00eames, est important \u00e0 suivre car c'est le d\u00e9p\u00f4t de Dieu en nous.\",\"breadcrumb\":{\"@id\":\"https:\/\/wp-sites.ccci.org\/c-proactif\/nos-aspirations-profondes\/#breadcrumb\"},\"inLanguage\":\"fr-FR\",\"potentialAction\":[{\"@type\":\"ReadAction\",\"target\":[\"https:\/\/wp-sites.ccci.org\/c-proactif\/nos-aspirations-profondes\/\"]}]},{\"@type\":\"ImageObject\",\"inLanguage\":\"fr-FR\",\"@id\":\"https:\/\/wp-sites.ccci.org\/c-proactif\/nos-aspirations-profondes\/#primaryimage\",\"url\":\"https:\/\/wp-sites.ccci.org\/c-proactif\/wp-content\/uploads\/sites\/393\/2020\/03\/happiness-1866081_1920.jpg\",\"contentUrl\":\"https:\/\/wp-sites.ccci.org\/c-proactif\/wp-content\/uploads\/sites\/393\/2020\/03\/happiness-1866081_1920.jpg\",\"width\":1920,\"height\":1280,\"caption\":\"pl\u00e9nitude\"},{\"@type\":\"BreadcrumbList\",\"@id\":\"https:\/\/wp-sites.ccci.org\/c-proactif\/nos-aspirations-profondes\/#breadcrumb\",\"itemListElement\":[{\"@type\":\"ListItem\",\"position\":1,\"name\":\"Accueil\",\"item\":\"https:\/\/wp-sites.ccci.org\/c-proactif\/\"},{\"@type\":\"ListItem\",\"position\":2,\"name\":\"R\u00e9pondre \u00e0 notre appel\",\"item\":\"https:\/\/wp-sites.ccci.org\/c-proactif\/theme\/repondre-a-notre-appel\/\"},{\"@type\":\"ListItem\",\"position\":3,\"name\":\"\u00catre \u00e0 l\u2019\u00e9coute de nos aspirations profondes\"}]},{\"@type\":\"WebSite\",\"@id\":\"https:\/\/wp-sites.ccci.org\/c-proactif\/#website\",\"url\":\"https:\/\/wp-sites.ccci.org\/c-proactif\/\",\"name\":\"C-PROACTIF\",\"description\":\"R\u00e9seau professionnel chr\u00e9tien\",\"publisher\":{\"@id\":\"https:\/\/wp-sites.ccci.org\/c-proactif\/#organization\"},\"potentialAction\":[{\"@type\":\"SearchAction\",\"target\":{\"@type\":\"EntryPoint\",\"urlTemplate\":\"https:\/\/wp-sites.ccci.org\/c-proactif\/?s={search_term_string}\"},\"query-input\":{\"@type\":\"PropertyValueSpecification\",\"valueRequired\":true,\"valueName\":\"search_term_string\"}}],\"inLanguage\":\"fr-FR\"},{\"@type\":\"Organization\",\"@id\":\"https:\/\/wp-sites.ccci.org\/c-proactif\/#organization\",\"name\":\"C-PROACTIF\",\"url\":\"https:\/\/wp-sites.ccci.org\/c-proactif\/\",\"logo\":{\"@type\":\"ImageObject\",\"inLanguage\":\"fr-FR\",\"@id\":\"https:\/\/wp-sites.ccci.org\/c-proactif\/#\/schema\/logo\/image\/\",\"url\":\"https:\/\/wp-sites.ccci.org\/c-proactif\/wp-content\/uploads\/sites\/393\/2021\/05\/logo-baseline-blanc-300.png\",\"contentUrl\":\"https:\/\/wp-sites.ccci.org\/c-proactif\/wp-content\/uploads\/sites\/393\/2021\/05\/logo-baseline-blanc-300.png\",\"width\":300,\"height\":113,\"caption\":\"C-PROACTIF\"},\"image\":{\"@id\":\"https:\/\/wp-sites.ccci.org\/c-proactif\/#\/schema\/logo\/image\/\"}},{\"@type\":\"Person\",\"@id\":\"https:\/\/wp-sites.ccci.org\/c-proactif\/#\/schema\/person\/d056a05cc02ffd72cddd2126236ac260\",\"name\":\"Daniel Touilliez\",\"image\":{\"@type\":\"ImageObject\",\"inLanguage\":\"fr-FR\",\"@id\":\"https:\/\/wp-sites.ccci.org\/c-proactif\/#\/schema\/person\/image\/\",\"url\":\"https:\/\/secure.gravatar.com\/avatar\/39c0d75dec7178c2199d52966c7b0fbb98cc4e4af331fbf6f2c7c457291516a4?s=96&d=mm&r=g\",\"contentUrl\":\"https:\/\/secure.gravatar.com\/avatar\/39c0d75dec7178c2199d52966c7b0fbb98cc4e4af331fbf6f2c7c457291516a4?s=96&d=mm&r=g\",\"caption\":\"Daniel Touilliez\"},\"description\":\"Accompagnant de personnes en recherche d\u2019emploi au sein de \u00ab\u00a0Solidarit\u00e9s Nouvelles Face au ch\u00f4mage.\u00a0\u00bb Conf\u00e9rencier selon la demande des \u00e9glises pour pr\u00e9senter les principes bibliques du travail. 35 ans de \u00ab\u00a0travail-minist\u00e8re\u00a0\u00bb au sein d\u2019une grande entreprise dans le domaine de l\u2019\u00e9nergie.\"}]}<\/script>\n<!-- \/ Yoast SEO plugin. -->","yoast_head_json":{"title":"\u00catre \u00e0 l\u2019\u00e9coute de nos aspirations profondes - C-PROACTIF","description":"Nos aspirations profondes, ce qui nous fait vibrer et \u00eatre nous, au plus profond de nous-m\u00eames, est important \u00e0 suivre car c'est le d\u00e9p\u00f4t de Dieu en nous.","robots":{"index":"noindex","follow":"follow","max-snippet":"max-snippet:-1","max-image-preview":"max-image-preview:large","max-video-preview":"max-video-preview:-1"},"og_locale":"fr_FR","og_type":"article","og_title":"\u00catre \u00e0 l\u2019\u00e9coute de nos aspirations profondes - C-PROACTIF","og_description":"Nos aspirations profondes, ce qui nous fait vibrer et \u00eatre nous, au plus profond de nous-m\u00eames, est important \u00e0 suivre car c'est le d\u00e9p\u00f4t de Dieu en nous.","og_url":"https:\/\/wp-sites.ccci.org\/c-proactif\/nos-aspirations-profondes\/","og_site_name":"C-PROACTIF","article_published_time":"2020-03-06T15:23:43+00:00","article_modified_time":"2023-12-22T12:37:20+00:00","og_image":[{"width":1920,"height":1280,"url":"https:\/\/wp-sites.ccci.org\/c-proactif\/wp-content\/uploads\/sites\/393\/2020\/03\/happiness-1866081_1920.jpg","type":"image\/jpeg"}],"author":"Daniel Touilliez","twitter_card":"summary_large_image","twitter_misc":{"\u00c9crit par":"Daniel Touilliez","Dur\u00e9e de lecture estim\u00e9e":"8 minutes"},"schema":{"@context":"https:\/\/schema.org","@graph":[{"@type":"Article","@id":"https:\/\/wp-sites.ccci.org\/c-proactif\/nos-aspirations-profondes\/#article","isPartOf":{"@id":"https:\/\/wp-sites.ccci.org\/c-proactif\/nos-aspirations-profondes\/"},"author":{"name":"Daniel Touilliez","@id":"https:\/\/wp-sites.ccci.org\/c-proactif\/#\/schema\/person\/d056a05cc02ffd72cddd2126236ac260"},"headline":"\u00catre \u00e0 l\u2019\u00e9coute de nos aspirations profondes","datePublished":"2020-03-06T15:23:43+00:00","dateModified":"2023-12-22T12:37:20+00:00","mainEntityOfPage":{"@id":"https:\/\/wp-sites.ccci.org\/c-proactif\/nos-aspirations-profondes\/"},"wordCount":1577,"commentCount":0,"publisher":{"@id":"https:\/\/wp-sites.ccci.org\/c-proactif\/#organization"},"image":{"@id":"https:\/\/wp-sites.ccci.org\/c-proactif\/nos-aspirations-profondes\/#primaryimage"},"thumbnailUrl":"https:\/\/wp-sites.ccci.org\/c-proactif\/wp-content\/uploads\/sites\/393\/2020\/03\/happiness-1866081_1920.jpg","keywords":["appel","shalom"],"articleSection":["R\u00e9pondre \u00e0 notre appel"],"inLanguage":"fr-FR","potentialAction":[{"@type":"CommentAction","name":"Comment","target":["https:\/\/wp-sites.ccci.org\/c-proactif\/nos-aspirations-profondes\/#respond"]}]},{"@type":"WebPage","@id":"https:\/\/wp-sites.ccci.org\/c-proactif\/nos-aspirations-profondes\/","url":"https:\/\/wp-sites.ccci.org\/c-proactif\/nos-aspirations-profondes\/","name":"\u00catre \u00e0 l\u2019\u00e9coute de nos aspirations profondes - C-PROACTIF","isPartOf":{"@id":"https:\/\/wp-sites.ccci.org\/c-proactif\/#website"},"primaryImageOfPage":{"@id":"https:\/\/wp-sites.ccci.org\/c-proactif\/nos-aspirations-profondes\/#primaryimage"},"image":{"@id":"https:\/\/wp-sites.ccci.org\/c-proactif\/nos-aspirations-profondes\/#primaryimage"},"thumbnailUrl":"https:\/\/wp-sites.ccci.org\/c-proactif\/wp-content\/uploads\/sites\/393\/2020\/03\/happiness-1866081_1920.jpg","datePublished":"2020-03-06T15:23:43+00:00","dateModified":"2023-12-22T12:37:20+00:00","description":"Nos aspirations profondes, ce qui nous fait vibrer et \u00eatre nous, au plus profond de nous-m\u00eames, est important \u00e0 suivre car c'est le d\u00e9p\u00f4t de Dieu en nous.","breadcrumb":{"@id":"https:\/\/wp-sites.ccci.org\/c-proactif\/nos-aspirations-profondes\/#breadcrumb"},"inLanguage":"fr-FR","potentialAction":[{"@type":"ReadAction","target":["https:\/\/wp-sites.ccci.org\/c-proactif\/nos-aspirations-profondes\/"]}]},{"@type":"ImageObject","inLanguage":"fr-FR","@id":"https:\/\/wp-sites.ccci.org\/c-proactif\/nos-aspirations-profondes\/#primaryimage","url":"https:\/\/wp-sites.ccci.org\/c-proactif\/wp-content\/uploads\/sites\/393\/2020\/03\/happiness-1866081_1920.jpg","contentUrl":"https:\/\/wp-sites.ccci.org\/c-proactif\/wp-content\/uploads\/sites\/393\/2020\/03\/happiness-1866081_1920.jpg","width":1920,"height":1280,"caption":"pl\u00e9nitude"},{"@type":"BreadcrumbList","@id":"https:\/\/wp-sites.ccci.org\/c-proactif\/nos-aspirations-profondes\/#breadcrumb","itemListElement":[{"@type":"ListItem","position":1,"name":"Accueil","item":"https:\/\/wp-sites.ccci.org\/c-proactif\/"},{"@type":"ListItem","position":2,"name":"R\u00e9pondre \u00e0 notre appel","item":"https:\/\/wp-sites.ccci.org\/c-proactif\/theme\/repondre-a-notre-appel\/"},{"@type":"ListItem","position":3,"name":"\u00catre \u00e0 l\u2019\u00e9coute de nos aspirations profondes"}]},{"@type":"WebSite","@id":"https:\/\/wp-sites.ccci.org\/c-proactif\/#website","url":"https:\/\/wp-sites.ccci.org\/c-proactif\/","name":"C-PROACTIF","description":"R\u00e9seau professionnel chr\u00e9tien","publisher":{"@id":"https:\/\/wp-sites.ccci.org\/c-proactif\/#organization"},"potentialAction":[{"@type":"SearchAction","target":{"@type":"EntryPoint","urlTemplate":"https:\/\/wp-sites.ccci.org\/c-proactif\/?s={search_term_string}"},"query-input":{"@type":"PropertyValueSpecification","valueRequired":true,"valueName":"search_term_string"}}],"inLanguage":"fr-FR"},{"@type":"Organization","@id":"https:\/\/wp-sites.ccci.org\/c-proactif\/#organization","name":"C-PROACTIF","url":"https:\/\/wp-sites.ccci.org\/c-proactif\/","logo":{"@type":"ImageObject","inLanguage":"fr-FR","@id":"https:\/\/wp-sites.ccci.org\/c-proactif\/#\/schema\/logo\/image\/","url":"https:\/\/wp-sites.ccci.org\/c-proactif\/wp-content\/uploads\/sites\/393\/2021\/05\/logo-baseline-blanc-300.png","contentUrl":"https:\/\/wp-sites.ccci.org\/c-proactif\/wp-content\/uploads\/sites\/393\/2021\/05\/logo-baseline-blanc-300.png","width":300,"height":113,"caption":"C-PROACTIF"},"image":{"@id":"https:\/\/wp-sites.ccci.org\/c-proactif\/#\/schema\/logo\/image\/"}},{"@type":"Person","@id":"https:\/\/wp-sites.ccci.org\/c-proactif\/#\/schema\/person\/d056a05cc02ffd72cddd2126236ac260","name":"Daniel Touilliez","image":{"@type":"ImageObject","inLanguage":"fr-FR","@id":"https:\/\/wp-sites.ccci.org\/c-proactif\/#\/schema\/person\/image\/","url":"https:\/\/secure.gravatar.com\/avatar\/39c0d75dec7178c2199d52966c7b0fbb98cc4e4af331fbf6f2c7c457291516a4?s=96&d=mm&r=g","contentUrl":"https:\/\/secure.gravatar.com\/avatar\/39c0d75dec7178c2199d52966c7b0fbb98cc4e4af331fbf6f2c7c457291516a4?s=96&d=mm&r=g","caption":"Daniel Touilliez"},"description":"Accompagnant de personnes en recherche d\u2019emploi au sein de \u00ab\u00a0Solidarit\u00e9s Nouvelles Face au ch\u00f4mage.\u00a0\u00bb Conf\u00e9rencier selon la demande des \u00e9glises pour pr\u00e9senter les principes bibliques du travail. 35 ans de \u00ab\u00a0travail-minist\u00e8re\u00a0\u00bb au sein d\u2019une grande entreprise dans le domaine de l\u2019\u00e9nergie."}]}},"jetpack_featured_media_url":"https:\/\/wp-sites.ccci.org\/c-proactif\/wp-content\/uploads\/sites\/393\/2020\/03\/happiness-1866081_1920.jpg","meta_box":[],"_links":{"self":[{"href":"https:\/\/wp-sites.ccci.org\/c-proactif\/wp-json\/wp\/v2\/posts\/1981","targetHints":{"allow":["GET"]}}],"collection":[{"href":"https:\/\/wp-sites.ccci.org\/c-proactif\/wp-json\/wp\/v2\/posts"}],"about":[{"href":"https:\/\/wp-sites.ccci.org\/c-proactif\/wp-json\/wp\/v2\/types\/post"}],"author":[{"embeddable":true,"href":"https:\/\/wp-sites.ccci.org\/c-proactif\/wp-json\/wp\/v2\/users\/65389"}],"replies":[{"embeddable":true,"href":"https:\/\/wp-sites.ccci.org\/c-proactif\/wp-json\/wp\/v2\/comments?post=1981"}],"version-history":[{"count":18,"href":"https:\/\/wp-sites.ccci.org\/c-proactif\/wp-json\/wp\/v2\/posts\/1981\/revisions"}],"predecessor-version":[{"id":9767,"href":"https:\/\/wp-sites.ccci.org\/c-proactif\/wp-json\/wp\/v2\/posts\/1981\/revisions\/9767"}],"wp:featuredmedia":[{"embeddable":true,"href":"https:\/\/wp-sites.ccci.org\/c-proactif\/wp-json\/wp\/v2\/media\/1998"}],"wp:attachment":[{"href":"https:\/\/wp-sites.ccci.org\/c-proactif\/wp-json\/wp\/v2\/media?parent=1981"}],"wp:term":[{"taxonomy":"category","embeddable":true,"href":"https:\/\/wp-sites.ccci.org\/c-proactif\/wp-json\/wp\/v2\/categories?post=1981"},{"taxonomy":"post_tag","embeddable":true,"href":"https:\/\/wp-sites.ccci.org\/c-proactif\/wp-json\/wp\/v2\/tags?post=1981"}],"curies":[{"name":"wp","href":"https:\/\/api.w.org\/{rel}","templated":true}]}}