{"id":1987,"date":"2020-03-06T12:18:23","date_gmt":"2020-03-06T11:18:23","guid":{"rendered":"https:\/\/c-proactif.org\/?p=1987"},"modified":"2023-12-22T13:37:21","modified_gmt":"2023-12-22T12:37:21","slug":"poser-fondations","status":"publish","type":"post","link":"https:\/\/wp-sites.ccci.org\/c-proactif\/poser-fondations\/","title":{"rendered":"Poser les fondations"},"content":{"rendered":"\t\t<div data-elementor-type=\"wp-post\" data-elementor-id=\"1987\" class=\"elementor elementor-1987\" data-elementor-post-type=\"post\">\n\t\t\t\t\t\t<section data-particle_enable=\"false\" data-particle-mobile-disabled=\"false\" class=\"elementor-section elementor-top-section elementor-element elementor-element-5615025c elementor-section-boxed elementor-section-height-default elementor-section-height-default\" data-id=\"5615025c\" data-element_type=\"section\">\n\t\t\t\t\t\t<div class=\"elementor-container elementor-column-gap-default\">\n\t\t\t\t\t<div class=\"elementor-column elementor-col-100 elementor-top-column elementor-element elementor-element-18291f03\" data-id=\"18291f03\" data-element_type=\"column\">\n\t\t\t<div class=\"elementor-widget-wrap elementor-element-populated\">\n\t\t\t\t\t\t<div class=\"elementor-element elementor-element-42ff8ce6 intro elementor-widget elementor-widget-text-editor\" data-id=\"42ff8ce6\" data-element_type=\"widget\" data-widget_type=\"text-editor.default\">\n\t\t\t\t<div class=\"elementor-widget-container\">\n\t\t\t\t\t\t\t\t\t<blockquote><p>J\u00e9sus leur dit : \u00ab Suivez-moi et je ferai de vous des p\u00eacheurs d&rsquo;hommes \u00bb Matt. 4.19<\/p><\/blockquote><p>Simon Pierre et Andr\u00e9 ont d\u00fb \u00eatre remplis de doute et de questionnement quand ils ont entendu cet appel si inhabituel de la part du Seigneur ! Devenir des \u00ab<span style=\"font-size: 18px;\">\u00a0<\/span><span style=\"font-size: 18px;\">p\u00eacheurs d\u2019hommes<\/span><span style=\"font-size: 18px;\">\u00a0<\/span><span style=\"font-size: 18px;\">\u00bb<\/span><span style=\"font-size: 18px;\">\u00a0<\/span><span style=\"font-size: 18px;\">! Comme eux nous souhaitons suivre le Christ, mais o\u00f9 et surtout comment<\/span><span style=\"font-size: 18px;\">\u00a0<\/span><span style=\"font-size: 18px;\">? Si notre travail est un minist\u00e8re et que nous d\u00e9sirions le remplir avec diligence, il est important d\u2019y r\u00e9fl\u00e9chir.<\/span><span style=\"font-size: 18px;\">\u00a0<\/span><\/p>\t\t\t\t\t\t\t\t<\/div>\n\t\t\t\t<\/div>\n\t\t\t\t\t<\/div>\n\t\t<\/div>\n\t\t\t\t\t<\/div>\n\t\t<\/section>\n\t\t\t\t<section data-particle_enable=\"false\" data-particle-mobile-disabled=\"false\" class=\"elementor-section elementor-top-section elementor-element elementor-element-2c99cd68 elementor-section-boxed elementor-section-height-default elementor-section-height-default\" data-id=\"2c99cd68\" data-element_type=\"section\">\n\t\t\t\t\t\t<div class=\"elementor-container elementor-column-gap-default\">\n\t\t\t\t\t<div class=\"elementor-column elementor-col-50 elementor-top-column elementor-element elementor-element-8b0846e\" data-id=\"8b0846e\" data-element_type=\"column\">\n\t\t\t<div class=\"elementor-widget-wrap elementor-element-populated\">\n\t\t\t\t\t\t<div class=\"elementor-element elementor-element-347b852 elementor-widget elementor-widget-text-editor\" data-id=\"347b852\" data-element_type=\"widget\" data-widget_type=\"text-editor.default\">\n\t\t\t\t<div class=\"elementor-widget-container\">\n\t\t\t\t\t\t\t\t\t<p>Dans cet article, nous verrons que servir Dieu par notre travail ne commence pas par poser des activit\u00e9s, en Lui demandant ult\u00e9rieurement de les confirmer&#8230;ou pas ! Mais que <strong>vivre notre travail comme un minist\u00e8re est un processus spirituel<\/strong> que nous pouvons d\u00e9couper en trois \u00e9tapes. Nous allons prendre le temps ici de les pr\u00e9senter :&nbsp;<\/p>\n<ul>\n<li>\u00c9tape 1 : \u00ab Suivez-moi \u00bb &#8211; Engagement de la volont\u00e9&nbsp;<\/li>\n<li>\u00c9tape 2 : \u00ab Je ferai de vous \u00bb &#8211; Nous laisser transformer&nbsp;<\/li>\n<li>\u00c9tape 3 : \u00ab Des p\u00eacheurs d\u2019hommes \u00bb &#8211; Passer \u00e0 l\u2019action<\/li>\n<\/ul>\t\t\t\t\t\t\t\t<\/div>\n\t\t\t\t<\/div>\n\t\t\t\t\t<\/div>\n\t\t<\/div>\n\t\t\t\t<div class=\"elementor-column elementor-col-50 elementor-top-column elementor-element elementor-element-34baa224\" data-id=\"34baa224\" data-element_type=\"column\">\n\t\t\t<div class=\"elementor-widget-wrap elementor-element-populated\">\n\t\t\t\t\t\t<div class=\"elementor-element elementor-element-3a6ec62e elementor-widget elementor-widget-image\" data-id=\"3a6ec62e\" data-element_type=\"widget\" data-widget_type=\"image.default\">\n\t\t\t\t<div class=\"elementor-widget-container\">\n\t\t\t\t\t\t\t\t\t\t\t\t\t\t\t<img decoding=\"async\" src=\"https:\/\/wp-sites.ccci.org\/c-proactif\/wp-content\/uploads\/sites\/393\/2020\/03\/chinese-fishing-nets-3992471_1920.jpg?w=1024\" title=\"chinese-fishing-nets-3992471_1920\" alt=\"b\u00e2teau de p\u00eache\" loading=\"lazy\" \/>\t\t\t\t\t\t\t\t\t\t\t\t\t\t\t<\/div>\n\t\t\t\t<\/div>\n\t\t\t\t\t<\/div>\n\t\t<\/div>\n\t\t\t\t\t<\/div>\n\t\t<\/section>\n\t\t\t\t<section data-particle_enable=\"false\" data-particle-mobile-disabled=\"false\" class=\"elementor-section elementor-top-section elementor-element elementor-element-4d062b1c elementor-section-boxed elementor-section-height-default elementor-section-height-default\" data-id=\"4d062b1c\" data-element_type=\"section\">\n\t\t\t\t\t\t<div class=\"elementor-container elementor-column-gap-default\">\n\t\t\t\t\t<div class=\"elementor-column elementor-col-100 elementor-top-column elementor-element elementor-element-6943978e\" data-id=\"6943978e\" data-element_type=\"column\">\n\t\t\t<div class=\"elementor-widget-wrap elementor-element-populated\">\n\t\t\t\t\t\t<div class=\"elementor-element elementor-element-bdd25f0 elementor-widget elementor-widget-text-editor\" data-id=\"bdd25f0\" data-element_type=\"widget\" data-widget_type=\"text-editor.default\">\n\t\t\t\t<div class=\"elementor-widget-container\">\n\t\t\t\t\t\t\t\t\t<h2>\u00c9tape 1 : D\u00e9cider de le suivre comme un disciple<\/h2><blockquote><p>\u00ab Suivez-moi ! \u00bb\u00a0<\/p><\/blockquote><p>Restons sur ces premiers mots de notre appel.<\/p><p>Nous avons accept\u00e9 Christ comme notre Sauveur, nous avons re\u00e7u le bapt\u00eame, nous chantons ses louanges et c\u00e9l\u00e9brons notre salut : tout va bien ! <strong>Mais qu\u2019est-ce que cela change dans notre vie de tous les jours, dans la fa\u00e7on d\u2019utiliser notre temps, de d\u00e9penser notre argent, dans nos choix et nos priorit\u00e9s ?<\/strong> J\u00e9sus-Christ ne nous a pas seulement destin\u00e9s \u00e0 acc\u00e9der au salut. Il nous appelle \u00e0 un complet changement de vie, de valeurs, de priorit\u00e9s (Rm 12:1-2). Il ne s\u2019agit pas d\u2019une loi impos\u00e9e. C&rsquo;est juste la cons\u00e9quence naturelle d&rsquo;une vie abandonn\u00e9e \u00e0 Christ et conduite par le Saint-Esprit.\u00a0<\/p><h3>D\u00e9cider de lui donner autorit\u00e9 sur toute notre vie<\/h3><p><strong>Suivre J\u00e9sus, c\u2019est d\u2019abord et avant tout autre chose, d\u00e9cider de Lui faire confiance pour tous les domaines de notre vie, simplement parce que c\u2019est Lui et qu\u2019Il a toute autorit\u00e9 sur notre vie.<\/strong> Dieu ne nous promet pas un trajet de vie sur une large avenue fleurie, abondamment garnie des meilleures choses terrestres, propres \u00e0 satisfaire nos moindres d\u00e9sirs, mais plut\u00f4t une all\u00e9e \u00e9troite (Mat 7:14), souvent sem\u00e9e d\u2019embuches o\u00f9 nous aurons \u00e0 bien regarder o\u00f9 nous posons nos pieds !<\/p><p>Suivre J\u00e9sus c\u2019est d\u00e9cider de lui ob\u00e9ir en toutes choses, alors m\u00eame que nous ne savons pas encore, \u00e0 ce stade, o\u00f9 il nous conduira. Mais nous Lui ferons confiance car nous savons que nous serons en s\u00e9curit\u00e9, entre ses mains. (Rom 8 :28)<\/p><p>Nous pourrons alors entrer pleinement dans le minist\u00e8re que Dieu nous confie et devenir ses ambassadeurs dans le monde (2Cor 5.18-20).<\/p><h3>Rester ferme quel que soit le prix<\/h3><p>Notre appel, notre minist\u00e8re au travail commence par une d\u00e9cision qui engage notre volont\u00e9. Cette d\u00e9cision est le socle qui va forger notre d\u00e9termination. Et de la d\u00e9termination, il nous en faudra dans le milieu professionnel pour ne pas perdre de vue notre appel ! Car la pente est glissante et les chausse-trappes partout pr\u00e9sentes dans le monde professionnel : compromission, app\u00e2t du gain, paresse, manque de qualit\u00e9 \u2026 La perte des valeurs de la Parole est tellement facile et se produit de mani\u00e8re si furtive !<\/p><p>Il ne suffit pas de bien commencer, il faut aussi tenir ! Et c\u2019est souvent par l&rsquo;engagement de notre volont\u00e9 que nous tenons. M\u00eame J\u00e9sus a d\u00fb y faire face : \u00ab J&rsquo;ai manifest\u00e9 ta gloire sur la terre en <em>achevant<\/em> l&rsquo;\u0153uvre que tu m&rsquo;as donn\u00e9 \u00e0 faire \u00bb Jn 17 :4<\/p><p><strong>Avez-vous bien calcul\u00e9 la d\u00e9pense ? \u00cates-vous pr\u00eat \u00e0 Le suivre quel que soit le chemin ? Dit d\u2019une autre mani\u00e8re, \u00eates-vous pr\u00eat \u00e0 devenir son disciple, y compris sur votre lieu de travail ?<\/strong> J\u00e9sus met en garde ceux qui veulent le suivre, sur la seule base de ses miracles et en esp\u00e9rant que la vie avec Lui sera pav\u00e9e de roses !<\/p><blockquote><p>\u00ab Lequel de vous, s&rsquo;il veut b\u00e2tir une tour, ne s&rsquo;assied d&rsquo;abord pour calculer la d\u00e9pense et voir s&rsquo;il a de quoi la terminer, de peur qu&rsquo;apr\u00e8s avoir pos\u00e9 les fondements, il ne puisse l&rsquo;achever, et que tous ceux qui le verront ne se mettent \u00e0 le railler (\u2026) Il en est de m\u00eame pour vous, celui qui n\u2019est pas pr\u00eat \u00e0 abandonner tout ce qu\u2019il poss\u00e8de ne peut \u00eatre mon disciple. \u00bb Luc 14.29-33<\/p><\/blockquote><h2>\u00c9tape 2 \u2013 Nous laisser transformer \u00e0 l\u2019image de Christ<\/h2><blockquote><p>\u00ab Je ferai de vous \u00bb<\/p><\/blockquote><p>Voici la seconde proposition de l\u2019appel de Christ \u00e0 ses disciples. Prenons le temps d\u2019y r\u00e9fl\u00e9chir un instant ! Ce \u00ab Je ferai de vous \u00bb implique un travail de transformation, une m\u00e9tamorphose des disciples dans leur caract\u00e8re profond. Ils vont devoir abandonner des traits de caract\u00e8re et en d\u00e9velopper de nouveaux. Ils vont travailler autrement, ils vont d\u00e9velopper de nouvelles qualifications. Pierre et Andr\u00e9 l\u2019ont v\u00e9cu en acceptant de le suivre ! Eux qui \u00e9taient habitu\u00e9s \u00e0 nourrir les gens avec des poissons, le feront d\u00e9sormais avec la Parole de Dieu.<\/p><h3>C&rsquo;est Dieu qui fait ce travail de transformation<\/h3><p>Grandir en disciple, est un processus de transformation int\u00e9rieure &#8211; bien plus qu&rsquo;un programme &#8211; que Dieu lui-m\u00eame va accomplir en nous si nous le mettons aux commandes de notre vie. Et cette transformation sera \u00e9vidente pour vos proches<span style=\"font-size: 15px;\">\u00a0<\/span><span style=\"font-size: 15px;\">:<\/span><\/p><blockquote><p>\u00ab Eux, voyant la hardiesse de Pierre et de Jean, et sachant que c\u2019\u00e9taient des hommes sans lettres et du commun peuple,\u00a0 \u00e9taient dans l\u2019\u00e9tonnement, et\u00a0 reconnaissaient qu\u2019ils avaient \u00e9t\u00e9 avec J\u00e9sus \u00bb (Actes 4:13).<\/p><\/blockquote><p>M\u00eame les ennemis des ap\u00f4tres reconnaissent leur transformation, c\u2019est dire !<\/p><p>Charles Spurgeon conseille \u00e0 ses auditeurs : <em>\u00ab\u00a0Cherche \u00e0 ressembler \u00e0 ce Dieu d\u2019amour et en toutes choses, efforce-toi de te conduire de telle mani\u00e8re que tes ennemis eux-m\u00eames soient contraints de dire : \u00abCet homme a \u00e9t\u00e9 avec J\u00e9sus \u00bb.\u00a0\u00bb<\/em><\/p><p>Ainsi, apr\u00e8s avoir r\u00e9pondu \u00aboui\u00bb \u00e0 Dieu pour suivre le Christ, il s&rsquo;agit maintenant de nous laisser transformer par le SE, pour \u00eatre toujours plus ressemblant \u00e0 son image. Nous sommes sauv\u00e9s par gr\u00e2ce, par la foi, mais cette gr\u00e2ce re\u00e7ue doit n\u00e9cessairement produire la saintet\u00e9 dans notre vie.<\/p><p>Le Seigneur nous transforme si nous ob\u00e9issons \u00e0 Sa Parole, en l\u2019assimilant, en la laissant couler en nous comme la s\u00e8ve du cep coule dans le sarment pour le nourrir (Jn 15). Nous sommes dans le monde, mais nous ne sommes pas du monde. <strong>Nous devons accepter d\u2019\u00eatre diff\u00e9rents des autres personnes de notre entourage<\/strong>. Ce n\u2019est pas toujours confortable, mais cette attitude est primordiale dans le milieu professionnel.<\/p><h3><strong>Le t\u00e9moin transform\u00e9 par Christ que le monde du travail attend : <\/strong><\/h3><p>Notre t\u00e9moignage dans le monde du travail ne peut avoir de l&rsquo;impact que si nous sommes, et de fa\u00e7on consistante un :\u00a0<\/p><ul><li><strong>T\u00e9moin par nos paroles<\/strong> car nos contemporains ont besoin d&rsquo;entendre la Bonne Nouvelle !\u00a0\u00a0<\/li><li><strong>T\u00e9moin par nos actes<\/strong> : nos actes t\u00e9moignent-ils aussi de notre appartenance \u00e0 Christ ? Nos actes sont-ils en accord avec nos mots ?\u00a0<\/li><li><strong>T\u00e9moin par le produit de notre travail<\/strong> : ce que nous faisons, produisons au travail t\u00e9moigne-t-il de la bont\u00e9 de Dieu pour les hommes ?\u00a0<\/li><li><strong>T\u00e9moin par notre comportement : <\/strong>est-ce que la mani\u00e8re d&rsquo;ex\u00e9cuter notre travail t\u00e9moigne de notre nouvelle nature ? Les relations avec nos sup\u00e9rieurs, nos subalternes t\u00e9moignent-elles de la r\u00e9surrection ?\u00a0<\/li><\/ul><h2><strong>\u00c9tape 3 : Agir en p\u00eacheurs d\u2019hommes<\/strong><\/h2><blockquote><p>\u00ab &#8230; des p\u00e9cheurs d\u2019hommes ! \u00bb<\/p><\/blockquote><p>Nous sommes tous appel\u00e9s \u00e0 \u00eatre des p\u00eacheurs d&rsquo;hommes. Et le premier endroit o\u00f9 Dieu nous demande d\u2019agir, c\u2019est dans notre vie de tous les jours !<\/p><blockquote><p>\u00ab Que chacun continue \u00e0 vivre dans la condition que le Seigneur lui a assign\u00e9e comme sa part, celle dans laquelle il se trouvait au moment o\u00f9 Dieu l\u2019a appel\u00e9 \u00bb 1 Cor 7 :17<\/p><\/blockquote><p>La plupart d\u2019entre nous sommes au travail. Et puisque Dieu prend soin de notre vie, Il est aussi attentif \u00e0 notre vie professionnelle. Elle occupe la moiti\u00e9 de notre temps \u00e9veill\u00e9, il serait \u00e9tonnant que Le Seigneur ne s\u2019y int\u00e9resse pas ! Alors, commen\u00e7ons par vivre notre appel dans notre m\u00e9tier. Pourquoi notre travail sortirait-il du champ de notre vie avec J\u00e9sus-Christ ? <strong>En tous temps et en tous lieux, nous sommes convi\u00e9s \u00e0 vivre en coh\u00e9rence avec notre identit\u00e9 de disciple de Christ, \u00eatre ce que nous pr\u00e9tendons \u00eatre, y compris dans notre milieu professionnel.<\/strong><\/p><p>D\u00e8s la Gen\u00e8se, Dieu a cr\u00e9\u00e9 l\u2019Homme \u00e0 son image, comme un travailleur, il le place au milieu du jardin pour cultiver le sol (Gen. 1.27-28). Plusieurs passages de la Bible nous rappellent que l\u2019Homme est appel\u00e9 \u00e0 travailler et m\u00eame que le produit de son travail aura des retentissements jusqu\u2019au ciel ! (Regardez 2 Thes 3:10 ; Ap 21:24-26 ; Es 65:21-22).<\/p><p>En confiant \u00e0 l\u2019Homme l\u2019entretien du jardin, Dieu lui confie l\u2019exploitation des ressources terrestres pour en retirer de la nourriture et du bien-\u00eatre. C\u2019est le sens g\u00e9n\u00e9ral du travail : fournir de mani\u00e8re individuelle et collective ce dont l\u2019Homme a besoin pour vivre. De plus, la cr\u00e9ativit\u00e9 de l\u2019Homme lui permet de toujours progresser dans les techniques, une sorte de \u00ab\u00a0prolongement\u00a0\u00bb de la cr\u00e9ation originelle. Dieu a cr\u00e9\u00e9 l&rsquo;Homme pour travailler et Il lui demande de travailler selon ses capacit\u00e9s. Tout le monde n\u2019est pas appel\u00e9 \u00e0 exercer le m\u00eame m\u00e9tier. Dieu ne nous a pas n\u00e9cessairement attribu\u00e9 un m\u00e9tier pr\u00e9cis, mais il n\u2019y a pas de doute qu\u2019Il nous commande de travailler. (2 Th 3:10)\u00a0<\/p><p>Bien-s\u00fbr, on conna\u00eet l\u2019histoire de la chute et le travail n\u2019y \u00e9chappe pas. Mais Dieu a fait le travail pour l\u2019Homme et le travail est bon. M\u00eame s\u2019il est devenu p\u00e9nible, il n\u2019est pas maudit.<\/p><p>De m\u00eame que Dieu nous appelle \u00e0 travailler, Il nous appelle aussi \u00e0 nous occuper de notre famille et de conserver des moments de \u00ab repos \u00bb dans sa pr\u00e9sence.<\/p><p>Nous aurons ainsi \u00e0 trouver l\u2019\u00e9quilibre entre nos diff\u00e9rents appels : le travail, la famille et le repos.<\/p>\t\t\t\t\t\t\t\t<\/div>\n\t\t\t\t<\/div>\n\t\t\t\t\t<\/div>\n\t\t<\/div>\n\t\t\t\t\t<\/div>\n\t\t<\/section>\n\t\t\t\t<section data-particle_enable=\"false\" data-particle-mobile-disabled=\"false\" class=\"elementor-section elementor-top-section elementor-element elementor-element-d3cf5bb elementor-section-boxed elementor-section-height-default elementor-section-height-default\" data-id=\"d3cf5bb\" data-element_type=\"section\">\n\t\t\t\t\t\t<div class=\"elementor-container elementor-column-gap-default\">\n\t\t\t\t\t<div class=\"elementor-column elementor-col-100 elementor-top-column elementor-element elementor-element-4560c154\" data-id=\"4560c154\" data-element_type=\"column\">\n\t\t\t<div class=\"elementor-widget-wrap elementor-element-populated\">\n\t\t\t\t\t\t<div class=\"elementor-element elementor-element-5d82cb6f elementor-widget elementor-widget-text-editor\" data-id=\"5d82cb6f\" data-element_type=\"widget\" data-widget_type=\"text-editor.default\">\n\t\t\t\t<div class=\"elementor-widget-container\">\n\t\t\t\t\t\t\t\t\t<h2>En conclusion<\/h2><p>Dieu nous appelle \u00e0 \u00eatre son disciple dans toutes les circonstances de notre vie et le travail est un lieu de pr\u00e9dilection pour y accomplir notre mandat d\u2019enfant de Dieu, de pr\u00eatre et d\u2019ambassadeur du Royaume de Dieu. Parce que le travail r\u00e9pond \u00e0 un double envoi : celui de g\u00e9rer la cr\u00e9ation (Gn 1 :27-28) et celui d&rsquo;\u00eatre des ambassadeurs de la r\u00e9conciliation avec Dieu. Gr\u00e2ce au travail des enfants de Dieu, toutes les sph\u00e8res de la soci\u00e9t\u00e9 pourront \u00eatre impact\u00e9es (2Cor 5:20)\u00a0\u00a0<br \/>Nous ne pourrons exercer pleinement ce minist\u00e8re dans notre travail que si nous entendons l\u2019appel de Dieu et sommes pr\u00eats \u00e0 y marcher en disciples. Un disciple qui choisit de suivre son ma\u00eetre, quelle que soit la d\u00e9pense ; un disciple qui se laisse transformer \u00e0 l\u2019image de Christ par le travail du Saint-Esprit en lui ; et enfin un disciple qui aligne toutes les composantes de sa vie (ses paroles, ses actions et son comportements) \u00e0 l\u2019image de Christ en lui pour rayonner de sa pr\u00e9sence.<\/p>\t\t\t\t\t\t\t\t<\/div>\n\t\t\t\t<\/div>\n\t\t\t\t\t<\/div>\n\t\t<\/div>\n\t\t\t\t\t<\/div>\n\t\t<\/section>\n\t\t\t\t<section data-particle_enable=\"false\" data-particle-mobile-disabled=\"false\" class=\"elementor-section elementor-top-section elementor-element elementor-element-2b7e70ea elementor-section-boxed elementor-section-height-default elementor-section-height-default\" data-id=\"2b7e70ea\" data-element_type=\"section\">\n\t\t\t\t\t\t<div class=\"elementor-container elementor-column-gap-default\">\n\t\t\t\t\t<div class=\"elementor-column elementor-col-100 elementor-top-column elementor-element elementor-element-bd09c14\" data-id=\"bd09c14\" data-element_type=\"column\">\n\t\t\t<div class=\"elementor-widget-wrap elementor-element-populated\">\n\t\t\t\t\t\t<div class=\"elementor-element elementor-element-5b104d82 further elementor-widget elementor-widget-text-editor\" data-id=\"5b104d82\" data-element_type=\"widget\" data-widget_type=\"text-editor.default\">\n\t\t\t\t<div class=\"elementor-widget-container\">\n\t\t\t\t\t\t\t\t\t<h3>POUR APPROFONDIR SEUL &#8211; OU MIEUX &#8211; EN PETITS GROUPES<\/h3><p>Voici quelques questions pour vous aider \u00e0 approfondir cet enseignement seul ou en petit groupe :<\/p>\t\t\t\t\t\t\t\t<\/div>\n\t\t\t\t<\/div>\n\t\t\t\t\t<\/div>\n\t\t<\/div>\n\t\t\t\t\t<\/div>\n\t\t<\/section>\n\t\t\t\t<\/div>\n\t\t","protected":false},"excerpt":{"rendered":"<p>J\u00e9sus leur dit : \u00ab Suivez-moi et je ferai de vous des p\u00eacheurs d&rsquo;hommes \u00bb Matt. 4.19 Simon Pierre et Andr\u00e9 ont d\u00fb \u00eatre remplis de doute et de questionnement [&hellip;]<\/p>\n","protected":false},"author":65389,"featured_media":2001,"comment_status":"open","ping_status":"closed","sticky":false,"template":"","format":"quote","meta":{"site-sidebar-layout":"default","site-content-layout":"","ast-site-content-layout":"default","site-content-style":"default","site-sidebar-style":"default","ast-global-header-display":"","ast-banner-title-visibility":"","ast-main-header-display":"","ast-hfb-above-header-display":"","ast-hfb-below-header-display":"","ast-hfb-mobile-header-display":"","site-post-title":"","ast-breadcrumbs-content":"","ast-featured-img":"","footer-sml-layout":"","ast-disable-related-posts":"","theme-transparent-header-meta":"","adv-header-id-meta":"","stick-header-meta":"","header-above-stick-meta":"","header-main-stick-meta":"","header-below-stick-meta":"","astra-migrate-meta-layouts":"default","ast-page-background-enabled":"default","ast-page-background-meta":{"desktop":{"background-color":"","background-image":"","background-repeat":"repeat","background-position":"center center","background-size":"auto","background-attachment":"scroll","background-type":"","background-media":"","overlay-type":"","overlay-color":"","overlay-opacity":"","overlay-gradient":""},"tablet":{"background-color":"","background-image":"","background-repeat":"repeat","background-position":"center center","background-size":"auto","background-attachment":"scroll","background-type":"","background-media":"","overlay-type":"","overlay-color":"","overlay-opacity":"","overlay-gradient":""},"mobile":{"background-color":"","background-image":"","background-repeat":"repeat","background-position":"center center","background-size":"auto","background-attachment":"scroll","background-type":"","background-media":"","overlay-type":"","overlay-color":"","overlay-opacity":"","overlay-gradient":""}},"ast-content-background-meta":{"desktop":{"background-color":"var(--ast-global-color-5)","background-image":"","background-repeat":"repeat","background-position":"center center","background-size":"auto","background-attachment":"scroll","background-type":"","background-media":"","overlay-type":"","overlay-color":"","overlay-opacity":"","overlay-gradient":""},"tablet":{"background-color":"var(--ast-global-color-5)","background-image":"","background-repeat":"repeat","background-position":"center center","background-size":"auto","background-attachment":"scroll","background-type":"","background-media":"","overlay-type":"","overlay-color":"","overlay-opacity":"","overlay-gradient":""},"mobile":{"background-color":"var(--ast-global-color-5)","background-image":"","background-repeat":"repeat","background-position":"center center","background-size":"auto","background-attachment":"scroll","background-type":"","background-media":"","overlay-type":"","overlay-color":"","overlay-opacity":"","overlay-gradient":""}},"footnotes":""},"categories":[10],"tags":[17,40,81,99,101],"class_list":["post-1987","post","type-post","status-publish","format-quote","has-post-thumbnail","hentry","category-repondre-a-notre-appel","tag-appel","tag-disciple","tag-saint-esprit","tag-temoin","tag-travail","post_format-post-format-quote"],"yoast_head":"<!-- This site is optimized with the Yoast SEO plugin v26.7 - https:\/\/yoast.com\/wordpress\/plugins\/seo\/ -->\n<title>Poser les fondations - C-PROACTIF<\/title>\n<meta name=\"description\" content=\"Suivez-moi et je ferai de vous des p\u00eacheurs d&#039;hommes : D\u00e9couvrez les trois \u00e9tapes de fondation de tout minist\u00e8re pour le Seigneur, y compris dans le travail\" \/>\n<meta name=\"robots\" content=\"noindex, follow, max-snippet:-1, max-image-preview:large, max-video-preview:-1\" \/>\n<meta property=\"og:locale\" content=\"fr_FR\" \/>\n<meta property=\"og:type\" content=\"article\" \/>\n<meta property=\"og:title\" content=\"Poser les fondations - C-PROACTIF\" \/>\n<meta property=\"og:description\" content=\"Suivez-moi et je ferai de vous des p\u00eacheurs d&#039;hommes : D\u00e9couvrez les trois \u00e9tapes de fondation de tout minist\u00e8re pour le Seigneur, y compris dans le travail\" \/>\n<meta property=\"og:url\" content=\"https:\/\/wp-sites.ccci.org\/c-proactif\/poser-fondations\/\" \/>\n<meta property=\"og:site_name\" content=\"C-PROACTIF\" \/>\n<meta property=\"article:published_time\" content=\"2020-03-06T11:18:23+00:00\" \/>\n<meta property=\"article:modified_time\" content=\"2023-12-22T12:37:21+00:00\" \/>\n<meta property=\"og:image\" content=\"https:\/\/wp-sites.ccci.org\/c-proactif\/wp-content\/uploads\/sites\/393\/2020\/03\/chinese-fishing-nets-3992471_1920.jpg\" \/>\n\t<meta property=\"og:image:width\" content=\"1920\" \/>\n\t<meta property=\"og:image:height\" content=\"1280\" \/>\n\t<meta property=\"og:image:type\" content=\"image\/jpeg\" \/>\n<meta name=\"author\" content=\"Daniel Touilliez\" \/>\n<meta name=\"twitter:card\" content=\"summary_large_image\" \/>\n<meta name=\"twitter:label1\" content=\"\u00c9crit par\" \/>\n\t<meta name=\"twitter:data1\" content=\"Daniel Touilliez\" \/>\n\t<meta name=\"twitter:label2\" content=\"Dur\u00e9e de lecture estim\u00e9e\" \/>\n\t<meta name=\"twitter:data2\" content=\"9 minutes\" \/>\n<script type=\"application\/ld+json\" class=\"yoast-schema-graph\">{\"@context\":\"https:\/\/schema.org\",\"@graph\":[{\"@type\":\"Article\",\"@id\":\"https:\/\/wp-sites.ccci.org\/c-proactif\/poser-fondations\/#article\",\"isPartOf\":{\"@id\":\"https:\/\/wp-sites.ccci.org\/c-proactif\/poser-fondations\/\"},\"author\":{\"name\":\"Daniel Touilliez\",\"@id\":\"https:\/\/wp-sites.ccci.org\/c-proactif\/#\/schema\/person\/d056a05cc02ffd72cddd2126236ac260\"},\"headline\":\"Poser les fondations\",\"datePublished\":\"2020-03-06T11:18:23+00:00\",\"dateModified\":\"2023-12-22T12:37:21+00:00\",\"mainEntityOfPage\":{\"@id\":\"https:\/\/wp-sites.ccci.org\/c-proactif\/poser-fondations\/\"},\"wordCount\":1956,\"commentCount\":0,\"publisher\":{\"@id\":\"https:\/\/wp-sites.ccci.org\/c-proactif\/#organization\"},\"image\":{\"@id\":\"https:\/\/wp-sites.ccci.org\/c-proactif\/poser-fondations\/#primaryimage\"},\"thumbnailUrl\":\"https:\/\/wp-sites.ccci.org\/c-proactif\/wp-content\/uploads\/sites\/393\/2020\/03\/chinese-fishing-nets-3992471_1920.jpg\",\"keywords\":[\"appel\",\"disciple\",\"Saint-Esprit\",\"temoin\",\"travail\"],\"articleSection\":[\"R\u00e9pondre \u00e0 notre appel\"],\"inLanguage\":\"fr-FR\",\"potentialAction\":[{\"@type\":\"CommentAction\",\"name\":\"Comment\",\"target\":[\"https:\/\/wp-sites.ccci.org\/c-proactif\/poser-fondations\/#respond\"]}]},{\"@type\":\"WebPage\",\"@id\":\"https:\/\/wp-sites.ccci.org\/c-proactif\/poser-fondations\/\",\"url\":\"https:\/\/wp-sites.ccci.org\/c-proactif\/poser-fondations\/\",\"name\":\"Poser les fondations - C-PROACTIF\",\"isPartOf\":{\"@id\":\"https:\/\/wp-sites.ccci.org\/c-proactif\/#website\"},\"primaryImageOfPage\":{\"@id\":\"https:\/\/wp-sites.ccci.org\/c-proactif\/poser-fondations\/#primaryimage\"},\"image\":{\"@id\":\"https:\/\/wp-sites.ccci.org\/c-proactif\/poser-fondations\/#primaryimage\"},\"thumbnailUrl\":\"https:\/\/wp-sites.ccci.org\/c-proactif\/wp-content\/uploads\/sites\/393\/2020\/03\/chinese-fishing-nets-3992471_1920.jpg\",\"datePublished\":\"2020-03-06T11:18:23+00:00\",\"dateModified\":\"2023-12-22T12:37:21+00:00\",\"description\":\"Suivez-moi et je ferai de vous des p\u00eacheurs d'hommes : D\u00e9couvrez les trois \u00e9tapes de fondation de tout minist\u00e8re pour le Seigneur, y compris dans le travail\",\"breadcrumb\":{\"@id\":\"https:\/\/wp-sites.ccci.org\/c-proactif\/poser-fondations\/#breadcrumb\"},\"inLanguage\":\"fr-FR\",\"potentialAction\":[{\"@type\":\"ReadAction\",\"target\":[\"https:\/\/wp-sites.ccci.org\/c-proactif\/poser-fondations\/\"]}]},{\"@type\":\"ImageObject\",\"inLanguage\":\"fr-FR\",\"@id\":\"https:\/\/wp-sites.ccci.org\/c-proactif\/poser-fondations\/#primaryimage\",\"url\":\"https:\/\/wp-sites.ccci.org\/c-proactif\/wp-content\/uploads\/sites\/393\/2020\/03\/chinese-fishing-nets-3992471_1920.jpg\",\"contentUrl\":\"https:\/\/wp-sites.ccci.org\/c-proactif\/wp-content\/uploads\/sites\/393\/2020\/03\/chinese-fishing-nets-3992471_1920.jpg\",\"width\":1920,\"height\":1280,\"caption\":\"b\u00e2teau de p\u00eache\"},{\"@type\":\"BreadcrumbList\",\"@id\":\"https:\/\/wp-sites.ccci.org\/c-proactif\/poser-fondations\/#breadcrumb\",\"itemListElement\":[{\"@type\":\"ListItem\",\"position\":1,\"name\":\"Accueil\",\"item\":\"https:\/\/wp-sites.ccci.org\/c-proactif\/\"},{\"@type\":\"ListItem\",\"position\":2,\"name\":\"R\u00e9pondre \u00e0 notre appel\",\"item\":\"https:\/\/wp-sites.ccci.org\/c-proactif\/theme\/repondre-a-notre-appel\/\"},{\"@type\":\"ListItem\",\"position\":3,\"name\":\"Poser les fondations\"}]},{\"@type\":\"WebSite\",\"@id\":\"https:\/\/wp-sites.ccci.org\/c-proactif\/#website\",\"url\":\"https:\/\/wp-sites.ccci.org\/c-proactif\/\",\"name\":\"C-PROACTIF\",\"description\":\"R\u00e9seau professionnel chr\u00e9tien\",\"publisher\":{\"@id\":\"https:\/\/wp-sites.ccci.org\/c-proactif\/#organization\"},\"potentialAction\":[{\"@type\":\"SearchAction\",\"target\":{\"@type\":\"EntryPoint\",\"urlTemplate\":\"https:\/\/wp-sites.ccci.org\/c-proactif\/?s={search_term_string}\"},\"query-input\":{\"@type\":\"PropertyValueSpecification\",\"valueRequired\":true,\"valueName\":\"search_term_string\"}}],\"inLanguage\":\"fr-FR\"},{\"@type\":\"Organization\",\"@id\":\"https:\/\/wp-sites.ccci.org\/c-proactif\/#organization\",\"name\":\"C-PROACTIF\",\"url\":\"https:\/\/wp-sites.ccci.org\/c-proactif\/\",\"logo\":{\"@type\":\"ImageObject\",\"inLanguage\":\"fr-FR\",\"@id\":\"https:\/\/wp-sites.ccci.org\/c-proactif\/#\/schema\/logo\/image\/\",\"url\":\"https:\/\/wp-sites.ccci.org\/c-proactif\/wp-content\/uploads\/sites\/393\/2021\/05\/logo-baseline-blanc-300.png\",\"contentUrl\":\"https:\/\/wp-sites.ccci.org\/c-proactif\/wp-content\/uploads\/sites\/393\/2021\/05\/logo-baseline-blanc-300.png\",\"width\":300,\"height\":113,\"caption\":\"C-PROACTIF\"},\"image\":{\"@id\":\"https:\/\/wp-sites.ccci.org\/c-proactif\/#\/schema\/logo\/image\/\"}},{\"@type\":\"Person\",\"@id\":\"https:\/\/wp-sites.ccci.org\/c-proactif\/#\/schema\/person\/d056a05cc02ffd72cddd2126236ac260\",\"name\":\"Daniel Touilliez\",\"image\":{\"@type\":\"ImageObject\",\"inLanguage\":\"fr-FR\",\"@id\":\"https:\/\/wp-sites.ccci.org\/c-proactif\/#\/schema\/person\/image\/\",\"url\":\"https:\/\/secure.gravatar.com\/avatar\/39c0d75dec7178c2199d52966c7b0fbb98cc4e4af331fbf6f2c7c457291516a4?s=96&d=mm&r=g\",\"contentUrl\":\"https:\/\/secure.gravatar.com\/avatar\/39c0d75dec7178c2199d52966c7b0fbb98cc4e4af331fbf6f2c7c457291516a4?s=96&d=mm&r=g\",\"caption\":\"Daniel Touilliez\"},\"description\":\"Accompagnant de personnes en recherche d\u2019emploi au sein de \u00ab\u00a0Solidarit\u00e9s Nouvelles Face au ch\u00f4mage.\u00a0\u00bb Conf\u00e9rencier selon la demande des \u00e9glises pour pr\u00e9senter les principes bibliques du travail. 35 ans de \u00ab\u00a0travail-minist\u00e8re\u00a0\u00bb au sein d\u2019une grande entreprise dans le domaine de l\u2019\u00e9nergie.\"}]}<\/script>\n<!-- \/ Yoast SEO plugin. -->","yoast_head_json":{"title":"Poser les fondations - C-PROACTIF","description":"Suivez-moi et je ferai de vous des p\u00eacheurs d'hommes : D\u00e9couvrez les trois \u00e9tapes de fondation de tout minist\u00e8re pour le Seigneur, y compris dans le travail","robots":{"index":"noindex","follow":"follow","max-snippet":"max-snippet:-1","max-image-preview":"max-image-preview:large","max-video-preview":"max-video-preview:-1"},"og_locale":"fr_FR","og_type":"article","og_title":"Poser les fondations - C-PROACTIF","og_description":"Suivez-moi et je ferai de vous des p\u00eacheurs d'hommes : D\u00e9couvrez les trois \u00e9tapes de fondation de tout minist\u00e8re pour le Seigneur, y compris dans le travail","og_url":"https:\/\/wp-sites.ccci.org\/c-proactif\/poser-fondations\/","og_site_name":"C-PROACTIF","article_published_time":"2020-03-06T11:18:23+00:00","article_modified_time":"2023-12-22T12:37:21+00:00","og_image":[{"width":1920,"height":1280,"url":"https:\/\/wp-sites.ccci.org\/c-proactif\/wp-content\/uploads\/sites\/393\/2020\/03\/chinese-fishing-nets-3992471_1920.jpg","type":"image\/jpeg"}],"author":"Daniel Touilliez","twitter_card":"summary_large_image","twitter_misc":{"\u00c9crit par":"Daniel Touilliez","Dur\u00e9e de lecture estim\u00e9e":"9 minutes"},"schema":{"@context":"https:\/\/schema.org","@graph":[{"@type":"Article","@id":"https:\/\/wp-sites.ccci.org\/c-proactif\/poser-fondations\/#article","isPartOf":{"@id":"https:\/\/wp-sites.ccci.org\/c-proactif\/poser-fondations\/"},"author":{"name":"Daniel Touilliez","@id":"https:\/\/wp-sites.ccci.org\/c-proactif\/#\/schema\/person\/d056a05cc02ffd72cddd2126236ac260"},"headline":"Poser les fondations","datePublished":"2020-03-06T11:18:23+00:00","dateModified":"2023-12-22T12:37:21+00:00","mainEntityOfPage":{"@id":"https:\/\/wp-sites.ccci.org\/c-proactif\/poser-fondations\/"},"wordCount":1956,"commentCount":0,"publisher":{"@id":"https:\/\/wp-sites.ccci.org\/c-proactif\/#organization"},"image":{"@id":"https:\/\/wp-sites.ccci.org\/c-proactif\/poser-fondations\/#primaryimage"},"thumbnailUrl":"https:\/\/wp-sites.ccci.org\/c-proactif\/wp-content\/uploads\/sites\/393\/2020\/03\/chinese-fishing-nets-3992471_1920.jpg","keywords":["appel","disciple","Saint-Esprit","temoin","travail"],"articleSection":["R\u00e9pondre \u00e0 notre appel"],"inLanguage":"fr-FR","potentialAction":[{"@type":"CommentAction","name":"Comment","target":["https:\/\/wp-sites.ccci.org\/c-proactif\/poser-fondations\/#respond"]}]},{"@type":"WebPage","@id":"https:\/\/wp-sites.ccci.org\/c-proactif\/poser-fondations\/","url":"https:\/\/wp-sites.ccci.org\/c-proactif\/poser-fondations\/","name":"Poser les fondations - C-PROACTIF","isPartOf":{"@id":"https:\/\/wp-sites.ccci.org\/c-proactif\/#website"},"primaryImageOfPage":{"@id":"https:\/\/wp-sites.ccci.org\/c-proactif\/poser-fondations\/#primaryimage"},"image":{"@id":"https:\/\/wp-sites.ccci.org\/c-proactif\/poser-fondations\/#primaryimage"},"thumbnailUrl":"https:\/\/wp-sites.ccci.org\/c-proactif\/wp-content\/uploads\/sites\/393\/2020\/03\/chinese-fishing-nets-3992471_1920.jpg","datePublished":"2020-03-06T11:18:23+00:00","dateModified":"2023-12-22T12:37:21+00:00","description":"Suivez-moi et je ferai de vous des p\u00eacheurs d'hommes : D\u00e9couvrez les trois \u00e9tapes de fondation de tout minist\u00e8re pour le Seigneur, y compris dans le travail","breadcrumb":{"@id":"https:\/\/wp-sites.ccci.org\/c-proactif\/poser-fondations\/#breadcrumb"},"inLanguage":"fr-FR","potentialAction":[{"@type":"ReadAction","target":["https:\/\/wp-sites.ccci.org\/c-proactif\/poser-fondations\/"]}]},{"@type":"ImageObject","inLanguage":"fr-FR","@id":"https:\/\/wp-sites.ccci.org\/c-proactif\/poser-fondations\/#primaryimage","url":"https:\/\/wp-sites.ccci.org\/c-proactif\/wp-content\/uploads\/sites\/393\/2020\/03\/chinese-fishing-nets-3992471_1920.jpg","contentUrl":"https:\/\/wp-sites.ccci.org\/c-proactif\/wp-content\/uploads\/sites\/393\/2020\/03\/chinese-fishing-nets-3992471_1920.jpg","width":1920,"height":1280,"caption":"b\u00e2teau de p\u00eache"},{"@type":"BreadcrumbList","@id":"https:\/\/wp-sites.ccci.org\/c-proactif\/poser-fondations\/#breadcrumb","itemListElement":[{"@type":"ListItem","position":1,"name":"Accueil","item":"https:\/\/wp-sites.ccci.org\/c-proactif\/"},{"@type":"ListItem","position":2,"name":"R\u00e9pondre \u00e0 notre appel","item":"https:\/\/wp-sites.ccci.org\/c-proactif\/theme\/repondre-a-notre-appel\/"},{"@type":"ListItem","position":3,"name":"Poser les fondations"}]},{"@type":"WebSite","@id":"https:\/\/wp-sites.ccci.org\/c-proactif\/#website","url":"https:\/\/wp-sites.ccci.org\/c-proactif\/","name":"C-PROACTIF","description":"R\u00e9seau professionnel chr\u00e9tien","publisher":{"@id":"https:\/\/wp-sites.ccci.org\/c-proactif\/#organization"},"potentialAction":[{"@type":"SearchAction","target":{"@type":"EntryPoint","urlTemplate":"https:\/\/wp-sites.ccci.org\/c-proactif\/?s={search_term_string}"},"query-input":{"@type":"PropertyValueSpecification","valueRequired":true,"valueName":"search_term_string"}}],"inLanguage":"fr-FR"},{"@type":"Organization","@id":"https:\/\/wp-sites.ccci.org\/c-proactif\/#organization","name":"C-PROACTIF","url":"https:\/\/wp-sites.ccci.org\/c-proactif\/","logo":{"@type":"ImageObject","inLanguage":"fr-FR","@id":"https:\/\/wp-sites.ccci.org\/c-proactif\/#\/schema\/logo\/image\/","url":"https:\/\/wp-sites.ccci.org\/c-proactif\/wp-content\/uploads\/sites\/393\/2021\/05\/logo-baseline-blanc-300.png","contentUrl":"https:\/\/wp-sites.ccci.org\/c-proactif\/wp-content\/uploads\/sites\/393\/2021\/05\/logo-baseline-blanc-300.png","width":300,"height":113,"caption":"C-PROACTIF"},"image":{"@id":"https:\/\/wp-sites.ccci.org\/c-proactif\/#\/schema\/logo\/image\/"}},{"@type":"Person","@id":"https:\/\/wp-sites.ccci.org\/c-proactif\/#\/schema\/person\/d056a05cc02ffd72cddd2126236ac260","name":"Daniel Touilliez","image":{"@type":"ImageObject","inLanguage":"fr-FR","@id":"https:\/\/wp-sites.ccci.org\/c-proactif\/#\/schema\/person\/image\/","url":"https:\/\/secure.gravatar.com\/avatar\/39c0d75dec7178c2199d52966c7b0fbb98cc4e4af331fbf6f2c7c457291516a4?s=96&d=mm&r=g","contentUrl":"https:\/\/secure.gravatar.com\/avatar\/39c0d75dec7178c2199d52966c7b0fbb98cc4e4af331fbf6f2c7c457291516a4?s=96&d=mm&r=g","caption":"Daniel Touilliez"},"description":"Accompagnant de personnes en recherche d\u2019emploi au sein de \u00ab\u00a0Solidarit\u00e9s Nouvelles Face au ch\u00f4mage.\u00a0\u00bb Conf\u00e9rencier selon la demande des \u00e9glises pour pr\u00e9senter les principes bibliques du travail. 35 ans de \u00ab\u00a0travail-minist\u00e8re\u00a0\u00bb au sein d\u2019une grande entreprise dans le domaine de l\u2019\u00e9nergie."}]}},"jetpack_featured_media_url":"https:\/\/wp-sites.ccci.org\/c-proactif\/wp-content\/uploads\/sites\/393\/2020\/03\/chinese-fishing-nets-3992471_1920.jpg","meta_box":[],"_links":{"self":[{"href":"https:\/\/wp-sites.ccci.org\/c-proactif\/wp-json\/wp\/v2\/posts\/1987","targetHints":{"allow":["GET"]}}],"collection":[{"href":"https:\/\/wp-sites.ccci.org\/c-proactif\/wp-json\/wp\/v2\/posts"}],"about":[{"href":"https:\/\/wp-sites.ccci.org\/c-proactif\/wp-json\/wp\/v2\/types\/post"}],"author":[{"embeddable":true,"href":"https:\/\/wp-sites.ccci.org\/c-proactif\/wp-json\/wp\/v2\/users\/65389"}],"replies":[{"embeddable":true,"href":"https:\/\/wp-sites.ccci.org\/c-proactif\/wp-json\/wp\/v2\/comments?post=1987"}],"version-history":[{"count":3,"href":"https:\/\/wp-sites.ccci.org\/c-proactif\/wp-json\/wp\/v2\/posts\/1987\/revisions"}],"predecessor-version":[{"id":9084,"href":"https:\/\/wp-sites.ccci.org\/c-proactif\/wp-json\/wp\/v2\/posts\/1987\/revisions\/9084"}],"wp:featuredmedia":[{"embeddable":true,"href":"https:\/\/wp-sites.ccci.org\/c-proactif\/wp-json\/wp\/v2\/media\/2001"}],"wp:attachment":[{"href":"https:\/\/wp-sites.ccci.org\/c-proactif\/wp-json\/wp\/v2\/media?parent=1987"}],"wp:term":[{"taxonomy":"category","embeddable":true,"href":"https:\/\/wp-sites.ccci.org\/c-proactif\/wp-json\/wp\/v2\/categories?post=1987"},{"taxonomy":"post_tag","embeddable":true,"href":"https:\/\/wp-sites.ccci.org\/c-proactif\/wp-json\/wp\/v2\/tags?post=1987"}],"curies":[{"name":"wp","href":"https:\/\/api.w.org\/{rel}","templated":true}]}}