{"id":2105,"date":"2020-04-02T11:43:38","date_gmt":"2020-04-02T09:43:38","guid":{"rendered":"https:\/\/c-proactif.org\/?p=2105"},"modified":"2023-12-22T13:37:18","modified_gmt":"2023-12-22T12:37:18","slug":"votre-mission-de-pretre","status":"publish","type":"post","link":"https:\/\/wp-sites.ccci.org\/c-proactif\/votre-mission-de-pretre\/","title":{"rendered":"Entrez dans votre fonction de \u00ab\u00a0pr\u00eatre\u00a0\u00bb"},"content":{"rendered":"\t\t<div data-elementor-type=\"wp-post\" data-elementor-id=\"2105\" class=\"elementor elementor-2105\" data-elementor-post-type=\"post\">\n\t\t\t\t\t\t<section data-particle_enable=\"false\" data-particle-mobile-disabled=\"false\" class=\"elementor-section elementor-top-section elementor-element elementor-element-2ad138bf elementor-section-boxed elementor-section-height-default elementor-section-height-default\" data-id=\"2ad138bf\" data-element_type=\"section\">\n\t\t\t\t\t\t<div class=\"elementor-container elementor-column-gap-default\">\n\t\t\t\t\t<div class=\"elementor-column elementor-col-100 elementor-top-column elementor-element elementor-element-548ad6d6\" data-id=\"548ad6d6\" data-element_type=\"column\">\n\t\t\t<div class=\"elementor-widget-wrap elementor-element-populated\">\n\t\t\t\t\t\t<div class=\"elementor-element elementor-element-45ede79e intro elementor-widget elementor-widget-text-editor\" data-id=\"45ede79e\" data-element_type=\"widget\" data-widget_type=\"text-editor.default\">\n\t\t\t\t<div class=\"elementor-widget-container\">\n\t\t\t\t\t\t\t\t\t<p><strong>Disposez-vous d\u2019une \u00ab description de fonction \u00bb de votre emploi ?<\/strong> Pour une grande majorit\u00e9 d\u2019entre nous qui sommes \u2013 ou avons \u00e9t\u00e9 \u2013 employeurs ou employ\u00e9s, nous savons que ce document contractuel permet de d\u00e9finir un poste dans une entreprise. La \u00abdescription de fonction\u00bb permet de comprendre la finalit\u00e9 du poste, sa place au sein de l&rsquo;entreprise et les conditions requises pour son exercice. Elle est le document de r\u00e9f\u00e9rence \u00e0 la fois de l&#8217;employeur comme du salari\u00e9. Outre l\u2019intitul\u00e9 du poste et sa description r\u00e9sum\u00e9e, la fiche de description d\u2019un poste comporte des \u00e9l\u00e9ments essentiels comme ses \u00abmissions\u00bb (ses objectifs principaux), \u00abses activit\u00e9s\u00bb (les diff\u00e9rentes t\u00e2ches attendues), \u00abses niveaux de responsabilit\u00e9s\u00bb, \u00ables crit\u00e8res d\u2019\u00e9valuation des t\u00e2ches accomplies\u00bb, \u00ables qualifications requises\u00bb, les \u00abconditions d\u2019exercice\u00bb et les \u00abrelations de travail\u00bb.<\/p>\t\t\t\t\t\t\t\t<\/div>\n\t\t\t\t<\/div>\n\t\t\t\t\t<\/div>\n\t\t<\/div>\n\t\t\t\t\t<\/div>\n\t\t<\/section>\n\t\t\t\t<section data-particle_enable=\"false\" data-particle-mobile-disabled=\"false\" class=\"elementor-section elementor-top-section elementor-element elementor-element-41134fd0 elementor-section-boxed elementor-section-height-default elementor-section-height-default\" data-id=\"41134fd0\" data-element_type=\"section\">\n\t\t\t\t\t\t<div class=\"elementor-container elementor-column-gap-default\">\n\t\t\t\t\t<div class=\"elementor-column elementor-col-50 elementor-top-column elementor-element elementor-element-2e841b68\" data-id=\"2e841b68\" data-element_type=\"column\">\n\t\t\t<div class=\"elementor-widget-wrap elementor-element-populated\">\n\t\t\t\t\t\t<div class=\"elementor-element elementor-element-1fb6e1d9 elementor-widget elementor-widget-text-editor\" data-id=\"1fb6e1d9\" data-element_type=\"widget\" data-widget_type=\"text-editor.default\">\n\t\t\t\t<div class=\"elementor-widget-container\">\n\t\t\t\t\t\t\t\t\t<p>Nous avons vu dans <a href=\"https:\/\/wp-sites.ccci.org\/c-proactif\/\/tous-pretres\/\" target=\"_blank\" rel=\"noopener\">un article pr\u00e9c\u00e9dent<\/a> que le Seigneur nous a attribu\u00e9s un poste de responsabilit\u00e9 importante dans l\u2019\u00e9dification de son Royaume : celui de pr\u00eatre.\u00a0 <strong>Alors, quelle est notre \u00ab\u00a0description de fonction\u00a0\u00bb en tant que pr\u00eatre ?<\/strong> En d\u2019autres termes, quelles sont nos \u00ab\u00a0missions\u00a0\u00bb\u00a0 et nos \u00ab\u00a0responsabilit\u00e9s\u00a0\u00bb\u00a0 ? Quelles \u00ab\u00a0activit\u00e9s\u00a0\u00bb sont attendues ? Aupr\u00e8s de qui et comment ?&#8230;<\/p><p>En employeur avis\u00e9, le Seigneur nous a donn\u00e9 une \u00abdescription de fonction\u00bb, m\u00eame si celle-ci n\u2019est pas un simple document \u00e0 t\u00e9l\u00e9charger quelque part dans une base de donn\u00e9es ! Il nous faudra un peu de travail pour la reconstruire avec l\u2019aide de la Parole de Dieu mais c\u2019est ce que nous allons nous fixer comme objectif dans cet article.<\/p>\t\t\t\t\t\t\t\t<\/div>\n\t\t\t\t<\/div>\n\t\t\t\t\t<\/div>\n\t\t<\/div>\n\t\t\t\t<div class=\"elementor-column elementor-col-50 elementor-top-column elementor-element elementor-element-30d444b5\" data-id=\"30d444b5\" data-element_type=\"column\">\n\t\t\t<div class=\"elementor-widget-wrap elementor-element-populated\">\n\t\t\t\t\t\t<div class=\"elementor-element elementor-element-ae7da62 elementor-widget elementor-widget-image\" data-id=\"ae7da62\" data-element_type=\"widget\" data-widget_type=\"image.default\">\n\t\t\t\t<div class=\"elementor-widget-container\">\n\t\t\t\t\t\t\t\t\t\t\t\t\t\t\t<img decoding=\"async\" src=\"https:\/\/wp-sites.ccci.org\/c-proactif\/wp-content\/uploads\/sites\/393\/2020\/04\/image-article-pretre.png?w=359\" title=\"image-article-pretre\" alt=\"image avec les principales sections d&#039;une fiche de fonction professionnelle fiche de fonction\" loading=\"lazy\" \/>\t\t\t\t\t\t\t\t\t\t\t\t\t\t\t<\/div>\n\t\t\t\t<\/div>\n\t\t\t\t\t<\/div>\n\t\t<\/div>\n\t\t\t\t\t<\/div>\n\t\t<\/section>\n\t\t\t\t<section data-particle_enable=\"false\" data-particle-mobile-disabled=\"false\" class=\"elementor-section elementor-top-section elementor-element elementor-element-610d78c6 elementor-section-boxed elementor-section-height-default elementor-section-height-default\" data-id=\"610d78c6\" data-element_type=\"section\">\n\t\t\t\t\t\t<div class=\"elementor-container elementor-column-gap-default\">\n\t\t\t\t\t<div class=\"elementor-column elementor-col-100 elementor-top-column elementor-element elementor-element-3fed05f6\" data-id=\"3fed05f6\" data-element_type=\"column\">\n\t\t\t<div class=\"elementor-widget-wrap elementor-element-populated\">\n\t\t\t\t\t\t<div class=\"elementor-element elementor-element-4015a903 elementor-widget elementor-widget-text-editor\" data-id=\"4015a903\" data-element_type=\"widget\" data-widget_type=\"text-editor.default\">\n\t\t\t\t<div class=\"elementor-widget-container\">\n\t\t\t\t\t\t\t\t\t<h2>I. Notre personnage de r\u00e9f\u00e9rence : Mo\u00efse<\/h2><p>Aborder le sujet des diff\u00e9rentes missions de notre fonction de pr\u00eatre demande un peu de travail ! Cela passe par une \u00e9tude transversale de la Bible (depuis la Gen\u00e8se jusqu\u2019\u00e0 l\u2019Apocalypse) des diff\u00e9rents pr\u00eatres qui s\u2019y trouvent : Melchis\u00e9dech, Mo\u00efse, les pr\u00eatres l\u00e9vitiques et bien s\u00fbr J\u00e9sus, notre grand-pr\u00eatre par excellence. Par souci de simplification, nous ne vous donnerons pas ici tous les d\u00e9tails de ce travail, bien document\u00e9 par ailleurs dans les divers commentaires bibliques ou livres pouvant traiter du sujet. Mais tout nous a servi pour appr\u00e9hender peu \u00e0 peu un profil de pr\u00eatre de l\u2019\u00c9ternel qui d\u00e9finisse notre posture et nos diff\u00e9rentes missions \u00e0 Son service. Et <strong>pour rendre cette r\u00e9flexion plus assimilable, nous avons choisi de l\u2019appuyer sur une figure biblique repr\u00e9sentative : celle de Mo\u00efse.<\/strong> Mo\u00efse, qui \u00e9tait l\u00e0 avant l\u2019arriv\u00e9e des pr\u00eatres l\u00e9vitiques, avant la construction du Temple, qui a \u00e9t\u00e9 envoy\u00e9 vers Pharaon, qui a conduit le peuple dans le d\u00e9sert, qui lui a r\u00e9v\u00e9l\u00e9 les commandements de Dieu, qui a interc\u00e9d\u00e9 aupr\u00e8s de Dieu aussi souvent que n\u00e9cessaire \u2026 C&rsquo;est lui qui sera notre fil rouge.<\/p><h2>II. Notre \u00abfonction\u00bb de pr\u00eatre englobe tous nos autres titres devant Dieu<\/h2><p>Imaginez que vous viviez dans un domaine viticole, produisant un tr\u00e8s bon cru. Si vous vous percevez comme un ouvrier sans importance, jamais pris en consid\u00e9ration \u2026 alors vous aurez tendance \u00e0 n\u00e9gliger votre travail et surtout \u00e0 fuir les responsabilit\u00e9s. En revanche, si vous vous percevez comme l\u2019h\u00e9ritier de ce domaine, vous aurez envie de vous y investir et de le d\u00e9velopper au maximum, car un jour il sera \u00e0 vous de plein droit !<\/p><p>Dieu a fait de nous ses h\u00e9ritiers, il nous a donn\u00e9 un domaine \u00e0 investir : le Royaume de Dieu. Pour le faire correctement, nous devons savoir \u00e0 quel titre, avec quelle identit\u00e9 nous y travaillons. La Bible est particuli\u00e8rement prolixe en qualificatifs sur notre identit\u00e9. Parce que Dieu s\u2019attend vraiment \u00e0 ce que nous nous en saisissions pour vivre l\u2019appel qui est le n\u00f4tre, dans les meilleures conditions.<\/p><h3><strong>Quels sont ces principaux titres ?<\/strong><\/h3><p>Voici ceux que nous avons relev\u00e9s : Enfant de Dieu (Jn 1:12, 1Jn 3:1-2), Disciple (Ac 20:30, Ac 21:16) , Saint (Ph 1:1), Fr\u00e8re et s\u0153ur (Mat 12:49-50, Phm 1:2) , H\u00e9ritier (Gal 3:29, Rm 8:17), Sel et lumi\u00e8re (Mt 5:13-14), Odeur de Christ (2Cor 2:15), Ambassadeur (2Cor 5:20), Serviteur \/ servante (Ac 2:18, Jn 15:15), Pierre vivante (1Pi 2:5), Pr\u00eatre (1Pi 2:5, 1Pi 2:9).<\/p><p><strong>Tous ces titres s\u2019appliquent-ils \u00e0 toutes les personnes qui croient en J\u00e9sus ?<\/strong> La r\u00e9ponse est oui ! Nous sommes tous, tout cela ! Et nous devons vraiment nous les approprier pour les vivre !<\/p><p><strong>Pour autant, tous ces titres sont-ils \u00e9quivalents ?<\/strong> Bien \u00e9videmment non !<\/p><ul><li>Certains font r\u00e9f\u00e9rence \u00e0 notre identit\u00e9 intrins\u00e8que, ontologique : ils disent qui nous sommes, en tant que personne devant Dieu &#8211; ou devant les hommes<\/li><li>D\u2019autres font r\u00e9f\u00e9rence \u00e0 une \u00abfonction \u00bb, un service particulier soit dans l\u2019\u00c9glise &#8211; soit dans le monde.<\/li><\/ul><p>Voici donc comment nous pourrions les classer :<\/p><p><img fetchpriority=\"high\" decoding=\"async\" class=\"aligncenter wp-image-9009 size-full\" src=\"https:\/\/wp-sites.ccci.org\/c-proactif\/\/wp-content\/uploads\/sites\/393\/2021\/11\/tableau-titres.png\" alt=\"\" width=\"968\" height=\"470\" srcset=\"https:\/\/wp-sites.ccci.org\/c-proactif\/wp-content\/uploads\/sites\/393\/2021\/11\/tableau-titres.png 968w, https:\/\/wp-sites.ccci.org\/c-proactif\/wp-content\/uploads\/sites\/393\/2021\/11\/tableau-titres.png?resize=300,146 300w, https:\/\/wp-sites.ccci.org\/c-proactif\/wp-content\/uploads\/sites\/393\/2021\/11\/tableau-titres.png?resize=768,373 768w\" sizes=\"(max-width: 968px) 100vw, 968px\" \/><\/p><h3>Deux remarques :<\/h3><ol><li>La fonction de pr\u00eatre est mentionn\u00e9e deux fois dans les fonctions qui nous d\u00e9finissent : dans la sph\u00e8re de l\u2019\u00c9glise mais aussi dans la sph\u00e8re sociale, devant les hommes. Or, une \u00abfonction\u00bb est plus englobante qu\u2019une\u00a0 \u00ab\u00a0identit\u00e9\u00a0\u00bb car, pour \u00eatre remplie, une fonction demande non seulement d\u2019assumer les t\u00e2ches et responsabilit\u00e9s qui y sont attach\u00e9es mais aussi d\u2019agir au titre des identit\u00e9s qui nous donnent la l\u00e9gitimit\u00e9 et les comp\u00e9tences pour l\u2019accomplir. <strong>Pour agir en tant que pr\u00eatre, nous devrons donc rev\u00eatir toutes les autres identit\u00e9s mentionn\u00e9es dans ce tableau car c\u2019est la qualification n\u00e9cessaire pour notre r\u00e9ussite. <\/strong><\/li><li>Deux \u00abfonctions\u00bb nous sont attribu\u00e9es devant les hommes : celles \u00ab\u00a0d\u2019ambassadeur\u00a0\u00bb et de \u00ab\u00a0pr\u00eatre\u00a0\u00bb. Sont-elles diff\u00e9rentes ou simplement compl\u00e9mentaires ? Laquelle devons-nous privil\u00e9gier ? La plupart des commentateurs s\u2019accordent pour dire que les deux titres sont \u00e9quivalents : tous deux ont \u00e0 voir avec des missions de <strong>repr\u00e9sentation<\/strong> et de <strong>m\u00e9diation<\/strong> ; mais utilis\u00e9s dans des contextes diff\u00e9rents. Le concept de pr\u00eatrise est tr\u00e8s largement d\u00e9velopp\u00e9 tout au long de la Bible. (cf. article). En revanche, le r\u00f4le \u00abd\u2019ambassadeur\u00bb n\u2019est cit\u00e9 qu\u2019une seule fois (2 Cor 5:20) pour un public grec qui ne connaissait pas la pr\u00eatrise du peuple juif. Il est donc l\u00e9gitime de penser que Paul a utilis\u00e9 ce terme \u00abd\u2019ambassadeur\u00bb \u00e0 la place du mot \u00abpr\u00eatre\u00bb pour \u00eatre compris de ses lecteurs.<\/li><\/ol><p><strong>La fonction de pr\u00eatre est donc celle que nous allons retenir comme fonction principale de notre service devant Dieu et devant les hommes. C\u2019est elle qui englobe tous nos autres titres devant Dieu.<\/strong><\/p><h2>III. La description de fonction de notre pr\u00eatrise au travail<\/h2><p>Pour \u00e9tablir cette fiche de fonction et identifier les diff\u00e9rentes missions et t\u00e2ches attendues du pr\u00eatre de l\u2019\u00c9ternel, c\u2019est le moment de nous attacher \u00e0 Mo\u00efse.<\/p><h3>Comment Mo\u00efse a-t-il v\u00e9cu sa fonction de pr\u00eatre ?<\/h3><ul><li>Mo\u00efse connaissait le Seigneur intimement et plus il le servait, plus son intimit\u00e9 avec Dieu grandissait, au point qu\u2019il d\u00fbt mettre un voile sur son visage tant sa gloire \u00e9tait visible (Ex 34:29-35).<\/li><li>Le seul but de Mo\u00efse \u00e9tait d\u2019accomplir la volont\u00e9 de Dieu afin que le peuple de Dieu puisse prendre possession de la terre promise.<\/li><li>Il appartenait au peuple d\u2019Isra\u00ebl par sa naissance et Dieu l\u2019a envoy\u00e9 comme son repr\u00e9sentant, son ambassadeur, aupr\u00e8s de Pharaon et ses ministres ; puis aupr\u00e8s du peuple d\u2019Isra\u00ebl pour le conduire.<\/li><li>En tant qu\u2019ambassadeur de Dieu,\u00a0<span style=\"font-family: Lato;font-size: 15px;font-style: normal;font-weight: 400\">Mo\u00efse\u00a0<\/span>a incarn\u00e9 Dieu \u00e0 Pharaon et ses ministres : il leur a r\u00e9v\u00e9l\u00e9 les paroles et la volont\u00e9 de Dieu, il a incarn\u00e9 Sa pr\u00e9sence parmi eux, il a manifest\u00e9 Sa puissance et Son autorit\u00e9. Plus tard, il a jou\u00e9 un r\u00f4le identique aupr\u00e8s du peuple d\u2019Isra\u00ebl.<\/li><li>Mo\u00efse recevait de Dieu tout ce qu\u2019Il avait \u00e0 dire \u00e0 Pharaon et plus tard au peuple d\u2019Isra\u00ebl. Il parlait de la part de Dieu, comme un fid\u00e8le \u00e9missaire qui agit au nom de son chef de gouvernement dans un territoire \u00e9tranger.<\/li><li>Il a re\u00e7u les enseignements de Dieu et les a transmis fid\u00e8lement au peuple d\u2019Isra\u00ebl afin que celui-ci se constitue d\u2019une fa\u00e7on conforme \u00e0 la volont\u00e9 de Dieu (cf. tout le livre de L\u00e9vitique).<\/li><li>Dans tous les d\u00e9m\u00eal\u00e9s du peuple d\u2019Isra\u00ebl avec l\u2019\u00c9ternel, Mo\u00efse s\u2019est pos\u00e9 en interm\u00e9diaire entre Dieu et le peuple. Un interm\u00e9diaire qui reprend et corrige le peuple pour l\u2019amener \u00e0 s\u2019attacher \u00e0 Dieu mais aussi un interm\u00e9diaire qui interc\u00e8de pour le peuple afin que Dieu suspende sa punition et fasse preuve de mis\u00e9ricorde.<\/li><\/ul><h3>Que pouvons-nous en d\u00e9duire pour nous-m\u00eames ?<\/h3><p>Mo\u00efse, notre pr\u00eatre mod\u00e8le de l\u2019Ancien Testament a \u00e9t\u00e9 <strong>un interm\u00e9diaire entre Dieu et les hommes<\/strong>. <strong>Il a accompli cette responsabilit\u00e9 en assumant une double mission :<\/strong><\/p><p><strong style=\"font-size: 15px\">A. Une mission de repr\u00e9sentation de Dieu parmi les hommes : <\/strong><span style=\"font-size: 15px\">Nous sommes l\u00e0 dans un r\u00f4le d\u2019immanence, un mouvement qui rend Dieu pr\u00e9sent aux hommes.\u00a0<\/span><span style=\"font-size: 15px\">Sa relation avec Dieu est profonde et t<\/span><span style=\"font-family: Lato;font-size: 15px;font-style: normal;font-weight: 400\">out ce qu\u2019il accomplit est fait de la part de Dieu pour servir et b\u00e9nir les hommes. Trois dimensions sont \u00e0\u00a0 noter dans cette mission de repr\u00e9sentation :\u00a0<\/span><\/p><ul><li><span style=\"font-size: 15px\">Tout ce qu\u2019il fait est offert comme un sacrifice de louange \u00e0 Dieu.\u00a0\u00a0<\/span><\/li><li><span style=\"font-size: 15px\">Il est un messager de paix. Il agit selon le c\u0153ur de Dieu et procure la paix, le shalom.<\/span><\/li><li><span style=\"font-size: 15px\">Son activit\u00e9 est toujours orient\u00e9e vers le service du prochain, comme un acte d&rsquo;amour v\u00e9cu\u00a0 .<\/span><\/li><\/ul><p><strong>B.\u00a0 Une mission de r\u00e9conciliation entre Dieu et les hommes : <\/strong>Nous sommes l\u00e0 dans un r\u00f4le de transcendance, un mouvement des hommes vers Dieu.\u00a0<span style=\"font-size: 15px\">Mo\u00efse souhaite attirer les hommes \u00e0 Dieu, les amener \u00e0 aimer Dieu et \u00e0 lui ob\u00e9ir.\u00a0<\/span><span style=\"font-size: 15px\">Il accomplit cela par plusieurs t\u00e2ches importantes :<\/span><\/p><ul><li>Il prie, il interc\u00e8de pour le peuple de Dieu.<\/li><li>Il les \u00e9veille, les \u00e9duque \u00e0 la dimension spirituelle de leur vie.<\/li><li>Il les enseigne et leur annonce la Bonne Nouvelle.<\/li><\/ul><p><img decoding=\"async\" class=\"aligncenter wp-image-9016 size-full\" src=\"https:\/\/wp-sites.ccci.org\/c-proactif\/\/wp-content\/uploads\/sites\/393\/2021\/11\/schema-missions-pretre.png\" alt=\"\" width=\"639\" height=\"251\" srcset=\"https:\/\/wp-sites.ccci.org\/c-proactif\/wp-content\/uploads\/sites\/393\/2021\/11\/schema-missions-pretre.png 639w, https:\/\/wp-sites.ccci.org\/c-proactif\/wp-content\/uploads\/sites\/393\/2021\/11\/schema-missions-pretre.png?resize=300,118 300w\" sizes=\"(max-width: 639px) 100vw, 639px\" \/><\/p><p style=\"text-align: center\"><em>La description plus d\u00e9taill\u00e9e de ces diff\u00e9rentes t\u00e2ches fera l\u2019objet des articles suivants.<\/em><\/p>\t\t\t\t\t\t\t\t<\/div>\n\t\t\t\t<\/div>\n\t\t\t\t\t<\/div>\n\t\t<\/div>\n\t\t\t\t\t<\/div>\n\t\t<\/section>\n\t\t\t\t<section data-particle_enable=\"false\" data-particle-mobile-disabled=\"false\" class=\"elementor-section elementor-top-section elementor-element elementor-element-7ee849ae elementor-section-boxed elementor-section-height-default elementor-section-height-default\" data-id=\"7ee849ae\" data-element_type=\"section\">\n\t\t\t\t\t\t<div class=\"elementor-container elementor-column-gap-default\">\n\t\t\t\t\t<div class=\"elementor-column elementor-col-100 elementor-top-column elementor-element elementor-element-52014675\" data-id=\"52014675\" data-element_type=\"column\">\n\t\t\t<div class=\"elementor-widget-wrap elementor-element-populated\">\n\t\t\t\t\t\t<div class=\"elementor-element elementor-element-300b3734 elementor-widget elementor-widget-text-editor\" data-id=\"300b3734\" data-element_type=\"widget\" data-widget_type=\"text-editor.default\">\n\t\t\t\t<div class=\"elementor-widget-container\">\n\t\t\t\t\t\t\t\t\t<h2>En conclusion\u00a0<\/h2><p><strong>Si telle a \u00e9t\u00e9 la fonction de Mo\u00efse, sa double mission de pr\u00eatre est aussi la n\u00f4tre ! Comme lui, en tant que pr\u00eatre de la Nouvelle Alliance, nous avons \u00e0 rendre Dieu pr\u00e9sent, \u00e0 travers nous, aupr\u00e8s de nos coll\u00e8gues de travail mais aussi, \u00e0 les r\u00e9concilier avec Dieu.<\/strong><\/p><p><span style=\"font-size: 15px\">Attachons-nous donc comme Mo\u00efse \u00e0 notre double mission de pr\u00eatre :<\/span><\/p><ul><li><strong>une mission d&rsquo;immanence<\/strong> : un ambassadeur de Christ qui rend Dieu pr\u00e9sent dans nos milieux de travail, qui donne \u00e0 nos coll\u00e8gues l\u2019opportunit\u00e9 de percevoir Sa nature, Sa beaut\u00e9 et Sa gloire ;<\/li><li><strong>une mission de transcendance<\/strong> :\u00a0 un minist\u00e8re de r\u00e9conciliation qui attire les hommes \u00e0 Dieu par l\u2019exemple de nos vies, par la pri\u00e8re et par l\u2019annonce de l\u2019Evangile.<\/li><\/ul><p><strong>Etes-vous pr\u00eat \u00e0 signer votre fiche de fonction de pr\u00eatre de la Nouvelle Alliance au service de Dieu dans le monde du travail ? <\/strong>Comme Moise, Dieu nous rev\u00eat de la l\u00e9gitimit\u00e9 et de l\u2019autorit\u00e9 n\u00e9cessaires pour le faire, \u00e0 condition que nous Lui restions attach\u00e9s et \u00e0 l\u2019\u00e9coute de ce qu\u2019Il nous dit.<\/p>\t\t\t\t\t\t\t\t<\/div>\n\t\t\t\t<\/div>\n\t\t\t\t\t<\/div>\n\t\t<\/div>\n\t\t\t\t\t<\/div>\n\t\t<\/section>\n\t\t\t\t<section data-particle_enable=\"false\" data-particle-mobile-disabled=\"false\" class=\"elementor-section elementor-top-section elementor-element elementor-element-4243e6eb elementor-section-boxed elementor-section-height-default elementor-section-height-default\" data-id=\"4243e6eb\" data-element_type=\"section\">\n\t\t\t\t\t\t<div class=\"elementor-container elementor-column-gap-default\">\n\t\t\t\t\t<div class=\"elementor-column elementor-col-100 elementor-top-column elementor-element elementor-element-2c92382f\" data-id=\"2c92382f\" data-element_type=\"column\">\n\t\t\t<div class=\"elementor-widget-wrap elementor-element-populated\">\n\t\t\t\t\t\t<div class=\"elementor-element elementor-element-76fe0957 further elementor-widget elementor-widget-text-editor\" data-id=\"76fe0957\" data-element_type=\"widget\" data-widget_type=\"text-editor.default\">\n\t\t\t\t<div class=\"elementor-widget-container\">\n\t\t\t\t\t\t\t\t\t<h3>POUR APPROFONDIR SEUL &#8211; OU MIEUX &#8211; EN PETITS GROUPES<\/h3><p>Voici quelques questions pour vous aider \u00e0 approfondir cet enseignement seul ou en petit groupe\u00a0:<\/p><h3><strong>Notre relation au monde<\/strong><\/h3><p><strong>Lisez Jean 15:14-19<\/strong><\/p><ul><li>En quoi ce texte fait-il \u00e9cho \u00e0 notre fonction de pr\u00eatre\u00a0?<\/li><li>Appartenons-nous au monde ? Pourquoi\u00a0?<\/li><li>A quel titre y sommes-nous envoy\u00e9s\u00a0? (v18) Qu\u2019a fait J\u00e9sus en ce monde qu\u2019il nous demande \u00e0 notre tour d\u2019y accomplir ?<\/li><\/ul><h3><strong>Notre double mission de pr\u00eatre<\/strong><\/h3><p>La fonction principale du pr\u00eatre est d\u2019\u00eatre un m\u00e9diateur, un interm\u00e9diaire entre Dieu et les hommes.\u00a0<\/p><ul><li>Quelles sont les deux missions n\u00e9cessaires pour l\u2019accomplir\u00a0? En quoi sont-elles compl\u00e9mentaires\u00a0?<\/li><li>Comment comprenez-vous la mission de \u00ab\u00a0rendre Dieu pr\u00e9sent\u00a0\u00bb par notre interm\u00e9diaire sur nos lieux de travail\u00a0? Pensez-vous le faire dans votre vie professionnelle\u00a0? Comment le faites-vous ? A contrario, que vous manque-t-il pour le vivre mieux ?<\/li><li>Comment comprenez-vous la mission \u00ab de r\u00e9concilier les hommes avec Dieu\u00a0\u00bb ? Que faut-il mettre en place pour le r\u00e9aliser ? Sur quels domaines, quelles activit\u00e9s pensez-vous avoir besoin de progresser\u00a0?<\/li><\/ul><p>La fa\u00e7on dont vous percevez votre place au travail change-t-elle avec cette mission ?<\/p><h3><strong>Pri\u00e8re<\/strong><\/h3><p><strong>La seule pri\u00e8re possible \u00e0 la suite de la discussion d\u2019aujourd\u2019hui est celle d\u2019accepter la fonction de pr\u00eatre que le Seigneur nous propose : <\/strong><\/p><ul><li><strong>avec reconnaissance<\/strong> car c\u2019est une fonction de tr\u00e8s haut rang !<\/li><li>mais aussi <strong>avec gravit\u00e9<\/strong> car c\u2019est un r\u00f4le de grande responsabilit\u00e9.\u00a0<\/li><\/ul><p>Disons au Seigneur que nous l\u2019acceptons m\u00eame si la responsabilit\u00e9 nous para\u00eet importante. Demandons-lui de nous aider \u00e0 la comprendre et de nous permettre d\u2019y marcher de progr\u00e8s en progr\u00e8s. Appuyons-nous sur les promesses de 1 Jn 5:14-15 pour \u00eatre assur\u00e9 que Dieu nous a entendu.<\/p>\t\t\t\t\t\t\t\t<\/div>\n\t\t\t\t<\/div>\n\t\t\t\t\t<\/div>\n\t\t<\/div>\n\t\t\t\t\t<\/div>\n\t\t<\/section>\n\t\t\t\t<\/div>\n\t\t","protected":false},"excerpt":{"rendered":"<p>Disposez-vous d\u2019une \u00ab description de fonction \u00bb de votre emploi ? Pour une grande majorit\u00e9 d\u2019entre nous qui sommes \u2013 ou avons \u00e9t\u00e9 \u2013 employeurs ou employ\u00e9s, nous savons que [&hellip;]<\/p>\n","protected":false},"author":14333,"featured_media":2118,"comment_status":"open","ping_status":"closed","sticky":false,"template":"","format":"quote","meta":{"site-sidebar-layout":"default","site-content-layout":"default","ast-site-content-layout":"default","site-content-style":"default","site-sidebar-style":"default","ast-global-header-display":"","ast-banner-title-visibility":"","ast-main-header-display":"","ast-hfb-above-header-display":"","ast-hfb-below-header-display":"","ast-hfb-mobile-header-display":"","site-post-title":"","ast-breadcrumbs-content":"","ast-featured-img":"","footer-sml-layout":"","ast-disable-related-posts":"","theme-transparent-header-meta":"default","adv-header-id-meta":"","stick-header-meta":"","header-above-stick-meta":"","header-main-stick-meta":"","header-below-stick-meta":"","astra-migrate-meta-layouts":"default","ast-page-background-enabled":"default","ast-page-background-meta":{"desktop":{"background-color":"","background-image":"","background-repeat":"repeat","background-position":"center center","background-size":"auto","background-attachment":"scroll","background-type":"","background-media":"","overlay-type":"","overlay-color":"","overlay-opacity":"","overlay-gradient":""},"tablet":{"background-color":"","background-image":"","background-repeat":"repeat","background-position":"center center","background-size":"auto","background-attachment":"scroll","background-type":"","background-media":"","overlay-type":"","overlay-color":"","overlay-opacity":"","overlay-gradient":""},"mobile":{"background-color":"","background-image":"","background-repeat":"repeat","background-position":"center center","background-size":"auto","background-attachment":"scroll","background-type":"","background-media":"","overlay-type":"","overlay-color":"","overlay-opacity":"","overlay-gradient":""}},"ast-content-background-meta":{"desktop":{"background-color":"var(--ast-global-color-5)","background-image":"","background-repeat":"repeat","background-position":"center center","background-size":"auto","background-attachment":"scroll","background-type":"","background-media":"","overlay-type":"","overlay-color":"","overlay-opacity":"","overlay-gradient":""},"tablet":{"background-color":"var(--ast-global-color-5)","background-image":"","background-repeat":"repeat","background-position":"center center","background-size":"auto","background-attachment":"scroll","background-type":"","background-media":"","overlay-type":"","overlay-color":"","overlay-opacity":"","overlay-gradient":""},"mobile":{"background-color":"var(--ast-global-color-5)","background-image":"","background-repeat":"repeat","background-position":"center center","background-size":"auto","background-attachment":"scroll","background-type":"","background-media":"","overlay-type":"","overlay-color":"","overlay-opacity":"","overlay-gradient":""}},"footnotes":""},"categories":[10],"tags":[17,31,32,57,70,80,96],"class_list":["post-2105","post","type-post","status-publish","format-quote","has-post-thumbnail","hentry","category-repondre-a-notre-appel","tag-appel","tag-competences","tag-comportement","tag-fonction","tag-mission","tag-royaume","tag-taches","post_format-post-format-quote"],"yoast_head":"<!-- This site is optimized with the Yoast SEO plugin v26.7 - https:\/\/yoast.com\/wordpress\/plugins\/seo\/ -->\n<title>Entrez dans votre fonction de &quot;pr\u00eatre&quot; - C-PROACTIF<\/title>\n<meta name=\"description\" content=\"Notre fonction de pr\u00eatre de l&#039;Eternel sur notre lieu de travail englobe une double mission : Le repr\u00e9senter \u00e0 nos coll\u00e8gues et les inviter \u00e0 Le conna\u00eetre.\" \/>\n<meta name=\"robots\" content=\"noindex, follow, max-snippet:-1, max-image-preview:large, max-video-preview:-1\" \/>\n<meta property=\"og:locale\" content=\"fr_FR\" \/>\n<meta property=\"og:type\" content=\"article\" \/>\n<meta property=\"og:title\" content=\"Entrez dans votre fonction de &quot;pr\u00eatre&quot; - C-PROACTIF\" \/>\n<meta property=\"og:description\" content=\"Notre fonction de pr\u00eatre de l&#039;Eternel sur notre lieu de travail englobe une double mission : Le repr\u00e9senter \u00e0 nos coll\u00e8gues et les inviter \u00e0 Le conna\u00eetre.\" \/>\n<meta property=\"og:url\" content=\"https:\/\/wp-sites.ccci.org\/c-proactif\/votre-mission-de-pretre\/\" \/>\n<meta property=\"og:site_name\" content=\"C-PROACTIF\" \/>\n<meta property=\"article:published_time\" content=\"2020-04-02T09:43:38+00:00\" \/>\n<meta property=\"article:modified_time\" content=\"2023-12-22T12:37:18+00:00\" \/>\n<meta property=\"og:image\" content=\"https:\/\/wp-sites.ccci.org\/c-proactif\/wp-content\/uploads\/sites\/393\/2020\/04\/image-article-pretre.png\" \/>\n\t<meta property=\"og:image:width\" content=\"359\" \/>\n\t<meta property=\"og:image:height\" content=\"233\" \/>\n\t<meta property=\"og:image:type\" content=\"image\/png\" \/>\n<meta name=\"author\" content=\"Anne-Marie HUSSON\" \/>\n<meta name=\"twitter:card\" content=\"summary_large_image\" \/>\n<meta name=\"twitter:label1\" content=\"\u00c9crit par\" \/>\n\t<meta name=\"twitter:data1\" content=\"Anne-Marie HUSSON\" \/>\n\t<meta name=\"twitter:label2\" content=\"Dur\u00e9e de lecture estim\u00e9e\" \/>\n\t<meta name=\"twitter:data2\" content=\"11 minutes\" \/>\n<script type=\"application\/ld+json\" class=\"yoast-schema-graph\">{\"@context\":\"https:\/\/schema.org\",\"@graph\":[{\"@type\":\"Article\",\"@id\":\"https:\/\/wp-sites.ccci.org\/c-proactif\/votre-mission-de-pretre\/#article\",\"isPartOf\":{\"@id\":\"https:\/\/wp-sites.ccci.org\/c-proactif\/votre-mission-de-pretre\/\"},\"author\":{\"name\":\"Anne-Marie HUSSON\",\"@id\":\"https:\/\/wp-sites.ccci.org\/c-proactif\/#\/schema\/person\/31baa806e67e95311c4c17fad287a4d2\"},\"headline\":\"Entrez dans votre fonction de \u00ab\u00a0pr\u00eatre\u00a0\u00bb\",\"datePublished\":\"2020-04-02T09:43:38+00:00\",\"dateModified\":\"2023-12-22T12:37:18+00:00\",\"mainEntityOfPage\":{\"@id\":\"https:\/\/wp-sites.ccci.org\/c-proactif\/votre-mission-de-pretre\/\"},\"wordCount\":2223,\"commentCount\":0,\"publisher\":{\"@id\":\"https:\/\/wp-sites.ccci.org\/c-proactif\/#organization\"},\"image\":{\"@id\":\"https:\/\/wp-sites.ccci.org\/c-proactif\/votre-mission-de-pretre\/#primaryimage\"},\"thumbnailUrl\":\"https:\/\/wp-sites.ccci.org\/c-proactif\/wp-content\/uploads\/sites\/393\/2020\/04\/image-article-pretre.png\",\"keywords\":[\"appel\",\"comp\u00e9tences\",\"comportement\",\"fonction\",\"mission\",\"royaume\",\"t\u00e2ches\"],\"articleSection\":[\"R\u00e9pondre \u00e0 notre appel\"],\"inLanguage\":\"fr-FR\",\"potentialAction\":[{\"@type\":\"CommentAction\",\"name\":\"Comment\",\"target\":[\"https:\/\/wp-sites.ccci.org\/c-proactif\/votre-mission-de-pretre\/#respond\"]}]},{\"@type\":\"WebPage\",\"@id\":\"https:\/\/wp-sites.ccci.org\/c-proactif\/votre-mission-de-pretre\/\",\"url\":\"https:\/\/wp-sites.ccci.org\/c-proactif\/votre-mission-de-pretre\/\",\"name\":\"Entrez dans votre fonction de \\\"pr\u00eatre\\\" - C-PROACTIF\",\"isPartOf\":{\"@id\":\"https:\/\/wp-sites.ccci.org\/c-proactif\/#website\"},\"primaryImageOfPage\":{\"@id\":\"https:\/\/wp-sites.ccci.org\/c-proactif\/votre-mission-de-pretre\/#primaryimage\"},\"image\":{\"@id\":\"https:\/\/wp-sites.ccci.org\/c-proactif\/votre-mission-de-pretre\/#primaryimage\"},\"thumbnailUrl\":\"https:\/\/wp-sites.ccci.org\/c-proactif\/wp-content\/uploads\/sites\/393\/2020\/04\/image-article-pretre.png\",\"datePublished\":\"2020-04-02T09:43:38+00:00\",\"dateModified\":\"2023-12-22T12:37:18+00:00\",\"description\":\"Notre fonction de pr\u00eatre de l'Eternel sur notre lieu de travail englobe une double mission : Le repr\u00e9senter \u00e0 nos coll\u00e8gues et les inviter \u00e0 Le conna\u00eetre.\",\"breadcrumb\":{\"@id\":\"https:\/\/wp-sites.ccci.org\/c-proactif\/votre-mission-de-pretre\/#breadcrumb\"},\"inLanguage\":\"fr-FR\",\"potentialAction\":[{\"@type\":\"ReadAction\",\"target\":[\"https:\/\/wp-sites.ccci.org\/c-proactif\/votre-mission-de-pretre\/\"]}]},{\"@type\":\"ImageObject\",\"inLanguage\":\"fr-FR\",\"@id\":\"https:\/\/wp-sites.ccci.org\/c-proactif\/votre-mission-de-pretre\/#primaryimage\",\"url\":\"https:\/\/wp-sites.ccci.org\/c-proactif\/wp-content\/uploads\/sites\/393\/2020\/04\/image-article-pretre.png\",\"contentUrl\":\"https:\/\/wp-sites.ccci.org\/c-proactif\/wp-content\/uploads\/sites\/393\/2020\/04\/image-article-pretre.png\",\"width\":359,\"height\":233,\"caption\":\"image avec les principales sections d'une fiche de fonction professionnelle fiche de fonction\"},{\"@type\":\"BreadcrumbList\",\"@id\":\"https:\/\/wp-sites.ccci.org\/c-proactif\/votre-mission-de-pretre\/#breadcrumb\",\"itemListElement\":[{\"@type\":\"ListItem\",\"position\":1,\"name\":\"Accueil\",\"item\":\"https:\/\/wp-sites.ccci.org\/c-proactif\/\"},{\"@type\":\"ListItem\",\"position\":2,\"name\":\"R\u00e9pondre \u00e0 notre appel\",\"item\":\"https:\/\/wp-sites.ccci.org\/c-proactif\/theme\/repondre-a-notre-appel\/\"},{\"@type\":\"ListItem\",\"position\":3,\"name\":\"Entrez dans votre fonction de \u00ab\u00a0pr\u00eatre\u00a0\u00bb\"}]},{\"@type\":\"WebSite\",\"@id\":\"https:\/\/wp-sites.ccci.org\/c-proactif\/#website\",\"url\":\"https:\/\/wp-sites.ccci.org\/c-proactif\/\",\"name\":\"C-PROACTIF\",\"description\":\"R\u00e9seau professionnel chr\u00e9tien\",\"publisher\":{\"@id\":\"https:\/\/wp-sites.ccci.org\/c-proactif\/#organization\"},\"potentialAction\":[{\"@type\":\"SearchAction\",\"target\":{\"@type\":\"EntryPoint\",\"urlTemplate\":\"https:\/\/wp-sites.ccci.org\/c-proactif\/?s={search_term_string}\"},\"query-input\":{\"@type\":\"PropertyValueSpecification\",\"valueRequired\":true,\"valueName\":\"search_term_string\"}}],\"inLanguage\":\"fr-FR\"},{\"@type\":\"Organization\",\"@id\":\"https:\/\/wp-sites.ccci.org\/c-proactif\/#organization\",\"name\":\"C-PROACTIF\",\"url\":\"https:\/\/wp-sites.ccci.org\/c-proactif\/\",\"logo\":{\"@type\":\"ImageObject\",\"inLanguage\":\"fr-FR\",\"@id\":\"https:\/\/wp-sites.ccci.org\/c-proactif\/#\/schema\/logo\/image\/\",\"url\":\"https:\/\/wp-sites.ccci.org\/c-proactif\/wp-content\/uploads\/sites\/393\/2021\/05\/logo-baseline-blanc-300.png\",\"contentUrl\":\"https:\/\/wp-sites.ccci.org\/c-proactif\/wp-content\/uploads\/sites\/393\/2021\/05\/logo-baseline-blanc-300.png\",\"width\":300,\"height\":113,\"caption\":\"C-PROACTIF\"},\"image\":{\"@id\":\"https:\/\/wp-sites.ccci.org\/c-proactif\/#\/schema\/logo\/image\/\"}},{\"@type\":\"Person\",\"@id\":\"https:\/\/wp-sites.ccci.org\/c-proactif\/#\/schema\/person\/31baa806e67e95311c4c17fad287a4d2\",\"name\":\"Anne-Marie HUSSON\",\"image\":{\"@type\":\"ImageObject\",\"inLanguage\":\"fr-FR\",\"@id\":\"https:\/\/wp-sites.ccci.org\/c-proactif\/#\/schema\/person\/image\/\",\"url\":\"https:\/\/secure.gravatar.com\/avatar\/8610b2dea99ccb68a80717332fcf6000967063200f783c057fb3812ac2517470?s=96&d=mm&r=g\",\"contentUrl\":\"https:\/\/secure.gravatar.com\/avatar\/8610b2dea99ccb68a80717332fcf6000967063200f783c057fb3812ac2517470?s=96&d=mm&r=g\",\"caption\":\"Anne-Marie HUSSON\"},\"description\":\"D\u00e9l\u00e9gu\u00e9e fran\u00e7aise au Forum Mondial du travail du Comit\u00e9 de Lausanne. Consultante ind\u00e9pendante en strat\u00e9gie et innovation de la formation professionnelle. 22 ans de minist\u00e8re au sein d\u2019AGAPE FRANCE, Chef de projet e-learning au sein de diverses institutions (CCI et Universit\u00e9)\"}]}<\/script>\n<!-- \/ Yoast SEO plugin. -->","yoast_head_json":{"title":"Entrez dans votre fonction de \"pr\u00eatre\" - C-PROACTIF","description":"Notre fonction de pr\u00eatre de l'Eternel sur notre lieu de travail englobe une double mission : Le repr\u00e9senter \u00e0 nos coll\u00e8gues et les inviter \u00e0 Le conna\u00eetre.","robots":{"index":"noindex","follow":"follow","max-snippet":"max-snippet:-1","max-image-preview":"max-image-preview:large","max-video-preview":"max-video-preview:-1"},"og_locale":"fr_FR","og_type":"article","og_title":"Entrez dans votre fonction de \"pr\u00eatre\" - C-PROACTIF","og_description":"Notre fonction de pr\u00eatre de l'Eternel sur notre lieu de travail englobe une double mission : Le repr\u00e9senter \u00e0 nos coll\u00e8gues et les inviter \u00e0 Le conna\u00eetre.","og_url":"https:\/\/wp-sites.ccci.org\/c-proactif\/votre-mission-de-pretre\/","og_site_name":"C-PROACTIF","article_published_time":"2020-04-02T09:43:38+00:00","article_modified_time":"2023-12-22T12:37:18+00:00","og_image":[{"width":359,"height":233,"url":"https:\/\/wp-sites.ccci.org\/c-proactif\/wp-content\/uploads\/sites\/393\/2020\/04\/image-article-pretre.png","type":"image\/png"}],"author":"Anne-Marie HUSSON","twitter_card":"summary_large_image","twitter_misc":{"\u00c9crit par":"Anne-Marie HUSSON","Dur\u00e9e de lecture estim\u00e9e":"11 minutes"},"schema":{"@context":"https:\/\/schema.org","@graph":[{"@type":"Article","@id":"https:\/\/wp-sites.ccci.org\/c-proactif\/votre-mission-de-pretre\/#article","isPartOf":{"@id":"https:\/\/wp-sites.ccci.org\/c-proactif\/votre-mission-de-pretre\/"},"author":{"name":"Anne-Marie HUSSON","@id":"https:\/\/wp-sites.ccci.org\/c-proactif\/#\/schema\/person\/31baa806e67e95311c4c17fad287a4d2"},"headline":"Entrez dans votre fonction de \u00ab\u00a0pr\u00eatre\u00a0\u00bb","datePublished":"2020-04-02T09:43:38+00:00","dateModified":"2023-12-22T12:37:18+00:00","mainEntityOfPage":{"@id":"https:\/\/wp-sites.ccci.org\/c-proactif\/votre-mission-de-pretre\/"},"wordCount":2223,"commentCount":0,"publisher":{"@id":"https:\/\/wp-sites.ccci.org\/c-proactif\/#organization"},"image":{"@id":"https:\/\/wp-sites.ccci.org\/c-proactif\/votre-mission-de-pretre\/#primaryimage"},"thumbnailUrl":"https:\/\/wp-sites.ccci.org\/c-proactif\/wp-content\/uploads\/sites\/393\/2020\/04\/image-article-pretre.png","keywords":["appel","comp\u00e9tences","comportement","fonction","mission","royaume","t\u00e2ches"],"articleSection":["R\u00e9pondre \u00e0 notre appel"],"inLanguage":"fr-FR","potentialAction":[{"@type":"CommentAction","name":"Comment","target":["https:\/\/wp-sites.ccci.org\/c-proactif\/votre-mission-de-pretre\/#respond"]}]},{"@type":"WebPage","@id":"https:\/\/wp-sites.ccci.org\/c-proactif\/votre-mission-de-pretre\/","url":"https:\/\/wp-sites.ccci.org\/c-proactif\/votre-mission-de-pretre\/","name":"Entrez dans votre fonction de \"pr\u00eatre\" - C-PROACTIF","isPartOf":{"@id":"https:\/\/wp-sites.ccci.org\/c-proactif\/#website"},"primaryImageOfPage":{"@id":"https:\/\/wp-sites.ccci.org\/c-proactif\/votre-mission-de-pretre\/#primaryimage"},"image":{"@id":"https:\/\/wp-sites.ccci.org\/c-proactif\/votre-mission-de-pretre\/#primaryimage"},"thumbnailUrl":"https:\/\/wp-sites.ccci.org\/c-proactif\/wp-content\/uploads\/sites\/393\/2020\/04\/image-article-pretre.png","datePublished":"2020-04-02T09:43:38+00:00","dateModified":"2023-12-22T12:37:18+00:00","description":"Notre fonction de pr\u00eatre de l'Eternel sur notre lieu de travail englobe une double mission : Le repr\u00e9senter \u00e0 nos coll\u00e8gues et les inviter \u00e0 Le conna\u00eetre.","breadcrumb":{"@id":"https:\/\/wp-sites.ccci.org\/c-proactif\/votre-mission-de-pretre\/#breadcrumb"},"inLanguage":"fr-FR","potentialAction":[{"@type":"ReadAction","target":["https:\/\/wp-sites.ccci.org\/c-proactif\/votre-mission-de-pretre\/"]}]},{"@type":"ImageObject","inLanguage":"fr-FR","@id":"https:\/\/wp-sites.ccci.org\/c-proactif\/votre-mission-de-pretre\/#primaryimage","url":"https:\/\/wp-sites.ccci.org\/c-proactif\/wp-content\/uploads\/sites\/393\/2020\/04\/image-article-pretre.png","contentUrl":"https:\/\/wp-sites.ccci.org\/c-proactif\/wp-content\/uploads\/sites\/393\/2020\/04\/image-article-pretre.png","width":359,"height":233,"caption":"image avec les principales sections d'une fiche de fonction professionnelle fiche de fonction"},{"@type":"BreadcrumbList","@id":"https:\/\/wp-sites.ccci.org\/c-proactif\/votre-mission-de-pretre\/#breadcrumb","itemListElement":[{"@type":"ListItem","position":1,"name":"Accueil","item":"https:\/\/wp-sites.ccci.org\/c-proactif\/"},{"@type":"ListItem","position":2,"name":"R\u00e9pondre \u00e0 notre appel","item":"https:\/\/wp-sites.ccci.org\/c-proactif\/theme\/repondre-a-notre-appel\/"},{"@type":"ListItem","position":3,"name":"Entrez dans votre fonction de \u00ab\u00a0pr\u00eatre\u00a0\u00bb"}]},{"@type":"WebSite","@id":"https:\/\/wp-sites.ccci.org\/c-proactif\/#website","url":"https:\/\/wp-sites.ccci.org\/c-proactif\/","name":"C-PROACTIF","description":"R\u00e9seau professionnel chr\u00e9tien","publisher":{"@id":"https:\/\/wp-sites.ccci.org\/c-proactif\/#organization"},"potentialAction":[{"@type":"SearchAction","target":{"@type":"EntryPoint","urlTemplate":"https:\/\/wp-sites.ccci.org\/c-proactif\/?s={search_term_string}"},"query-input":{"@type":"PropertyValueSpecification","valueRequired":true,"valueName":"search_term_string"}}],"inLanguage":"fr-FR"},{"@type":"Organization","@id":"https:\/\/wp-sites.ccci.org\/c-proactif\/#organization","name":"C-PROACTIF","url":"https:\/\/wp-sites.ccci.org\/c-proactif\/","logo":{"@type":"ImageObject","inLanguage":"fr-FR","@id":"https:\/\/wp-sites.ccci.org\/c-proactif\/#\/schema\/logo\/image\/","url":"https:\/\/wp-sites.ccci.org\/c-proactif\/wp-content\/uploads\/sites\/393\/2021\/05\/logo-baseline-blanc-300.png","contentUrl":"https:\/\/wp-sites.ccci.org\/c-proactif\/wp-content\/uploads\/sites\/393\/2021\/05\/logo-baseline-blanc-300.png","width":300,"height":113,"caption":"C-PROACTIF"},"image":{"@id":"https:\/\/wp-sites.ccci.org\/c-proactif\/#\/schema\/logo\/image\/"}},{"@type":"Person","@id":"https:\/\/wp-sites.ccci.org\/c-proactif\/#\/schema\/person\/31baa806e67e95311c4c17fad287a4d2","name":"Anne-Marie HUSSON","image":{"@type":"ImageObject","inLanguage":"fr-FR","@id":"https:\/\/wp-sites.ccci.org\/c-proactif\/#\/schema\/person\/image\/","url":"https:\/\/secure.gravatar.com\/avatar\/8610b2dea99ccb68a80717332fcf6000967063200f783c057fb3812ac2517470?s=96&d=mm&r=g","contentUrl":"https:\/\/secure.gravatar.com\/avatar\/8610b2dea99ccb68a80717332fcf6000967063200f783c057fb3812ac2517470?s=96&d=mm&r=g","caption":"Anne-Marie HUSSON"},"description":"D\u00e9l\u00e9gu\u00e9e fran\u00e7aise au Forum Mondial du travail du Comit\u00e9 de Lausanne. Consultante ind\u00e9pendante en strat\u00e9gie et innovation de la formation professionnelle. 22 ans de minist\u00e8re au sein d\u2019AGAPE FRANCE, Chef de projet e-learning au sein de diverses institutions (CCI et Universit\u00e9)"}]}},"jetpack_featured_media_url":"https:\/\/wp-sites.ccci.org\/c-proactif\/wp-content\/uploads\/sites\/393\/2020\/04\/image-article-pretre.png","meta_box":[],"_links":{"self":[{"href":"https:\/\/wp-sites.ccci.org\/c-proactif\/wp-json\/wp\/v2\/posts\/2105","targetHints":{"allow":["GET"]}}],"collection":[{"href":"https:\/\/wp-sites.ccci.org\/c-proactif\/wp-json\/wp\/v2\/posts"}],"about":[{"href":"https:\/\/wp-sites.ccci.org\/c-proactif\/wp-json\/wp\/v2\/types\/post"}],"author":[{"embeddable":true,"href":"https:\/\/wp-sites.ccci.org\/c-proactif\/wp-json\/wp\/v2\/users\/14333"}],"replies":[{"embeddable":true,"href":"https:\/\/wp-sites.ccci.org\/c-proactif\/wp-json\/wp\/v2\/comments?post=2105"}],"version-history":[{"count":31,"href":"https:\/\/wp-sites.ccci.org\/c-proactif\/wp-json\/wp\/v2\/posts\/2105\/revisions"}],"predecessor-version":[{"id":10303,"href":"https:\/\/wp-sites.ccci.org\/c-proactif\/wp-json\/wp\/v2\/posts\/2105\/revisions\/10303"}],"wp:featuredmedia":[{"embeddable":true,"href":"https:\/\/wp-sites.ccci.org\/c-proactif\/wp-json\/wp\/v2\/media\/2118"}],"wp:attachment":[{"href":"https:\/\/wp-sites.ccci.org\/c-proactif\/wp-json\/wp\/v2\/media?parent=2105"}],"wp:term":[{"taxonomy":"category","embeddable":true,"href":"https:\/\/wp-sites.ccci.org\/c-proactif\/wp-json\/wp\/v2\/categories?post=2105"},{"taxonomy":"post_tag","embeddable":true,"href":"https:\/\/wp-sites.ccci.org\/c-proactif\/wp-json\/wp\/v2\/tags?post=2105"}],"curies":[{"name":"wp","href":"https:\/\/api.w.org\/{rel}","templated":true}]}}