{"id":2385,"date":"2020-04-29T14:09:43","date_gmt":"2020-04-29T14:09:43","guid":{"rendered":"https:\/\/c-proactif.org\/?p=2385"},"modified":"2023-12-22T13:25:49","modified_gmt":"2023-12-22T12:25:49","slug":"chretien-acteur-economie","status":"publish","type":"post","link":"https:\/\/wp-sites.ccci.org\/c-proactif\/chretien-acteur-economie\/","title":{"rendered":"Chr\u00e9tien, acteur important de l&rsquo;\u00e9conomie r\u00e9elle"},"content":{"rendered":"\t\t<div data-elementor-type=\"wp-post\" data-elementor-id=\"2385\" class=\"elementor elementor-2385\" data-elementor-post-type=\"post\">\n\t\t\t\t\t\t<section data-particle_enable=\"false\" data-particle-mobile-disabled=\"false\" class=\"elementor-section elementor-top-section elementor-element elementor-element-18009ab elementor-section-boxed elementor-section-height-default elementor-section-height-default\" data-id=\"18009ab\" data-element_type=\"section\">\n\t\t\t\t\t\t<div class=\"elementor-container elementor-column-gap-default\">\n\t\t\t\t\t<div class=\"elementor-column elementor-col-100 elementor-top-column elementor-element elementor-element-73c5a6b5\" data-id=\"73c5a6b5\" data-element_type=\"column\">\n\t\t\t<div class=\"elementor-widget-wrap elementor-element-populated\">\n\t\t\t\t\t\t<div class=\"elementor-element elementor-element-e022079 intro elementor-widget elementor-widget-text-editor\" data-id=\"e022079\" data-element_type=\"widget\" data-widget_type=\"text-editor.default\">\n\t\t\t\t<div class=\"elementor-widget-container\">\n\t\t\t\t\t\t\t\t\t<p>Nous chr\u00e9tiens, avons-nous quelque chose de particulier \u00e0 apporter au monde du travail ? Comment pourrions\/devrions-nous agir pour \u00eatre porteurs de sens et d\u2019esp\u00e9rance ? Dans notre mission de pr\u00eatre de l\u2019Eternel, m\u00e9diateur des gr\u00e2ces de Dieu pour ce monde, comment devrions-nous prier et t\u00e9moigner afin de b\u00e9nir nos environnements professionnels ?<\/p>\t\t\t\t\t\t\t\t<\/div>\n\t\t\t\t<\/div>\n\t\t\t\t\t<\/div>\n\t\t<\/div>\n\t\t\t\t\t<\/div>\n\t\t<\/section>\n\t\t\t\t<section data-particle_enable=\"false\" data-particle-mobile-disabled=\"false\" class=\"elementor-section elementor-top-section elementor-element elementor-element-75e89659 elementor-section-boxed elementor-section-height-default elementor-section-height-default\" data-id=\"75e89659\" data-element_type=\"section\">\n\t\t\t\t\t\t<div class=\"elementor-container elementor-column-gap-default\">\n\t\t\t\t\t<div class=\"elementor-column elementor-col-50 elementor-top-column elementor-element elementor-element-2d6ee7\" data-id=\"2d6ee7\" data-element_type=\"column\">\n\t\t\t<div class=\"elementor-widget-wrap elementor-element-populated\">\n\t\t\t\t\t\t<div class=\"elementor-element elementor-element-19b45d81 elementor-widget elementor-widget-text-editor\" data-id=\"19b45d81\" data-element_type=\"widget\" data-widget_type=\"text-editor.default\">\n\t\t\t\t<div class=\"elementor-widget-container\">\n\t\t\t\t\t\t\t\t\t<p>Ce sont ces questions que nous nous sommes pos\u00e9s lors de la webconf\u00e9rence qui s&rsquo;est d\u00e9roul\u00e9e le 24 avril 2020\u00a0 sur le th\u00e8me : \u00ab\u00a0CHRETIEN AU TRAVAIL,\u00a0 AIDE ET SOUTIEN DE L&rsquo;ECONOMIE REELLE\u00a0\u00bb. Une r\u00e9flexion riche et prometteuse dont nous voulons ici nous faire l&rsquo;\u00e9cho afin de ne pas perdre les riches enseignements que le groupe de participants a r\u00e9ussi \u00e0 \u00e9laborer au cours de ces discussions.\u00a0\u00a0<\/p>\t\t\t\t\t\t\t\t<\/div>\n\t\t\t\t<\/div>\n\t\t\t\t\t<\/div>\n\t\t<\/div>\n\t\t\t\t<div class=\"elementor-column elementor-col-50 elementor-top-column elementor-element elementor-element-2e75dc95\" data-id=\"2e75dc95\" data-element_type=\"column\">\n\t\t\t<div class=\"elementor-widget-wrap elementor-element-populated\">\n\t\t\t\t\t\t<div class=\"elementor-element elementor-element-1c6eb28d elementor-widget elementor-widget-image\" data-id=\"1c6eb28d\" data-element_type=\"widget\" data-widget_type=\"image.default\">\n\t\t\t\t<div class=\"elementor-widget-container\">\n\t\t\t\t\t\t\t\t\t\t\t\t\t\t\t<img decoding=\"async\" src=\"https:\/\/wp-sites.ccci.org\/c-proactif\/wp-content\/uploads\/sites\/393\/2020\/04\/Capture.png?w=1024\" title=\"Capture\" alt=\"d\u00e9pliant webinaire\" loading=\"lazy\" \/>\t\t\t\t\t\t\t\t\t\t\t\t\t\t\t<\/div>\n\t\t\t\t<\/div>\n\t\t\t\t\t<\/div>\n\t\t<\/div>\n\t\t\t\t\t<\/div>\n\t\t<\/section>\n\t\t\t\t<section data-particle_enable=\"false\" data-particle-mobile-disabled=\"false\" class=\"elementor-section elementor-top-section elementor-element elementor-element-7a34915b elementor-section-boxed elementor-section-height-default elementor-section-height-default\" data-id=\"7a34915b\" data-element_type=\"section\">\n\t\t\t\t\t\t<div class=\"elementor-container elementor-column-gap-default\">\n\t\t\t\t\t<div class=\"elementor-column elementor-col-100 elementor-top-column elementor-element elementor-element-6ff37333\" data-id=\"6ff37333\" data-element_type=\"column\">\n\t\t\t<div class=\"elementor-widget-wrap elementor-element-populated\">\n\t\t\t\t\t\t<div class=\"elementor-element elementor-element-1b12b099 elementor-widget elementor-widget-text-editor\" data-id=\"1b12b099\" data-element_type=\"widget\" data-widget_type=\"text-editor.default\">\n\t\t\t\t<div class=\"elementor-widget-container\">\n\t\t\t\t\t\t\t\t\t<h2>Le d\u00e9roulement de la rencontre\u00a0<\/h2><h3>Un contexte particulier : la crise du COVID19\u00a0<\/h3><p>A l\u2019heure du d\u00e9confinement, alors que la crise purement sanitaire perd de son intensit\u00e9, de nouvelles crises \u00e9mergent :<\/p><ul><li><strong>une crise \u00e9conomique<\/strong> avec son corollaire de pertes de chiffre d\u2019affaires, d\u2019endettements, d\u2019effondrements des march\u00e9s qui peuvent mener jusqu\u2019\u00e0 la faillite de nombreuses entreprises<\/li><li><strong>une crise sociale<\/strong> avec un accroissement important du nombre de ch\u00f4meurs, de pr\u00e9caires dont les petits boulots n\u2019existent plus, voire de personnes sans ressources<\/li><\/ul><h3>Un temps d&rsquo;apport technique\u00a0<\/h3><p>Durant la premi\u00e8re partie de la rencontre, Maxence Zinguillian, Directrice D\u00e9l\u00e9gu\u00e9e au soutien des TPME \u2013 Banque de France, nous a expos\u00e9 les diff\u00e9rentes dispositions prises par le gouvernement pour venir en aide aux entreprises pendant cette p\u00e9riode de confinement. Le r\u00e9sum\u00e9 des points essentiels de son expos\u00e9 sont disponibles dans ce document joint : <a href=\"https:\/\/wp-sites.ccci.org\/c-proactif\/\/wp-content\/uploads\/2020\/04\/Mesures-economiques-pandemie-.pdf\" target=\"_blank\" rel=\"noopener\">voir le document\u00a0<\/a><\/p><h3>Notre questionnement en petits groupes\u00a0<\/h3><p>A l&rsquo;issue de cette pr\u00e9sentation, nous nous sommes r\u00e9partis en petits groupes pour d\u00e9battre de 3 questions importantes :<\/p><ol><li><strong>\u00a0A quelles souffrances, \u00e0 quelles peurs faites-vous face dans votre secteur professionnel ?<\/strong><\/li><li><strong>\u00a0Comment pourriez-vous y r\u00e9pondre d\u2019une fa\u00e7on conforme \u00e0 l\u2019\u00e9thique chr\u00e9tienne ?<\/strong><\/li><li><strong>\u00a0Beaucoup disent qu\u2019\u00e0 la suite du covid19, le monde du travail va changer : <\/strong><br \/><strong>&#8211; Selon vous, qu\u2019est-ce qui a d\u00e9j\u00e0 chang\u00e9 ? <\/strong><br \/><strong>&#8211; Que souhaiteriez-vous qu\u2019il devienne ?<\/strong><\/li><\/ol><h2>Les enseignements \u00e0 retenir de nos \u00e9changes\u00a0<\/h2><p>La r\u00e9flexion sur ces diff\u00e9rentes questions n\u2019est certes pas achev\u00e9e car nous avons eu assez peu de temps pour la conduire et aussi parce que chaque secteur professionnel vit les choses de fa\u00e7on assez diff\u00e9rente. Mais ce que nous avons pu commencer \u00e0 en retirer est tr\u00e8s riche :<\/p><h3>Questions 1 et 2 : Les souffrances v\u00e9cues dans les diff\u00e9rents secteurs professionnels et notre fa\u00e7on d\u2019y r\u00e9pondre<\/h3><p>Il \u00e9tait bon de nous poser ces questions, secteur par secteur car chacun a pu parler d\u2019un secteur qu\u2019il connait particuli\u00e8rement bien : le sien ! Entre des secteurs compl\u00e8tement sinistr\u00e9s (comme la restauration) ou surmen\u00e9s (comme la sant\u00e9), il y a toute une palette de besoins. <strong>Les discerner, c\u2019est se donner les moyens d\u2019ajuster notre r\u00e9action en face de nos coll\u00e8gues au jour du d\u00e9confinement<\/strong> : <strong>\u00eatre porteur d\u2019esp\u00e9rance et de confiance, savoir entendre la souffrance des coll\u00e8gues, apaiser leur col\u00e8re<\/strong> \u2026 tels sont quelques-uns des moyens que les diff\u00e9rents participants ont mentionn\u00e9s pour r\u00e9pondre \u00e0 ces besoins d\u2019une fa\u00e7on conforme \u00e0 l\u2019\u00e9thique de l\u2019Evangile. Nous avons tous un t\u00e9moignage \u00e0 apporter \u00e0 nos coll\u00e8gues et ce message sera diff\u00e9rent selon les secteurs professionnels o\u00f9 nous nous trouvons. Que le Seigneur nous aide \u00e0 le discerner et nous \u00e9quipe pour le vivre.\u00a0<\/p><p>D\u2019autres pistes de solutions ont \u00e9t\u00e9 aussi mentionn\u00e9es comme :<\/p><ul><li><strong>Modifier nos habitudes de consommation<\/strong><\/li><li><strong>Consommer au juste prix<\/strong> pour un commerce \u00e9thique et \u00e9quitable<\/li><li><strong>Consommer local<\/strong> (pour faire travailler son voisin, prot\u00e9ger la plan\u00e8te, assurer les approvisionnements)<\/li><li><strong>Soutenir des entreprises locales<\/strong> en devenant associ\u00e9s pour apporter du cash, am\u00e9liorer la structure du bilan d\u2019une entreprise<\/li><\/ul><h3>Question 3 : ce que le confinement nous a appris sur le travail et ce que nous aimerions conserver dans la vie d&rsquo;apr\u00e8s\u00a0<\/h3><p>L\u00e0 encore, le temps nous a manqu\u00e9 mais la moisson des apprentissages fut riche. Nous retenons entre autres propositions :<\/p><ul><li><strong>Une red\u00e9couverte de l\u2019importance des relations interpersonnelles dans le travail<\/strong> : faire attention \u00e0 ne plus voir nos coll\u00e8gues, nos clients, nos fournisseurs comme des agents de production mais comme des personnes qui ont des besoins, que Dieu aime et veut rencontrer<\/li><li><strong>L\u2019importance du travail, en lui-m\u00eame, comme une mission de service et d\u2019amour du prochain<\/strong>. Le Covid19 a mis en \u00e9vidence des m\u00e9tiers humbles comme les \u00e9boueurs, les routiers, les postiers \u2026 et nous avons vu \u00e0 quel point ils sont utiles socialement. Que le Seigneur nous renouvelle \u00e0 ce sujet et nous fasse toujours voir le travail tel qu\u2019Il veut qu\u2019on le voie et non comme notre soci\u00e9t\u00e9 le consid\u00e8re. Voir notre travail comme une fa\u00e7on de servir Dieu et d\u2019aimer notre prochain<\/li><li><strong>Le t\u00e9l\u00e9travail<\/strong> comme une solution \u00e0 explorer plus car il peut \u00eatre facteur d\u2019\u00e9quilibre personnel, de gain de temps et de protection de l\u2019environnement<\/li><li><strong>Mettre le travail \u00e0 sa juste place dans nos vies<\/strong> et non comme un absolu qui grignote tout notre temps. Apprendre \u00e0 retrouver un \u00e9quilibre familial, personnel dans lequel le travail trouve sa juste place. Retrouver du temps pour soi ; savoir faire des pauses, des vrais sabbats pour \u00e9couter Dieu au milieu de nos vies trop charg\u00e9es.<\/li><li><strong>L\u2019importance du prochain, de la proximit\u00e9<\/strong> : dans les \u00e9changes commerciaux mais aussi dans la fa\u00e7on de g\u00e9rer les projets. Renoncer \u00e0 notre tendance \u00e0 l\u2019individualisme \u2026<\/li><li><strong>Le l\u00e2cher-prise<\/strong> : beaucoup d\u2019entre nous devons apprendre \u00e0 faire confiance \u00e0 Dieu pour demain, accepter l\u2019incertitude \u2026 Pas facile mais essentiel pour sortir de notre routine et redonner \u00e0 Dieu, la direction effective de notre vie de travail.<\/li><\/ul><p>Et si cette crise du COVID19 \u00e9tait en fait une b\u00e9n\u00e9diction ? Pour nous en tant que chr\u00e9tien ? Mais aussi pour la\u00a0 soci\u00e9t\u00e9 ? A nous de prier en ce sens !\u00a0<\/p>\t\t\t\t\t\t\t\t<\/div>\n\t\t\t\t<\/div>\n\t\t\t\t\t<\/div>\n\t\t<\/div>\n\t\t\t\t\t<\/div>\n\t\t<\/section>\n\t\t\t\t<section data-particle_enable=\"false\" data-particle-mobile-disabled=\"false\" class=\"elementor-section elementor-top-section elementor-element elementor-element-446b313d elementor-section-boxed elementor-section-height-default elementor-section-height-default\" data-id=\"446b313d\" data-element_type=\"section\">\n\t\t\t\t\t\t<div class=\"elementor-container elementor-column-gap-default\">\n\t\t\t\t\t<div class=\"elementor-column elementor-col-100 elementor-top-column elementor-element elementor-element-21432ef0\" data-id=\"21432ef0\" data-element_type=\"column\">\n\t\t\t<div class=\"elementor-widget-wrap elementor-element-populated\">\n\t\t\t\t\t\t<div class=\"elementor-element elementor-element-9caabdf elementor-widget elementor-widget-text-editor\" data-id=\"9caabdf\" data-element_type=\"widget\" data-widget_type=\"text-editor.default\">\n\t\t\t\t<div class=\"elementor-widget-container\">\n\t\t\t\t\t\t\t\t\t<p>Ce que nous voulons retenir tient en trois points essentiels :\u00a0<\/p><ol><li><strong>Notre travail mais aussi la fa\u00e7on dont nous travaillons compte !<\/strong><\/li><li><strong>Nous devons \u00ab penser \u00bb notre fa\u00e7on de travailler et de consommer \u00e0 la lumi\u00e8re de l\u2019Evangile.<\/strong><\/li><li><strong>Les diff\u00e9rents secteurs professionnels ont besoin, en ce moment difficile, du t\u00e9moignage fort et affirm\u00e9 des chr\u00e9tiens. Soyons pr\u00e9sents !\u00a0<\/strong><\/li><\/ol><p>Dans le temps de pri\u00e8re qui a cl\u00f4tur\u00e9 la conf\u00e9rence, nous avons pri\u00e9 que le Seigneur nous \u00e9quipe pour ce qu\u2019Il va nous demander de vivre en tant que chr\u00e9tien sur nos diff\u00e9rents lieux de travail.\u00a0<\/p>\t\t\t\t\t\t\t\t<\/div>\n\t\t\t\t<\/div>\n\t\t\t\t\t<\/div>\n\t\t<\/div>\n\t\t\t\t\t<\/div>\n\t\t<\/section>\n\t\t\t\t<section data-particle_enable=\"false\" data-particle-mobile-disabled=\"false\" class=\"elementor-section elementor-top-section elementor-element elementor-element-5b76494d elementor-section-boxed elementor-section-height-default elementor-section-height-default\" data-id=\"5b76494d\" data-element_type=\"section\">\n\t\t\t\t\t\t<div class=\"elementor-container elementor-column-gap-default\">\n\t\t\t\t\t<div class=\"elementor-column elementor-col-100 elementor-top-column elementor-element elementor-element-516e48d3\" data-id=\"516e48d3\" data-element_type=\"column\">\n\t\t\t<div class=\"elementor-widget-wrap elementor-element-populated\">\n\t\t\t\t\t\t<div class=\"elementor-element elementor-element-367b3bb5 further elementor-widget elementor-widget-text-editor\" data-id=\"367b3bb5\" data-element_type=\"widget\" data-widget_type=\"text-editor.default\">\n\t\t\t\t<div class=\"elementor-widget-container\">\n\t\t\t\t\t\t\t\t\t<h3>POUR APPROFONDIR SEUL &#8211; OU MIEUX &#8211; EN PETITS GROUPES<\/h3><p>Et vous, que r\u00e9pondriez-vous \u00e0 ces diff\u00e9rentes questions ?<\/p><ul><li>Quels sont les principaux besoins et souffrances de votre secteur professionnel ?<\/li><li>Qu&rsquo;est-ce que le Seigneur attend de vous pour y r\u00e9pondre d&rsquo;une fa\u00e7on ajust\u00e9e et conforme \u00e0 l&rsquo;\u00e9thique chr\u00e9tienne ?\u00a0<\/li><li>Quelles le\u00e7ons sur le travail avez-vous apprises du confinement ?<\/li><li>Que souhaiteriez-vous voir perdurer dans la vie d\u2019apr\u00e8s ?<\/li><\/ul><p>L\u2019espace de commentaires est ouvert pour recueillir vos avis !<\/p><p>Et suivez notre fil d\u2019actualit\u00e9 car nous reprogrammerons tr\u00e8s vite de nouvelles conf\u00e9rences.<\/p>\t\t\t\t\t\t\t\t<\/div>\n\t\t\t\t<\/div>\n\t\t\t\t\t<\/div>\n\t\t<\/div>\n\t\t\t\t\t<\/div>\n\t\t<\/section>\n\t\t\t\t<\/div>\n\t\t","protected":false},"excerpt":{"rendered":"<p>Nous chr\u00e9tiens, avons-nous quelque chose de particulier \u00e0 apporter au monde du travail ? Comment pourrions\/devrions-nous agir pour \u00eatre porteurs de sens et d\u2019esp\u00e9rance ? Dans notre mission de pr\u00eatre [&hellip;]<\/p>\n","protected":false},"author":14333,"featured_media":2320,"comment_status":"open","ping_status":"closed","sticky":false,"template":"","format":"quote","meta":{"site-sidebar-layout":"default","site-content-layout":"","ast-site-content-layout":"default","site-content-style":"default","site-sidebar-style":"default","ast-global-header-display":"","ast-banner-title-visibility":"","ast-main-header-display":"","ast-hfb-above-header-display":"","ast-hfb-below-header-display":"","ast-hfb-mobile-header-display":"","site-post-title":"","ast-breadcrumbs-content":"","ast-featured-img":"","footer-sml-layout":"","ast-disable-related-posts":"","theme-transparent-header-meta":"default","adv-header-id-meta":"","stick-header-meta":"","header-above-stick-meta":"","header-main-stick-meta":"","header-below-stick-meta":"","astra-migrate-meta-layouts":"set","ast-page-background-enabled":"default","ast-page-background-meta":{"desktop":{"background-color":"","background-image":"","background-repeat":"repeat","background-position":"center center","background-size":"auto","background-attachment":"scroll","background-type":"","background-media":"","overlay-type":"","overlay-color":"","overlay-opacity":"","overlay-gradient":""},"tablet":{"background-color":"","background-image":"","background-repeat":"repeat","background-position":"center center","background-size":"auto","background-attachment":"scroll","background-type":"","background-media":"","overlay-type":"","overlay-color":"","overlay-opacity":"","overlay-gradient":""},"mobile":{"background-color":"","background-image":"","background-repeat":"repeat","background-position":"center center","background-size":"auto","background-attachment":"scroll","background-type":"","background-media":"","overlay-type":"","overlay-color":"","overlay-opacity":"","overlay-gradient":""}},"ast-content-background-meta":{"desktop":{"background-color":"var(--ast-global-color-5)","background-image":"","background-repeat":"repeat","background-position":"center center","background-size":"auto","background-attachment":"scroll","background-type":"","background-media":"","overlay-type":"","overlay-color":"","overlay-opacity":"","overlay-gradient":""},"tablet":{"background-color":"var(--ast-global-color-5)","background-image":"","background-repeat":"repeat","background-position":"center center","background-size":"auto","background-attachment":"scroll","background-type":"","background-media":"","overlay-type":"","overlay-color":"","overlay-opacity":"","overlay-gradient":""},"mobile":{"background-color":"var(--ast-global-color-5)","background-image":"","background-repeat":"repeat","background-position":"center center","background-size":"auto","background-attachment":"scroll","background-type":"","background-media":"","overlay-type":"","overlay-color":"","overlay-opacity":"","overlay-gradient":""}},"footnotes":""},"categories":[9],"tags":[35,45,50,92],"class_list":["post-2385","post","type-post","status-publish","format-quote","has-post-thumbnail","hentry","category-penser-mon-travail","tag-covid19","tag-economie","tag-ethique","tag-solidarite","post_format-post-format-quote"],"yoast_head":"<!-- This site is optimized with the Yoast SEO plugin v26.7 - https:\/\/yoast.com\/wordpress\/plugins\/seo\/ -->\n<title>Chr\u00e9tien, acteur important de l&#039;\u00e9conomie r\u00e9elle - C-PROACTIF<\/title>\n<meta name=\"description\" content=\"Quel doit \u00eatre le r\u00f4le du chr\u00e9tien, comme acteur dans l&#039;\u00e9conomie r\u00e9elle ? Compte-rendu d&#039;un d\u00e9bat en webconf\u00e9rence o\u00f9 des jalons importants ont \u00e9t\u00e9 pos\u00e9s. .\" \/>\n<meta name=\"robots\" content=\"noindex, follow, max-snippet:-1, max-image-preview:large, max-video-preview:-1\" \/>\n<meta property=\"og:locale\" content=\"fr_FR\" \/>\n<meta property=\"og:type\" content=\"article\" \/>\n<meta property=\"og:title\" content=\"Chr\u00e9tien, acteur important de l&#039;\u00e9conomie r\u00e9elle - C-PROACTIF\" \/>\n<meta property=\"og:description\" content=\"Quel doit \u00eatre le r\u00f4le du chr\u00e9tien, comme acteur dans l&#039;\u00e9conomie r\u00e9elle ? Compte-rendu d&#039;un d\u00e9bat en webconf\u00e9rence o\u00f9 des jalons importants ont \u00e9t\u00e9 pos\u00e9s. .\" \/>\n<meta property=\"og:url\" content=\"https:\/\/wp-sites.ccci.org\/c-proactif\/chretien-acteur-economie\/\" \/>\n<meta property=\"og:site_name\" content=\"C-PROACTIF\" \/>\n<meta property=\"article:published_time\" content=\"2020-04-29T14:09:43+00:00\" \/>\n<meta property=\"article:modified_time\" content=\"2023-12-22T12:25:49+00:00\" \/>\n<meta property=\"og:image\" content=\"https:\/\/wp-sites.ccci.org\/c-proactif\/wp-content\/uploads\/sites\/393\/2020\/04\/Capture.png\" \/>\n\t<meta property=\"og:image:width\" content=\"1056\" \/>\n\t<meta property=\"og:image:height\" content=\"588\" \/>\n\t<meta property=\"og:image:type\" content=\"image\/png\" \/>\n<meta name=\"author\" content=\"Anne-Marie HUSSON\" \/>\n<meta name=\"twitter:card\" content=\"summary_large_image\" \/>\n<meta name=\"twitter:label1\" content=\"\u00c9crit par\" \/>\n\t<meta name=\"twitter:data1\" content=\"Anne-Marie HUSSON\" \/>\n\t<meta name=\"twitter:label2\" content=\"Dur\u00e9e de lecture estim\u00e9e\" \/>\n\t<meta name=\"twitter:data2\" content=\"6 minutes\" \/>\n<script type=\"application\/ld+json\" class=\"yoast-schema-graph\">{\"@context\":\"https:\/\/schema.org\",\"@graph\":[{\"@type\":\"Article\",\"@id\":\"https:\/\/wp-sites.ccci.org\/c-proactif\/chretien-acteur-economie\/#article\",\"isPartOf\":{\"@id\":\"https:\/\/wp-sites.ccci.org\/c-proactif\/chretien-acteur-economie\/\"},\"author\":{\"name\":\"Anne-Marie HUSSON\",\"@id\":\"https:\/\/wp-sites.ccci.org\/c-proactif\/#\/schema\/person\/31baa806e67e95311c4c17fad287a4d2\"},\"headline\":\"Chr\u00e9tien, acteur important de l&rsquo;\u00e9conomie r\u00e9elle\",\"datePublished\":\"2020-04-29T14:09:43+00:00\",\"dateModified\":\"2023-12-22T12:25:49+00:00\",\"mainEntityOfPage\":{\"@id\":\"https:\/\/wp-sites.ccci.org\/c-proactif\/chretien-acteur-economie\/\"},\"wordCount\":1235,\"commentCount\":0,\"publisher\":{\"@id\":\"https:\/\/wp-sites.ccci.org\/c-proactif\/#organization\"},\"image\":{\"@id\":\"https:\/\/wp-sites.ccci.org\/c-proactif\/chretien-acteur-economie\/#primaryimage\"},\"thumbnailUrl\":\"https:\/\/wp-sites.ccci.org\/c-proactif\/wp-content\/uploads\/sites\/393\/2020\/04\/Capture.png\",\"keywords\":[\"Covid19\",\"economie\",\"\u00e9thique\",\"solidarit\u00e9\"],\"articleSection\":[\"Penser mon travail\"],\"inLanguage\":\"fr-FR\",\"potentialAction\":[{\"@type\":\"CommentAction\",\"name\":\"Comment\",\"target\":[\"https:\/\/wp-sites.ccci.org\/c-proactif\/chretien-acteur-economie\/#respond\"]}]},{\"@type\":\"WebPage\",\"@id\":\"https:\/\/wp-sites.ccci.org\/c-proactif\/chretien-acteur-economie\/\",\"url\":\"https:\/\/wp-sites.ccci.org\/c-proactif\/chretien-acteur-economie\/\",\"name\":\"Chr\u00e9tien, acteur important de l'\u00e9conomie r\u00e9elle - C-PROACTIF\",\"isPartOf\":{\"@id\":\"https:\/\/wp-sites.ccci.org\/c-proactif\/#website\"},\"primaryImageOfPage\":{\"@id\":\"https:\/\/wp-sites.ccci.org\/c-proactif\/chretien-acteur-economie\/#primaryimage\"},\"image\":{\"@id\":\"https:\/\/wp-sites.ccci.org\/c-proactif\/chretien-acteur-economie\/#primaryimage\"},\"thumbnailUrl\":\"https:\/\/wp-sites.ccci.org\/c-proactif\/wp-content\/uploads\/sites\/393\/2020\/04\/Capture.png\",\"datePublished\":\"2020-04-29T14:09:43+00:00\",\"dateModified\":\"2023-12-22T12:25:49+00:00\",\"description\":\"Quel doit \u00eatre le r\u00f4le du chr\u00e9tien, comme acteur dans l'\u00e9conomie r\u00e9elle ? Compte-rendu d'un d\u00e9bat en webconf\u00e9rence o\u00f9 des jalons importants ont \u00e9t\u00e9 pos\u00e9s. .\",\"breadcrumb\":{\"@id\":\"https:\/\/wp-sites.ccci.org\/c-proactif\/chretien-acteur-economie\/#breadcrumb\"},\"inLanguage\":\"fr-FR\",\"potentialAction\":[{\"@type\":\"ReadAction\",\"target\":[\"https:\/\/wp-sites.ccci.org\/c-proactif\/chretien-acteur-economie\/\"]}]},{\"@type\":\"ImageObject\",\"inLanguage\":\"fr-FR\",\"@id\":\"https:\/\/wp-sites.ccci.org\/c-proactif\/chretien-acteur-economie\/#primaryimage\",\"url\":\"https:\/\/wp-sites.ccci.org\/c-proactif\/wp-content\/uploads\/sites\/393\/2020\/04\/Capture.png\",\"contentUrl\":\"https:\/\/wp-sites.ccci.org\/c-proactif\/wp-content\/uploads\/sites\/393\/2020\/04\/Capture.png\",\"width\":1056,\"height\":588,\"caption\":\"d\u00e9pliant webinaire\"},{\"@type\":\"BreadcrumbList\",\"@id\":\"https:\/\/wp-sites.ccci.org\/c-proactif\/chretien-acteur-economie\/#breadcrumb\",\"itemListElement\":[{\"@type\":\"ListItem\",\"position\":1,\"name\":\"Accueil\",\"item\":\"https:\/\/wp-sites.ccci.org\/c-proactif\/\"},{\"@type\":\"ListItem\",\"position\":2,\"name\":\"Penser mon travail\",\"item\":\"https:\/\/wp-sites.ccci.org\/c-proactif\/theme\/penser-mon-travail\/\"},{\"@type\":\"ListItem\",\"position\":3,\"name\":\"Chr\u00e9tien, acteur important de l&rsquo;\u00e9conomie r\u00e9elle\"}]},{\"@type\":\"WebSite\",\"@id\":\"https:\/\/wp-sites.ccci.org\/c-proactif\/#website\",\"url\":\"https:\/\/wp-sites.ccci.org\/c-proactif\/\",\"name\":\"C-PROACTIF\",\"description\":\"R\u00e9seau professionnel chr\u00e9tien\",\"publisher\":{\"@id\":\"https:\/\/wp-sites.ccci.org\/c-proactif\/#organization\"},\"potentialAction\":[{\"@type\":\"SearchAction\",\"target\":{\"@type\":\"EntryPoint\",\"urlTemplate\":\"https:\/\/wp-sites.ccci.org\/c-proactif\/?s={search_term_string}\"},\"query-input\":{\"@type\":\"PropertyValueSpecification\",\"valueRequired\":true,\"valueName\":\"search_term_string\"}}],\"inLanguage\":\"fr-FR\"},{\"@type\":\"Organization\",\"@id\":\"https:\/\/wp-sites.ccci.org\/c-proactif\/#organization\",\"name\":\"C-PROACTIF\",\"url\":\"https:\/\/wp-sites.ccci.org\/c-proactif\/\",\"logo\":{\"@type\":\"ImageObject\",\"inLanguage\":\"fr-FR\",\"@id\":\"https:\/\/wp-sites.ccci.org\/c-proactif\/#\/schema\/logo\/image\/\",\"url\":\"https:\/\/wp-sites.ccci.org\/c-proactif\/wp-content\/uploads\/sites\/393\/2021\/05\/logo-baseline-blanc-300.png\",\"contentUrl\":\"https:\/\/wp-sites.ccci.org\/c-proactif\/wp-content\/uploads\/sites\/393\/2021\/05\/logo-baseline-blanc-300.png\",\"width\":300,\"height\":113,\"caption\":\"C-PROACTIF\"},\"image\":{\"@id\":\"https:\/\/wp-sites.ccci.org\/c-proactif\/#\/schema\/logo\/image\/\"}},{\"@type\":\"Person\",\"@id\":\"https:\/\/wp-sites.ccci.org\/c-proactif\/#\/schema\/person\/31baa806e67e95311c4c17fad287a4d2\",\"name\":\"Anne-Marie HUSSON\",\"image\":{\"@type\":\"ImageObject\",\"inLanguage\":\"fr-FR\",\"@id\":\"https:\/\/wp-sites.ccci.org\/c-proactif\/#\/schema\/person\/image\/\",\"url\":\"https:\/\/secure.gravatar.com\/avatar\/8610b2dea99ccb68a80717332fcf6000967063200f783c057fb3812ac2517470?s=96&d=mm&r=g\",\"contentUrl\":\"https:\/\/secure.gravatar.com\/avatar\/8610b2dea99ccb68a80717332fcf6000967063200f783c057fb3812ac2517470?s=96&d=mm&r=g\",\"caption\":\"Anne-Marie HUSSON\"},\"description\":\"D\u00e9l\u00e9gu\u00e9e fran\u00e7aise au Forum Mondial du travail du Comit\u00e9 de Lausanne. Consultante ind\u00e9pendante en strat\u00e9gie et innovation de la formation professionnelle. 22 ans de minist\u00e8re au sein d\u2019AGAPE FRANCE, Chef de projet e-learning au sein de diverses institutions (CCI et Universit\u00e9)\"}]}<\/script>\n<!-- \/ Yoast SEO plugin. -->","yoast_head_json":{"title":"Chr\u00e9tien, acteur important de l'\u00e9conomie r\u00e9elle - C-PROACTIF","description":"Quel doit \u00eatre le r\u00f4le du chr\u00e9tien, comme acteur dans l'\u00e9conomie r\u00e9elle ? Compte-rendu d'un d\u00e9bat en webconf\u00e9rence o\u00f9 des jalons importants ont \u00e9t\u00e9 pos\u00e9s. .","robots":{"index":"noindex","follow":"follow","max-snippet":"max-snippet:-1","max-image-preview":"max-image-preview:large","max-video-preview":"max-video-preview:-1"},"og_locale":"fr_FR","og_type":"article","og_title":"Chr\u00e9tien, acteur important de l'\u00e9conomie r\u00e9elle - C-PROACTIF","og_description":"Quel doit \u00eatre le r\u00f4le du chr\u00e9tien, comme acteur dans l'\u00e9conomie r\u00e9elle ? Compte-rendu d'un d\u00e9bat en webconf\u00e9rence o\u00f9 des jalons importants ont \u00e9t\u00e9 pos\u00e9s. .","og_url":"https:\/\/wp-sites.ccci.org\/c-proactif\/chretien-acteur-economie\/","og_site_name":"C-PROACTIF","article_published_time":"2020-04-29T14:09:43+00:00","article_modified_time":"2023-12-22T12:25:49+00:00","og_image":[{"width":1056,"height":588,"url":"https:\/\/wp-sites.ccci.org\/c-proactif\/wp-content\/uploads\/sites\/393\/2020\/04\/Capture.png","type":"image\/png"}],"author":"Anne-Marie HUSSON","twitter_card":"summary_large_image","twitter_misc":{"\u00c9crit par":"Anne-Marie HUSSON","Dur\u00e9e de lecture estim\u00e9e":"6 minutes"},"schema":{"@context":"https:\/\/schema.org","@graph":[{"@type":"Article","@id":"https:\/\/wp-sites.ccci.org\/c-proactif\/chretien-acteur-economie\/#article","isPartOf":{"@id":"https:\/\/wp-sites.ccci.org\/c-proactif\/chretien-acteur-economie\/"},"author":{"name":"Anne-Marie HUSSON","@id":"https:\/\/wp-sites.ccci.org\/c-proactif\/#\/schema\/person\/31baa806e67e95311c4c17fad287a4d2"},"headline":"Chr\u00e9tien, acteur important de l&rsquo;\u00e9conomie r\u00e9elle","datePublished":"2020-04-29T14:09:43+00:00","dateModified":"2023-12-22T12:25:49+00:00","mainEntityOfPage":{"@id":"https:\/\/wp-sites.ccci.org\/c-proactif\/chretien-acteur-economie\/"},"wordCount":1235,"commentCount":0,"publisher":{"@id":"https:\/\/wp-sites.ccci.org\/c-proactif\/#organization"},"image":{"@id":"https:\/\/wp-sites.ccci.org\/c-proactif\/chretien-acteur-economie\/#primaryimage"},"thumbnailUrl":"https:\/\/wp-sites.ccci.org\/c-proactif\/wp-content\/uploads\/sites\/393\/2020\/04\/Capture.png","keywords":["Covid19","economie","\u00e9thique","solidarit\u00e9"],"articleSection":["Penser mon travail"],"inLanguage":"fr-FR","potentialAction":[{"@type":"CommentAction","name":"Comment","target":["https:\/\/wp-sites.ccci.org\/c-proactif\/chretien-acteur-economie\/#respond"]}]},{"@type":"WebPage","@id":"https:\/\/wp-sites.ccci.org\/c-proactif\/chretien-acteur-economie\/","url":"https:\/\/wp-sites.ccci.org\/c-proactif\/chretien-acteur-economie\/","name":"Chr\u00e9tien, acteur important de l'\u00e9conomie r\u00e9elle - C-PROACTIF","isPartOf":{"@id":"https:\/\/wp-sites.ccci.org\/c-proactif\/#website"},"primaryImageOfPage":{"@id":"https:\/\/wp-sites.ccci.org\/c-proactif\/chretien-acteur-economie\/#primaryimage"},"image":{"@id":"https:\/\/wp-sites.ccci.org\/c-proactif\/chretien-acteur-economie\/#primaryimage"},"thumbnailUrl":"https:\/\/wp-sites.ccci.org\/c-proactif\/wp-content\/uploads\/sites\/393\/2020\/04\/Capture.png","datePublished":"2020-04-29T14:09:43+00:00","dateModified":"2023-12-22T12:25:49+00:00","description":"Quel doit \u00eatre le r\u00f4le du chr\u00e9tien, comme acteur dans l'\u00e9conomie r\u00e9elle ? Compte-rendu d'un d\u00e9bat en webconf\u00e9rence o\u00f9 des jalons importants ont \u00e9t\u00e9 pos\u00e9s. .","breadcrumb":{"@id":"https:\/\/wp-sites.ccci.org\/c-proactif\/chretien-acteur-economie\/#breadcrumb"},"inLanguage":"fr-FR","potentialAction":[{"@type":"ReadAction","target":["https:\/\/wp-sites.ccci.org\/c-proactif\/chretien-acteur-economie\/"]}]},{"@type":"ImageObject","inLanguage":"fr-FR","@id":"https:\/\/wp-sites.ccci.org\/c-proactif\/chretien-acteur-economie\/#primaryimage","url":"https:\/\/wp-sites.ccci.org\/c-proactif\/wp-content\/uploads\/sites\/393\/2020\/04\/Capture.png","contentUrl":"https:\/\/wp-sites.ccci.org\/c-proactif\/wp-content\/uploads\/sites\/393\/2020\/04\/Capture.png","width":1056,"height":588,"caption":"d\u00e9pliant webinaire"},{"@type":"BreadcrumbList","@id":"https:\/\/wp-sites.ccci.org\/c-proactif\/chretien-acteur-economie\/#breadcrumb","itemListElement":[{"@type":"ListItem","position":1,"name":"Accueil","item":"https:\/\/wp-sites.ccci.org\/c-proactif\/"},{"@type":"ListItem","position":2,"name":"Penser mon travail","item":"https:\/\/wp-sites.ccci.org\/c-proactif\/theme\/penser-mon-travail\/"},{"@type":"ListItem","position":3,"name":"Chr\u00e9tien, acteur important de l&rsquo;\u00e9conomie r\u00e9elle"}]},{"@type":"WebSite","@id":"https:\/\/wp-sites.ccci.org\/c-proactif\/#website","url":"https:\/\/wp-sites.ccci.org\/c-proactif\/","name":"C-PROACTIF","description":"R\u00e9seau professionnel chr\u00e9tien","publisher":{"@id":"https:\/\/wp-sites.ccci.org\/c-proactif\/#organization"},"potentialAction":[{"@type":"SearchAction","target":{"@type":"EntryPoint","urlTemplate":"https:\/\/wp-sites.ccci.org\/c-proactif\/?s={search_term_string}"},"query-input":{"@type":"PropertyValueSpecification","valueRequired":true,"valueName":"search_term_string"}}],"inLanguage":"fr-FR"},{"@type":"Organization","@id":"https:\/\/wp-sites.ccci.org\/c-proactif\/#organization","name":"C-PROACTIF","url":"https:\/\/wp-sites.ccci.org\/c-proactif\/","logo":{"@type":"ImageObject","inLanguage":"fr-FR","@id":"https:\/\/wp-sites.ccci.org\/c-proactif\/#\/schema\/logo\/image\/","url":"https:\/\/wp-sites.ccci.org\/c-proactif\/wp-content\/uploads\/sites\/393\/2021\/05\/logo-baseline-blanc-300.png","contentUrl":"https:\/\/wp-sites.ccci.org\/c-proactif\/wp-content\/uploads\/sites\/393\/2021\/05\/logo-baseline-blanc-300.png","width":300,"height":113,"caption":"C-PROACTIF"},"image":{"@id":"https:\/\/wp-sites.ccci.org\/c-proactif\/#\/schema\/logo\/image\/"}},{"@type":"Person","@id":"https:\/\/wp-sites.ccci.org\/c-proactif\/#\/schema\/person\/31baa806e67e95311c4c17fad287a4d2","name":"Anne-Marie HUSSON","image":{"@type":"ImageObject","inLanguage":"fr-FR","@id":"https:\/\/wp-sites.ccci.org\/c-proactif\/#\/schema\/person\/image\/","url":"https:\/\/secure.gravatar.com\/avatar\/8610b2dea99ccb68a80717332fcf6000967063200f783c057fb3812ac2517470?s=96&d=mm&r=g","contentUrl":"https:\/\/secure.gravatar.com\/avatar\/8610b2dea99ccb68a80717332fcf6000967063200f783c057fb3812ac2517470?s=96&d=mm&r=g","caption":"Anne-Marie HUSSON"},"description":"D\u00e9l\u00e9gu\u00e9e fran\u00e7aise au Forum Mondial du travail du Comit\u00e9 de Lausanne. Consultante ind\u00e9pendante en strat\u00e9gie et innovation de la formation professionnelle. 22 ans de minist\u00e8re au sein d\u2019AGAPE FRANCE, Chef de projet e-learning au sein de diverses institutions (CCI et Universit\u00e9)"}]}},"jetpack_featured_media_url":"https:\/\/wp-sites.ccci.org\/c-proactif\/wp-content\/uploads\/sites\/393\/2020\/04\/Capture.png","meta_box":[],"_links":{"self":[{"href":"https:\/\/wp-sites.ccci.org\/c-proactif\/wp-json\/wp\/v2\/posts\/2385","targetHints":{"allow":["GET"]}}],"collection":[{"href":"https:\/\/wp-sites.ccci.org\/c-proactif\/wp-json\/wp\/v2\/posts"}],"about":[{"href":"https:\/\/wp-sites.ccci.org\/c-proactif\/wp-json\/wp\/v2\/types\/post"}],"author":[{"embeddable":true,"href":"https:\/\/wp-sites.ccci.org\/c-proactif\/wp-json\/wp\/v2\/users\/14333"}],"replies":[{"embeddable":true,"href":"https:\/\/wp-sites.ccci.org\/c-proactif\/wp-json\/wp\/v2\/comments?post=2385"}],"version-history":[{"count":2,"href":"https:\/\/wp-sites.ccci.org\/c-proactif\/wp-json\/wp\/v2\/posts\/2385\/revisions"}],"predecessor-version":[{"id":14885,"href":"https:\/\/wp-sites.ccci.org\/c-proactif\/wp-json\/wp\/v2\/posts\/2385\/revisions\/14885"}],"wp:featuredmedia":[{"embeddable":true,"href":"https:\/\/wp-sites.ccci.org\/c-proactif\/wp-json\/wp\/v2\/media\/2320"}],"wp:attachment":[{"href":"https:\/\/wp-sites.ccci.org\/c-proactif\/wp-json\/wp\/v2\/media?parent=2385"}],"wp:term":[{"taxonomy":"category","embeddable":true,"href":"https:\/\/wp-sites.ccci.org\/c-proactif\/wp-json\/wp\/v2\/categories?post=2385"},{"taxonomy":"post_tag","embeddable":true,"href":"https:\/\/wp-sites.ccci.org\/c-proactif\/wp-json\/wp\/v2\/tags?post=2385"}],"curies":[{"name":"wp","href":"https:\/\/api.w.org\/{rel}","templated":true}]}}