{"id":3035,"date":"2020-07-15T15:35:17","date_gmt":"2020-07-15T13:35:17","guid":{"rendered":"https:\/\/c-proactif.org\/?p=3035"},"modified":"2023-12-22T13:37:17","modified_gmt":"2023-12-22T12:37:17","slug":"prier-pour-notre-travail","status":"publish","type":"post","link":"https:\/\/wp-sites.ccci.org\/c-proactif\/prier-pour-notre-travail\/","title":{"rendered":"Prier, interc\u00e9der pour notre travail"},"content":{"rendered":"\t\t<div data-elementor-type=\"wp-post\" data-elementor-id=\"3035\" class=\"elementor elementor-3035\" data-elementor-post-type=\"post\">\n\t\t\t\t\t\t<section data-particle_enable=\"false\" data-particle-mobile-disabled=\"false\" class=\"elementor-section elementor-top-section elementor-element elementor-element-5c1b90a1 elementor-section-boxed elementor-section-height-default elementor-section-height-default\" data-id=\"5c1b90a1\" data-element_type=\"section\">\n\t\t\t\t\t\t<div class=\"elementor-container elementor-column-gap-default\">\n\t\t\t\t\t<div class=\"elementor-column elementor-col-100 elementor-top-column elementor-element elementor-element-23b6f030\" data-id=\"23b6f030\" data-element_type=\"column\">\n\t\t\t<div class=\"elementor-widget-wrap elementor-element-populated\">\n\t\t\t\t\t\t<div class=\"elementor-element elementor-element-4ed5c313 intro elementor-widget elementor-widget-text-editor\" data-id=\"4ed5c313\" data-element_type=\"widget\" data-widget_type=\"text-editor.default\">\n\t\t\t\t<div class=\"elementor-widget-container\">\n\t\t\t\t\t\t\t\t\t<p><strong>Priez-vous pour votre travail ? Le travail fait-il partie de vos pr\u00e9occupations spirituelles ?<\/strong> Si vous priez pour votre travail, quels sont les sujets les plus fr\u00e9quents qui reviennent dans votre pri\u00e8re ? Qu\u2019est-ce que cela dit de vos centres d\u2019int\u00e9r\u00eat &#8211; ou de vos difficult\u00e9s &#8211; dans le travail\u00a0 ?<\/p><p><strong>Quelle place votre \u00e9glise accorde-t-elle \u00e0 la pri\u00e8re pour le travail ?<\/strong> A quelle fr\u00e9quence sont abord\u00e9s dans votre vie de pri\u00e8re en \u00e9glise, les sujets de soci\u00e9t\u00e9 (\u00e9ducation, \u00e9conomie, \u00e9cologie, sant\u00e9&#8230;)\u00a0 apport\u00e9s par les diff\u00e9rents secteurs professionnels qui auront un impact sur notre vie au quotidien ?<\/p>\t\t\t\t\t\t\t\t<\/div>\n\t\t\t\t<\/div>\n\t\t\t\t\t<\/div>\n\t\t<\/div>\n\t\t\t\t\t<\/div>\n\t\t<\/section>\n\t\t\t\t<section data-particle_enable=\"false\" data-particle-mobile-disabled=\"false\" class=\"elementor-section elementor-top-section elementor-element elementor-element-6fcd60e6 elementor-section-boxed elementor-section-height-default elementor-section-height-default\" data-id=\"6fcd60e6\" data-element_type=\"section\">\n\t\t\t\t\t\t<div class=\"elementor-container elementor-column-gap-default\">\n\t\t\t\t\t<div class=\"elementor-column elementor-col-50 elementor-top-column elementor-element elementor-element-56dc0952\" data-id=\"56dc0952\" data-element_type=\"column\">\n\t\t\t<div class=\"elementor-widget-wrap elementor-element-populated\">\n\t\t\t\t\t\t<div class=\"elementor-element elementor-element-34b6985d elementor-widget elementor-widget-text-editor\" data-id=\"34b6985d\" data-element_type=\"widget\" data-widget_type=\"text-editor.default\">\n\t\t\t\t<div class=\"elementor-widget-container\">\n\t\t\t\t\t\t\t\t\t<p>La pri\u00e8re est un facteur incontournable de notre vie de disciple, et pourtant si souvent n\u00e9glig\u00e9e ou mal pratiqu\u00e9e\u00a0! Observez votre vie de pri\u00e8re personnelle ou communautaire\u00a0: vous d\u00e9couvrirez tr\u00e8s vite que nous la r\u00e9servons le plus souvent \u00e0 des sujets que nous consid\u00e9rons comme \u2018spirituels\u2019 comme la croissance de notre \u00e9glise, ses finances, ses actions d\u2019\u00e9vang\u00e9lisation &#8211; ou \u2018\u00e0 une sph\u00e8re intime\u2019 comme nos besoins personnels ou communautaires imm\u00e9diats\u2026 \u00a0<strong>Notre pri\u00e8re a du mal \u00e0 franchir les murs de nos communaut\u00e9s et de nos cercles personnels\u00a0! \u00a0\u00a0<\/strong><\/p>\t\t\t\t\t\t\t\t<\/div>\n\t\t\t\t<\/div>\n\t\t\t\t\t<\/div>\n\t\t<\/div>\n\t\t\t\t<div class=\"elementor-column elementor-col-50 elementor-top-column elementor-element elementor-element-4cb94ca7\" data-id=\"4cb94ca7\" data-element_type=\"column\">\n\t\t\t<div class=\"elementor-widget-wrap elementor-element-populated\">\n\t\t\t\t\t\t<div class=\"elementor-element elementor-element-417404c2 elementor-widget elementor-widget-image\" data-id=\"417404c2\" data-element_type=\"widget\" data-widget_type=\"image.default\">\n\t\t\t\t<div class=\"elementor-widget-container\">\n\t\t\t\t\t\t\t\t\t\t\t\t\t\t\t<img decoding=\"async\" src=\"https:\/\/wp-sites.ccci.org\/c-proactif\/wp-content\/uploads\/sites\/393\/2020\/07\/london-3833039_640.jpg?w=640\" title=\"london-3833039_640\" alt=\"london-3833039_640\" loading=\"lazy\" \/>\t\t\t\t\t\t\t\t\t\t\t\t\t\t\t<\/div>\n\t\t\t\t<\/div>\n\t\t\t\t\t<\/div>\n\t\t<\/div>\n\t\t\t\t\t<\/div>\n\t\t<\/section>\n\t\t\t\t<section data-particle_enable=\"false\" data-particle-mobile-disabled=\"false\" class=\"elementor-section elementor-top-section elementor-element elementor-element-61f439a8 elementor-section-boxed elementor-section-height-default elementor-section-height-default\" data-id=\"61f439a8\" data-element_type=\"section\">\n\t\t\t\t\t\t<div class=\"elementor-container elementor-column-gap-default\">\n\t\t\t\t\t<div class=\"elementor-column elementor-col-100 elementor-top-column elementor-element elementor-element-5d9e463a\" data-id=\"5d9e463a\" data-element_type=\"column\">\n\t\t\t<div class=\"elementor-widget-wrap elementor-element-populated\">\n\t\t\t\t\t\t<div class=\"elementor-element elementor-element-17728457 elementor-widget elementor-widget-text-editor\" data-id=\"17728457\" data-element_type=\"widget\" data-widget_type=\"text-editor.default\">\n\t\t\t\t<div class=\"elementor-widget-container\">\n\t\t\t\t\t\t\t\t\t<h3>Et pourtant !<\/h3><p>Les choix strat\u00e9giques de notre manager, la r\u00e9partition des t\u00e2ches dans un bureau, les besoins sociaux des diff\u00e9rentes cat\u00e9gories d\u2019employ\u00e9s, la conjoncture \u00e9conomique de notre entreprise, le vote des lois qui concernent notre secteur professionnel, les diff\u00e9rentes autorit\u00e9s et rouages de d\u00e9cision qui impactent si lourdement notre vie professionnelle \u2026 ont un impact essentiel sur nos vies et sur la soci\u00e9t\u00e9 en g\u00e9n\u00e9ral ! <strong>Pourquoi ne les consid\u00e9rons-nous pas comme imputables et l\u00e9gitimes dans notre vie de pri\u00e8re ?<\/strong><\/p><p style=\"text-align: center\"><span style=\"color: #f06b04\"><strong>Etes-vous partant pour donner \u00e0 votre vie professionnelle cette dimension suppl\u00e9mentaire ?<\/strong><\/span><\/p><h2>Mo\u00efse, notre pr\u00eatre de r\u00e9f\u00e9rence, \u00e9tait un homme de pri\u00e8re<\/h2><p>Mo\u00efse a \u00e9t\u00e9 l\u2019homme de t\u00e2ches titanesques ! Imaginez un peu : sortir un peuple de pr\u00e8s de deux millions de personnes des griffes de Pharaon et l&rsquo;amener jusqu&rsquo;\u00e0 la Terre Promise ! Mais une fois la Mer Rouge travers\u00e9e et les arm\u00e9es du Pharaon englouties, son travail \u00e9tait loin d\u2019\u00eatre achev\u00e9 ! Pendant 40 ans, chaque jour, il a d\u00fb faire face \u00e0 des\u00a0 d\u00e9fis consid\u00e9rables :<\/p><ul><li>Choisir les itin\u00e9raires des \u00e9tapes journali\u00e8res<\/li><li>R\u00e9pondre aux besoins d\u2019intendance pour les nourrir et les abreuver<\/li><li>Faire face aux incessantes r\u00e9bellions, r\u00e9criminations, idol\u00e2tries d\u2019hommes inconstants et ingrats<\/li><li>Organiser la vie sociale et religieuse, \u00e9dicter des lois pour que cette population, peu \u00e0 peu, se civilise et devienne un peuple selon le c\u0153ur de Dieu<\/li><\/ul><p>Nous dirions aujourd\u2019hui de Mo\u00efse qu\u2019il a \u00e9t\u00e9 un remarquable \u2018capitaine\u2019 de la vie \u00e9conomique et spirituelle de son \u00e9poque. Il devait anticiper, manager, corriger, rassurer, innover, faire face \u00e0 des situations de crises \u00e0 r\u00e9p\u00e9tition, dont certaines lui ont demand\u00e9 la vie de milliers de personnes (Ex 32:25-29 ) et ont m\u00eame mis en p\u00e9ril sa propre vie.<\/p><h3>Et comment a-t-il fait face ? Il priait !!<\/h3><p>Rien de ce qu\u2019il a fait, ne l\u2019a \u00e9t\u00e9 sans pri\u00e8re. Mo\u00efse \u00e9tait \u00e0 l\u2019\u00e9coute de Dieu. Il a pass\u00e9 \u00e0 plusieurs reprises 40 jours\u00a0 de pri\u00e8re sur le mont Sina\u00ef\u00a0 (Ex 24:12-18 ; Ex 34:28) pour recevoir sa guidance, son avis, ses directives et interc\u00e9der pour son peuple. Sa relation avec Dieu \u00e9tait si intime que tout son visage en \u00e9tait irradi\u00e9, au point qu\u2019il mettait un voile sur son visage quand il s\u2019adressait au peuple ! (Ex 34:29-35)<\/p><h3>Travail et pri\u00e8re ne faisaient qu\u2019un !<\/h3><p><strong>Quand Moise priait, il \u00e9tait en travail et quand il dirigeait le peuple, il \u00e9tait en pri\u00e8re.<\/strong> Sa double fonction de pr\u00eatre le lui imposait. Il devait \u00e0 la fois\u00a0 :<\/p><ol><li><span style=\"text-decoration: underline\">Repr\u00e9senter Dieu aux yeux du peuple<\/span> &#8211; ce qui l&rsquo;amenait \u00e0 rechercher sans cesse sa direction et sa volont\u00e9\u00a0 ; mais aussi<\/li><li><span style=\"text-decoration: underline\">R\u00e9concilier les hommes avec Dieu<\/span> &#8211; ce qu&rsquo;il ne pouvait accomplir que par une intrecession constante en faveur de ce peuple rebelle !\u00a0\u00a0<\/li><\/ol><p style=\"text-align: center\"><strong>Ces deux volets de sa mission ne pouvaient s&rsquo;accomplir que <span style=\"text-decoration: underline\">dans<\/span> et <span style=\"text-decoration: underline\">par<\/span> la pri\u00e8re !\u00a0<\/strong><\/p><h2>Dieu l\u00e8ve encore des &lsquo;Mo\u00efse&rsquo; dans la sph\u00e8re professionnelle<\/h2><p>Il est possible que vous pensiez :\u00a0 \u00ab\u00a0Mo\u00efse, cet homme au destin hors du commun, ne peut \u00eatre notre seule r\u00e9f\u00e9rence, car des situations comme celles-ci n\u2019existent plus aujourd\u2019hui !\u00a0\u00bb Et bien, d\u00e9trompez-vous !! J\u2019ai eu la chance dans ma vie, de rencontrer un couple de ces capitaines d\u2019industrie investis par Dieu d\u2019une \u2018mission\u2019 et qui savent, d\u00e8s le d\u00e9part, que pour atteindre le but, travail et pri\u00e8re ne feront qu\u2019un dans leur vie.<\/p><h3>Dieu appelle pour la vie professionnelle<\/h3><p><img fetchpriority=\"high\" decoding=\"async\" class=\"alignleft wp-image-3061 size-medium\" src=\"https:\/\/wp-sites.ccci.org\/c-proactif\/\/wp-content\/uploads\/2020\/07\/Chantal-et-jean-pierre-1980BD2-300x211.jpg\" alt=\"Photo de JP et Chantal Barry en 1980 alors qu'ils veanaint de recevoir l'appel de Dieu \" width=\"300\" height=\"211\" \/> A l\u2019\u00e9poque o\u00f9 je les rencontr\u00e9s, Jean-Pierre et Chantal \u00e9taient un jeune couple, sans le sou mais habit\u00e9s d\u2019une grande vision ! Ils \u00e9taient convaincus que Dieu leur avait demand\u00e9 de cr\u00e9er une grande entreprise de production audiovisuelle. Pourquoi ? Parce que le monde de l\u2019audiovisuel \u00e9tait en pleine expansion et que Dieu avait besoin de chr\u00e9tiens forts et influents dans ce secteur o\u00f9 Il voulait que sa voix soit entendue. A travers leurs programmes, c\u2019est la vision chr\u00e9tienne des \u00e9v\u00e9nements que Jean-Pierre et Chantal voulaient faire entendre et \u00e0 travers la gestion de leur soci\u00e9t\u00e9, c\u2019est une \u00e9thique chr\u00e9tienne, hors de la corruption et des magouilles, qu\u2019ils voulaient incarner. Vaste chantier ! Surtout pour un si jeune couple qui \u00e0 l\u2019\u00e9poque n\u2019avait rien (pas de r\u00e9seau, pas de capital \u00e0 investir, pas de locaux \u2026) sauf une vieille cam\u00e9ra 16 mn qu\u2019un ami pasteur, \u00e0 l\u2019\u00e9coute de leur vision leur avait donn\u00e9e.<\/p><p>Et 30 ans plus tard, <a href=\"https:\/\/fr.wikipedia.org\/wiki\/Euro_Media_France\" target=\"_blank\" rel=\"noopener\">EUROMEDIA GROUP <\/a> \u00e9tait devenu le premier groupe audiovisuel europ\u00e9en de prestations techniques ! Avec des valeurs chr\u00e9tiennes clairement affirm\u00e9es, aussi bien dans le choix des programmes que dans le management des hommes, avec une influence remarqu\u00e9e et positive sur tout le secteur des m\u00e9dias fran\u00e7ais, au point d\u2019\u00eatre sollicit\u00e9s pour prendre les r\u00eanes de la Soci\u00e9t\u00e9 Fran\u00e7aise de Productions audiovisuelle (<a href=\"https:\/\/fr.wikipedia.org\/wiki\/Soci%C3%A9t%C3%A9_fran%C3%A7aise_de_production\" target=\"_blank\" rel=\"noopener\">la SFP<\/a>).\u00a0<\/p><h3>Main dans la main avec Dieu<\/h3><p>Comment l\u2019ont-ils fait ? <strong>A l\u2019exemple de Mo\u00efse, en faisant de leur travail leur minist\u00e8re, en priant de fa\u00e7on continue pour TOUTES leurs d\u00e9cisions, en recherchant le conseil de Dieu de fa\u00e7on pers\u00e9v\u00e9rante, en s\u2019entourant d\u2019une poign\u00e9e d\u2019intercesseurs fid\u00e8les qui les ont accompagn\u00e9s tout au long des ann\u00e9es.<\/strong> Dans les luttes, ils priaient, face aux d\u00e9cisions difficiles, ils je\u00fbnaient\u2026 Chaque RDV, chaque discussion, chaque activit\u00e9, chaque recrutement, chaque investissement \u00e9taient empreint de pri\u00e8re. Dieu \u00e9tait le premier employ\u00e9 de leur entreprise ou \u2013 pour dire les choses plus justement \u2013 Dieu \u00e9tait leur vrai patron ! Et c\u2019est AVEC Lui et PAR Lui qu\u2019ils l\u2019ont fait !<\/p><p><em>Pour faire plus ample connaissance, regardez <a href=\"https:\/\/www.facebook.com\/ParentsEnMission\/videos\/481627962243126\" target=\"_blank\" rel=\"noopener\">une interview de Jean-Pierre et Chantal Barry<\/a> r\u00e9alis\u00e9e en 2017 par Eric Cel\u00e9ri\u00e9.<\/em><\/p><h2>Faisons de notre vie de travail, une vie de pri\u00e8re<\/h2><p>Nous n\u2019avons pas tous pas la m\u00eame mission dans le travail que ces deux pr\u00e9c\u00e9dents exemples mais les faits restent les m\u00eames. <strong>Nous sommes TOUS appel\u00e9s \u00e0 faire de notre travail un minist\u00e8re et dans ce cas, pri\u00e8re et travail vont de pairs.<\/strong> Notre travail a besoin de pri\u00e8re parce qu\u2019il importe au Seigneur et nous-m\u00eames avons de pri\u00e8re \u2018pour\u2019 notre travail !<\/p><h3><strong>Elargissons notre vision<\/strong><\/h3><p><strong>Elargissons nos \u0153ill\u00e8res et refusons la f\u00e2cheuse tendance de nos cercles chr\u00e9tiens consistant \u00e0 r\u00e9server la pri\u00e8re exclusivement \u00e0 ce qui touche l\u2019Eglise et les chr\u00e9tiens, comme si le reste du monde ne comptait pas !<\/strong> Pendant la crise de la COVID19, par ex, la tendance naturelle dans mon \u00e9glise a \u00e9t\u00e9 de prier \u2013 non pas pour tous les soignants &#8211; mais pour \u2018le\u2019 pharmacien, \u2018les deux\u2019 infirmi\u00e8res et \u2019le\u2019 m\u00e9decin que l\u2019on pouvait compter dans les rangs de notre assembl\u00e9e ! Et qu\u2019en \u00e9tait-il des autres ? Chr\u00e9tiens ou non-chr\u00e9tiens ? N\u2019avaient-ils pas besoin, eux-aussi de force, de courage, de protection ? Ne devions-nous pas aussi les pr\u00e9senter au Seigneur et interc\u00e9der pour eux ? Ne devions-nous pas aussi reconna\u00eetre leur courage, leur abn\u00e9gation et louer le Seigneur pour ces manifestations si \u00e9videntes que, eux aussi, sont cr\u00e9\u00e9es \u00e0 l\u2019image de Dieu ? Et ne devions-nous pas appeler la b\u00e9n\u00e9diction du Seigneur sur eux, pour que, au travers de cette fournaise, ils soient amen\u00e9s \u00e0 Le rencontrer ?\u00a0<\/p><p>Qui le fera si nous ne le faisons pas ?\u00a0 Qui prie pour vos coll\u00e8gues de bureau, vos partenaires, vos clients, votre secteur professionnel ? Dieu vous a plac\u00e9 \u00e0 dessein, l\u00e0 o\u00f9 vous \u00eates, pour que votre pri\u00e8re monte vers Lui en leur faveur !\u00a0<\/p><h3>\u00ab\u00a0C\u2019est lundi : je prie !\u00a0\u00bb<\/h3><p>C&rsquo;est ce que nous avons fait et que nous continuerons \u00e0 faire assidument dans nos rencontres de pri\u00e8re, au sein du r\u00e9seau, tous les d\u00e9buts de semaine dans nos rencontres en ligne \u00ab\u00a0<a href=\"https:\/\/wp-sites.ccci.org\/c-proactif\/\/agenda\/categorie\/evenements-c-proactif\/\" target=\"_blank\" rel=\"noopener\"><strong>C&rsquo;est lundi : je prie !\u00a0\u00bb <\/strong><\/a>. Rejoignez-nous : nos milieux professionnels, nos services, nos relations professionnelles ont besoin de pri\u00e8re. Par la pri\u00e8re, le Seigneur fait advenir Sa volont\u00e9, Il nous transforme et transforme aussi nos circonstances. Si nous d\u00e9sirons vraiment que son \u00abr\u00e8gne vienne\u00bb, alors la pri\u00e8re n\u2019est pas un choix mais une obligation.\u00a0<\/p>\t\t\t\t\t\t\t\t<\/div>\n\t\t\t\t<\/div>\n\t\t\t\t\t<\/div>\n\t\t<\/div>\n\t\t\t\t\t<\/div>\n\t\t<\/section>\n\t\t\t\t<section data-particle_enable=\"false\" data-particle-mobile-disabled=\"false\" class=\"elementor-section elementor-top-section elementor-element elementor-element-3ac83b54 elementor-section-boxed elementor-section-height-default elementor-section-height-default\" data-id=\"3ac83b54\" data-element_type=\"section\">\n\t\t\t\t\t\t<div class=\"elementor-container elementor-column-gap-default\">\n\t\t\t\t\t<div class=\"elementor-column elementor-col-100 elementor-top-column elementor-element elementor-element-41d209be\" data-id=\"41d209be\" data-element_type=\"column\">\n\t\t\t<div class=\"elementor-widget-wrap elementor-element-populated\">\n\t\t\t\t\t\t<div class=\"elementor-element elementor-element-34554d6c elementor-widget elementor-widget-text-editor\" data-id=\"34554d6c\" data-element_type=\"widget\" data-widget_type=\"text-editor.default\">\n\t\t\t\t<div class=\"elementor-widget-container\">\n\t\t\t\t\t\t\t\t\t<h2>En conclusion, travail et pri\u00e8re sont indissociables !<\/h2><p>Il est impossible d&rsquo;aborder sa vie professionnelle comme un minist\u00e8re sans la plonger dans la pri\u00e8re. Et plus encore quand notre vie professionnelle est tr\u00e9pidante et charg\u00e9e de responsabilit\u00e9s !\u00a0<\/p><blockquote><p><i>\u00ab J\u2019ai tellement de choses \u00e0 faire que je dois passer 3 heures dans la pri\u00e8re avant de commencer\u2026 \u00bb <\/i><em>disait Luther !\u00a0<\/em><\/p><\/blockquote><p>Nos sph\u00e8res professionnelles ont besoin de pri\u00e8re pour la paix sociale, la justice et la prosp\u00e9rit\u00e9.\u00a0 Nos coll\u00e8gues et relations professionnelles ont besoin de la b\u00e9n\u00e9diction de Dieu pour Le d\u00e9couvrir. Nous aussi, \u00e0 titre personnel, avons besoin de pri\u00e8re pour vivre d&rsquo;une fa\u00e7on coh\u00e9rente notre vie d&rsquo;enfant de Dieu\u00a0 dans notre sph\u00e8re professionnelle. Il est temps de le vivre !\u00a0<\/p><p><strong>Attendons-nous \u00e0 de grandes choses car Dieu aime r\u00e9pondre \u00e0 la pri\u00e8re de la foi !\u00a0 (Jn 14:12-13)<\/strong><\/p><p>Et si vous ne savez pas &lsquo;<em>comment<\/em>&lsquo; prier, voici un principe tr\u00e8s utile : prier pour vos coll\u00e8gues, vos relations professionnelles ce que vous aimeriez que l&rsquo;on prie pour vous ! C&rsquo;est la r\u00e8gle d&rsquo;or de la bienveillance enseign\u00e9e par J\u00e9sus lui-m\u00eame.\u00a0<\/p><blockquote><p>\u00ab Si donc, m\u00e9chants comme vous l&rsquo;\u00eates, vous savez donner de bonnes choses \u00e0 vos enfants, \u00e0 combien plus forte raison votre P\u00e8re qui est dans les cieux donnera-t-il de bonnes choses \u00e0 ceux qui les lui demandent. <strong>Tout ce que vous voulez que les hommes fassent pour vous, faites-le de m\u00eame pour eux, car c&rsquo;est la loi et les proph\u00e8tes.<\/strong> \u00bb Mat 7:11-13v<\/p><\/blockquote>\t\t\t\t\t\t\t\t<\/div>\n\t\t\t\t<\/div>\n\t\t\t\t\t<\/div>\n\t\t<\/div>\n\t\t\t\t\t<\/div>\n\t\t<\/section>\n\t\t\t\t<section data-particle_enable=\"false\" data-particle-mobile-disabled=\"false\" class=\"elementor-section elementor-top-section elementor-element elementor-element-68f314c elementor-section-boxed elementor-section-height-default elementor-section-height-default\" data-id=\"68f314c\" data-element_type=\"section\">\n\t\t\t\t\t\t<div class=\"elementor-container elementor-column-gap-default\">\n\t\t\t\t\t<div class=\"elementor-column elementor-col-100 elementor-top-column elementor-element elementor-element-118d3d2\" data-id=\"118d3d2\" data-element_type=\"column\">\n\t\t\t<div class=\"elementor-widget-wrap elementor-element-populated\">\n\t\t\t\t\t\t<div class=\"elementor-element elementor-element-e532f73 elementor-widget elementor-widget-heading\" data-id=\"e532f73\" data-element_type=\"widget\" data-widget_type=\"heading.default\">\n\t\t\t\t<div class=\"elementor-widget-container\">\n\t\t\t\t\t<h2 class=\"elementor-heading-title elementor-size-default\">T\u00e9l\u00e9chargez votre guide de pri\u00e8re <\/h2>\t\t\t\t<\/div>\n\t\t\t\t<\/div>\n\t\t\t\t\t<\/div>\n\t\t<\/div>\n\t\t\t\t\t<\/div>\n\t\t<\/section>\n\t\t\t\t<section data-particle_enable=\"false\" data-particle-mobile-disabled=\"false\" class=\"elementor-section elementor-top-section elementor-element elementor-element-fb2c6c0 elementor-section-boxed elementor-section-height-default elementor-section-height-default\" data-id=\"fb2c6c0\" data-element_type=\"section\">\n\t\t\t\t\t\t<div class=\"elementor-container elementor-column-gap-default\">\n\t\t\t\t\t<div class=\"elementor-column elementor-col-50 elementor-top-column elementor-element elementor-element-6636218\" data-id=\"6636218\" data-element_type=\"column\">\n\t\t\t<div class=\"elementor-widget-wrap elementor-element-populated\">\n\t\t\t\t\t\t<div class=\"elementor-element elementor-element-8326b0a elementor-widget elementor-widget-text-editor\" data-id=\"8326b0a\" data-element_type=\"widget\" data-widget_type=\"text-editor.default\">\n\t\t\t\t<div class=\"elementor-widget-container\">\n\t\t\t\t\t\t\t\t\t<p>Consultez <a href=\"https:\/\/wp-sites.ccci.org\/c-proactif\/\/wp-content\/uploads\/sites\/393\/2020\/07\/Guide-priere-vie-professionelle.pdf\">le guide pri\u00e8re C-PROACTIF<\/a> pour la vie professionnelle, mis en place pour votre vie de pri\u00e8re personnelle ou votre petit groupe.\u00a0<\/p>\t\t\t\t\t\t\t\t<\/div>\n\t\t\t\t<\/div>\n\t\t\t\t\t<\/div>\n\t\t<\/div>\n\t\t\t\t<div class=\"elementor-column elementor-col-50 elementor-top-column elementor-element elementor-element-b1f2e25\" data-id=\"b1f2e25\" data-element_type=\"column\">\n\t\t\t<div class=\"elementor-widget-wrap elementor-element-populated\">\n\t\t\t\t\t\t<div class=\"elementor-element elementor-element-41a48ae elementor-align-center elementor-widget elementor-widget-button\" data-id=\"41a48ae\" data-element_type=\"widget\" data-widget_type=\"button.default\">\n\t\t\t\t<div class=\"elementor-widget-container\">\n\t\t\t\t\t\t\t\t\t<div class=\"elementor-button-wrapper\">\n\t\t\t\t\t<a class=\"elementor-button elementor-button-link elementor-size-sm\" href=\"https:\/\/wp-sites.ccci.org\/c-proactif\/\/wp-content\/uploads\/sites\/393\/2020\/07\/Guide-priere-vie-professionelle.pdf\">\n\t\t\t\t\t\t<span class=\"elementor-button-content-wrapper\">\n\t\t\t\t\t\t\t\t\t<span class=\"elementor-button-text\">Je t\u00e9l\u00e9charge le guide de pri\u00e8re C-PROACTIF<\/span>\n\t\t\t\t\t<\/span>\n\t\t\t\t\t<\/a>\n\t\t\t\t<\/div>\n\t\t\t\t\t\t\t\t<\/div>\n\t\t\t\t<\/div>\n\t\t\t\t\t<\/div>\n\t\t<\/div>\n\t\t\t\t\t<\/div>\n\t\t<\/section>\n\t\t\t\t<section data-particle_enable=\"false\" data-particle-mobile-disabled=\"false\" class=\"elementor-section elementor-top-section elementor-element elementor-element-5d3c34b8 elementor-section-boxed elementor-section-height-default elementor-section-height-default\" data-id=\"5d3c34b8\" data-element_type=\"section\">\n\t\t\t\t\t\t<div class=\"elementor-container elementor-column-gap-default\">\n\t\t\t\t\t<div class=\"elementor-column elementor-col-100 elementor-top-column elementor-element elementor-element-baf0e32\" data-id=\"baf0e32\" data-element_type=\"column\">\n\t\t\t<div class=\"elementor-widget-wrap elementor-element-populated\">\n\t\t\t\t\t\t<div class=\"elementor-element elementor-element-3b7bea4e further elementor-widget elementor-widget-text-editor\" data-id=\"3b7bea4e\" data-element_type=\"widget\" data-widget_type=\"text-editor.default\">\n\t\t\t\t<div class=\"elementor-widget-container\">\n\t\t\t\t\t\t\t\t\t<h3>POUR APPROFONDIR SEUL &#8211; OU MIEUX &#8211; EN PETITS GROUPES<\/h3><p>L&rsquo;id\u00e9al , lors de cette rencontre de groupe, sera de consacrer un temps cons\u00e9quent \u00e0 la pri\u00e8re (\u00e9tape 3) en vous aidant du <a href=\"https:\/\/wp-sites.ccci.org\/c-proactif\/\/wp-content\/uploads\/2020\/07\/Guide-priere-vie-professionelle.pdf\" target=\"_blank\" rel=\"noopener\">guide de pri\u00e8re \u00e0 t\u00e9l\u00e9charger<\/a>. Mais voici tout de m\u00eame quelques questions pour approfondir le sujet avant de passer \u00e0 la pratique :\u00a0<\/p><h3>Premi\u00e8re \u00e9tape &#8211; votre bilan<\/h3><ul><li>Priez-vous pour votre travail ? A quelle fr\u00e9quence ? Dans quelles circonstances ? Avec qui ?<\/li><li>Quels sujets de pri\u00e8re reviennent-ils le plus souvent ? A votre avis, pourquoi ?\u00a0<\/li><li>En vous r\u00e9f\u00e9rant au guide de pri\u00e8re en t\u00e9l\u00e9chargement sur cet article, quels sujets de pri\u00e8re vous manquent-ils ?<\/li><\/ul><h3>Seconde \u00e9tape &#8211; analyse<\/h3><ul><li>\u00ab <em>Pour Moise, travail et pri\u00e8re ne faisaient qu\u2019un ! Quand Moise priait, il \u00e9tait en travail et quand il dirigeait le peuple, il \u00e9tait en pri\u00e8re<\/em> \u00bb.\u00a0 A votre avis, quelles sont les conditions \u00e0 remplir pour que cela soit vrai aussi pour nous ?\u00a0<\/li><li>En quoi, gr\u00e2ce \u00e0 la pri\u00e8re, accomplissons-nous notre mission de repr\u00e9senter Dieu parmi les hommes ? Quels sujets de pri\u00e8re particuliers vont nous y aider ?\u00a0<\/li><li>En quoi, gr\u00e2ce \u00e0 la pri\u00e8re, accomplissons-nous notre seconde mission de pr\u00eatre, \u00e0 savoir celle de r\u00e9concilier les hommes avec Dieu ? Dans quel sens devrons-nous prier pour ce faire ?\u00a0<\/li><\/ul><h3>Troisi\u00e8me \u00e9tape &#8211; mise en pratique<\/h3><p>Rien de mieux que pratiquer la pri\u00e8re pour la mettre en place dans nos vies !\u00a0<\/p><p>En vous mettant en bin\u00f4me, priez selon les sujets de pri\u00e8re pr\u00e9sent\u00e9s dans le guide. Si vous avez la chance, dans votre petit groupe, d\u2019avoir une personne travaillant dans le m\u00eame secteur professionnel (ou la m\u00eame entreprise) que vous, profitez-en pour prier ensemble car plusieurs sujets seront communs.\u00a0<\/p><p><strong>Terminez en mettant en place un plan d\u2019action pour d\u00e9cider quand et comment vous allez vivre cette pri\u00e8re pour le travail sur le long terme et attendez-vous \u00e0 l&rsquo;action de Dieu !<\/strong><\/p>\t\t\t\t\t\t\t\t<\/div>\n\t\t\t\t<\/div>\n\t\t\t\t\t<\/div>\n\t\t<\/div>\n\t\t\t\t\t<\/div>\n\t\t<\/section>\n\t\t\t\t<\/div>\n\t\t","protected":false},"excerpt":{"rendered":"<p>Priez-vous pour votre travail ? Le travail fait-il partie de vos pr\u00e9occupations spirituelles ? Si vous priez pour votre travail, quels sont les sujets les plus fr\u00e9quents qui reviennent dans [&hellip;]<\/p>\n","protected":false},"author":14333,"featured_media":3098,"comment_status":"open","ping_status":"closed","sticky":false,"template":"","format":"quote","meta":{"site-sidebar-layout":"default","site-content-layout":"default","ast-site-content-layout":"default","site-content-style":"default","site-sidebar-style":"default","ast-global-header-display":"","ast-banner-title-visibility":"","ast-main-header-display":"","ast-hfb-above-header-display":"","ast-hfb-below-header-display":"","ast-hfb-mobile-header-display":"","site-post-title":"","ast-breadcrumbs-content":"","ast-featured-img":"","footer-sml-layout":"","ast-disable-related-posts":"","theme-transparent-header-meta":"default","adv-header-id-meta":"","stick-header-meta":"","header-above-stick-meta":"","header-main-stick-meta":"","header-below-stick-meta":"","astra-migrate-meta-layouts":"default","ast-page-background-enabled":"default","ast-page-background-meta":{"desktop":{"background-color":"","background-image":"","background-repeat":"repeat","background-position":"center center","background-size":"auto","background-attachment":"scroll","background-type":"","background-media":"","overlay-type":"","overlay-color":"","overlay-opacity":"","overlay-gradient":""},"tablet":{"background-color":"","background-image":"","background-repeat":"repeat","background-position":"center center","background-size":"auto","background-attachment":"scroll","background-type":"","background-media":"","overlay-type":"","overlay-color":"","overlay-opacity":"","overlay-gradient":""},"mobile":{"background-color":"","background-image":"","background-repeat":"repeat","background-position":"center center","background-size":"auto","background-attachment":"scroll","background-type":"","background-media":"","overlay-type":"","overlay-color":"","overlay-opacity":"","overlay-gradient":""}},"ast-content-background-meta":{"desktop":{"background-color":"var(--ast-global-color-5)","background-image":"","background-repeat":"repeat","background-position":"center center","background-size":"auto","background-attachment":"scroll","background-type":"","background-media":"","overlay-type":"","overlay-color":"","overlay-opacity":"","overlay-gradient":""},"tablet":{"background-color":"var(--ast-global-color-5)","background-image":"","background-repeat":"repeat","background-position":"center center","background-size":"auto","background-attachment":"scroll","background-type":"","background-media":"","overlay-type":"","overlay-color":"","overlay-opacity":"","overlay-gradient":""},"mobile":{"background-color":"var(--ast-global-color-5)","background-image":"","background-repeat":"repeat","background-position":"center center","background-size":"auto","background-attachment":"scroll","background-type":"","background-media":"","overlay-type":"","overlay-color":"","overlay-opacity":"","overlay-gradient":""}},"footnotes":""},"categories":[10],"tags":[18,40,51,76,77],"class_list":["post-3035","post","type-post","status-publish","format-quote","has-post-thumbnail","hentry","category-repondre-a-notre-appel","tag-armes","tag-disciple","tag-etre-pret","tag-pretre","tag-priere","post_format-post-format-quote"],"yoast_head":"<!-- This site is optimized with the Yoast SEO plugin v26.7 - https:\/\/yoast.com\/wordpress\/plugins\/seo\/ -->\n<title>Prier, interc\u00e9der pour notre travail - C-PROACTIF<\/title>\n<meta name=\"description\" content=\"La pri\u00e8re pour notre travail est essentielle : elle nous permet d&#039;inviter Dieu dans nos t\u00e2ches quotidiennnes et de nous aligner \u00e0 Sa volont\u00e9. Vivons-la !\" \/>\n<meta name=\"robots\" content=\"noindex, follow, max-snippet:-1, max-image-preview:large, max-video-preview:-1\" \/>\n<meta property=\"og:locale\" content=\"fr_FR\" \/>\n<meta property=\"og:type\" content=\"article\" \/>\n<meta property=\"og:title\" content=\"Prier, interc\u00e9der pour notre travail - C-PROACTIF\" \/>\n<meta property=\"og:description\" content=\"La pri\u00e8re pour notre travail est essentielle : elle nous permet d&#039;inviter Dieu dans nos t\u00e2ches quotidiennnes et de nous aligner \u00e0 Sa volont\u00e9. Vivons-la !\" \/>\n<meta property=\"og:url\" content=\"https:\/\/wp-sites.ccci.org\/c-proactif\/prier-pour-notre-travail\/\" \/>\n<meta property=\"og:site_name\" content=\"C-PROACTIF\" \/>\n<meta property=\"article:published_time\" content=\"2020-07-15T13:35:17+00:00\" \/>\n<meta property=\"article:modified_time\" content=\"2023-12-22T12:37:17+00:00\" \/>\n<meta property=\"og:image\" content=\"https:\/\/wp-sites.ccci.org\/c-proactif\/wp-content\/uploads\/sites\/393\/2020\/07\/london-3833039_640.jpg\" \/>\n\t<meta property=\"og:image:width\" content=\"640\" \/>\n\t<meta property=\"og:image:height\" content=\"426\" \/>\n\t<meta property=\"og:image:type\" content=\"image\/jpeg\" \/>\n<meta name=\"author\" content=\"Anne-Marie HUSSON\" \/>\n<meta name=\"twitter:card\" content=\"summary_large_image\" \/>\n<meta name=\"twitter:label1\" content=\"\u00c9crit par\" \/>\n\t<meta name=\"twitter:data1\" content=\"Anne-Marie HUSSON\" \/>\n\t<meta name=\"twitter:label2\" content=\"Dur\u00e9e de lecture estim\u00e9e\" \/>\n\t<meta name=\"twitter:data2\" content=\"11 minutes\" \/>\n<script type=\"application\/ld+json\" class=\"yoast-schema-graph\">{\"@context\":\"https:\/\/schema.org\",\"@graph\":[{\"@type\":\"Article\",\"@id\":\"https:\/\/wp-sites.ccci.org\/c-proactif\/prier-pour-notre-travail\/#article\",\"isPartOf\":{\"@id\":\"https:\/\/wp-sites.ccci.org\/c-proactif\/prier-pour-notre-travail\/\"},\"author\":{\"name\":\"Anne-Marie HUSSON\",\"@id\":\"https:\/\/wp-sites.ccci.org\/c-proactif\/#\/schema\/person\/31baa806e67e95311c4c17fad287a4d2\"},\"headline\":\"Prier, interc\u00e9der pour notre travail\",\"datePublished\":\"2020-07-15T13:35:17+00:00\",\"dateModified\":\"2023-12-22T12:37:17+00:00\",\"mainEntityOfPage\":{\"@id\":\"https:\/\/wp-sites.ccci.org\/c-proactif\/prier-pour-notre-travail\/\"},\"wordCount\":2266,\"commentCount\":0,\"publisher\":{\"@id\":\"https:\/\/wp-sites.ccci.org\/c-proactif\/#organization\"},\"image\":{\"@id\":\"https:\/\/wp-sites.ccci.org\/c-proactif\/prier-pour-notre-travail\/#primaryimage\"},\"thumbnailUrl\":\"https:\/\/wp-sites.ccci.org\/c-proactif\/wp-content\/uploads\/sites\/393\/2020\/07\/london-3833039_640.jpg\",\"keywords\":[\"armes\",\"disciple\",\"\u00eatre pr\u00eat\",\"pr\u00eatre\",\"pri\u00e8re\"],\"articleSection\":[\"R\u00e9pondre \u00e0 notre appel\"],\"inLanguage\":\"fr-FR\",\"potentialAction\":[{\"@type\":\"CommentAction\",\"name\":\"Comment\",\"target\":[\"https:\/\/wp-sites.ccci.org\/c-proactif\/prier-pour-notre-travail\/#respond\"]}]},{\"@type\":\"WebPage\",\"@id\":\"https:\/\/wp-sites.ccci.org\/c-proactif\/prier-pour-notre-travail\/\",\"url\":\"https:\/\/wp-sites.ccci.org\/c-proactif\/prier-pour-notre-travail\/\",\"name\":\"Prier, interc\u00e9der pour notre travail - C-PROACTIF\",\"isPartOf\":{\"@id\":\"https:\/\/wp-sites.ccci.org\/c-proactif\/#website\"},\"primaryImageOfPage\":{\"@id\":\"https:\/\/wp-sites.ccci.org\/c-proactif\/prier-pour-notre-travail\/#primaryimage\"},\"image\":{\"@id\":\"https:\/\/wp-sites.ccci.org\/c-proactif\/prier-pour-notre-travail\/#primaryimage\"},\"thumbnailUrl\":\"https:\/\/wp-sites.ccci.org\/c-proactif\/wp-content\/uploads\/sites\/393\/2020\/07\/london-3833039_640.jpg\",\"datePublished\":\"2020-07-15T13:35:17+00:00\",\"dateModified\":\"2023-12-22T12:37:17+00:00\",\"description\":\"La pri\u00e8re pour notre travail est essentielle : elle nous permet d'inviter Dieu dans nos t\u00e2ches quotidiennnes et de nous aligner \u00e0 Sa volont\u00e9. Vivons-la !\",\"breadcrumb\":{\"@id\":\"https:\/\/wp-sites.ccci.org\/c-proactif\/prier-pour-notre-travail\/#breadcrumb\"},\"inLanguage\":\"fr-FR\",\"potentialAction\":[{\"@type\":\"ReadAction\",\"target\":[\"https:\/\/wp-sites.ccci.org\/c-proactif\/prier-pour-notre-travail\/\"]}]},{\"@type\":\"ImageObject\",\"inLanguage\":\"fr-FR\",\"@id\":\"https:\/\/wp-sites.ccci.org\/c-proactif\/prier-pour-notre-travail\/#primaryimage\",\"url\":\"https:\/\/wp-sites.ccci.org\/c-proactif\/wp-content\/uploads\/sites\/393\/2020\/07\/london-3833039_640.jpg\",\"contentUrl\":\"https:\/\/wp-sites.ccci.org\/c-proactif\/wp-content\/uploads\/sites\/393\/2020\/07\/london-3833039_640.jpg\",\"width\":640,\"height\":426},{\"@type\":\"BreadcrumbList\",\"@id\":\"https:\/\/wp-sites.ccci.org\/c-proactif\/prier-pour-notre-travail\/#breadcrumb\",\"itemListElement\":[{\"@type\":\"ListItem\",\"position\":1,\"name\":\"Accueil\",\"item\":\"https:\/\/wp-sites.ccci.org\/c-proactif\/\"},{\"@type\":\"ListItem\",\"position\":2,\"name\":\"R\u00e9pondre \u00e0 notre appel\",\"item\":\"https:\/\/wp-sites.ccci.org\/c-proactif\/theme\/repondre-a-notre-appel\/\"},{\"@type\":\"ListItem\",\"position\":3,\"name\":\"Prier, interc\u00e9der pour notre travail\"}]},{\"@type\":\"WebSite\",\"@id\":\"https:\/\/wp-sites.ccci.org\/c-proactif\/#website\",\"url\":\"https:\/\/wp-sites.ccci.org\/c-proactif\/\",\"name\":\"C-PROACTIF\",\"description\":\"R\u00e9seau professionnel chr\u00e9tien\",\"publisher\":{\"@id\":\"https:\/\/wp-sites.ccci.org\/c-proactif\/#organization\"},\"potentialAction\":[{\"@type\":\"SearchAction\",\"target\":{\"@type\":\"EntryPoint\",\"urlTemplate\":\"https:\/\/wp-sites.ccci.org\/c-proactif\/?s={search_term_string}\"},\"query-input\":{\"@type\":\"PropertyValueSpecification\",\"valueRequired\":true,\"valueName\":\"search_term_string\"}}],\"inLanguage\":\"fr-FR\"},{\"@type\":\"Organization\",\"@id\":\"https:\/\/wp-sites.ccci.org\/c-proactif\/#organization\",\"name\":\"C-PROACTIF\",\"url\":\"https:\/\/wp-sites.ccci.org\/c-proactif\/\",\"logo\":{\"@type\":\"ImageObject\",\"inLanguage\":\"fr-FR\",\"@id\":\"https:\/\/wp-sites.ccci.org\/c-proactif\/#\/schema\/logo\/image\/\",\"url\":\"https:\/\/wp-sites.ccci.org\/c-proactif\/wp-content\/uploads\/sites\/393\/2021\/05\/logo-baseline-blanc-300.png\",\"contentUrl\":\"https:\/\/wp-sites.ccci.org\/c-proactif\/wp-content\/uploads\/sites\/393\/2021\/05\/logo-baseline-blanc-300.png\",\"width\":300,\"height\":113,\"caption\":\"C-PROACTIF\"},\"image\":{\"@id\":\"https:\/\/wp-sites.ccci.org\/c-proactif\/#\/schema\/logo\/image\/\"}},{\"@type\":\"Person\",\"@id\":\"https:\/\/wp-sites.ccci.org\/c-proactif\/#\/schema\/person\/31baa806e67e95311c4c17fad287a4d2\",\"name\":\"Anne-Marie HUSSON\",\"image\":{\"@type\":\"ImageObject\",\"inLanguage\":\"fr-FR\",\"@id\":\"https:\/\/wp-sites.ccci.org\/c-proactif\/#\/schema\/person\/image\/\",\"url\":\"https:\/\/secure.gravatar.com\/avatar\/8610b2dea99ccb68a80717332fcf6000967063200f783c057fb3812ac2517470?s=96&d=mm&r=g\",\"contentUrl\":\"https:\/\/secure.gravatar.com\/avatar\/8610b2dea99ccb68a80717332fcf6000967063200f783c057fb3812ac2517470?s=96&d=mm&r=g\",\"caption\":\"Anne-Marie HUSSON\"},\"description\":\"D\u00e9l\u00e9gu\u00e9e fran\u00e7aise au Forum Mondial du travail du Comit\u00e9 de Lausanne. Consultante ind\u00e9pendante en strat\u00e9gie et innovation de la formation professionnelle. 22 ans de minist\u00e8re au sein d\u2019AGAPE FRANCE, Chef de projet e-learning au sein de diverses institutions (CCI et Universit\u00e9)\"}]}<\/script>\n<!-- \/ Yoast SEO plugin. -->","yoast_head_json":{"title":"Prier, interc\u00e9der pour notre travail - C-PROACTIF","description":"La pri\u00e8re pour notre travail est essentielle : elle nous permet d'inviter Dieu dans nos t\u00e2ches quotidiennnes et de nous aligner \u00e0 Sa volont\u00e9. Vivons-la !","robots":{"index":"noindex","follow":"follow","max-snippet":"max-snippet:-1","max-image-preview":"max-image-preview:large","max-video-preview":"max-video-preview:-1"},"og_locale":"fr_FR","og_type":"article","og_title":"Prier, interc\u00e9der pour notre travail - C-PROACTIF","og_description":"La pri\u00e8re pour notre travail est essentielle : elle nous permet d'inviter Dieu dans nos t\u00e2ches quotidiennnes et de nous aligner \u00e0 Sa volont\u00e9. Vivons-la !","og_url":"https:\/\/wp-sites.ccci.org\/c-proactif\/prier-pour-notre-travail\/","og_site_name":"C-PROACTIF","article_published_time":"2020-07-15T13:35:17+00:00","article_modified_time":"2023-12-22T12:37:17+00:00","og_image":[{"width":640,"height":426,"url":"https:\/\/wp-sites.ccci.org\/c-proactif\/wp-content\/uploads\/sites\/393\/2020\/07\/london-3833039_640.jpg","type":"image\/jpeg"}],"author":"Anne-Marie HUSSON","twitter_card":"summary_large_image","twitter_misc":{"\u00c9crit par":"Anne-Marie HUSSON","Dur\u00e9e de lecture estim\u00e9e":"11 minutes"},"schema":{"@context":"https:\/\/schema.org","@graph":[{"@type":"Article","@id":"https:\/\/wp-sites.ccci.org\/c-proactif\/prier-pour-notre-travail\/#article","isPartOf":{"@id":"https:\/\/wp-sites.ccci.org\/c-proactif\/prier-pour-notre-travail\/"},"author":{"name":"Anne-Marie HUSSON","@id":"https:\/\/wp-sites.ccci.org\/c-proactif\/#\/schema\/person\/31baa806e67e95311c4c17fad287a4d2"},"headline":"Prier, interc\u00e9der pour notre travail","datePublished":"2020-07-15T13:35:17+00:00","dateModified":"2023-12-22T12:37:17+00:00","mainEntityOfPage":{"@id":"https:\/\/wp-sites.ccci.org\/c-proactif\/prier-pour-notre-travail\/"},"wordCount":2266,"commentCount":0,"publisher":{"@id":"https:\/\/wp-sites.ccci.org\/c-proactif\/#organization"},"image":{"@id":"https:\/\/wp-sites.ccci.org\/c-proactif\/prier-pour-notre-travail\/#primaryimage"},"thumbnailUrl":"https:\/\/wp-sites.ccci.org\/c-proactif\/wp-content\/uploads\/sites\/393\/2020\/07\/london-3833039_640.jpg","keywords":["armes","disciple","\u00eatre pr\u00eat","pr\u00eatre","pri\u00e8re"],"articleSection":["R\u00e9pondre \u00e0 notre appel"],"inLanguage":"fr-FR","potentialAction":[{"@type":"CommentAction","name":"Comment","target":["https:\/\/wp-sites.ccci.org\/c-proactif\/prier-pour-notre-travail\/#respond"]}]},{"@type":"WebPage","@id":"https:\/\/wp-sites.ccci.org\/c-proactif\/prier-pour-notre-travail\/","url":"https:\/\/wp-sites.ccci.org\/c-proactif\/prier-pour-notre-travail\/","name":"Prier, interc\u00e9der pour notre travail - C-PROACTIF","isPartOf":{"@id":"https:\/\/wp-sites.ccci.org\/c-proactif\/#website"},"primaryImageOfPage":{"@id":"https:\/\/wp-sites.ccci.org\/c-proactif\/prier-pour-notre-travail\/#primaryimage"},"image":{"@id":"https:\/\/wp-sites.ccci.org\/c-proactif\/prier-pour-notre-travail\/#primaryimage"},"thumbnailUrl":"https:\/\/wp-sites.ccci.org\/c-proactif\/wp-content\/uploads\/sites\/393\/2020\/07\/london-3833039_640.jpg","datePublished":"2020-07-15T13:35:17+00:00","dateModified":"2023-12-22T12:37:17+00:00","description":"La pri\u00e8re pour notre travail est essentielle : elle nous permet d'inviter Dieu dans nos t\u00e2ches quotidiennnes et de nous aligner \u00e0 Sa volont\u00e9. Vivons-la !","breadcrumb":{"@id":"https:\/\/wp-sites.ccci.org\/c-proactif\/prier-pour-notre-travail\/#breadcrumb"},"inLanguage":"fr-FR","potentialAction":[{"@type":"ReadAction","target":["https:\/\/wp-sites.ccci.org\/c-proactif\/prier-pour-notre-travail\/"]}]},{"@type":"ImageObject","inLanguage":"fr-FR","@id":"https:\/\/wp-sites.ccci.org\/c-proactif\/prier-pour-notre-travail\/#primaryimage","url":"https:\/\/wp-sites.ccci.org\/c-proactif\/wp-content\/uploads\/sites\/393\/2020\/07\/london-3833039_640.jpg","contentUrl":"https:\/\/wp-sites.ccci.org\/c-proactif\/wp-content\/uploads\/sites\/393\/2020\/07\/london-3833039_640.jpg","width":640,"height":426},{"@type":"BreadcrumbList","@id":"https:\/\/wp-sites.ccci.org\/c-proactif\/prier-pour-notre-travail\/#breadcrumb","itemListElement":[{"@type":"ListItem","position":1,"name":"Accueil","item":"https:\/\/wp-sites.ccci.org\/c-proactif\/"},{"@type":"ListItem","position":2,"name":"R\u00e9pondre \u00e0 notre appel","item":"https:\/\/wp-sites.ccci.org\/c-proactif\/theme\/repondre-a-notre-appel\/"},{"@type":"ListItem","position":3,"name":"Prier, interc\u00e9der pour notre travail"}]},{"@type":"WebSite","@id":"https:\/\/wp-sites.ccci.org\/c-proactif\/#website","url":"https:\/\/wp-sites.ccci.org\/c-proactif\/","name":"C-PROACTIF","description":"R\u00e9seau professionnel chr\u00e9tien","publisher":{"@id":"https:\/\/wp-sites.ccci.org\/c-proactif\/#organization"},"potentialAction":[{"@type":"SearchAction","target":{"@type":"EntryPoint","urlTemplate":"https:\/\/wp-sites.ccci.org\/c-proactif\/?s={search_term_string}"},"query-input":{"@type":"PropertyValueSpecification","valueRequired":true,"valueName":"search_term_string"}}],"inLanguage":"fr-FR"},{"@type":"Organization","@id":"https:\/\/wp-sites.ccci.org\/c-proactif\/#organization","name":"C-PROACTIF","url":"https:\/\/wp-sites.ccci.org\/c-proactif\/","logo":{"@type":"ImageObject","inLanguage":"fr-FR","@id":"https:\/\/wp-sites.ccci.org\/c-proactif\/#\/schema\/logo\/image\/","url":"https:\/\/wp-sites.ccci.org\/c-proactif\/wp-content\/uploads\/sites\/393\/2021\/05\/logo-baseline-blanc-300.png","contentUrl":"https:\/\/wp-sites.ccci.org\/c-proactif\/wp-content\/uploads\/sites\/393\/2021\/05\/logo-baseline-blanc-300.png","width":300,"height":113,"caption":"C-PROACTIF"},"image":{"@id":"https:\/\/wp-sites.ccci.org\/c-proactif\/#\/schema\/logo\/image\/"}},{"@type":"Person","@id":"https:\/\/wp-sites.ccci.org\/c-proactif\/#\/schema\/person\/31baa806e67e95311c4c17fad287a4d2","name":"Anne-Marie HUSSON","image":{"@type":"ImageObject","inLanguage":"fr-FR","@id":"https:\/\/wp-sites.ccci.org\/c-proactif\/#\/schema\/person\/image\/","url":"https:\/\/secure.gravatar.com\/avatar\/8610b2dea99ccb68a80717332fcf6000967063200f783c057fb3812ac2517470?s=96&d=mm&r=g","contentUrl":"https:\/\/secure.gravatar.com\/avatar\/8610b2dea99ccb68a80717332fcf6000967063200f783c057fb3812ac2517470?s=96&d=mm&r=g","caption":"Anne-Marie HUSSON"},"description":"D\u00e9l\u00e9gu\u00e9e fran\u00e7aise au Forum Mondial du travail du Comit\u00e9 de Lausanne. Consultante ind\u00e9pendante en strat\u00e9gie et innovation de la formation professionnelle. 22 ans de minist\u00e8re au sein d\u2019AGAPE FRANCE, Chef de projet e-learning au sein de diverses institutions (CCI et Universit\u00e9)"}]}},"jetpack_featured_media_url":"https:\/\/wp-sites.ccci.org\/c-proactif\/wp-content\/uploads\/sites\/393\/2020\/07\/london-3833039_640.jpg","meta_box":[],"_links":{"self":[{"href":"https:\/\/wp-sites.ccci.org\/c-proactif\/wp-json\/wp\/v2\/posts\/3035","targetHints":{"allow":["GET"]}}],"collection":[{"href":"https:\/\/wp-sites.ccci.org\/c-proactif\/wp-json\/wp\/v2\/posts"}],"about":[{"href":"https:\/\/wp-sites.ccci.org\/c-proactif\/wp-json\/wp\/v2\/types\/post"}],"author":[{"embeddable":true,"href":"https:\/\/wp-sites.ccci.org\/c-proactif\/wp-json\/wp\/v2\/users\/14333"}],"replies":[{"embeddable":true,"href":"https:\/\/wp-sites.ccci.org\/c-proactif\/wp-json\/wp\/v2\/comments?post=3035"}],"version-history":[{"count":26,"href":"https:\/\/wp-sites.ccci.org\/c-proactif\/wp-json\/wp\/v2\/posts\/3035\/revisions"}],"predecessor-version":[{"id":10898,"href":"https:\/\/wp-sites.ccci.org\/c-proactif\/wp-json\/wp\/v2\/posts\/3035\/revisions\/10898"}],"wp:featuredmedia":[{"embeddable":true,"href":"https:\/\/wp-sites.ccci.org\/c-proactif\/wp-json\/wp\/v2\/media\/3098"}],"wp:attachment":[{"href":"https:\/\/wp-sites.ccci.org\/c-proactif\/wp-json\/wp\/v2\/media?parent=3035"}],"wp:term":[{"taxonomy":"category","embeddable":true,"href":"https:\/\/wp-sites.ccci.org\/c-proactif\/wp-json\/wp\/v2\/categories?post=3035"},{"taxonomy":"post_tag","embeddable":true,"href":"https:\/\/wp-sites.ccci.org\/c-proactif\/wp-json\/wp\/v2\/tags?post=3035"}],"curies":[{"name":"wp","href":"https:\/\/api.w.org\/{rel}","templated":true}]}}