{"id":3145,"date":"2020-08-19T11:05:55","date_gmt":"2020-08-19T09:05:55","guid":{"rendered":"https:\/\/c-proactif.org\/?p=3145"},"modified":"2023-12-22T13:37:15","modified_gmt":"2023-12-22T12:37:15","slug":"annoncer-la-bonne-nouvelle","status":"publish","type":"post","link":"https:\/\/wp-sites.ccci.org\/c-proactif\/annoncer-la-bonne-nouvelle\/","title":{"rendered":"Annoncer la Bonne Nouvelle"},"content":{"rendered":"\t\t<div data-elementor-type=\"wp-post\" data-elementor-id=\"3145\" class=\"elementor elementor-3145\" data-elementor-post-type=\"post\">\n\t\t\t\t\t\t<section data-particle_enable=\"false\" data-particle-mobile-disabled=\"false\" class=\"elementor-section elementor-top-section elementor-element elementor-element-1b9f3123 elementor-section-boxed elementor-section-height-default elementor-section-height-default\" data-id=\"1b9f3123\" data-element_type=\"section\">\n\t\t\t\t\t\t<div class=\"elementor-container elementor-column-gap-default\">\n\t\t\t\t\t<div class=\"elementor-column elementor-col-100 elementor-top-column elementor-element elementor-element-357a72b2\" data-id=\"357a72b2\" data-element_type=\"column\">\n\t\t\t<div class=\"elementor-widget-wrap elementor-element-populated\">\n\t\t\t\t\t\t<div class=\"elementor-element elementor-element-5e3c3861 intro elementor-widget elementor-widget-text-editor\" data-id=\"5e3c3861\" data-element_type=\"widget\" data-widget_type=\"text-editor.default\">\n\t\t\t\t<div class=\"elementor-widget-container\">\n\t\t\t\t\t\t\t\t\t<blockquote><p>\u00ab Nous faisons donc les fonctions d&rsquo;ambassadeurs pour Christ, comme si Dieu exhortait par nous ; nous vous en supplions au nom de Christ : Soyez r\u00e9concili\u00e9s avec Dieu ! \u00bb 2 Cor 5:20<\/p><\/blockquote><p>Quelle noble et difficile mission ! Annoncez la Bonne Nouvelle de r\u00e9conciliation de l\u2019homme avec Dieu est \u00e0 la fois, la mission la plus \u00e9lev\u00e9e et la plus enthousiasmante qui ait jamais \u00e9t\u00e9 donn\u00e9e \u00e0 un \u00eatre humain ; et en m\u00eame temps la plus difficile, la plus controvers\u00e9e, la plus mal maitris\u00e9e et aussi la plus dangereuse &#8211; pour notre r\u00e9putation et dans certains pays pour notre existence m\u00eame ! Et pourtant, s\u2019il est bien une mission qui nous incombe au premier chef en tant que serviteurs et pr\u00eatres de la Nouvelle Alliance, c\u2019est bien celle d\u2019annoncer la Bonne Nouvelle ! <strong>Dieu nous a \u00e9lus pour agir en ambassadeurs<\/strong> <strong>de la r\u00e9conciliation.<\/strong> <\/p>\t\t\t\t\t\t\t\t<\/div>\n\t\t\t\t<\/div>\n\t\t\t\t\t<\/div>\n\t\t<\/div>\n\t\t\t\t\t<\/div>\n\t\t<\/section>\n\t\t\t\t<section data-particle_enable=\"false\" data-particle-mobile-disabled=\"false\" class=\"elementor-section elementor-top-section elementor-element elementor-element-7a8f3242 elementor-section-boxed elementor-section-height-default elementor-section-height-default\" data-id=\"7a8f3242\" data-element_type=\"section\">\n\t\t\t\t\t\t<div class=\"elementor-container elementor-column-gap-default\">\n\t\t\t\t\t<div class=\"elementor-column elementor-col-50 elementor-top-column elementor-element elementor-element-9979598\" data-id=\"9979598\" data-element_type=\"column\">\n\t\t\t<div class=\"elementor-widget-wrap elementor-element-populated\">\n\t\t\t\t\t\t<div class=\"elementor-element elementor-element-7d6a9fab elementor-widget elementor-widget-text-editor\" data-id=\"7d6a9fab\" data-element_type=\"widget\" data-widget_type=\"text-editor.default\">\n\t\t\t\t<div class=\"elementor-widget-container\">\n\t\t\t\t\t\t\t\t\t<p><strong>Le monde du travail n\u2019\u00e9chappe pas \u00e0 ce mandat.<\/strong> Nous avons vu tout au long de cette s\u00e9rie les diff\u00e9rentes missions que le Seigneur nous confie dans le cadre de notre \u00abdescription de fonction\u00bb en tant que pr\u00eatres au service des hommes dans le monde du travail. <\/p><p>Voici la sixi\u00e8me, sans doute la plus exigeante mais aussi la raison d\u2019\u00eatre des 5 pr\u00e9c\u00e9dentes : <strong>Annoncer la Bonne Nouvelle.<\/strong> Il existe pas mal de clich\u00e9s, d\u2019id\u00e9es pr\u00e9con\u00e7ues sur le sujet qui font que beaucoup d\u2019entre nous le vivent mal ou plus radicalement le refusent. Alors essayons d\u2019y voir un peu plus clair et de le rendre plus abordable.\u00a0<\/p>\t\t\t\t\t\t\t\t<\/div>\n\t\t\t\t<\/div>\n\t\t\t\t\t<\/div>\n\t\t<\/div>\n\t\t\t\t<div class=\"elementor-column elementor-col-50 elementor-top-column elementor-element elementor-element-7b9ca206\" data-id=\"7b9ca206\" data-element_type=\"column\">\n\t\t\t<div class=\"elementor-widget-wrap elementor-element-populated\">\n\t\t\t\t\t\t<div class=\"elementor-element elementor-element-cadab13 elementor-widget elementor-widget-image\" data-id=\"cadab13\" data-element_type=\"widget\" data-widget_type=\"image.default\">\n\t\t\t\t<div class=\"elementor-widget-container\">\n\t\t\t\t\t\t\t\t\t\t\t\t\t\t\t<img decoding=\"async\" src=\"https:\/\/wp-sites.ccci.org\/c-proactif\/wp-content\/uploads\/sites\/393\/2020\/08\/2femmes-discussion-entreprise-scaled-1.jpg?w=1024\" title=\"2femmes-discussion-entreprise\" alt=\"deux femmes endiscussion dans ll&#039;esapce repos d&#039;une entreprise\" loading=\"lazy\" \/>\t\t\t\t\t\t\t\t\t\t\t\t\t\t\t<\/div>\n\t\t\t\t<\/div>\n\t\t\t\t\t<\/div>\n\t\t<\/div>\n\t\t\t\t\t<\/div>\n\t\t<\/section>\n\t\t\t\t<section data-particle_enable=\"false\" data-particle-mobile-disabled=\"false\" class=\"elementor-section elementor-top-section elementor-element elementor-element-4f0b31e8 elementor-section-boxed elementor-section-height-default elementor-section-height-default\" data-id=\"4f0b31e8\" data-element_type=\"section\">\n\t\t\t\t\t\t<div class=\"elementor-container elementor-column-gap-default\">\n\t\t\t\t\t<div class=\"elementor-column elementor-col-100 elementor-top-column elementor-element elementor-element-388a7773\" data-id=\"388a7773\" data-element_type=\"column\">\n\t\t\t<div class=\"elementor-widget-wrap elementor-element-populated\">\n\t\t\t\t\t\t<div class=\"elementor-element elementor-element-78b63f68 elementor-widget elementor-widget-text-editor\" data-id=\"78b63f68\" data-element_type=\"widget\" data-widget_type=\"text-editor.default\">\n\t\t\t\t<div class=\"elementor-widget-container\">\n\t\t\t\t\t\t\t\t\t<p>Vu l\u2019abondance du sujet, nous le ferons dans le cadre de deux articles cons\u00e9cutifs :<\/p><ul><li>Celui-ci r\u00e9pondra aux deux questions de base, \u00e0 savoir 1. <strong>Pourquoi devons-nous annoncer la Bonne Nouvelle<\/strong> ? et 2. <strong>Jusqu\u2019o\u00f9 sommes-nous en droit de le pratiquer dans notre contexte de travail ?<\/strong>\u00a0<\/li><li>L\u2019article suivant <span style=\"color: #ff0000;\">(mettre le lien)<\/span> s\u2019int\u00e9ressera quant \u00e0 lui aux questions plus pratiques en r\u00e9pondant \u00e0 la question 3. <strong>Comment le vivre au quotidien avec nos relations de travail ?\u00a0<\/strong><\/li><\/ul><h2>Pourquoi annoncer l\u2019Evangile ?<\/h2><h3>Un MUST non n\u00e9gociable<\/h3><p>Le jour o\u00f9 nous avons accept\u00e9 J\u00e9sus-Christ comme notre Sauveur et Seigneur, nous avons re\u00e7u une nouvelle identit\u00e9, un nouveau Royaume, une quantit\u00e9 infinie de privil\u00e8ges mais aussi un mandat : celui d\u2019\u00eatre Son ambassadeur parmi les hommes. Nous avons discut\u00e9 en profondeur les diff\u00e9rentes missions de ce mandat dans <a href=\"https:\/\/wp-sites.ccci.org\/c-proactif\/\/themes\/repondre-a-notre-appel\/\" target=\"_blank\" rel=\"noopener\">nos pr\u00e9c\u00e9dents articles<\/a> que je vous invite \u00e0 parcourir \u00e0 nouveau avant de poursuivre celui-ci.<\/p><p>Si Dieu nous laisse cheminer ici-bas, alors que nous l\u2019avons re\u00e7u c\u2019est pour grandir en maturit\u00e9 spirituelle mais <strong>AUSSI pour faire grandir son Royaume en annon\u00e7ant l\u2019Evangile<\/strong> aux hommes et aux femmes de notre g\u00e9n\u00e9ration. <strong>Et cette annonce passe par la proclamation du message !<\/strong> Pour \u00eatre en capacit\u00e9 de recevoir la Bonne Nouvelle, les hommes et les femmes qui nous entourent doivent en avoir entendu parler :<\/p><blockquote><p>\u00ab Et comment croiront-ils en celui dont ils n&rsquo;ont pas entendu parler ? Et comment en entendront-ils parler, s&rsquo;il n&rsquo;y a personne qui pr\u00eache ? \u00bb Rom 10:14<\/p><\/blockquote><p>Mais attention, plusieurs clich\u00e9s ou id\u00e9es fausses sont \u00e0 combattre \u00e0 ce niveau :<\/p><h3>Ne pas confondre \u2018t\u00e9moignage\u2019 et \u2018pr\u00e9dication\u2019<\/h3><p>Nous entendons parfois dire : <em>\u00abLa proclamation est une pr\u00e9dication et moi je ne me sens pas appel\u00e9 \u00e0 pr\u00eacher.\u00bb <\/em>Le mot grec utilis\u00e9 dans Rom 10:14 et souvent traduit par <em>\u2018pr\u00eacher<\/em>\u2019 ou \u2018<em>proclamer<\/em>\u2019 ne veut pas dire se mettre en haut d\u2019une tribune pour d\u00e9clamer un message ex-cathedra mais tout simplement : \u2018<em>annoncer<\/em>\u2019, \u2018<em>faire entendre<\/em>\u2019, \u2018<em>expliciter<\/em>\u2019. Pour \u00eatre en mesure d\u2019accepter le message, <strong>nos auditeurs doivent en avoir entendu parler et avoir \u00e9t\u00e9 en capacit\u00e9 de le comprendre<\/strong>. Donc notre message a besoin d\u2019\u00eatre expliqu\u00e9 avec des mots de tous les jours, compr\u00e9hensibles dans notre soci\u00e9t\u00e9 s\u00e9cularis\u00e9e ! Nous sommes appel\u00e9s \u00e0 <em>t\u00e9moigner,<\/em> \u00e0 <em>raconter notre cheminement de foi,<\/em> pas \u00e0 pr\u00eacher du haut d\u2019un pupitre ! Et cela, nous sommes tous en capacit\u00e9 de le faire dans le cadre de nos relations personnelles car nous sommes <strong>TOUS<\/strong> des ambassadeurs, r\u00e9concili\u00e9s avec Dieu par l\u2019\u0153uvre de J\u00e9sus-Christ. En cons\u00e9quence, nous avons <strong>TOUS<\/strong> un message de r\u00e9conciliation dont nous pouvons t\u00e9moigner !<\/p><h3>Le t\u00e9moignage ne peut se passer d\u2019une annonce orale et explicite<\/h3><p>Ils sont nombreux ceux qui d\u00e9clarent : \u00ab<em>Moi, c\u2019est par ma vie que je t\u00e9moigne<\/em>\u00bb. Les personnes qui tiennent ce discours ont raison, car oui, leur vie doit \u00eatre un t\u00e9moignage vivant d\u2019une vie transform\u00e9e par la Bonne Nouvelle ! Si leur vie n\u2019est pas diff\u00e9rente, si elle n\u2019incarne pas les valeurs de l\u2019Evangile, si les personnes qui les entourent ne per\u00e7oivent pas cette pr\u00e9sence en elles de quelque chose de plus &#8211; le Saint-Esprit que, eux ne connaissent pas \u2013 alors, tous leurs discours seront vains car en dissonance avec le t\u00e9moignage de leur vie. Mais l\u00e0 o\u00f9 elles ont tort, c\u2019est quand elles pensent que le t\u00e9moignage de leur vie &#8211; m\u00eame exemplaire ! &#8211; suffit \u00e0 amener une personne \u00e0 J\u00e9sus-Christ. <strong>C\u2019est un mensonge de l\u2019ennemi \u00e0 combattre avec fermet\u00e9 car il emp\u00eache l\u2019avancement du Royaume de Dieu.<\/strong> La Bible est tr\u00e8s claire \u00e0 ce sujet :<\/p><blockquote><p>\u00ab<strong>La foi vient de ce qu&rsquo;on entend<\/strong>, et ce qu&rsquo;on entend vient de la parole de Christ.\u00bb Rom 10:17<\/p><\/blockquote><p>Nos proches doivent \u2018<em>entendre<\/em>\u2019 la Parole pour avoir la foi ! Ils doivent conna\u00eetre la source de cette vie transform\u00e9e que nous leur manifestons pour \u00eatre en mesure d\u2019y acc\u00e9der aussi ! Et cette source, c\u2019est J\u00e9sus-Christ, crucifi\u00e9 et ressuscit\u00e9 (1Cor 2:2). <strong>Notre mission est donc bien de \u2018dire\u2019 J\u00e9sus-Christ \u00e0 nos proches, c\u2019est \u00e0 dire de leur expliquer la port\u00e9e de sa vie, de sa mort et de sa r\u00e9surrection !<\/strong> Et notre message aura d\u2019autant plus de poids que notre vie sera en coh\u00e9rence avec ce que nous annon\u00e7ons. <strong>La qualit\u00e9 de notre vie est le socle de notre t\u00e9moignage. C\u2019est elle qui donne de la l\u00e9gitimit\u00e9 \u00e0 notre proclamation\u2026 mais elle n\u2019est pas la proclamation elle-m\u00eame !\u00a0<\/strong><span style=\"font-size: 15px;\">Il ne peut y avoir \u2018annonce de l\u2019Evangile\u2019 sans que celui-ci soit effectivement explicit\u00e9 !!<\/span><\/p><h3>Nous sommes tous enr\u00f4l\u00e9s dans cette proclamation<\/h3><p>J\u2019entends parfois certains chr\u00e9tiens dire : \u00ab<em>Cet appel ne me concerne pas ; je n\u2019ai pas le don d\u2019\u00e9vang\u00e9liste.<\/em>\u00bb Voil\u00e0 une excuse facile pour s\u2019amender de sa responsabilit\u00e9 ! Auriez-vous entendu parler d\u2019ambassadeurs sans message \u00e0 d\u00e9livrer de la part de leurs responsables de gouvernement ? Nous sommes <strong>TOUS<\/strong> concern\u00e9s, <strong>TOUS<\/strong> enr\u00f4l\u00e9s pour annoncer le message de r\u00e9conciliation \u00e0 nos proches ! A notre \u00e9chelle, \u00e0 notre mesure \u2026 mais avec efficacit\u00e9 ! Le Seigneur nous a sp\u00e9cialement choisis pour porter du fruit (Jn 15:16) et c\u2019est m\u00eame \u00e0 cela que nous nous reconna\u00eetrons comme ses disciples (Jn 15:8).<\/p><p>Les statistiques de croissance de l\u2019Eglise en sont la d\u00e9monstration : moins de 10% des nouveaux convertis sont issus de campagnes d\u2019\u00e9vang\u00e9lisation alors que la majorit\u00e9 proviennent du t\u00e9moignage donn\u00e9 dans le contexte de relations personnelles ! Nous sommes, chacun de nous, l\u00e0 o\u00f9 nous sommes au quotidien \u2013 et particuli\u00e8rement dans notre sph\u00e8re de travail \u2013 le fer de lance de la croissance de l\u2019Eglise. Les serviteurs de Dieu \u00e0 plein temps repr\u00e9sentent moins de 1% des chr\u00e9tiens de notre pays. Ils n\u2019ont pas acc\u00e8s \u00e0 nos coll\u00e8gues de travail, ils ne peuvent pas comprendre de l\u2019int\u00e9rieur les probl\u00e9matiques qui traversent nos secteurs professionnels. Ce n\u2019est donc pas eux que le Seigneur appelle \u00e0 ce travail mais nous, qui le vivons de l\u2019int\u00e9rieur ! <strong>Qui le fera si nous ne le faisons pas ? Nous sommes souvent la seule personne chr\u00e9tienne que nos coll\u00e8gues de travail ou nos relations professionnelles auront jamais la chance de rencontrer !<\/strong><\/p><p>Nous le ferons sous forme d\u2019\u00e9changes informels mais suscit\u00e9s de fa\u00e7on intentionnelle. Nous verrons cela dans l\u2019article suivant relatif au <em>\u2018Comment annoncer la Bonne Nouvelle\u2019<\/em>. Nos outils prioritaires seront le questionnement, les conversations amicales, les invitations \u00e0 venir voir et entendre ce qu\u2019ils ne connaissent pas encore. Progressivement, nous allons nourrir leur recherche \u00e0 travers de la documentation (des sites, des livres\u2026) ou des invitations \u00e0 rejoindre un petit groupe ou un \u00e9v\u00e9nement tout public dans une \u00e9glise.<\/p><h2>Jusqu\u2019o\u00f9 pouvons-nous annoncer la Bonne Nouvelle dans notre contexte de travail ?<\/h2><p>L\u00e0 encore, il peut \u00eatre b\u00e9n\u00e9fique de bien poser les choses. En effet, nombreux sont ceux qui, dans nos \u00e9glises, s\u00e9parent de fa\u00e7on radicale t\u00e9moignage et travail avec un argument du genre : \u00ab <em>Notre pays est un pays la\u00efc. T\u00e9moigner au travail est interdit<\/em>. \u00bb C\u2019est vrai : le contexte de travail n\u2019est pas un lieu de culte ni une place publique. Sa finalit\u00e9 n\u2019est pas l\u2019annonce de l\u2019Evangile mais la production de biens et de services, destin\u00e9s \u00e0 servir la soci\u00e9t\u00e9 et \u00e0 faire tourner l\u2019\u00e9conomie. Le contexte de travail n\u2019est donc pas le lieu o\u00f9 faire du pros\u00e9lytisme et r\u00e9clamer des salles de pri\u00e8re !<\/p><p>Pour autant, le contexte de travail est un lieu o\u00f9 il est permis d\u2019\u00eatre soi-m\u00eame, avec sa propre identit\u00e9 et ses convictions \u2013 et de les exprimer avec tact et douceur. <strong>Notamment dans le cadre de nos relations interpersonnelles o\u00f9 il est possible d\u2019engager des conversations priv\u00e9es, d\u2019\u00eatre \u00e0 l\u2019\u00e9coute des points de vue de l\u2019autre et de partager nos convictions.<\/strong> C\u2019est d\u00e9j\u00e0 ce que nous recommandait l\u2019ap\u00f4tre Pierre, il y a 2000 ans (1 Pi 3:15). Cela s\u2019appelle les libert\u00e9s de conscience et d\u2019expression et n\u2019est pas interdit : il s\u2019agit m\u00eame de droits fondamentaux garantis par la D\u00e9claration des Droits de l\u2019Homme !<\/p><p>Dans sa s\u00e9rie de brochures \u00ab Libre de le dire \u00bb cr\u00e9\u00e9e par des juristes, le CNEF approfondit le syst\u00e8me de la\u00efcit\u00e9 dans lequel nous \u00e9voluons, afin d\u2019identifier nos marges de man\u0153uvre en termes d\u2019expression de notre foi dans la sph\u00e8re publique. Vous y d\u00e9couvrirez que la la\u00efcit\u00e9 n\u2019a pas \u00e9t\u00e9 instaur\u00e9e pour restreindre l\u2019expression de la foi mais, au contraire, pour lui donner un cadre et la prot\u00e9ger ! Si vous n\u2019en disposez pas encore, allez au plus vite acqu\u00e9rir la brochure <a href=\"https:\/\/www.blfstore.com\/A-15803-libre-de-le-dire-au-travail.aspx\" target=\"_blank\" rel=\"noopener\">\u00abLibre de le dire au travail\u00bb<\/a>. <strong>Vous y d\u00e9couvrirez tous les espaces de libert\u00e9 que la la\u00efcit\u00e9 vous offre au travail, pour y \u00eatre authentiquement vous-m\u00eame, sans avoir \u00e0 rogner sur vos convictions spirituelles ni sur leur expression.<\/strong><\/p>\t\t\t\t\t\t\t\t<\/div>\n\t\t\t\t<\/div>\n\t\t\t\t\t<\/div>\n\t\t<\/div>\n\t\t\t\t\t<\/div>\n\t\t<\/section>\n\t\t\t\t<section data-particle_enable=\"false\" data-particle-mobile-disabled=\"false\" class=\"elementor-section elementor-top-section elementor-element elementor-element-6aa469d3 elementor-section-boxed elementor-section-height-default elementor-section-height-default\" data-id=\"6aa469d3\" data-element_type=\"section\">\n\t\t\t\t\t\t<div class=\"elementor-container elementor-column-gap-default\">\n\t\t\t\t\t<div class=\"elementor-column elementor-col-100 elementor-top-column elementor-element elementor-element-37781c67\" data-id=\"37781c67\" data-element_type=\"column\">\n\t\t\t<div class=\"elementor-widget-wrap elementor-element-populated\">\n\t\t\t\t\t\t<div class=\"elementor-element elementor-element-7f635cc3 elementor-widget elementor-widget-text-editor\" data-id=\"7f635cc3\" data-element_type=\"widget\" data-widget_type=\"text-editor.default\">\n\t\t\t\t<div class=\"elementor-widget-container\">\n\t\t\t\t\t\t\t\t\t<h2>En conclusion (provisoire)<\/h2><p>Beaucoup d\u2019id\u00e9es pr\u00e9con\u00e7ues circulent sur le bien-fond\u00e9 du t\u00e9moignage en entreprise. Les plus bloquantes ont \u00e9t\u00e9 discut\u00e9es dans cet article. Elles reposent le plus souvent sur une part de v\u00e9rit\u00e9, mais pr\u00e9sent\u00e9e d\u2019une fa\u00e7on tellement st\u00e9r\u00e9otyp\u00e9e qu\u2019elle en devient un mensonge ! Et surtout une excuse facile pour ne pas nous engager !<\/p><p>Or le t\u00e9moignage fait partie de notre mission intrins\u00e8que d\u2019ambassadeur de la r\u00e9conciliation (2Cor 5:20). Les personnes qui nous entourent ont besoin d\u2019entendre le message pour venir \u00e0 la foi (Rom 10:7) et ont donc besoin d\u2019une personne qui le leur annonce (Rom 10:14) ! Nous sommes le plus souvent \u2018LA\u2019 personne la mieux plac\u00e9e pour le faire car nous vivons une relation privil\u00e9gi\u00e9e et assez souvent durable avec elles. Chacun de nous est mandat\u00e9 pour cette mission ! Serez-vous pr\u00eat \u00e0 la vivre ? <\/p>\t\t\t\t\t\t\t\t<\/div>\n\t\t\t\t<\/div>\n\t\t\t\t\t<\/div>\n\t\t<\/div>\n\t\t\t\t\t<\/div>\n\t\t<\/section>\n\t\t\t\t<section data-particle_enable=\"false\" data-particle-mobile-disabled=\"false\" class=\"elementor-section elementor-top-section elementor-element elementor-element-232ab994 elementor-section-boxed elementor-section-height-default elementor-section-height-default\" data-id=\"232ab994\" data-element_type=\"section\">\n\t\t\t\t\t\t<div class=\"elementor-container elementor-column-gap-default\">\n\t\t\t\t\t<div class=\"elementor-column elementor-col-100 elementor-top-column elementor-element elementor-element-79bc89e0\" data-id=\"79bc89e0\" data-element_type=\"column\">\n\t\t\t<div class=\"elementor-widget-wrap elementor-element-populated\">\n\t\t\t\t\t\t<div class=\"elementor-element elementor-element-1b772c8c further elementor-widget elementor-widget-text-editor\" data-id=\"1b772c8c\" data-element_type=\"widget\" data-widget_type=\"text-editor.default\">\n\t\t\t\t<div class=\"elementor-widget-container\">\n\t\t\t\t\t\t\t\t\t<h3>POUR APPROFONDIR SEUL &#8211; OU MIEUX &#8211; EN PETITS GROUPES<\/h3><p>Voici quelques questions pour vous aider \u00e0 approfondir cet enseignement :<\/p><h3>Tour de table<\/h3><p>La question du t\u00e9moignage est toujours un sujet sensible, particuli\u00e8rement dans le cadre du travail. Quelle exp\u00e9rience en avez-vous ? Dans quels aspects du t\u00e9moignage \u00eates-vous \u00e0 l\u2019aise ? <br \/>Qu\u2019est-ce qui vous est difficile ? Pourquoi ? (Freins rencontr\u00e9s)<\/p><h3>Les droits et devoirs de la la\u00efcit\u00e9<\/h3><p>Il serait bien de vous procurer le livret \u2018Libre de le dire au travail\u2019 \u00e9dit\u00e9 par le CNEF pour aborder ce sujet de fa\u00e7on plus \u00e9tay\u00e9e. Comment comprenez-vous la loi sur la la\u00efcit\u00e9 ? En quoi est-elle une protection de nos opinions et de notre droit d\u2019expression ?<\/p><p>\u00ab\u00a0<em>Notre cadre de travail n\u2019est pas une place publique ni un lieu de culte<\/em>. <em>En cons\u00e9quence, il est interdit d\u2019y faire de la pr\u00e9dication ou du pros\u00e9lytisme\u00a0\u00bb.<\/em> Quelle est la fronti\u00e8re entre pros\u00e9lytisme et t\u00e9moignage ? Quels espaces de libert\u00e9 nous donne la la\u00efcit\u00e9 pour donner un t\u00e9moignage sur notre lieu de travail ? Les utilisez-vous ?<\/p><h3>L\u2019importance de \u00ab dire \u00bb la Bonne Nouvelle<\/h3><p>Pourquoi le t\u00e9moignage d\u2019une vie v\u00e9cue de fa\u00e7on exemplaire ne suffit-il pas \u00e0 annoncer l\u2019Evangile ? (Rom 10:14). Qu\u2019est-ce que la vie v\u00e9cue ne dit pas et qui est pourtant n\u00e9cessaire \u00e0 pr\u00e9senter \u00e0 nos auditeurs pour leur donner une chance d\u2019\u00eatre r\u00e9concili\u00e9s avec Dieu ?<\/p><p>Nous sommes porteurs d\u2019un message de r\u00e9conciliation de Dieu avec les hommes. Quelles sont les informations indispensables \u00e0 inclure dans ce message (1 Cor 2:2) ? Par groupe de deux, r\u00e9digez un texte de 4 lignes, compr\u00e9hensible par tous, qui pr\u00e9sente les points essentiels de ce message. Apr\u00e8s 5 minutes, partagez vos productions et retenez le texte le plus abouti &#8211; soit directement celui d\u2019un bin\u00f4me soit, un texte reconstruit par le groupe \u00e9largi \u00e0 partir des contributions des diff\u00e9rents bin\u00f4mes. Ce texte est \u00e0 retenir car il fera partie de vos \u00e9l\u00e9ments de langage dans vos conversations avec vos coll\u00e8gues.<\/p><h3>Aligner les paroles et les actes<\/h3><p>Nous avons soulign\u00e9 l\u2019importance de \u2018dire\u2019 la Bonne Nouvelle comme un must incontournable de notre mission d\u2019ambassadeurs. Mais nous devons gagner le droit d\u2019\u00eatre \u00e9cout\u00e9 ! Qu\u2019est-ce qui donnera de la l\u00e9gitimit\u00e9 \u00e0 nos paroles et les rendra audibles \u00e0 nos auditeurs ?<\/p><p>Dans les pr\u00e9c\u00e9dents articles de cette s\u00e9rie, nous avons pass\u00e9 en revue <a href=\"https:\/\/wp-sites.ccci.org\/c-proactif\/\/themes\/repondre-a-notre-appel\/\" target=\"_blank\" rel=\"noopener\">cinq autres missions du pr\u00eatre de la Nouvelle Alliance<\/a> dans le cadre du travail. En quoi, chacune de ces cinq missions est-elle un socle indispensable pour asseoir et donner de la force \u00e0 notre t\u00e9moignage ?<\/p><p>En contrepartie, que se passerait-il si nous nous contentions des cinq premi\u00e8res missions et n\u00e9gligions le t\u00e9moignage ?<\/p><h3>Prendre conscience de votre situation strat\u00e9gique vis-\u00e0-vis de vos relations professionnelles<\/h3><p>Parmi vos coll\u00e8gues et relations de travail, combien sont d\u00e9j\u00e0 en contact avec d\u2019autres chr\u00e9tiens dans leur vie sociale ? Percevez-vous la position unique dans laquelle Dieu vous a plac\u00e9e pour apporter un t\u00e9moignage dans ce contexte ?<\/p><p>Nous avons souvent tendance \u00e0 procrastiner mais les relations professionnelles, m\u00eame si elles sont \u00e0 construire sur la dur\u00e9e, sont souvent \u00e9ph\u00e9m\u00e8res. C\u2019est maintenant, pendant que nous avons une relation privil\u00e9gie et facile avec elles qu\u2019il faut parler.<\/p><ul><li>Qui sont les personnes auxquelles vous avez acc\u00e8s aujourd\u2019hui dans votre contexte de travail ?<\/li><li>Quelles d\u00e9cisions allez-vous prendre pour leur pr\u00e9senter le message ?<\/li><\/ul><h3>Pri\u00e8re<\/h3><p>Terminez par la pri\u00e8re, en demandant au Seigneur de renouveler vos pens\u00e9es \u00e0 propos de la pratique du t\u00e9moignage dans votre contexte de travail. Confessez-lui vos craintes, vos r\u00e9ticences et demandez-lui de faire de vous des ambassadeurs aguerris qui sauront annoncer avec persuasion et simplicit\u00e9 le message de la Bonne Nouvelle. <\/p>\t\t\t\t\t\t\t\t<\/div>\n\t\t\t\t<\/div>\n\t\t\t\t\t<\/div>\n\t\t<\/div>\n\t\t\t\t\t<\/div>\n\t\t<\/section>\n\t\t\t\t<\/div>\n\t\t","protected":false},"excerpt":{"rendered":"<p>\u00ab Nous faisons donc les fonctions d&rsquo;ambassadeurs pour Christ, comme si Dieu exhortait par nous ; nous vous en supplions au nom de Christ : Soyez r\u00e9concili\u00e9s avec Dieu ! [&hellip;]<\/p>\n","protected":false},"author":14333,"featured_media":3167,"comment_status":"open","ping_status":"closed","sticky":false,"template":"","format":"quote","meta":{"site-sidebar-layout":"default","site-content-layout":"","ast-site-content-layout":"default","site-content-style":"default","site-sidebar-style":"default","ast-global-header-display":"","ast-banner-title-visibility":"","ast-main-header-display":"","ast-hfb-above-header-display":"","ast-hfb-below-header-display":"","ast-hfb-mobile-header-display":"","site-post-title":"","ast-breadcrumbs-content":"","ast-featured-img":"","footer-sml-layout":"","ast-disable-related-posts":"","theme-transparent-header-meta":"","adv-header-id-meta":"","stick-header-meta":"","header-above-stick-meta":"","header-main-stick-meta":"","header-below-stick-meta":"","astra-migrate-meta-layouts":"default","ast-page-background-enabled":"default","ast-page-background-meta":{"desktop":{"background-color":"","background-image":"","background-repeat":"repeat","background-position":"center center","background-size":"auto","background-attachment":"scroll","background-type":"","background-media":"","overlay-type":"","overlay-color":"","overlay-opacity":"","overlay-gradient":""},"tablet":{"background-color":"","background-image":"","background-repeat":"repeat","background-position":"center center","background-size":"auto","background-attachment":"scroll","background-type":"","background-media":"","overlay-type":"","overlay-color":"","overlay-opacity":"","overlay-gradient":""},"mobile":{"background-color":"","background-image":"","background-repeat":"repeat","background-position":"center center","background-size":"auto","background-attachment":"scroll","background-type":"","background-media":"","overlay-type":"","overlay-color":"","overlay-opacity":"","overlay-gradient":""}},"ast-content-background-meta":{"desktop":{"background-color":"var(--ast-global-color-5)","background-image":"","background-repeat":"repeat","background-position":"center center","background-size":"auto","background-attachment":"scroll","background-type":"","background-media":"","overlay-type":"","overlay-color":"","overlay-opacity":"","overlay-gradient":""},"tablet":{"background-color":"var(--ast-global-color-5)","background-image":"","background-repeat":"repeat","background-position":"center center","background-size":"auto","background-attachment":"scroll","background-type":"","background-media":"","overlay-type":"","overlay-color":"","overlay-opacity":"","overlay-gradient":""},"mobile":{"background-color":"var(--ast-global-color-5)","background-image":"","background-repeat":"repeat","background-position":"center center","background-size":"auto","background-attachment":"scroll","background-type":"","background-media":"","overlay-type":"","overlay-color":"","overlay-opacity":"","overlay-gradient":""}},"footnotes":""},"categories":[10],"tags":[16,24,52,77,78,82,98,101],"class_list":["post-3145","post","type-post","status-publish","format-quote","has-post-thumbnail","hentry","category-repondre-a-notre-appel","tag-annonce","tag-bonne-nouvelle","tag-evangile","tag-priere","tag-reconciliation","tag-salut","tag-temoignage","tag-travail","post_format-post-format-quote"],"yoast_head":"<!-- This site is optimized with the Yoast SEO plugin v26.7 - https:\/\/yoast.com\/wordpress\/plugins\/seo\/ -->\n<title>Annoncer la Bonne Nouvelle - C-PROACTIF<\/title>\n<meta name=\"description\" content=\"Nous sommes ambassadeurs de la r\u00e9conciliation et appel\u00e9s \u00e0 rendre t\u00e9moignage de notre foi \u00e0 nos proches. Mais jusqu&#039;o\u00f9 le &quot;dire&quot; au travail ?\" \/>\n<meta name=\"robots\" content=\"noindex, follow, max-snippet:-1, max-image-preview:large, max-video-preview:-1\" \/>\n<meta property=\"og:locale\" content=\"fr_FR\" \/>\n<meta property=\"og:type\" content=\"article\" \/>\n<meta property=\"og:title\" content=\"Annoncer la Bonne Nouvelle - C-PROACTIF\" \/>\n<meta property=\"og:description\" content=\"Nous sommes ambassadeurs de la r\u00e9conciliation et appel\u00e9s \u00e0 rendre t\u00e9moignage de notre foi \u00e0 nos proches. Mais jusqu&#039;o\u00f9 le &quot;dire&quot; au travail ?\" \/>\n<meta property=\"og:url\" content=\"https:\/\/wp-sites.ccci.org\/c-proactif\/annoncer-la-bonne-nouvelle\/\" \/>\n<meta property=\"og:site_name\" content=\"C-PROACTIF\" \/>\n<meta property=\"article:published_time\" content=\"2020-08-19T09:05:55+00:00\" \/>\n<meta property=\"article:modified_time\" content=\"2023-12-22T12:37:15+00:00\" \/>\n<meta property=\"og:image\" content=\"https:\/\/wp-sites.ccci.org\/c-proactif\/wp-content\/uploads\/sites\/393\/2020\/08\/2femmes-discussion-entreprise-scaled-1.jpg\" \/>\n\t<meta property=\"og:image:width\" content=\"2560\" \/>\n\t<meta property=\"og:image:height\" content=\"1883\" \/>\n\t<meta property=\"og:image:type\" content=\"image\/jpeg\" \/>\n<meta name=\"author\" content=\"Anne-Marie HUSSON\" \/>\n<meta name=\"twitter:card\" content=\"summary_large_image\" \/>\n<meta name=\"twitter:label1\" content=\"\u00c9crit par\" \/>\n\t<meta name=\"twitter:data1\" content=\"Anne-Marie HUSSON\" \/>\n\t<meta name=\"twitter:label2\" content=\"Dur\u00e9e de lecture estim\u00e9e\" \/>\n\t<meta name=\"twitter:data2\" content=\"13 minutes\" \/>\n<script type=\"application\/ld+json\" class=\"yoast-schema-graph\">{\"@context\":\"https:\/\/schema.org\",\"@graph\":[{\"@type\":\"Article\",\"@id\":\"https:\/\/wp-sites.ccci.org\/c-proactif\/annoncer-la-bonne-nouvelle\/#article\",\"isPartOf\":{\"@id\":\"https:\/\/wp-sites.ccci.org\/c-proactif\/annoncer-la-bonne-nouvelle\/\"},\"author\":{\"name\":\"Anne-Marie HUSSON\",\"@id\":\"https:\/\/wp-sites.ccci.org\/c-proactif\/#\/schema\/person\/31baa806e67e95311c4c17fad287a4d2\"},\"headline\":\"Annoncer la Bonne Nouvelle\",\"datePublished\":\"2020-08-19T09:05:55+00:00\",\"dateModified\":\"2023-12-22T12:37:15+00:00\",\"mainEntityOfPage\":{\"@id\":\"https:\/\/wp-sites.ccci.org\/c-proactif\/annoncer-la-bonne-nouvelle\/\"},\"wordCount\":2614,\"commentCount\":0,\"publisher\":{\"@id\":\"https:\/\/wp-sites.ccci.org\/c-proactif\/#organization\"},\"image\":{\"@id\":\"https:\/\/wp-sites.ccci.org\/c-proactif\/annoncer-la-bonne-nouvelle\/#primaryimage\"},\"thumbnailUrl\":\"https:\/\/wp-sites.ccci.org\/c-proactif\/wp-content\/uploads\/sites\/393\/2020\/08\/2femmes-discussion-entreprise-scaled-1.jpg\",\"keywords\":[\"Annonce\",\"Bonne Nouvelle\",\"Evangile\",\"pri\u00e8re\",\"r\u00e9conciliation\",\"salut\",\"t\u00e9moignage\",\"travail\"],\"articleSection\":[\"R\u00e9pondre \u00e0 notre appel\"],\"inLanguage\":\"fr-FR\",\"potentialAction\":[{\"@type\":\"CommentAction\",\"name\":\"Comment\",\"target\":[\"https:\/\/wp-sites.ccci.org\/c-proactif\/annoncer-la-bonne-nouvelle\/#respond\"]}]},{\"@type\":\"WebPage\",\"@id\":\"https:\/\/wp-sites.ccci.org\/c-proactif\/annoncer-la-bonne-nouvelle\/\",\"url\":\"https:\/\/wp-sites.ccci.org\/c-proactif\/annoncer-la-bonne-nouvelle\/\",\"name\":\"Annoncer la Bonne Nouvelle - C-PROACTIF\",\"isPartOf\":{\"@id\":\"https:\/\/wp-sites.ccci.org\/c-proactif\/#website\"},\"primaryImageOfPage\":{\"@id\":\"https:\/\/wp-sites.ccci.org\/c-proactif\/annoncer-la-bonne-nouvelle\/#primaryimage\"},\"image\":{\"@id\":\"https:\/\/wp-sites.ccci.org\/c-proactif\/annoncer-la-bonne-nouvelle\/#primaryimage\"},\"thumbnailUrl\":\"https:\/\/wp-sites.ccci.org\/c-proactif\/wp-content\/uploads\/sites\/393\/2020\/08\/2femmes-discussion-entreprise-scaled-1.jpg\",\"datePublished\":\"2020-08-19T09:05:55+00:00\",\"dateModified\":\"2023-12-22T12:37:15+00:00\",\"description\":\"Nous sommes ambassadeurs de la r\u00e9conciliation et appel\u00e9s \u00e0 rendre t\u00e9moignage de notre foi \u00e0 nos proches. Mais jusqu'o\u00f9 le \\\"dire\\\" au travail ?\",\"breadcrumb\":{\"@id\":\"https:\/\/wp-sites.ccci.org\/c-proactif\/annoncer-la-bonne-nouvelle\/#breadcrumb\"},\"inLanguage\":\"fr-FR\",\"potentialAction\":[{\"@type\":\"ReadAction\",\"target\":[\"https:\/\/wp-sites.ccci.org\/c-proactif\/annoncer-la-bonne-nouvelle\/\"]}]},{\"@type\":\"ImageObject\",\"inLanguage\":\"fr-FR\",\"@id\":\"https:\/\/wp-sites.ccci.org\/c-proactif\/annoncer-la-bonne-nouvelle\/#primaryimage\",\"url\":\"https:\/\/wp-sites.ccci.org\/c-proactif\/wp-content\/uploads\/sites\/393\/2020\/08\/2femmes-discussion-entreprise-scaled-1.jpg\",\"contentUrl\":\"https:\/\/wp-sites.ccci.org\/c-proactif\/wp-content\/uploads\/sites\/393\/2020\/08\/2femmes-discussion-entreprise-scaled-1.jpg\",\"width\":2560,\"height\":1883,\"caption\":\"deux femmes endiscussion dans ll'esapce repos d'une entreprise\"},{\"@type\":\"BreadcrumbList\",\"@id\":\"https:\/\/wp-sites.ccci.org\/c-proactif\/annoncer-la-bonne-nouvelle\/#breadcrumb\",\"itemListElement\":[{\"@type\":\"ListItem\",\"position\":1,\"name\":\"Accueil\",\"item\":\"https:\/\/wp-sites.ccci.org\/c-proactif\/\"},{\"@type\":\"ListItem\",\"position\":2,\"name\":\"R\u00e9pondre \u00e0 notre appel\",\"item\":\"https:\/\/wp-sites.ccci.org\/c-proactif\/theme\/repondre-a-notre-appel\/\"},{\"@type\":\"ListItem\",\"position\":3,\"name\":\"Annoncer la Bonne Nouvelle\"}]},{\"@type\":\"WebSite\",\"@id\":\"https:\/\/wp-sites.ccci.org\/c-proactif\/#website\",\"url\":\"https:\/\/wp-sites.ccci.org\/c-proactif\/\",\"name\":\"C-PROACTIF\",\"description\":\"R\u00e9seau professionnel chr\u00e9tien\",\"publisher\":{\"@id\":\"https:\/\/wp-sites.ccci.org\/c-proactif\/#organization\"},\"potentialAction\":[{\"@type\":\"SearchAction\",\"target\":{\"@type\":\"EntryPoint\",\"urlTemplate\":\"https:\/\/wp-sites.ccci.org\/c-proactif\/?s={search_term_string}\"},\"query-input\":{\"@type\":\"PropertyValueSpecification\",\"valueRequired\":true,\"valueName\":\"search_term_string\"}}],\"inLanguage\":\"fr-FR\"},{\"@type\":\"Organization\",\"@id\":\"https:\/\/wp-sites.ccci.org\/c-proactif\/#organization\",\"name\":\"C-PROACTIF\",\"url\":\"https:\/\/wp-sites.ccci.org\/c-proactif\/\",\"logo\":{\"@type\":\"ImageObject\",\"inLanguage\":\"fr-FR\",\"@id\":\"https:\/\/wp-sites.ccci.org\/c-proactif\/#\/schema\/logo\/image\/\",\"url\":\"https:\/\/wp-sites.ccci.org\/c-proactif\/wp-content\/uploads\/sites\/393\/2021\/05\/logo-baseline-blanc-300.png\",\"contentUrl\":\"https:\/\/wp-sites.ccci.org\/c-proactif\/wp-content\/uploads\/sites\/393\/2021\/05\/logo-baseline-blanc-300.png\",\"width\":300,\"height\":113,\"caption\":\"C-PROACTIF\"},\"image\":{\"@id\":\"https:\/\/wp-sites.ccci.org\/c-proactif\/#\/schema\/logo\/image\/\"}},{\"@type\":\"Person\",\"@id\":\"https:\/\/wp-sites.ccci.org\/c-proactif\/#\/schema\/person\/31baa806e67e95311c4c17fad287a4d2\",\"name\":\"Anne-Marie HUSSON\",\"image\":{\"@type\":\"ImageObject\",\"inLanguage\":\"fr-FR\",\"@id\":\"https:\/\/wp-sites.ccci.org\/c-proactif\/#\/schema\/person\/image\/\",\"url\":\"https:\/\/secure.gravatar.com\/avatar\/8610b2dea99ccb68a80717332fcf6000967063200f783c057fb3812ac2517470?s=96&d=mm&r=g\",\"contentUrl\":\"https:\/\/secure.gravatar.com\/avatar\/8610b2dea99ccb68a80717332fcf6000967063200f783c057fb3812ac2517470?s=96&d=mm&r=g\",\"caption\":\"Anne-Marie HUSSON\"},\"description\":\"D\u00e9l\u00e9gu\u00e9e fran\u00e7aise au Forum Mondial du travail du Comit\u00e9 de Lausanne. Consultante ind\u00e9pendante en strat\u00e9gie et innovation de la formation professionnelle. 22 ans de minist\u00e8re au sein d\u2019AGAPE FRANCE, Chef de projet e-learning au sein de diverses institutions (CCI et Universit\u00e9)\"}]}<\/script>\n<!-- \/ Yoast SEO plugin. -->","yoast_head_json":{"title":"Annoncer la Bonne Nouvelle - C-PROACTIF","description":"Nous sommes ambassadeurs de la r\u00e9conciliation et appel\u00e9s \u00e0 rendre t\u00e9moignage de notre foi \u00e0 nos proches. Mais jusqu'o\u00f9 le \"dire\" au travail ?","robots":{"index":"noindex","follow":"follow","max-snippet":"max-snippet:-1","max-image-preview":"max-image-preview:large","max-video-preview":"max-video-preview:-1"},"og_locale":"fr_FR","og_type":"article","og_title":"Annoncer la Bonne Nouvelle - C-PROACTIF","og_description":"Nous sommes ambassadeurs de la r\u00e9conciliation et appel\u00e9s \u00e0 rendre t\u00e9moignage de notre foi \u00e0 nos proches. Mais jusqu'o\u00f9 le \"dire\" au travail ?","og_url":"https:\/\/wp-sites.ccci.org\/c-proactif\/annoncer-la-bonne-nouvelle\/","og_site_name":"C-PROACTIF","article_published_time":"2020-08-19T09:05:55+00:00","article_modified_time":"2023-12-22T12:37:15+00:00","og_image":[{"width":2560,"height":1883,"url":"https:\/\/wp-sites.ccci.org\/c-proactif\/wp-content\/uploads\/sites\/393\/2020\/08\/2femmes-discussion-entreprise-scaled-1.jpg","type":"image\/jpeg"}],"author":"Anne-Marie HUSSON","twitter_card":"summary_large_image","twitter_misc":{"\u00c9crit par":"Anne-Marie HUSSON","Dur\u00e9e de lecture estim\u00e9e":"13 minutes"},"schema":{"@context":"https:\/\/schema.org","@graph":[{"@type":"Article","@id":"https:\/\/wp-sites.ccci.org\/c-proactif\/annoncer-la-bonne-nouvelle\/#article","isPartOf":{"@id":"https:\/\/wp-sites.ccci.org\/c-proactif\/annoncer-la-bonne-nouvelle\/"},"author":{"name":"Anne-Marie HUSSON","@id":"https:\/\/wp-sites.ccci.org\/c-proactif\/#\/schema\/person\/31baa806e67e95311c4c17fad287a4d2"},"headline":"Annoncer la Bonne Nouvelle","datePublished":"2020-08-19T09:05:55+00:00","dateModified":"2023-12-22T12:37:15+00:00","mainEntityOfPage":{"@id":"https:\/\/wp-sites.ccci.org\/c-proactif\/annoncer-la-bonne-nouvelle\/"},"wordCount":2614,"commentCount":0,"publisher":{"@id":"https:\/\/wp-sites.ccci.org\/c-proactif\/#organization"},"image":{"@id":"https:\/\/wp-sites.ccci.org\/c-proactif\/annoncer-la-bonne-nouvelle\/#primaryimage"},"thumbnailUrl":"https:\/\/wp-sites.ccci.org\/c-proactif\/wp-content\/uploads\/sites\/393\/2020\/08\/2femmes-discussion-entreprise-scaled-1.jpg","keywords":["Annonce","Bonne Nouvelle","Evangile","pri\u00e8re","r\u00e9conciliation","salut","t\u00e9moignage","travail"],"articleSection":["R\u00e9pondre \u00e0 notre appel"],"inLanguage":"fr-FR","potentialAction":[{"@type":"CommentAction","name":"Comment","target":["https:\/\/wp-sites.ccci.org\/c-proactif\/annoncer-la-bonne-nouvelle\/#respond"]}]},{"@type":"WebPage","@id":"https:\/\/wp-sites.ccci.org\/c-proactif\/annoncer-la-bonne-nouvelle\/","url":"https:\/\/wp-sites.ccci.org\/c-proactif\/annoncer-la-bonne-nouvelle\/","name":"Annoncer la Bonne Nouvelle - C-PROACTIF","isPartOf":{"@id":"https:\/\/wp-sites.ccci.org\/c-proactif\/#website"},"primaryImageOfPage":{"@id":"https:\/\/wp-sites.ccci.org\/c-proactif\/annoncer-la-bonne-nouvelle\/#primaryimage"},"image":{"@id":"https:\/\/wp-sites.ccci.org\/c-proactif\/annoncer-la-bonne-nouvelle\/#primaryimage"},"thumbnailUrl":"https:\/\/wp-sites.ccci.org\/c-proactif\/wp-content\/uploads\/sites\/393\/2020\/08\/2femmes-discussion-entreprise-scaled-1.jpg","datePublished":"2020-08-19T09:05:55+00:00","dateModified":"2023-12-22T12:37:15+00:00","description":"Nous sommes ambassadeurs de la r\u00e9conciliation et appel\u00e9s \u00e0 rendre t\u00e9moignage de notre foi \u00e0 nos proches. Mais jusqu'o\u00f9 le \"dire\" au travail ?","breadcrumb":{"@id":"https:\/\/wp-sites.ccci.org\/c-proactif\/annoncer-la-bonne-nouvelle\/#breadcrumb"},"inLanguage":"fr-FR","potentialAction":[{"@type":"ReadAction","target":["https:\/\/wp-sites.ccci.org\/c-proactif\/annoncer-la-bonne-nouvelle\/"]}]},{"@type":"ImageObject","inLanguage":"fr-FR","@id":"https:\/\/wp-sites.ccci.org\/c-proactif\/annoncer-la-bonne-nouvelle\/#primaryimage","url":"https:\/\/wp-sites.ccci.org\/c-proactif\/wp-content\/uploads\/sites\/393\/2020\/08\/2femmes-discussion-entreprise-scaled-1.jpg","contentUrl":"https:\/\/wp-sites.ccci.org\/c-proactif\/wp-content\/uploads\/sites\/393\/2020\/08\/2femmes-discussion-entreprise-scaled-1.jpg","width":2560,"height":1883,"caption":"deux femmes endiscussion dans ll'esapce repos d'une entreprise"},{"@type":"BreadcrumbList","@id":"https:\/\/wp-sites.ccci.org\/c-proactif\/annoncer-la-bonne-nouvelle\/#breadcrumb","itemListElement":[{"@type":"ListItem","position":1,"name":"Accueil","item":"https:\/\/wp-sites.ccci.org\/c-proactif\/"},{"@type":"ListItem","position":2,"name":"R\u00e9pondre \u00e0 notre appel","item":"https:\/\/wp-sites.ccci.org\/c-proactif\/theme\/repondre-a-notre-appel\/"},{"@type":"ListItem","position":3,"name":"Annoncer la Bonne Nouvelle"}]},{"@type":"WebSite","@id":"https:\/\/wp-sites.ccci.org\/c-proactif\/#website","url":"https:\/\/wp-sites.ccci.org\/c-proactif\/","name":"C-PROACTIF","description":"R\u00e9seau professionnel chr\u00e9tien","publisher":{"@id":"https:\/\/wp-sites.ccci.org\/c-proactif\/#organization"},"potentialAction":[{"@type":"SearchAction","target":{"@type":"EntryPoint","urlTemplate":"https:\/\/wp-sites.ccci.org\/c-proactif\/?s={search_term_string}"},"query-input":{"@type":"PropertyValueSpecification","valueRequired":true,"valueName":"search_term_string"}}],"inLanguage":"fr-FR"},{"@type":"Organization","@id":"https:\/\/wp-sites.ccci.org\/c-proactif\/#organization","name":"C-PROACTIF","url":"https:\/\/wp-sites.ccci.org\/c-proactif\/","logo":{"@type":"ImageObject","inLanguage":"fr-FR","@id":"https:\/\/wp-sites.ccci.org\/c-proactif\/#\/schema\/logo\/image\/","url":"https:\/\/wp-sites.ccci.org\/c-proactif\/wp-content\/uploads\/sites\/393\/2021\/05\/logo-baseline-blanc-300.png","contentUrl":"https:\/\/wp-sites.ccci.org\/c-proactif\/wp-content\/uploads\/sites\/393\/2021\/05\/logo-baseline-blanc-300.png","width":300,"height":113,"caption":"C-PROACTIF"},"image":{"@id":"https:\/\/wp-sites.ccci.org\/c-proactif\/#\/schema\/logo\/image\/"}},{"@type":"Person","@id":"https:\/\/wp-sites.ccci.org\/c-proactif\/#\/schema\/person\/31baa806e67e95311c4c17fad287a4d2","name":"Anne-Marie HUSSON","image":{"@type":"ImageObject","inLanguage":"fr-FR","@id":"https:\/\/wp-sites.ccci.org\/c-proactif\/#\/schema\/person\/image\/","url":"https:\/\/secure.gravatar.com\/avatar\/8610b2dea99ccb68a80717332fcf6000967063200f783c057fb3812ac2517470?s=96&d=mm&r=g","contentUrl":"https:\/\/secure.gravatar.com\/avatar\/8610b2dea99ccb68a80717332fcf6000967063200f783c057fb3812ac2517470?s=96&d=mm&r=g","caption":"Anne-Marie HUSSON"},"description":"D\u00e9l\u00e9gu\u00e9e fran\u00e7aise au Forum Mondial du travail du Comit\u00e9 de Lausanne. Consultante ind\u00e9pendante en strat\u00e9gie et innovation de la formation professionnelle. 22 ans de minist\u00e8re au sein d\u2019AGAPE FRANCE, Chef de projet e-learning au sein de diverses institutions (CCI et Universit\u00e9)"}]}},"jetpack_featured_media_url":"https:\/\/wp-sites.ccci.org\/c-proactif\/wp-content\/uploads\/sites\/393\/2020\/08\/2femmes-discussion-entreprise-scaled-1.jpg","meta_box":[],"_links":{"self":[{"href":"https:\/\/wp-sites.ccci.org\/c-proactif\/wp-json\/wp\/v2\/posts\/3145","targetHints":{"allow":["GET"]}}],"collection":[{"href":"https:\/\/wp-sites.ccci.org\/c-proactif\/wp-json\/wp\/v2\/posts"}],"about":[{"href":"https:\/\/wp-sites.ccci.org\/c-proactif\/wp-json\/wp\/v2\/types\/post"}],"author":[{"embeddable":true,"href":"https:\/\/wp-sites.ccci.org\/c-proactif\/wp-json\/wp\/v2\/users\/14333"}],"replies":[{"embeddable":true,"href":"https:\/\/wp-sites.ccci.org\/c-proactif\/wp-json\/wp\/v2\/comments?post=3145"}],"version-history":[{"count":1,"href":"https:\/\/wp-sites.ccci.org\/c-proactif\/wp-json\/wp\/v2\/posts\/3145\/revisions"}],"predecessor-version":[{"id":13239,"href":"https:\/\/wp-sites.ccci.org\/c-proactif\/wp-json\/wp\/v2\/posts\/3145\/revisions\/13239"}],"wp:featuredmedia":[{"embeddable":true,"href":"https:\/\/wp-sites.ccci.org\/c-proactif\/wp-json\/wp\/v2\/media\/3167"}],"wp:attachment":[{"href":"https:\/\/wp-sites.ccci.org\/c-proactif\/wp-json\/wp\/v2\/media?parent=3145"}],"wp:term":[{"taxonomy":"category","embeddable":true,"href":"https:\/\/wp-sites.ccci.org\/c-proactif\/wp-json\/wp\/v2\/categories?post=3145"},{"taxonomy":"post_tag","embeddable":true,"href":"https:\/\/wp-sites.ccci.org\/c-proactif\/wp-json\/wp\/v2\/tags?post=3145"}],"curies":[{"name":"wp","href":"https:\/\/api.w.org\/{rel}","templated":true}]}}