{"id":438,"date":"2019-07-11T15:07:49","date_gmt":"2019-07-11T13:07:49","guid":{"rendered":"https:\/\/test.c-proactif.org\/?p=438"},"modified":"2023-12-22T13:30:05","modified_gmt":"2023-12-22T12:30:05","slug":"plan-initial1-shalom","status":"publish","type":"post","link":"https:\/\/wp-sites.ccci.org\/c-proactif\/plan-initial1-shalom\/","title":{"rendered":"Dieu a voulu le travail pour nous b\u00e9nir\u00a0!"},"content":{"rendered":"\t\t<div data-elementor-type=\"wp-post\" data-elementor-id=\"438\" class=\"elementor elementor-438\" data-elementor-post-type=\"post\">\n\t\t\t\t\t\t<section data-particle_enable=\"false\" data-particle-mobile-disabled=\"false\" class=\"elementor-section elementor-top-section elementor-element elementor-element-290ef06 hidden elementor-section-boxed elementor-section-height-default elementor-section-height-default\" data-id=\"290ef06\" data-element_type=\"section\">\n\t\t\t\t\t\t<div class=\"elementor-container elementor-column-gap-default\">\n\t\t\t\t\t<div class=\"elementor-column elementor-col-100 elementor-top-column elementor-element elementor-element-1c20c73\" data-id=\"1c20c73\" data-element_type=\"column\">\n\t\t\t<div class=\"elementor-widget-wrap elementor-element-populated\">\n\t\t\t\t\t\t<div class=\"elementor-element elementor-element-0600dc6 elementor-widget elementor-widget-image\" data-id=\"0600dc6\" data-element_type=\"widget\" data-widget_type=\"image.default\">\n\t\t\t\t<div class=\"elementor-widget-container\">\n\t\t\t\t\t\t\t\t\t\t\t\t\t\t\t<img decoding=\"async\" src=\"https:\/\/wp-sites.ccci.org\/c-proactif\/wp-content\/uploads\/sites\/393\/2019\/07\/logo-gris.png?w=300\" title=\"logo-gris\" alt=\"logo-gris\" loading=\"lazy\" \/>\t\t\t\t\t\t\t\t\t\t\t\t\t\t\t<\/div>\n\t\t\t\t<\/div>\n\t\t\t\t\t<\/div>\n\t\t<\/div>\n\t\t\t\t\t<\/div>\n\t\t<\/section>\n\t\t\t\t<section data-particle_enable=\"false\" data-particle-mobile-disabled=\"false\" class=\"elementor-section elementor-top-section elementor-element elementor-element-1895efe9 intro elementor-section-boxed elementor-section-height-default elementor-section-height-default\" data-id=\"1895efe9\" data-element_type=\"section\">\n\t\t\t\t\t\t<div class=\"elementor-container elementor-column-gap-default\">\n\t\t\t\t\t<div class=\"elementor-column elementor-col-100 elementor-top-column elementor-element elementor-element-14994a39\" data-id=\"14994a39\" data-element_type=\"column\">\n\t\t\t<div class=\"elementor-widget-wrap elementor-element-populated\">\n\t\t\t\t\t\t<div class=\"elementor-element elementor-element-59fe6bbf elementor-widget elementor-widget-text-editor\" data-id=\"59fe6bbf\" data-element_type=\"widget\" data-widget_type=\"text-editor.default\">\n\t\t\t\t<div class=\"elementor-widget-container\">\n\t\t\t\t\t\t\t\t\t<p>\u00ab\u00a0Quel travail\u00a0!\u00a0\u00bb Quand nous utilisons cette exclamation, c\u2019est rarement pour d\u00e9crire quelque chose de plaisant, bien au contraire\u00a0! Le travail nous appara\u00eet souvent comme usant, fastidieux ou ennuyeux. Et pourtant, nous DEVONS tous travailler ! Personne ne peut \u00e9chapper \u00e0 cette r\u00e9alit\u00e9 et m\u00eame Paul nous dit que \u00ab\u00a0celui qui ne veut pas travailler ne mange pas non plus\u00a0\u00bb 2 Th 3:11<\/p><p>Alors qu\u2019en est-il du plan initial de Dieu pour le travail\u00a0? Dieu nous aurait-il mis volontairement dans quelque chose d\u2019ingrat et de st\u00e9rile\u00a0? Nous allons d\u00e9couvrir dans cet article l\u2019un des premiers objectifs du plan initial de Dieu pour le travail\u00a0: rien de moins que nous b\u00e9nir ! Nous permettre de vivre dans un bien-\u00eatre profond, le fameux \u00ab\u00a0shalom\u00a0\u00bb que Dieu veut r\u00e9pandre sur l\u2019esp\u00e8ce humaine\u00a0!<\/p>\t\t\t\t\t\t\t\t<\/div>\n\t\t\t\t<\/div>\n\t\t\t\t\t<\/div>\n\t\t<\/div>\n\t\t\t\t\t<\/div>\n\t\t<\/section>\n\t\t\t\t<section data-particle_enable=\"false\" data-particle-mobile-disabled=\"false\" class=\"elementor-section elementor-top-section elementor-element elementor-element-10df7932 elementor-section-boxed elementor-section-height-default elementor-section-height-default\" data-id=\"10df7932\" data-element_type=\"section\">\n\t\t\t\t\t\t<div class=\"elementor-container elementor-column-gap-default\">\n\t\t\t\t\t<div class=\"elementor-column elementor-col-50 elementor-top-column elementor-element elementor-element-34395a4f\" data-id=\"34395a4f\" data-element_type=\"column\">\n\t\t\t<div class=\"elementor-widget-wrap elementor-element-populated\">\n\t\t\t\t\t\t<div class=\"elementor-element elementor-element-2fb1b4eb elementor-widget elementor-widget-text-editor\" data-id=\"2fb1b4eb\" data-element_type=\"widget\" data-widget_type=\"text-editor.default\">\n\t\t\t\t<div class=\"elementor-widget-container\">\n\t\t\t\t\t\t\t\t\t<p>Afin de d\u00e9velopper une th\u00e9ologie biblique du travail, notamment pour comprendre le plan initial de Dieu pour le travail, nous devons explorer les deux premiers chapitres de la Gen\u00e8se. Ils sont une source in\u00e9puisable de commentaires pour toutes sortes de sujets mais aussi pour le travail. Ces deux premiers chapitres ne suffisent pas cependant \u00e0 d\u00e9velopper toute une th\u00e9ologie, c\u2019est pourquoi, les points soulev\u00e9s devront \u00eatre consolid\u00e9s par d\u2019autres textes de la Parole de Dieu.<\/p>\t\t\t\t\t\t\t\t<\/div>\n\t\t\t\t<\/div>\n\t\t\t\t\t<\/div>\n\t\t<\/div>\n\t\t\t\t<div class=\"elementor-column elementor-col-50 elementor-top-column elementor-element elementor-element-1b88bf5a\" data-id=\"1b88bf5a\" data-element_type=\"column\">\n\t\t\t<div class=\"elementor-widget-wrap elementor-element-populated\">\n\t\t\t\t\t\t<div class=\"elementor-element elementor-element-2f684cb7 elementor-widget elementor-widget-image\" data-id=\"2f684cb7\" data-element_type=\"widget\" data-widget_type=\"image.default\">\n\t\t\t\t<div class=\"elementor-widget-container\">\n\t\t\t\t\t\t\t\t\t\t\t\t\t\t\t<img decoding=\"async\" src=\"https:\/\/wp-sites.ccci.org\/c-proactif\/wp-content\/uploads\/sites\/393\/2019\/07\/plenitude.jpg?w=640\" title=\"plenitude\" alt=\"joie, pl\u00e9nitude\" loading=\"lazy\" \/>\t\t\t\t\t\t\t\t\t\t\t\t\t\t\t<\/div>\n\t\t\t\t<\/div>\n\t\t\t\t\t<\/div>\n\t\t<\/div>\n\t\t\t\t\t<\/div>\n\t\t<\/section>\n\t\t\t\t<section data-particle_enable=\"false\" data-particle-mobile-disabled=\"false\" class=\"elementor-section elementor-top-section elementor-element elementor-element-4e9ce84c elementor-section-boxed elementor-section-height-default elementor-section-height-default\" data-id=\"4e9ce84c\" data-element_type=\"section\">\n\t\t\t\t\t\t<div class=\"elementor-container elementor-column-gap-default\">\n\t\t\t\t\t<div class=\"elementor-column elementor-col-100 elementor-top-column elementor-element elementor-element-40125b4d\" data-id=\"40125b4d\" data-element_type=\"column\">\n\t\t\t<div class=\"elementor-widget-wrap elementor-element-populated\">\n\t\t\t\t\t\t<div class=\"elementor-element elementor-element-7e420c1a elementor-widget elementor-widget-text-editor\" data-id=\"7e420c1a\" data-element_type=\"widget\" data-widget_type=\"text-editor.default\">\n\t\t\t\t<div class=\"elementor-widget-container\">\n\t\t\t\t\t\t\t\t\t<h2>1. Dieu travaille<\/h2><blockquote><p>\u00ab\u00a0Dieu, au commencement, cr\u00e9a \u2026\u00a0\u00bb Gn 1:1<br \/>\u00ab\u00a0Le septi\u00e8me jour, Dieu mit un terme \u00e0 son travail de cr\u00e9ation. Il se reposa\u2026\u00a0\u00bb Gn 2:2-3<\/p><\/blockquote><p>Notre Dieu est donc un Dieu qui travaille\u00a0! Le travail n\u2019est donc pas incompatible avec la perfection de Dieu, sa saintet\u00e9, sa puissance\u00a0: il en est m\u00eame l\u2019expression\u00a0! C\u2019est par le travail accompli par Dieu, ce que nous appelons \u2018ses \u0153uvres\u2019, que Dieu d\u00e9voile sa puissance et sa gloire. Et le travail de Dieu ne s\u2019arr\u00eate pas \u00e0 la cr\u00e9ation\u00a0: dans toute la Bible, nous le voyons \u00e0 l\u2019\u0153uvre. Dans le d\u00e9luge, dans l\u2019ouverture de la mer Rouge, dans la fa\u00e7on dont il arr\u00eate la course du soleil (Es 38\u00a0:8), dont il gouverne le monde et les rois \u2026 mais aussi dans toutes les petites choses qui maintiennent chaque jour sa cr\u00e9ation en \u00e9quilibre (Col 1:17). La Parole de Dieu parle de Lui comme le potier (Es 64\u00a0:7) mais aussi comme le vigneron (Jn 15\u00a0:1) ou le berger (Ps 23). J\u00e9sus aussi a pass\u00e9 la majorit\u00e9 de sa vie sur terre \u00e0 travailler comme charpentier (Mc 6:3) et les paraboles qu\u2019il d\u00e9veloppe tout au long de son enseignement d\u00e9montrent qu\u2019il n\u2019est pas \u00e9tranger aux activit\u00e9s professionnelles de ses contemporains. J\u00e9sus travaille aujourd\u2019hui encore\u00a0: <a href=\"https:\/\/wp-sites.ccci.org\/c-proactif\/\/plan-initial1-shalom\/\">c\u2019est Lui qui maintient le monde par la puissance de sa parole<\/a> (Col 1\u00a0:17)<\/p><h2>2. Cr\u00e9\u00e9 \u00e0 l\u2019<span style=\"color: #f06b04;\">image de Dieu<\/span>, l\u2019homme est lui aussi destin\u00e9 au travail<\/h2><h3>Un statut unique<\/h3><p>Dieu a cr\u00e9\u00e9 l\u2019homme \u00e0 son image. Il s\u2019agit l\u00e0 d\u2019une consid\u00e9ration profonde qui implique de bien comprendre ce que cela implique pour notre identit\u00e9. L\u2019homme n\u2019est pas de m\u00eame nature que les autres cr\u00e9atures de Dieu. Dieu a mis en lui son souffle (Gn 2:7) et, ce faisant, Il lui a donn\u00e9 de refl\u00e9ter sa propre identit\u00e9. En cr\u00e9ant l\u2019homme, Dieu a cr\u00e9\u00e9 un vis-\u00e0-vis avec certains de ses attributs afin de pouvoir entrer dans une relation d\u2019amour et de partage avec lui.<\/p><h3>Un reflet conforme de son identit\u00e9<\/h3><p>Approfondissons un peu plus : nous sommes cr\u00e9\u00e9s \u00e0 l\u2019image de Dieu ! Une image est quelque chose qui \u00e9voque le mod\u00e8le, elle a des caract\u00e9ristiques qui font penser au mod\u00e8le. Les deux premiers chapitres de la Gen\u00e8se soulignent deux caract\u00e9ristiques essentielles de l\u2019identit\u00e9 de Dieu que nous pouvons retrouver dans l\u2019homme : une dimension relationnelle (au sein de la Trinit\u00e9 elle-m\u00eame et dans sa volont\u00e9 de cr\u00e9er l\u2019homme pour avoir une relation avec lui) et une dimension de productivit\u00e9, de providence (Gn 2 : 2-3). Ainsi donc, par son travail, l\u2019homme agit \u00e0 l\u2019image de son cr\u00e9ateur et lui rend gloire. Par son expertise, par sa cr\u00e9ativit\u00e9, par le soin apport\u00e9 aux travaux entrepris, par la beaut\u00e9 qu\u2019il engendre, par l\u2019ordre et l\u2019organisation que son travail produit, l\u2019homme agit \u00e0 l\u2019image de Dieu. Et il lui rend gloire car il entre dans les pas de son cr\u00e9ateur et donne \u00e0 voir (un peu !) de son inventivit\u00e9, de sa providence, de son intelligence. L\u2019homme cr\u00e9\u00e9 \u00e0 l\u2019image de Dieu travaille comme son cr\u00e9ateur travaille ! Et cela est bon car toute la cr\u00e9ation originelle est bonne.<\/p><h2>3. Dieu a voulu le travail bon pour l\u2019homme<\/h2><p>Le travail fait partie du plan cr\u00e9ationnel de Dieu pour l\u2019homme\u00a0! Dieu a cr\u00e9\u00e9 l\u2019homme a son image, pour que comme Lui, il travaille\u00a0! Le travail n\u2019est pas une punition mais au contraire un moyen d\u2019\u00e9panouissement, une fa\u00e7on de nous inclure dans le projet de Dieu pour sa cr\u00e9ation. Dieu fait de nous, les humains des co-g\u00e9rants dans son immense dessein divin l Et si Dieu l\u2019a fait, ce n\u2019est pas pour nous utiliser ou nous asservir mais bien pour nous faire entrer dans son \u2018shalom\u2019\u00a0: cet \u00e9tat de pl\u00e9nitude, d\u2019enti\u00e8ret\u00e9 de notre \u00eatre, de repos et de paix qui ne trouve qu\u2019en Dieu, en \u00e9tant pleinement connect\u00e9 \u00e0 Lui et au plein c\u0153ur de sa volont\u00e9. \u00ab\u00a0Moi, je suis venu pour que les hommes aient la vie et qu\u2019ils l\u2019aient en abondance (en shalom)\u00a0\u00bb (Jn 10:10)<\/p>\t\t\t\t\t\t\t\t<\/div>\n\t\t\t\t<\/div>\n\t\t\t\t\t<\/div>\n\t\t<\/div>\n\t\t\t\t\t<\/div>\n\t\t<\/section>\n\t\t\t\t<section data-particle_enable=\"false\" data-particle-mobile-disabled=\"false\" class=\"elementor-section elementor-top-section elementor-element elementor-element-9fd2150 elementor-section-boxed elementor-section-height-default elementor-section-height-default\" data-id=\"9fd2150\" data-element_type=\"section\">\n\t\t\t\t\t\t<div class=\"elementor-container elementor-column-gap-default\">\n\t\t\t\t\t<div class=\"elementor-column elementor-col-100 elementor-top-column elementor-element elementor-element-ababb27\" data-id=\"ababb27\" data-element_type=\"column\">\n\t\t\t<div class=\"elementor-widget-wrap elementor-element-populated\">\n\t\t\t\t\t\t<div class=\"elementor-element elementor-element-8611896 conclusion elementor-widget elementor-widget-text-editor\" data-id=\"8611896\" data-element_type=\"widget\" data-widget_type=\"text-editor.default\">\n\t\t\t\t<div class=\"elementor-widget-container\">\n\t\t\t\t\t\t\t\t\t<h3>En conclusion <\/h3><p>Le travail n\u2019est donc pas une punition mais une b\u00e9n\u00e9diction\u00a0! Le travail nous accomplit en tant qu\u2019\u00eatre humain, cr\u00e9\u00e9 \u00e0 l\u2019image de Dieu. Il nous r\u00e9v\u00e8le \u00e0 nous m\u00eame. Il nous permet de d\u00e9couvrir et d\u2019exercer nos dons. Il nous rend utile aux autres. Il nous met en relation avec les autres. Il donne du sens \u00e0 nos activit\u00e9s. Il nous met en joie et nous rend heureux. Le travail est notre source de shalom\u00a0!<\/p>\t\t\t\t\t\t\t\t<\/div>\n\t\t\t\t<\/div>\n\t\t\t\t\t<\/div>\n\t\t<\/div>\n\t\t\t\t\t<\/div>\n\t\t<\/section>\n\t\t\t\t<section data-particle_enable=\"false\" data-particle-mobile-disabled=\"false\" class=\"elementor-section elementor-top-section elementor-element elementor-element-1159b307 elementor-section-boxed elementor-section-height-default elementor-section-height-default\" data-id=\"1159b307\" data-element_type=\"section\">\n\t\t\t\t\t\t<div class=\"elementor-container elementor-column-gap-default\">\n\t\t\t\t\t<div class=\"elementor-column elementor-col-100 elementor-top-column elementor-element elementor-element-73b5bf44\" data-id=\"73b5bf44\" data-element_type=\"column\">\n\t\t\t<div class=\"elementor-widget-wrap elementor-element-populated\">\n\t\t\t\t\t\t<div class=\"elementor-element elementor-element-3c89a3b further elementor-widget elementor-widget-text-editor\" data-id=\"3c89a3b\" data-element_type=\"widget\" data-widget_type=\"text-editor.default\">\n\t\t\t\t<div class=\"elementor-widget-container\">\n\t\t\t\t\t\t\t\t\t<h3>APPROFONDIR SEUL &#8211; OU MIEUX &#8211; EN PETITS GROUPES<\/h3><p><strong>Discussion :\u00a0<\/strong><\/p><p>Choisissez une exp\u00e9rience de votre vie professionnelle o\u00f9 vous vous \u00eates senti vraiment \u00e0 votre place, heureux de v\u00e9rifier que tout ce que vous \u00eates, vos dons, vos connaissances, tout ce qui vous pla\u00eet dans la vie ont \u00e9t\u00e9 en harmonie afin de r\u00e9aliser votre activit\u00e9.<br \/>\u2022 Qu\u2019est-ce qui s\u2019est mis en harmonie \u00e0 ce moment-l\u00e0 pour vous donner cette sensation de pl\u00e9nitude\u00a0?<br \/>\u2022 Qu\u2019est-ce qui provenait de vous\u00a0? des autres\u00a0? du contexte\u00a0? Qu\u2019est-ce que cela vous a permis de donner aux autres\u00a0?<br \/>\u2022 Qu\u2019est-ce qu\u2019il faudrait pour que cela se reproduise plus souvent\u00a0?<\/p><p>En quoi votre travail est-il une b\u00e9n\u00e9diction\u00a0?<br \/>\u2022 Que vous apporte-t-il \u00e0 vous\u00a0?<br \/>\u2022 Que vous permet-il d\u2019apporter aux autres\u00a0? Qui b\u00e9nissez-vous par votre travail\u00a0?<\/p><p><strong>Application :<\/strong><\/p><p>Remerciez Dieu pour tous les aspects positifs et b\u00e9n\u00e9fiques de votre travail. Et si cela est difficile parce que notre vie professionnelle est moins \u00e9panouissante que cette promesse, demandons-lui de changer notre regard sur notre vie professionnelle afin de l\u2019ajuster \u00e0 cette v\u00e9rit\u00e9 de la Parole de Dieu.<\/p>\t\t\t\t\t\t\t\t<\/div>\n\t\t\t\t<\/div>\n\t\t\t\t\t<\/div>\n\t\t<\/div>\n\t\t\t\t\t<\/div>\n\t\t<\/section>\n\t\t\t\t<\/div>\n\t\t","protected":false},"excerpt":{"rendered":"<p>\u00ab Quel travail ! \u00bb Quand nous utilisons cette exclamation, c\u2019est rarement pour d\u00e9crire quelque chose de plaisant, bien au contraire ! Le travail nous appara\u00eet souvent comme usant, fastidieux ou ennuyeux. Et pourtant, nous DEVONS tous travailler !<\/p>\n","protected":false},"author":14333,"featured_media":443,"comment_status":"open","ping_status":"closed","sticky":false,"template":"","format":"quote","meta":{"site-sidebar-layout":"default","site-content-layout":"default","ast-site-content-layout":"default","site-content-style":"default","site-sidebar-style":"default","ast-global-header-display":"","ast-banner-title-visibility":"","ast-main-header-display":"","ast-hfb-above-header-display":"","ast-hfb-below-header-display":"","ast-hfb-mobile-header-display":"","site-post-title":"","ast-breadcrumbs-content":"","ast-featured-img":"","footer-sml-layout":"","ast-disable-related-posts":"","theme-transparent-header-meta":"default","adv-header-id-meta":"","stick-header-meta":"","header-above-stick-meta":"","header-main-stick-meta":"","header-below-stick-meta":"","astra-migrate-meta-layouts":"default","ast-page-background-enabled":"default","ast-page-background-meta":{"desktop":{"background-color":"","background-image":"","background-repeat":"repeat","background-position":"center center","background-size":"auto","background-attachment":"scroll","background-type":"","background-media":"","overlay-type":"","overlay-color":"","overlay-opacity":"","overlay-gradient":""},"tablet":{"background-color":"","background-image":"","background-repeat":"repeat","background-position":"center center","background-size":"auto","background-attachment":"scroll","background-type":"","background-media":"","overlay-type":"","overlay-color":"","overlay-opacity":"","overlay-gradient":""},"mobile":{"background-color":"","background-image":"","background-repeat":"repeat","background-position":"center center","background-size":"auto","background-attachment":"scroll","background-type":"","background-media":"","overlay-type":"","overlay-color":"","overlay-opacity":"","overlay-gradient":""}},"ast-content-background-meta":{"desktop":{"background-color":"var(--ast-global-color-5)","background-image":"","background-repeat":"repeat","background-position":"center center","background-size":"auto","background-attachment":"scroll","background-type":"","background-media":"","overlay-type":"","overlay-color":"","overlay-opacity":"","overlay-gradient":""},"tablet":{"background-color":"var(--ast-global-color-5)","background-image":"","background-repeat":"repeat","background-position":"center center","background-size":"auto","background-attachment":"scroll","background-type":"","background-media":"","overlay-type":"","overlay-color":"","overlay-opacity":"","overlay-gradient":""},"mobile":{"background-color":"var(--ast-global-color-5)","background-image":"","background-repeat":"repeat","background-position":"center center","background-size":"auto","background-attachment":"scroll","background-type":"","background-media":"","overlay-type":"","overlay-color":"","overlay-opacity":"","overlay-gradient":""}},"footnotes":""},"categories":[2,3],"tags":[],"class_list":["post-438","post","type-post","status-publish","format-quote","has-post-thumbnail","hentry","category-doctrine-biblique-du-travail","category-1-plan-initial","post_format-post-format-quote"],"yoast_head":"<!-- This site is optimized with the Yoast SEO plugin v26.7 - https:\/\/yoast.com\/wordpress\/plugins\/seo\/ -->\n<title>Dieu a voulu le travail pour nous b\u00e9nir\u00a0! - C-PROACTIF<\/title>\n<meta name=\"description\" content=\"Nous travaillons, tout comme Dieu le fait, car nous sommes cr\u00e9\u00e9s \u00e0 son image. Dieu nous a donn\u00e9 le travail comme une b\u00e9n\u00e9diction, pour notre &quot;shalom&quot;.\" \/>\n<meta name=\"robots\" content=\"noindex, follow, max-snippet:-1, max-image-preview:large, max-video-preview:-1\" \/>\n<meta property=\"og:locale\" content=\"fr_FR\" \/>\n<meta property=\"og:type\" content=\"article\" \/>\n<meta property=\"og:title\" content=\"Dieu a voulu le travail pour nous b\u00e9nir\u00a0! - C-PROACTIF\" \/>\n<meta property=\"og:description\" content=\"Nous travaillons, tout comme Dieu le fait, car nous sommes cr\u00e9\u00e9s \u00e0 son image. Dieu nous a donn\u00e9 le travail comme une b\u00e9n\u00e9diction, pour notre &quot;shalom&quot;.\" \/>\n<meta property=\"og:url\" content=\"https:\/\/wp-sites.ccci.org\/c-proactif\/plan-initial1-shalom\/\" \/>\n<meta property=\"og:site_name\" content=\"C-PROACTIF\" \/>\n<meta property=\"article:published_time\" content=\"2019-07-11T13:07:49+00:00\" \/>\n<meta property=\"article:modified_time\" content=\"2023-12-22T12:30:05+00:00\" \/>\n<meta property=\"og:image\" content=\"https:\/\/wp-sites.ccci.org\/c-proactif\/wp-content\/uploads\/sites\/393\/2019\/07\/plenitude.jpg\" \/>\n\t<meta property=\"og:image:width\" content=\"640\" \/>\n\t<meta property=\"og:image:height\" content=\"427\" \/>\n\t<meta property=\"og:image:type\" content=\"image\/jpeg\" \/>\n<meta name=\"author\" content=\"Anne-Marie HUSSON\" \/>\n<meta name=\"twitter:card\" content=\"summary_large_image\" \/>\n<meta name=\"twitter:label1\" content=\"\u00c9crit par\" \/>\n\t<meta name=\"twitter:data1\" content=\"Anne-Marie HUSSON\" \/>\n\t<meta name=\"twitter:label2\" content=\"Dur\u00e9e de lecture estim\u00e9e\" \/>\n\t<meta name=\"twitter:data2\" content=\"7 minutes\" \/>\n<script type=\"application\/ld+json\" class=\"yoast-schema-graph\">{\"@context\":\"https:\/\/schema.org\",\"@graph\":[{\"@type\":\"Article\",\"@id\":\"https:\/\/wp-sites.ccci.org\/c-proactif\/plan-initial1-shalom\/#article\",\"isPartOf\":{\"@id\":\"https:\/\/wp-sites.ccci.org\/c-proactif\/plan-initial1-shalom\/\"},\"author\":{\"name\":\"Anne-Marie HUSSON\",\"@id\":\"https:\/\/wp-sites.ccci.org\/c-proactif\/#\/schema\/person\/31baa806e67e95311c4c17fad287a4d2\"},\"headline\":\"Dieu a voulu le travail pour nous b\u00e9nir\u00a0!\",\"datePublished\":\"2019-07-11T13:07:49+00:00\",\"dateModified\":\"2023-12-22T12:30:05+00:00\",\"mainEntityOfPage\":{\"@id\":\"https:\/\/wp-sites.ccci.org\/c-proactif\/plan-initial1-shalom\/\"},\"wordCount\":1219,\"commentCount\":0,\"publisher\":{\"@id\":\"https:\/\/wp-sites.ccci.org\/c-proactif\/#organization\"},\"image\":{\"@id\":\"https:\/\/wp-sites.ccci.org\/c-proactif\/plan-initial1-shalom\/#primaryimage\"},\"thumbnailUrl\":\"https:\/\/wp-sites.ccci.org\/c-proactif\/wp-content\/uploads\/sites\/393\/2019\/07\/plenitude.jpg\",\"articleSection\":[\"Doctrine biblique du travail\",\"Le plan initial de Dieu\"],\"inLanguage\":\"fr-FR\",\"potentialAction\":[{\"@type\":\"CommentAction\",\"name\":\"Comment\",\"target\":[\"https:\/\/wp-sites.ccci.org\/c-proactif\/plan-initial1-shalom\/#respond\"]}]},{\"@type\":\"WebPage\",\"@id\":\"https:\/\/wp-sites.ccci.org\/c-proactif\/plan-initial1-shalom\/\",\"url\":\"https:\/\/wp-sites.ccci.org\/c-proactif\/plan-initial1-shalom\/\",\"name\":\"Dieu a voulu le travail pour nous b\u00e9nir\u00a0! - C-PROACTIF\",\"isPartOf\":{\"@id\":\"https:\/\/wp-sites.ccci.org\/c-proactif\/#website\"},\"primaryImageOfPage\":{\"@id\":\"https:\/\/wp-sites.ccci.org\/c-proactif\/plan-initial1-shalom\/#primaryimage\"},\"image\":{\"@id\":\"https:\/\/wp-sites.ccci.org\/c-proactif\/plan-initial1-shalom\/#primaryimage\"},\"thumbnailUrl\":\"https:\/\/wp-sites.ccci.org\/c-proactif\/wp-content\/uploads\/sites\/393\/2019\/07\/plenitude.jpg\",\"datePublished\":\"2019-07-11T13:07:49+00:00\",\"dateModified\":\"2023-12-22T12:30:05+00:00\",\"description\":\"Nous travaillons, tout comme Dieu le fait, car nous sommes cr\u00e9\u00e9s \u00e0 son image. Dieu nous a donn\u00e9 le travail comme une b\u00e9n\u00e9diction, pour notre \\\"shalom\\\".\",\"breadcrumb\":{\"@id\":\"https:\/\/wp-sites.ccci.org\/c-proactif\/plan-initial1-shalom\/#breadcrumb\"},\"inLanguage\":\"fr-FR\",\"potentialAction\":[{\"@type\":\"ReadAction\",\"target\":[\"https:\/\/wp-sites.ccci.org\/c-proactif\/plan-initial1-shalom\/\"]}]},{\"@type\":\"ImageObject\",\"inLanguage\":\"fr-FR\",\"@id\":\"https:\/\/wp-sites.ccci.org\/c-proactif\/plan-initial1-shalom\/#primaryimage\",\"url\":\"https:\/\/wp-sites.ccci.org\/c-proactif\/wp-content\/uploads\/sites\/393\/2019\/07\/plenitude.jpg\",\"contentUrl\":\"https:\/\/wp-sites.ccci.org\/c-proactif\/wp-content\/uploads\/sites\/393\/2019\/07\/plenitude.jpg\",\"width\":640,\"height\":427,\"caption\":\"joie, pl\u00e9nitude\"},{\"@type\":\"BreadcrumbList\",\"@id\":\"https:\/\/wp-sites.ccci.org\/c-proactif\/plan-initial1-shalom\/#breadcrumb\",\"itemListElement\":[{\"@type\":\"ListItem\",\"position\":1,\"name\":\"Accueil\",\"item\":\"https:\/\/wp-sites.ccci.org\/c-proactif\/\"},{\"@type\":\"ListItem\",\"position\":2,\"name\":\"Doctrine biblique du travail\",\"item\":\"https:\/\/wp-sites.ccci.org\/c-proactif\/theme\/doctrine-biblique-du-travail\/\"},{\"@type\":\"ListItem\",\"position\":3,\"name\":\"Le plan initial de Dieu\",\"item\":\"https:\/\/wp-sites.ccci.org\/c-proactif\/theme\/doctrine-biblique-du-travail\/#1-plan-initial\/\"},{\"@type\":\"ListItem\",\"position\":4,\"name\":\"Dieu a voulu le travail pour nous b\u00e9nir\u00a0!\"}]},{\"@type\":\"WebSite\",\"@id\":\"https:\/\/wp-sites.ccci.org\/c-proactif\/#website\",\"url\":\"https:\/\/wp-sites.ccci.org\/c-proactif\/\",\"name\":\"C-PROACTIF\",\"description\":\"R\u00e9seau professionnel chr\u00e9tien\",\"publisher\":{\"@id\":\"https:\/\/wp-sites.ccci.org\/c-proactif\/#organization\"},\"potentialAction\":[{\"@type\":\"SearchAction\",\"target\":{\"@type\":\"EntryPoint\",\"urlTemplate\":\"https:\/\/wp-sites.ccci.org\/c-proactif\/?s={search_term_string}\"},\"query-input\":{\"@type\":\"PropertyValueSpecification\",\"valueRequired\":true,\"valueName\":\"search_term_string\"}}],\"inLanguage\":\"fr-FR\"},{\"@type\":\"Organization\",\"@id\":\"https:\/\/wp-sites.ccci.org\/c-proactif\/#organization\",\"name\":\"C-PROACTIF\",\"url\":\"https:\/\/wp-sites.ccci.org\/c-proactif\/\",\"logo\":{\"@type\":\"ImageObject\",\"inLanguage\":\"fr-FR\",\"@id\":\"https:\/\/wp-sites.ccci.org\/c-proactif\/#\/schema\/logo\/image\/\",\"url\":\"https:\/\/wp-sites.ccci.org\/c-proactif\/wp-content\/uploads\/sites\/393\/2021\/05\/logo-baseline-blanc-300.png\",\"contentUrl\":\"https:\/\/wp-sites.ccci.org\/c-proactif\/wp-content\/uploads\/sites\/393\/2021\/05\/logo-baseline-blanc-300.png\",\"width\":300,\"height\":113,\"caption\":\"C-PROACTIF\"},\"image\":{\"@id\":\"https:\/\/wp-sites.ccci.org\/c-proactif\/#\/schema\/logo\/image\/\"}},{\"@type\":\"Person\",\"@id\":\"https:\/\/wp-sites.ccci.org\/c-proactif\/#\/schema\/person\/31baa806e67e95311c4c17fad287a4d2\",\"name\":\"Anne-Marie HUSSON\",\"image\":{\"@type\":\"ImageObject\",\"inLanguage\":\"fr-FR\",\"@id\":\"https:\/\/wp-sites.ccci.org\/c-proactif\/#\/schema\/person\/image\/\",\"url\":\"https:\/\/secure.gravatar.com\/avatar\/8610b2dea99ccb68a80717332fcf6000967063200f783c057fb3812ac2517470?s=96&d=mm&r=g\",\"contentUrl\":\"https:\/\/secure.gravatar.com\/avatar\/8610b2dea99ccb68a80717332fcf6000967063200f783c057fb3812ac2517470?s=96&d=mm&r=g\",\"caption\":\"Anne-Marie HUSSON\"},\"description\":\"D\u00e9l\u00e9gu\u00e9e fran\u00e7aise au Forum Mondial du travail du Comit\u00e9 de Lausanne. Consultante ind\u00e9pendante en strat\u00e9gie et innovation de la formation professionnelle. 22 ans de minist\u00e8re au sein d\u2019AGAPE FRANCE, Chef de projet e-learning au sein de diverses institutions (CCI et Universit\u00e9)\"}]}<\/script>\n<!-- \/ Yoast SEO plugin. -->","yoast_head_json":{"title":"Dieu a voulu le travail pour nous b\u00e9nir\u00a0! - C-PROACTIF","description":"Nous travaillons, tout comme Dieu le fait, car nous sommes cr\u00e9\u00e9s \u00e0 son image. Dieu nous a donn\u00e9 le travail comme une b\u00e9n\u00e9diction, pour notre \"shalom\".","robots":{"index":"noindex","follow":"follow","max-snippet":"max-snippet:-1","max-image-preview":"max-image-preview:large","max-video-preview":"max-video-preview:-1"},"og_locale":"fr_FR","og_type":"article","og_title":"Dieu a voulu le travail pour nous b\u00e9nir\u00a0! - C-PROACTIF","og_description":"Nous travaillons, tout comme Dieu le fait, car nous sommes cr\u00e9\u00e9s \u00e0 son image. Dieu nous a donn\u00e9 le travail comme une b\u00e9n\u00e9diction, pour notre \"shalom\".","og_url":"https:\/\/wp-sites.ccci.org\/c-proactif\/plan-initial1-shalom\/","og_site_name":"C-PROACTIF","article_published_time":"2019-07-11T13:07:49+00:00","article_modified_time":"2023-12-22T12:30:05+00:00","og_image":[{"width":640,"height":427,"url":"https:\/\/wp-sites.ccci.org\/c-proactif\/wp-content\/uploads\/sites\/393\/2019\/07\/plenitude.jpg","type":"image\/jpeg"}],"author":"Anne-Marie HUSSON","twitter_card":"summary_large_image","twitter_misc":{"\u00c9crit par":"Anne-Marie HUSSON","Dur\u00e9e de lecture estim\u00e9e":"7 minutes"},"schema":{"@context":"https:\/\/schema.org","@graph":[{"@type":"Article","@id":"https:\/\/wp-sites.ccci.org\/c-proactif\/plan-initial1-shalom\/#article","isPartOf":{"@id":"https:\/\/wp-sites.ccci.org\/c-proactif\/plan-initial1-shalom\/"},"author":{"name":"Anne-Marie HUSSON","@id":"https:\/\/wp-sites.ccci.org\/c-proactif\/#\/schema\/person\/31baa806e67e95311c4c17fad287a4d2"},"headline":"Dieu a voulu le travail pour nous b\u00e9nir\u00a0!","datePublished":"2019-07-11T13:07:49+00:00","dateModified":"2023-12-22T12:30:05+00:00","mainEntityOfPage":{"@id":"https:\/\/wp-sites.ccci.org\/c-proactif\/plan-initial1-shalom\/"},"wordCount":1219,"commentCount":0,"publisher":{"@id":"https:\/\/wp-sites.ccci.org\/c-proactif\/#organization"},"image":{"@id":"https:\/\/wp-sites.ccci.org\/c-proactif\/plan-initial1-shalom\/#primaryimage"},"thumbnailUrl":"https:\/\/wp-sites.ccci.org\/c-proactif\/wp-content\/uploads\/sites\/393\/2019\/07\/plenitude.jpg","articleSection":["Doctrine biblique du travail","Le plan initial de Dieu"],"inLanguage":"fr-FR","potentialAction":[{"@type":"CommentAction","name":"Comment","target":["https:\/\/wp-sites.ccci.org\/c-proactif\/plan-initial1-shalom\/#respond"]}]},{"@type":"WebPage","@id":"https:\/\/wp-sites.ccci.org\/c-proactif\/plan-initial1-shalom\/","url":"https:\/\/wp-sites.ccci.org\/c-proactif\/plan-initial1-shalom\/","name":"Dieu a voulu le travail pour nous b\u00e9nir\u00a0! - C-PROACTIF","isPartOf":{"@id":"https:\/\/wp-sites.ccci.org\/c-proactif\/#website"},"primaryImageOfPage":{"@id":"https:\/\/wp-sites.ccci.org\/c-proactif\/plan-initial1-shalom\/#primaryimage"},"image":{"@id":"https:\/\/wp-sites.ccci.org\/c-proactif\/plan-initial1-shalom\/#primaryimage"},"thumbnailUrl":"https:\/\/wp-sites.ccci.org\/c-proactif\/wp-content\/uploads\/sites\/393\/2019\/07\/plenitude.jpg","datePublished":"2019-07-11T13:07:49+00:00","dateModified":"2023-12-22T12:30:05+00:00","description":"Nous travaillons, tout comme Dieu le fait, car nous sommes cr\u00e9\u00e9s \u00e0 son image. Dieu nous a donn\u00e9 le travail comme une b\u00e9n\u00e9diction, pour notre \"shalom\".","breadcrumb":{"@id":"https:\/\/wp-sites.ccci.org\/c-proactif\/plan-initial1-shalom\/#breadcrumb"},"inLanguage":"fr-FR","potentialAction":[{"@type":"ReadAction","target":["https:\/\/wp-sites.ccci.org\/c-proactif\/plan-initial1-shalom\/"]}]},{"@type":"ImageObject","inLanguage":"fr-FR","@id":"https:\/\/wp-sites.ccci.org\/c-proactif\/plan-initial1-shalom\/#primaryimage","url":"https:\/\/wp-sites.ccci.org\/c-proactif\/wp-content\/uploads\/sites\/393\/2019\/07\/plenitude.jpg","contentUrl":"https:\/\/wp-sites.ccci.org\/c-proactif\/wp-content\/uploads\/sites\/393\/2019\/07\/plenitude.jpg","width":640,"height":427,"caption":"joie, pl\u00e9nitude"},{"@type":"BreadcrumbList","@id":"https:\/\/wp-sites.ccci.org\/c-proactif\/plan-initial1-shalom\/#breadcrumb","itemListElement":[{"@type":"ListItem","position":1,"name":"Accueil","item":"https:\/\/wp-sites.ccci.org\/c-proactif\/"},{"@type":"ListItem","position":2,"name":"Doctrine biblique du travail","item":"https:\/\/wp-sites.ccci.org\/c-proactif\/theme\/doctrine-biblique-du-travail\/"},{"@type":"ListItem","position":3,"name":"Le plan initial de Dieu","item":"https:\/\/wp-sites.ccci.org\/c-proactif\/theme\/doctrine-biblique-du-travail\/#1-plan-initial\/"},{"@type":"ListItem","position":4,"name":"Dieu a voulu le travail pour nous b\u00e9nir\u00a0!"}]},{"@type":"WebSite","@id":"https:\/\/wp-sites.ccci.org\/c-proactif\/#website","url":"https:\/\/wp-sites.ccci.org\/c-proactif\/","name":"C-PROACTIF","description":"R\u00e9seau professionnel chr\u00e9tien","publisher":{"@id":"https:\/\/wp-sites.ccci.org\/c-proactif\/#organization"},"potentialAction":[{"@type":"SearchAction","target":{"@type":"EntryPoint","urlTemplate":"https:\/\/wp-sites.ccci.org\/c-proactif\/?s={search_term_string}"},"query-input":{"@type":"PropertyValueSpecification","valueRequired":true,"valueName":"search_term_string"}}],"inLanguage":"fr-FR"},{"@type":"Organization","@id":"https:\/\/wp-sites.ccci.org\/c-proactif\/#organization","name":"C-PROACTIF","url":"https:\/\/wp-sites.ccci.org\/c-proactif\/","logo":{"@type":"ImageObject","inLanguage":"fr-FR","@id":"https:\/\/wp-sites.ccci.org\/c-proactif\/#\/schema\/logo\/image\/","url":"https:\/\/wp-sites.ccci.org\/c-proactif\/wp-content\/uploads\/sites\/393\/2021\/05\/logo-baseline-blanc-300.png","contentUrl":"https:\/\/wp-sites.ccci.org\/c-proactif\/wp-content\/uploads\/sites\/393\/2021\/05\/logo-baseline-blanc-300.png","width":300,"height":113,"caption":"C-PROACTIF"},"image":{"@id":"https:\/\/wp-sites.ccci.org\/c-proactif\/#\/schema\/logo\/image\/"}},{"@type":"Person","@id":"https:\/\/wp-sites.ccci.org\/c-proactif\/#\/schema\/person\/31baa806e67e95311c4c17fad287a4d2","name":"Anne-Marie HUSSON","image":{"@type":"ImageObject","inLanguage":"fr-FR","@id":"https:\/\/wp-sites.ccci.org\/c-proactif\/#\/schema\/person\/image\/","url":"https:\/\/secure.gravatar.com\/avatar\/8610b2dea99ccb68a80717332fcf6000967063200f783c057fb3812ac2517470?s=96&d=mm&r=g","contentUrl":"https:\/\/secure.gravatar.com\/avatar\/8610b2dea99ccb68a80717332fcf6000967063200f783c057fb3812ac2517470?s=96&d=mm&r=g","caption":"Anne-Marie HUSSON"},"description":"D\u00e9l\u00e9gu\u00e9e fran\u00e7aise au Forum Mondial du travail du Comit\u00e9 de Lausanne. Consultante ind\u00e9pendante en strat\u00e9gie et innovation de la formation professionnelle. 22 ans de minist\u00e8re au sein d\u2019AGAPE FRANCE, Chef de projet e-learning au sein de diverses institutions (CCI et Universit\u00e9)"}]}},"jetpack_featured_media_url":"https:\/\/wp-sites.ccci.org\/c-proactif\/wp-content\/uploads\/sites\/393\/2019\/07\/plenitude.jpg","meta_box":[],"_links":{"self":[{"href":"https:\/\/wp-sites.ccci.org\/c-proactif\/wp-json\/wp\/v2\/posts\/438","targetHints":{"allow":["GET"]}}],"collection":[{"href":"https:\/\/wp-sites.ccci.org\/c-proactif\/wp-json\/wp\/v2\/posts"}],"about":[{"href":"https:\/\/wp-sites.ccci.org\/c-proactif\/wp-json\/wp\/v2\/types\/post"}],"author":[{"embeddable":true,"href":"https:\/\/wp-sites.ccci.org\/c-proactif\/wp-json\/wp\/v2\/users\/14333"}],"replies":[{"embeddable":true,"href":"https:\/\/wp-sites.ccci.org\/c-proactif\/wp-json\/wp\/v2\/comments?post=438"}],"version-history":[{"count":21,"href":"https:\/\/wp-sites.ccci.org\/c-proactif\/wp-json\/wp\/v2\/posts\/438\/revisions"}],"predecessor-version":[{"id":11893,"href":"https:\/\/wp-sites.ccci.org\/c-proactif\/wp-json\/wp\/v2\/posts\/438\/revisions\/11893"}],"wp:featuredmedia":[{"embeddable":true,"href":"https:\/\/wp-sites.ccci.org\/c-proactif\/wp-json\/wp\/v2\/media\/443"}],"wp:attachment":[{"href":"https:\/\/wp-sites.ccci.org\/c-proactif\/wp-json\/wp\/v2\/media?parent=438"}],"wp:term":[{"taxonomy":"category","embeddable":true,"href":"https:\/\/wp-sites.ccci.org\/c-proactif\/wp-json\/wp\/v2\/categories?post=438"},{"taxonomy":"post_tag","embeddable":true,"href":"https:\/\/wp-sites.ccci.org\/c-proactif\/wp-json\/wp\/v2\/tags?post=438"}],"curies":[{"name":"wp","href":"https:\/\/api.w.org\/{rel}","templated":true}]}}