{"id":5321,"date":"2019-04-29T18:04:28","date_gmt":"2019-04-29T16:04:28","guid":{"rendered":"http:\/\/test.c-proactif.org\/?p=8"},"modified":"2023-12-22T13:23:28","modified_gmt":"2023-12-22T12:23:28","slug":"place-du-travail-dans-notre-vie-chretienne","status":"publish","type":"post","link":"https:\/\/wp-sites.ccci.org\/c-proactif\/place-du-travail-dans-notre-vie-chretienne\/","title":{"rendered":"Quelle place donner au travail dans notre vie chr\u00e9tienne ?"},"content":{"rendered":"\t\t<div data-elementor-type=\"wp-post\" data-elementor-id=\"5321\" class=\"elementor elementor-5321\" data-elementor-post-type=\"post\">\n\t\t\t\t\t\t<section data-particle_enable=\"false\" data-particle-mobile-disabled=\"false\" class=\"elementor-section elementor-top-section elementor-element elementor-element-d26e6d9 elementor-section-boxed elementor-section-height-default elementor-section-height-default\" data-id=\"d26e6d9\" data-element_type=\"section\">\n\t\t\t\t\t\t<div class=\"elementor-container elementor-column-gap-default\">\n\t\t\t\t\t<div class=\"elementor-column elementor-col-100 elementor-top-column elementor-element elementor-element-23fbc1c\" data-id=\"23fbc1c\" data-element_type=\"column\">\n\t\t\t<div class=\"elementor-widget-wrap elementor-element-populated\">\n\t\t\t\t\t\t<div class=\"elementor-element elementor-element-7f2c311 intro elementor-widget elementor-widget-text-editor\" data-id=\"7f2c311\" data-element_type=\"widget\" data-widget_type=\"text-editor.default\">\n\t\t\t\t<div class=\"elementor-widget-container\">\n\t\t\t\t\t\t\t\t\t<p>La question m\u00e9rite d\u2019\u00eatre pos\u00e9e mais sa r\u00e9ponse n\u2019est pas ais\u00e9e ! C\u2019est pourtant la question que se sont pos\u00e9e les 170 participants au colloque\u00a0national de ICCC France r\u00e9unis du 15 au 17 mars 2019 \u00e0 Paris. Ensemble, ils ont abord\u00e9 ce sujet difficile autour du th\u00e8me\u00a0:<\/p><p><strong>\u201cLA PLACE DE L\u2019EGLISE ET DU MONDE PROFESSIONNEL DANS LE ROYAUME DE DIEU\u201d<\/strong><\/p><p>En effet, comment concilier d\u2019une fa\u00e7on \u00e9quilibr\u00e9e l\u2019appel de J\u00e9sus de ne pas \u201c\u00eatre du monde\u201d tout en \u00e9tant \u201cenvoy\u00e9 dans le monde\u201d (Jean 17: 16, 18) ? O\u00f9 mettre le curseur ? O\u00f9 commence la compromission ? Mais aussi l\u2019abandon de notre appel ? C\u2019est une question centrale pour notre vie en tant que professionnels et chr\u00e9tiens en poste dans la soci\u00e9t\u00e9 civile. <strong>Et c\u2019est la r\u00e9ponse que nous apporterons \u00e0 cette question qui d\u00e9finira la place que nous accorderons au travail dans notre vie chr\u00e9tienne.<\/strong><\/p>\t\t\t\t\t\t\t\t<\/div>\n\t\t\t\t<\/div>\n\t\t\t\t\t<\/div>\n\t\t<\/div>\n\t\t\t\t\t<\/div>\n\t\t<\/section>\n\t\t\t\t<section data-particle_enable=\"false\" data-particle-mobile-disabled=\"false\" class=\"elementor-section elementor-top-section elementor-element elementor-element-a845cd3 elementor-section-boxed elementor-section-height-default elementor-section-height-default\" data-id=\"a845cd3\" data-element_type=\"section\">\n\t\t\t\t\t\t<div class=\"elementor-container elementor-column-gap-default\">\n\t\t\t\t\t<div class=\"elementor-column elementor-col-66 elementor-top-column elementor-element elementor-element-bd3b83f\" data-id=\"bd3b83f\" data-element_type=\"column\">\n\t\t\t<div class=\"elementor-widget-wrap elementor-element-populated\">\n\t\t\t\t\t\t<div class=\"elementor-element elementor-element-c82f1cb elementor-widget elementor-widget-heading\" data-id=\"c82f1cb\" data-element_type=\"widget\" data-widget_type=\"heading.default\">\n\t\t\t\t<div class=\"elementor-widget-container\">\n\t\t\t\t\t<h2 class=\"elementor-heading-title elementor-size-default\">Plusieurs points de vue<\/h2>\t\t\t\t<\/div>\n\t\t\t\t<\/div>\n\t\t\t\t<div class=\"elementor-element elementor-element-03a6964 elementor-widget elementor-widget-text-editor\" data-id=\"03a6964\" data-element_type=\"widget\" data-widget_type=\"text-editor.default\">\n\t\t\t\t<div class=\"elementor-widget-container\">\n\t\t\t\t\t\t\t\t\t<p>Plusieurs points de vue, du plus excluant au plus englobant co-existent\u00a0:<\/p><h3>1. Voir le travail comme un incontournable que nous devons subir<\/h3><p>Le travail selon ce point de vue est utile gagner notre vie mais l\u2019objectif est d\u2019y passer le moins de temps possible car ce n\u2019est pas l\u00e0 que se vit la vie chr\u00e9tienne v\u00e9ritable ;<\/p><h3>2. Voir le travail principalement comme un contexte d&rsquo;\u00e9vangelisation<\/h3><p>Selon ce point de vue, le travail est p\u00e9nible mais il a quand m\u00eame l&rsquo;avantage de nous permettre de rencontrer des personnes \u00e0 qui annoncer l&rsquo;Evangile et \u00e0 attirer dans nos \u00e9glises ;<\/p><h3>3. Voir le travail comme un mandat divin par lequel Dieu nous envoie pour \u00eatre sel et lumi\u00e8re dans le monde.<\/h3><p>Dans ce cas, le travail n&rsquo;est plus seulement utilitaire ou pr\u00e9texte pour annoncer l&rsquo;Evangile. Il est aussi important en lui-m\u00eame, comme un mandat divin, pour servir et b\u00e9nir la soci\u00e9t\u00e9 ;<\/p><h3>4. Voir le travail comme un moyen de changer la soci\u00e9t\u00e9 et d\u2019y apporter les valeurs de l\u2019\u00c9vangile.<\/h3><p>Selon ce point de vue, le travail n\u2019est pas seulement un moyen mais une fin en soi. Il fait du bien \u00e0 la soci\u00e9t\u00e9 mais sa finalit\u00e9 va bien au-del\u00e0 car son objectif est d&rsquo;\u00e9tablir le Royaume de Dieu sur terre, en christianisant la soci\u00e9t\u00e9 par notre influence.2.<\/p>\t\t\t\t\t\t\t\t<\/div>\n\t\t\t\t<\/div>\n\t\t\t\t\t<\/div>\n\t\t<\/div>\n\t\t\t\t<div class=\"elementor-column elementor-col-33 elementor-top-column elementor-element elementor-element-8b67a5d\" data-id=\"8b67a5d\" data-element_type=\"column\">\n\t\t\t<div class=\"elementor-widget-wrap elementor-element-populated\">\n\t\t\t\t\t\t<div class=\"elementor-element elementor-element-82e1e05 elementor-widget elementor-widget-image\" data-id=\"82e1e05\" data-element_type=\"widget\" data-widget_type=\"image.default\">\n\t\t\t\t<div class=\"elementor-widget-container\">\n\t\t\t\t\t\t\t\t\t\t\t\t\t\t\t<img decoding=\"async\" src=\"https:\/\/wp-sites.ccci.org\/c-proactif\/wp-content\/uploads\/sites\/393\/2019\/04\/place-eglise-travail.jpg?w=722\" title=\"place-eglise-travail\" alt=\"place-eglise-travail\" loading=\"lazy\" \/>\t\t\t\t\t\t\t\t\t\t\t\t\t\t\t<\/div>\n\t\t\t\t<\/div>\n\t\t\t\t\t<\/div>\n\t\t<\/div>\n\t\t\t\t\t<\/div>\n\t\t<\/section>\n\t\t\t\t<section data-particle_enable=\"false\" data-particle-mobile-disabled=\"false\" class=\"elementor-section elementor-top-section elementor-element elementor-element-05d36cb elementor-section-boxed elementor-section-height-default elementor-section-height-default\" data-id=\"05d36cb\" data-element_type=\"section\">\n\t\t\t\t\t\t<div class=\"elementor-container elementor-column-gap-default\">\n\t\t\t\t\t<div class=\"elementor-column elementor-col-100 elementor-top-column elementor-element elementor-element-a42d35e\" data-id=\"a42d35e\" data-element_type=\"column\">\n\t\t\t<div class=\"elementor-widget-wrap elementor-element-populated\">\n\t\t\t\t\t\t<div class=\"elementor-element elementor-element-27dc790 elementor-widget elementor-widget-heading\" data-id=\"27dc790\" data-element_type=\"widget\" data-widget_type=\"heading.default\">\n\t\t\t\t<div class=\"elementor-widget-container\">\n\t\t\t\t\t<h2 class=\"elementor-heading-title elementor-size-default\">A laquelle de ces diff\u00e9rentes positions adh\u00e9rez-vous spontan\u00e9ment&nbsp;?<\/h2>\t\t\t\t<\/div>\n\t\t\t\t<\/div>\n\t\t\t\t<div class=\"elementor-element elementor-element-5af99ef elementor-widget elementor-widget-text-editor\" data-id=\"5af99ef\" data-element_type=\"widget\" data-widget_type=\"text-editor.default\">\n\t\t\t\t<div class=\"elementor-widget-container\">\n\t\t\t\t\t\t\t\t\t<p>Nous avons eu lors de cette conf\u00e9rence, de multiples occasions de creuser les diff\u00e9rentes facettes de ce questionnement mais je voudrais retenir ce qui a \u00e9t\u00e9 pr\u00e9sent\u00e9 le samedi soir sur le th\u00e8me de la loi et de la gr\u00e2ce. Un sujet en apparence fort \u00e9loign\u00e9 de notre sujet\u00a0! Et pourtant, laissez-moi vous expliquer en quelques mots :<\/p><p><strong>La gr\u00e2ce acquise en J\u00e9sus supprime-t-elle la loi\u00a0? Quel doit \u00eatre la r\u00e8gle de conduite du chr\u00e9tien dans le monde et en particulier dans le monde du travail\u00a0?\u00a0\u00a0<\/strong>La loi de l\u2019Ancien Testament (613 commandements) avait pour objet de r\u00e9guler la vie en soci\u00e9t\u00e9 et elle concernait de fa\u00e7on non n\u00e9gligeable la vie professionnelle (commerce, mesures, poids, pr\u00eats, finances, contrats de travail\u2026). Sans loi, donc sans ordre, il est impossible de vivre de fa\u00e7on apais\u00e9e et \u00e9quitable.<\/p><p><strong>Cette loi a -t-elle \u00e9t\u00e9 abolie par la mort de J\u00e9sus\u00a0et ne nous concerne-t-elle plus ?\u00a0\u00a0<\/strong>Non, car J\u00e9sus n\u2019est pas venu abolir un seul iota de la loi (Mat 5:18) mais pour l\u2019accomplir, la perfectionner\u00a0! Il suffit, pour s\u2019en convaincre, de lire un seul petit passage du sermon sur la montagne pour r\u00e9aliser \u00e0 quel point le niveau d\u2019exigence s\u2019est \u00e9lev\u00e9 entre l\u2019Ancien Testament et l\u2019enseignement de J\u00e9sus.\u00a0<strong>Et c\u2019est ce nouveau standard d\u2019exigences qui est devenu pour nous chr\u00e9tiens, la \u00ab\u00a0loi du Royaume\u00a0\u00bb\u00a0!<\/strong>\u00a0Jacques l\u2019appelle la \u00ab\u00a0loi de la libert\u00e9\u00a0\u00bb (Jac 1:25). Un d\u00e9fi\u00a0impossible \u00e0 vivre sans la pl\u00e9nitude du Saint-Esprit ! Et c\u2019est justement pour cela que notre vie en tant qu\u2019enfants de Dieu ne peut \u00eatre v\u00e9cue qu\u2019avec le secours de Dieu\u00a0!<\/p>\t\t\t\t\t\t\t\t<\/div>\n\t\t\t\t<\/div>\n\t\t\t\t<div class=\"elementor-element elementor-element-6882ba7 elementor-blockquote--skin-border elementor-widget elementor-widget-blockquote\" data-id=\"6882ba7\" data-element_type=\"widget\" data-widget_type=\"blockquote.default\">\n\t\t\t\t<div class=\"elementor-widget-container\">\n\t\t\t\t\t\t\t<blockquote class=\"elementor-blockquote\">\n\t\t\t<p class=\"elementor-blockquote__content\">\n\t\t\t\t\u00ab Sans moi vous ne pouvez rien faire. \u00bb Jean 15:5\t\t\t<\/p>\n\t\t\t\t\t<\/blockquote>\n\t\t\t\t\t\t<\/div>\n\t\t\t\t<\/div>\n\t\t\t\t<div class=\"elementor-element elementor-element-bfdd77a elementor-widget elementor-widget-text-editor\" data-id=\"bfdd77a\" data-element_type=\"widget\" data-widget_type=\"text-editor.default\">\n\t\t\t\t<div class=\"elementor-widget-container\">\n\t\t\t\t\t\t\t\t\t<p>En cons\u00e9quence, \u00e0 la suite de cet enseignement, si nous tentons d\u2019apporter une r\u00e9ponse \u00e0 notre question initiale\u00a0:<br \/>\u00abQuelle place donner au travail dans notre vie chr\u00e9tienne ?\u00a0\u00bb, la solution d\u00e9coule d\u2019elle-m\u00eame.<\/p>\t\t\t\t\t\t\t\t<\/div>\n\t\t\t\t<\/div>\n\t\t\t\t<div class=\"elementor-element elementor-element-3a90fe9 elementor-widget elementor-widget-heading\" data-id=\"3a90fe9\" data-element_type=\"widget\" data-widget_type=\"heading.default\">\n\t\t\t\t<div class=\"elementor-widget-container\">\n\t\t\t\t\t<h2 class=\"elementor-heading-title elementor-size-default\">Nous sommes appel\u00e9s \u00e0 vivre dans le monde du travail comme des enfants de Dieu, c\u2019est-\u00e0-dire d\u2019y vivre selon \u201cla loi du Royaume\u201d.<\/h2>\t\t\t\t<\/div>\n\t\t\t\t<\/div>\n\t\t\t\t<div class=\"elementor-element elementor-element-3dd5e5b elementor-widget elementor-widget-text-editor\" data-id=\"3dd5e5b\" data-element_type=\"widget\" data-widget_type=\"text-editor.default\">\n\t\t\t\t<div class=\"elementor-widget-container\">\n\t\t\t\t\t\t\t\t\t<p>La soci\u00e9t\u00e9 et le monde du travail poss\u00e8dent leurs propres lois, souvent\u00a0vertueuses mais en aucun cas, conformes en tous points aux exigences de la loi du Royaume\u00a0!\u00a0 Nous nus attacherons donc \u00e0 les suivre dans\u00a0tout ce qu\u2019elles offrent de conforme mais\u00a0<strong>nous sommes appel\u00e9s \u00e0 les d\u00e9passer pour vivre selon \u201cla loi du Royaume\u201d par notre comportement, nos paroles, nos engagements. Nous serons alors vraiment \u201csel et l<\/strong><strong>umi\u00e8re\u201d pour ceux qui nous entourent. Nous leur donnerons alors l\u2019opportunit\u00e9 de go\u00fbter \u00e0 la pr\u00e9sence de Dieu \u00e0 travers nos vies et nous ferons la diff\u00e9rence\u00a0!<\/strong><\/p>\t\t\t\t\t\t\t\t<\/div>\n\t\t\t\t<\/div>\n\t\t\t\t\t<\/div>\n\t\t<\/div>\n\t\t\t\t\t<\/div>\n\t\t<\/section>\n\t\t\t\t<section data-particle_enable=\"false\" data-particle-mobile-disabled=\"false\" class=\"elementor-section elementor-top-section elementor-element elementor-element-a13ecde elementor-section-boxed elementor-section-height-default elementor-section-height-default\" data-id=\"a13ecde\" data-element_type=\"section\">\n\t\t\t\t\t\t<div class=\"elementor-container elementor-column-gap-default\">\n\t\t\t\t\t<div class=\"elementor-column elementor-col-100 elementor-top-column elementor-element elementor-element-fba9ea1\" data-id=\"fba9ea1\" data-element_type=\"column\">\n\t\t\t<div class=\"elementor-widget-wrap elementor-element-populated\">\n\t\t\t\t\t\t<div class=\"elementor-element elementor-element-5dd6b853 further elementor-widget elementor-widget-text-editor\" data-id=\"5dd6b853\" data-element_type=\"widget\" data-widget_type=\"text-editor.default\">\n\t\t\t\t<div class=\"elementor-widget-container\">\n\t\t\t\t\t\t\t\t\t<h3>APPROFONDIR SEUL OU EN PETIT GROUPE<\/h3>\nVoici quelques questions pour vous aider \u00e0 approfondir cet enseignement seul ou en petit groupe\u00a0:\n<ol>\n \t<li><strong>Quels sont \u00e0 votre avis, les arguments issus de la Parole de Dieu, permettant de valider chacune des 4 positions pr\u00e9sent\u00e9es en d\u00e9but de l\u2019article ? Qu\u2019en d\u00e9duisez-vous\u00a0? Votre avis initial est-il modifi\u00e9 suite \u00e0 cette recherche\u00a0?<\/strong><\/li>\n \t<li><strong>Sur quel domaine de comportement, d\u2019\u00e9thique suivez-vous d\u00e9j\u00e0 \u201cla loi du Royaume\u201d\u00a0? Quel effet cela a-t-il sur vos coll\u00e8gues, vos clients et d\u2019une fa\u00e7on g\u00e9n\u00e9rale sur le fonctionnement de votre service\u00a0?\u00a0<\/strong><\/li>\n \t<li><strong>Si notre responsabilit\u00e9 en tant qu\u2019enfant de Dieu est de suivre la loi du Royaume, quel que soit l\u2019environnement o\u00f9 nous nous trouvons, qu\u2019est-ce que cela implique ? En partant du sermon sur la montagne (Mat chap 5 \u00e0 7) mais aussi des recommandations de Romains chap 12, que devrions-nous faire \u00e9voluer\u00a0?\u00a0<\/strong><\/li>\n \t<li><strong>Votre secteur professionnel dispose sans doute d\u2019une charte \u00e9thique. L\u2019avez-vous lue\u00a0? Qu\u2019y trouvez-vous\u00a0? Les valeurs de votre milieu professionnel sont-elles align\u00e9es avec la loi du Royaume ? Comment g\u00e9rez les situations o\u00f9 elles ne le sont pas\u00a0?\u00a0<\/strong><\/li>\n<\/ol>\t\t\t\t\t\t\t\t<\/div>\n\t\t\t\t<\/div>\n\t\t\t\t\t<\/div>\n\t\t<\/div>\n\t\t\t\t\t<\/div>\n\t\t<\/section>\n\t\t\t\t<\/div>\n\t\t","protected":false},"excerpt":{"rendered":"<p>La question m\u00e9rite d\u2019\u00eatre pos\u00e9e mais sa r\u00e9ponse n\u2019est pas ais\u00e9e ! C\u2019est pourtant la question que se sont pos\u00e9e les 170 participants au colloque\u00a0national de ICCC France r\u00e9unis du [&hellip;]<\/p>\n","protected":false},"author":14333,"featured_media":30,"comment_status":"open","ping_status":"closed","sticky":false,"template":"","format":"quote","meta":{"site-sidebar-layout":"default","site-content-layout":"","ast-site-content-layout":"default","site-content-style":"default","site-sidebar-style":"default","ast-global-header-display":"","ast-banner-title-visibility":"","ast-main-header-display":"","ast-hfb-above-header-display":"","ast-hfb-below-header-display":"","ast-hfb-mobile-header-display":"","site-post-title":"","ast-breadcrumbs-content":"","ast-featured-img":"","footer-sml-layout":"","ast-disable-related-posts":"","theme-transparent-header-meta":"default","adv-header-id-meta":"","stick-header-meta":"","header-above-stick-meta":"","header-main-stick-meta":"","header-below-stick-meta":"","astra-migrate-meta-layouts":"set","ast-page-background-enabled":"default","ast-page-background-meta":{"desktop":{"background-color":"","background-image":"","background-repeat":"repeat","background-position":"center center","background-size":"auto","background-attachment":"scroll","background-type":"","background-media":"","overlay-type":"","overlay-color":"","overlay-opacity":"","overlay-gradient":""},"tablet":{"background-color":"","background-image":"","background-repeat":"repeat","background-position":"center center","background-size":"auto","background-attachment":"scroll","background-type":"","background-media":"","overlay-type":"","overlay-color":"","overlay-opacity":"","overlay-gradient":""},"mobile":{"background-color":"","background-image":"","background-repeat":"repeat","background-position":"center center","background-size":"auto","background-attachment":"scroll","background-type":"","background-media":"","overlay-type":"","overlay-color":"","overlay-opacity":"","overlay-gradient":""}},"ast-content-background-meta":{"desktop":{"background-color":"var(--ast-global-color-5)","background-image":"","background-repeat":"repeat","background-position":"center center","background-size":"auto","background-attachment":"scroll","background-type":"","background-media":"","overlay-type":"","overlay-color":"","overlay-opacity":"","overlay-gradient":""},"tablet":{"background-color":"var(--ast-global-color-5)","background-image":"","background-repeat":"repeat","background-position":"center center","background-size":"auto","background-attachment":"scroll","background-type":"","background-media":"","overlay-type":"","overlay-color":"","overlay-opacity":"","overlay-gradient":""},"mobile":{"background-color":"var(--ast-global-color-5)","background-image":"","background-repeat":"repeat","background-position":"center center","background-size":"auto","background-attachment":"scroll","background-type":"","background-media":"","overlay-type":"","overlay-color":"","overlay-opacity":"","overlay-gradient":""}},"footnotes":""},"categories":[13],"tags":[22,42,47,50,80,91,98,101],"class_list":["post-5321","post","type-post","status-publish","format-quote","has-post-thumbnail","hentry","category-vie-pratique-au-travail","tag-bible","tag-doctrine","tag-eglise","tag-ethique","tag-royaume","tag-societe","tag-temoignage","tag-travail","post_format-post-format-quote"],"yoast_head":"<!-- This site is optimized with the Yoast SEO plugin v26.7 - https:\/\/yoast.com\/wordpress\/plugins\/seo\/ -->\n<title>Quelle place donner au travail dans notre vie chr\u00e9tienne ? - C-PROACTIF<\/title>\n<meta name=\"description\" content=\"Comment vivre notre travail dans la perspective du Royaume de Dieu ? Quelle juste place devons-nous lui donner dans notre vie chr\u00e9tienne ?\" \/>\n<meta name=\"robots\" content=\"noindex, follow, max-snippet:-1, max-image-preview:large, max-video-preview:-1\" \/>\n<meta property=\"og:locale\" content=\"fr_FR\" \/>\n<meta property=\"og:type\" content=\"article\" \/>\n<meta property=\"og:title\" content=\"Quelle place donner au travail dans notre vie chr\u00e9tienne ? - C-PROACTIF\" \/>\n<meta property=\"og:description\" content=\"Comment vivre notre travail dans la perspective du Royaume de Dieu ? Quelle juste place devons-nous lui donner dans notre vie chr\u00e9tienne ?\" \/>\n<meta property=\"og:url\" content=\"https:\/\/wp-sites.ccci.org\/c-proactif\/place-du-travail-dans-notre-vie-chretienne\/\" \/>\n<meta property=\"og:site_name\" content=\"C-PROACTIF\" \/>\n<meta property=\"article:published_time\" content=\"2019-04-29T16:04:28+00:00\" \/>\n<meta property=\"article:modified_time\" content=\"2023-12-22T12:23:28+00:00\" \/>\n<meta property=\"og:image\" content=\"https:\/\/wp-sites.ccci.org\/c-proactif\/wp-content\/uploads\/sites\/393\/2019\/04\/place-eglise-travail.jpg\" \/>\n\t<meta property=\"og:image:width\" content=\"722\" \/>\n\t<meta property=\"og:image:height\" content=\"867\" \/>\n\t<meta property=\"og:image:type\" content=\"image\/jpeg\" \/>\n<meta name=\"author\" content=\"Anne-Marie HUSSON\" \/>\n<meta name=\"twitter:card\" content=\"summary_large_image\" \/>\n<meta name=\"twitter:label1\" content=\"\u00c9crit par\" \/>\n\t<meta name=\"twitter:data1\" content=\"Anne-Marie HUSSON\" \/>\n\t<meta name=\"twitter:label2\" content=\"Dur\u00e9e de lecture estim\u00e9e\" \/>\n\t<meta name=\"twitter:data2\" content=\"6 minutes\" \/>\n<script type=\"application\/ld+json\" class=\"yoast-schema-graph\">{\"@context\":\"https:\/\/schema.org\",\"@graph\":[{\"@type\":\"Article\",\"@id\":\"https:\/\/wp-sites.ccci.org\/c-proactif\/place-du-travail-dans-notre-vie-chretienne\/#article\",\"isPartOf\":{\"@id\":\"https:\/\/wp-sites.ccci.org\/c-proactif\/place-du-travail-dans-notre-vie-chretienne\/\"},\"author\":{\"name\":\"Anne-Marie HUSSON\",\"@id\":\"https:\/\/wp-sites.ccci.org\/c-proactif\/#\/schema\/person\/31baa806e67e95311c4c17fad287a4d2\"},\"headline\":\"Quelle place donner au travail dans notre vie chr\u00e9tienne ?\",\"datePublished\":\"2019-04-29T16:04:28+00:00\",\"dateModified\":\"2023-12-22T12:23:28+00:00\",\"mainEntityOfPage\":{\"@id\":\"https:\/\/wp-sites.ccci.org\/c-proactif\/place-du-travail-dans-notre-vie-chretienne\/\"},\"wordCount\":1068,\"commentCount\":0,\"publisher\":{\"@id\":\"https:\/\/wp-sites.ccci.org\/c-proactif\/#organization\"},\"image\":{\"@id\":\"https:\/\/wp-sites.ccci.org\/c-proactif\/place-du-travail-dans-notre-vie-chretienne\/#primaryimage\"},\"thumbnailUrl\":\"https:\/\/wp-sites.ccci.org\/c-proactif\/wp-content\/uploads\/sites\/393\/2019\/04\/place-eglise-travail.jpg\",\"keywords\":[\"Bible\",\"doctrine\",\"\u00c9glise\",\"\u00e9thique\",\"royaume\",\"soci\u00e9t\u00e9\",\"t\u00e9moignage\",\"travail\"],\"articleSection\":[\"Vie pratique au travail\"],\"inLanguage\":\"fr-FR\",\"potentialAction\":[{\"@type\":\"CommentAction\",\"name\":\"Comment\",\"target\":[\"https:\/\/wp-sites.ccci.org\/c-proactif\/place-du-travail-dans-notre-vie-chretienne\/#respond\"]}]},{\"@type\":\"WebPage\",\"@id\":\"https:\/\/wp-sites.ccci.org\/c-proactif\/place-du-travail-dans-notre-vie-chretienne\/\",\"url\":\"https:\/\/wp-sites.ccci.org\/c-proactif\/place-du-travail-dans-notre-vie-chretienne\/\",\"name\":\"Quelle place donner au travail dans notre vie chr\u00e9tienne ? - C-PROACTIF\",\"isPartOf\":{\"@id\":\"https:\/\/wp-sites.ccci.org\/c-proactif\/#website\"},\"primaryImageOfPage\":{\"@id\":\"https:\/\/wp-sites.ccci.org\/c-proactif\/place-du-travail-dans-notre-vie-chretienne\/#primaryimage\"},\"image\":{\"@id\":\"https:\/\/wp-sites.ccci.org\/c-proactif\/place-du-travail-dans-notre-vie-chretienne\/#primaryimage\"},\"thumbnailUrl\":\"https:\/\/wp-sites.ccci.org\/c-proactif\/wp-content\/uploads\/sites\/393\/2019\/04\/place-eglise-travail.jpg\",\"datePublished\":\"2019-04-29T16:04:28+00:00\",\"dateModified\":\"2023-12-22T12:23:28+00:00\",\"description\":\"Comment vivre notre travail dans la perspective du Royaume de Dieu ? Quelle juste place devons-nous lui donner dans notre vie chr\u00e9tienne ?\",\"breadcrumb\":{\"@id\":\"https:\/\/wp-sites.ccci.org\/c-proactif\/place-du-travail-dans-notre-vie-chretienne\/#breadcrumb\"},\"inLanguage\":\"fr-FR\",\"potentialAction\":[{\"@type\":\"ReadAction\",\"target\":[\"https:\/\/wp-sites.ccci.org\/c-proactif\/place-du-travail-dans-notre-vie-chretienne\/\"]}]},{\"@type\":\"ImageObject\",\"inLanguage\":\"fr-FR\",\"@id\":\"https:\/\/wp-sites.ccci.org\/c-proactif\/place-du-travail-dans-notre-vie-chretienne\/#primaryimage\",\"url\":\"https:\/\/wp-sites.ccci.org\/c-proactif\/wp-content\/uploads\/sites\/393\/2019\/04\/place-eglise-travail.jpg\",\"contentUrl\":\"https:\/\/wp-sites.ccci.org\/c-proactif\/wp-content\/uploads\/sites\/393\/2019\/04\/place-eglise-travail.jpg\",\"width\":722,\"height\":867},{\"@type\":\"BreadcrumbList\",\"@id\":\"https:\/\/wp-sites.ccci.org\/c-proactif\/place-du-travail-dans-notre-vie-chretienne\/#breadcrumb\",\"itemListElement\":[{\"@type\":\"ListItem\",\"position\":1,\"name\":\"Accueil\",\"item\":\"https:\/\/wp-sites.ccci.org\/c-proactif\/\"},{\"@type\":\"ListItem\",\"position\":2,\"name\":\"Vie pratique au travail\",\"item\":\"https:\/\/wp-sites.ccci.org\/c-proactif\/theme\/vie-pratique-au-travail\/\"},{\"@type\":\"ListItem\",\"position\":3,\"name\":\"Quelle place donner au travail dans notre vie chr\u00e9tienne ?\"}]},{\"@type\":\"WebSite\",\"@id\":\"https:\/\/wp-sites.ccci.org\/c-proactif\/#website\",\"url\":\"https:\/\/wp-sites.ccci.org\/c-proactif\/\",\"name\":\"C-PROACTIF\",\"description\":\"R\u00e9seau professionnel chr\u00e9tien\",\"publisher\":{\"@id\":\"https:\/\/wp-sites.ccci.org\/c-proactif\/#organization\"},\"potentialAction\":[{\"@type\":\"SearchAction\",\"target\":{\"@type\":\"EntryPoint\",\"urlTemplate\":\"https:\/\/wp-sites.ccci.org\/c-proactif\/?s={search_term_string}\"},\"query-input\":{\"@type\":\"PropertyValueSpecification\",\"valueRequired\":true,\"valueName\":\"search_term_string\"}}],\"inLanguage\":\"fr-FR\"},{\"@type\":\"Organization\",\"@id\":\"https:\/\/wp-sites.ccci.org\/c-proactif\/#organization\",\"name\":\"C-PROACTIF\",\"url\":\"https:\/\/wp-sites.ccci.org\/c-proactif\/\",\"logo\":{\"@type\":\"ImageObject\",\"inLanguage\":\"fr-FR\",\"@id\":\"https:\/\/wp-sites.ccci.org\/c-proactif\/#\/schema\/logo\/image\/\",\"url\":\"https:\/\/wp-sites.ccci.org\/c-proactif\/wp-content\/uploads\/sites\/393\/2021\/05\/logo-baseline-blanc-300.png\",\"contentUrl\":\"https:\/\/wp-sites.ccci.org\/c-proactif\/wp-content\/uploads\/sites\/393\/2021\/05\/logo-baseline-blanc-300.png\",\"width\":300,\"height\":113,\"caption\":\"C-PROACTIF\"},\"image\":{\"@id\":\"https:\/\/wp-sites.ccci.org\/c-proactif\/#\/schema\/logo\/image\/\"}},{\"@type\":\"Person\",\"@id\":\"https:\/\/wp-sites.ccci.org\/c-proactif\/#\/schema\/person\/31baa806e67e95311c4c17fad287a4d2\",\"name\":\"Anne-Marie HUSSON\",\"image\":{\"@type\":\"ImageObject\",\"inLanguage\":\"fr-FR\",\"@id\":\"https:\/\/wp-sites.ccci.org\/c-proactif\/#\/schema\/person\/image\/\",\"url\":\"https:\/\/secure.gravatar.com\/avatar\/8610b2dea99ccb68a80717332fcf6000967063200f783c057fb3812ac2517470?s=96&d=mm&r=g\",\"contentUrl\":\"https:\/\/secure.gravatar.com\/avatar\/8610b2dea99ccb68a80717332fcf6000967063200f783c057fb3812ac2517470?s=96&d=mm&r=g\",\"caption\":\"Anne-Marie HUSSON\"},\"description\":\"D\u00e9l\u00e9gu\u00e9e fran\u00e7aise au Forum Mondial du travail du Comit\u00e9 de Lausanne. Consultante ind\u00e9pendante en strat\u00e9gie et innovation de la formation professionnelle. 22 ans de minist\u00e8re au sein d\u2019AGAPE FRANCE, Chef de projet e-learning au sein de diverses institutions (CCI et Universit\u00e9)\"}]}<\/script>\n<!-- \/ Yoast SEO plugin. -->","yoast_head_json":{"title":"Quelle place donner au travail dans notre vie chr\u00e9tienne ? - C-PROACTIF","description":"Comment vivre notre travail dans la perspective du Royaume de Dieu ? Quelle juste place devons-nous lui donner dans notre vie chr\u00e9tienne ?","robots":{"index":"noindex","follow":"follow","max-snippet":"max-snippet:-1","max-image-preview":"max-image-preview:large","max-video-preview":"max-video-preview:-1"},"og_locale":"fr_FR","og_type":"article","og_title":"Quelle place donner au travail dans notre vie chr\u00e9tienne ? - C-PROACTIF","og_description":"Comment vivre notre travail dans la perspective du Royaume de Dieu ? Quelle juste place devons-nous lui donner dans notre vie chr\u00e9tienne ?","og_url":"https:\/\/wp-sites.ccci.org\/c-proactif\/place-du-travail-dans-notre-vie-chretienne\/","og_site_name":"C-PROACTIF","article_published_time":"2019-04-29T16:04:28+00:00","article_modified_time":"2023-12-22T12:23:28+00:00","og_image":[{"width":722,"height":867,"url":"https:\/\/wp-sites.ccci.org\/c-proactif\/wp-content\/uploads\/sites\/393\/2019\/04\/place-eglise-travail.jpg","type":"image\/jpeg"}],"author":"Anne-Marie HUSSON","twitter_card":"summary_large_image","twitter_misc":{"\u00c9crit par":"Anne-Marie HUSSON","Dur\u00e9e de lecture estim\u00e9e":"6 minutes"},"schema":{"@context":"https:\/\/schema.org","@graph":[{"@type":"Article","@id":"https:\/\/wp-sites.ccci.org\/c-proactif\/place-du-travail-dans-notre-vie-chretienne\/#article","isPartOf":{"@id":"https:\/\/wp-sites.ccci.org\/c-proactif\/place-du-travail-dans-notre-vie-chretienne\/"},"author":{"name":"Anne-Marie HUSSON","@id":"https:\/\/wp-sites.ccci.org\/c-proactif\/#\/schema\/person\/31baa806e67e95311c4c17fad287a4d2"},"headline":"Quelle place donner au travail dans notre vie chr\u00e9tienne ?","datePublished":"2019-04-29T16:04:28+00:00","dateModified":"2023-12-22T12:23:28+00:00","mainEntityOfPage":{"@id":"https:\/\/wp-sites.ccci.org\/c-proactif\/place-du-travail-dans-notre-vie-chretienne\/"},"wordCount":1068,"commentCount":0,"publisher":{"@id":"https:\/\/wp-sites.ccci.org\/c-proactif\/#organization"},"image":{"@id":"https:\/\/wp-sites.ccci.org\/c-proactif\/place-du-travail-dans-notre-vie-chretienne\/#primaryimage"},"thumbnailUrl":"https:\/\/wp-sites.ccci.org\/c-proactif\/wp-content\/uploads\/sites\/393\/2019\/04\/place-eglise-travail.jpg","keywords":["Bible","doctrine","\u00c9glise","\u00e9thique","royaume","soci\u00e9t\u00e9","t\u00e9moignage","travail"],"articleSection":["Vie pratique au travail"],"inLanguage":"fr-FR","potentialAction":[{"@type":"CommentAction","name":"Comment","target":["https:\/\/wp-sites.ccci.org\/c-proactif\/place-du-travail-dans-notre-vie-chretienne\/#respond"]}]},{"@type":"WebPage","@id":"https:\/\/wp-sites.ccci.org\/c-proactif\/place-du-travail-dans-notre-vie-chretienne\/","url":"https:\/\/wp-sites.ccci.org\/c-proactif\/place-du-travail-dans-notre-vie-chretienne\/","name":"Quelle place donner au travail dans notre vie chr\u00e9tienne ? - C-PROACTIF","isPartOf":{"@id":"https:\/\/wp-sites.ccci.org\/c-proactif\/#website"},"primaryImageOfPage":{"@id":"https:\/\/wp-sites.ccci.org\/c-proactif\/place-du-travail-dans-notre-vie-chretienne\/#primaryimage"},"image":{"@id":"https:\/\/wp-sites.ccci.org\/c-proactif\/place-du-travail-dans-notre-vie-chretienne\/#primaryimage"},"thumbnailUrl":"https:\/\/wp-sites.ccci.org\/c-proactif\/wp-content\/uploads\/sites\/393\/2019\/04\/place-eglise-travail.jpg","datePublished":"2019-04-29T16:04:28+00:00","dateModified":"2023-12-22T12:23:28+00:00","description":"Comment vivre notre travail dans la perspective du Royaume de Dieu ? Quelle juste place devons-nous lui donner dans notre vie chr\u00e9tienne ?","breadcrumb":{"@id":"https:\/\/wp-sites.ccci.org\/c-proactif\/place-du-travail-dans-notre-vie-chretienne\/#breadcrumb"},"inLanguage":"fr-FR","potentialAction":[{"@type":"ReadAction","target":["https:\/\/wp-sites.ccci.org\/c-proactif\/place-du-travail-dans-notre-vie-chretienne\/"]}]},{"@type":"ImageObject","inLanguage":"fr-FR","@id":"https:\/\/wp-sites.ccci.org\/c-proactif\/place-du-travail-dans-notre-vie-chretienne\/#primaryimage","url":"https:\/\/wp-sites.ccci.org\/c-proactif\/wp-content\/uploads\/sites\/393\/2019\/04\/place-eglise-travail.jpg","contentUrl":"https:\/\/wp-sites.ccci.org\/c-proactif\/wp-content\/uploads\/sites\/393\/2019\/04\/place-eglise-travail.jpg","width":722,"height":867},{"@type":"BreadcrumbList","@id":"https:\/\/wp-sites.ccci.org\/c-proactif\/place-du-travail-dans-notre-vie-chretienne\/#breadcrumb","itemListElement":[{"@type":"ListItem","position":1,"name":"Accueil","item":"https:\/\/wp-sites.ccci.org\/c-proactif\/"},{"@type":"ListItem","position":2,"name":"Vie pratique au travail","item":"https:\/\/wp-sites.ccci.org\/c-proactif\/theme\/vie-pratique-au-travail\/"},{"@type":"ListItem","position":3,"name":"Quelle place donner au travail dans notre vie chr\u00e9tienne ?"}]},{"@type":"WebSite","@id":"https:\/\/wp-sites.ccci.org\/c-proactif\/#website","url":"https:\/\/wp-sites.ccci.org\/c-proactif\/","name":"C-PROACTIF","description":"R\u00e9seau professionnel chr\u00e9tien","publisher":{"@id":"https:\/\/wp-sites.ccci.org\/c-proactif\/#organization"},"potentialAction":[{"@type":"SearchAction","target":{"@type":"EntryPoint","urlTemplate":"https:\/\/wp-sites.ccci.org\/c-proactif\/?s={search_term_string}"},"query-input":{"@type":"PropertyValueSpecification","valueRequired":true,"valueName":"search_term_string"}}],"inLanguage":"fr-FR"},{"@type":"Organization","@id":"https:\/\/wp-sites.ccci.org\/c-proactif\/#organization","name":"C-PROACTIF","url":"https:\/\/wp-sites.ccci.org\/c-proactif\/","logo":{"@type":"ImageObject","inLanguage":"fr-FR","@id":"https:\/\/wp-sites.ccci.org\/c-proactif\/#\/schema\/logo\/image\/","url":"https:\/\/wp-sites.ccci.org\/c-proactif\/wp-content\/uploads\/sites\/393\/2021\/05\/logo-baseline-blanc-300.png","contentUrl":"https:\/\/wp-sites.ccci.org\/c-proactif\/wp-content\/uploads\/sites\/393\/2021\/05\/logo-baseline-blanc-300.png","width":300,"height":113,"caption":"C-PROACTIF"},"image":{"@id":"https:\/\/wp-sites.ccci.org\/c-proactif\/#\/schema\/logo\/image\/"}},{"@type":"Person","@id":"https:\/\/wp-sites.ccci.org\/c-proactif\/#\/schema\/person\/31baa806e67e95311c4c17fad287a4d2","name":"Anne-Marie HUSSON","image":{"@type":"ImageObject","inLanguage":"fr-FR","@id":"https:\/\/wp-sites.ccci.org\/c-proactif\/#\/schema\/person\/image\/","url":"https:\/\/secure.gravatar.com\/avatar\/8610b2dea99ccb68a80717332fcf6000967063200f783c057fb3812ac2517470?s=96&d=mm&r=g","contentUrl":"https:\/\/secure.gravatar.com\/avatar\/8610b2dea99ccb68a80717332fcf6000967063200f783c057fb3812ac2517470?s=96&d=mm&r=g","caption":"Anne-Marie HUSSON"},"description":"D\u00e9l\u00e9gu\u00e9e fran\u00e7aise au Forum Mondial du travail du Comit\u00e9 de Lausanne. Consultante ind\u00e9pendante en strat\u00e9gie et innovation de la formation professionnelle. 22 ans de minist\u00e8re au sein d\u2019AGAPE FRANCE, Chef de projet e-learning au sein de diverses institutions (CCI et Universit\u00e9)"}]}},"jetpack_featured_media_url":"https:\/\/wp-sites.ccci.org\/c-proactif\/wp-content\/uploads\/sites\/393\/2019\/04\/place-eglise-travail.jpg","meta_box":[],"_links":{"self":[{"href":"https:\/\/wp-sites.ccci.org\/c-proactif\/wp-json\/wp\/v2\/posts\/5321","targetHints":{"allow":["GET"]}}],"collection":[{"href":"https:\/\/wp-sites.ccci.org\/c-proactif\/wp-json\/wp\/v2\/posts"}],"about":[{"href":"https:\/\/wp-sites.ccci.org\/c-proactif\/wp-json\/wp\/v2\/types\/post"}],"author":[{"embeddable":true,"href":"https:\/\/wp-sites.ccci.org\/c-proactif\/wp-json\/wp\/v2\/users\/14333"}],"replies":[{"embeddable":true,"href":"https:\/\/wp-sites.ccci.org\/c-proactif\/wp-json\/wp\/v2\/comments?post=5321"}],"version-history":[{"count":10,"href":"https:\/\/wp-sites.ccci.org\/c-proactif\/wp-json\/wp\/v2\/posts\/5321\/revisions"}],"predecessor-version":[{"id":14881,"href":"https:\/\/wp-sites.ccci.org\/c-proactif\/wp-json\/wp\/v2\/posts\/5321\/revisions\/14881"}],"wp:featuredmedia":[{"embeddable":true,"href":"https:\/\/wp-sites.ccci.org\/c-proactif\/wp-json\/wp\/v2\/media\/30"}],"wp:attachment":[{"href":"https:\/\/wp-sites.ccci.org\/c-proactif\/wp-json\/wp\/v2\/media?parent=5321"}],"wp:term":[{"taxonomy":"category","embeddable":true,"href":"https:\/\/wp-sites.ccci.org\/c-proactif\/wp-json\/wp\/v2\/categories?post=5321"},{"taxonomy":"post_tag","embeddable":true,"href":"https:\/\/wp-sites.ccci.org\/c-proactif\/wp-json\/wp\/v2\/tags?post=5321"}],"curies":[{"name":"wp","href":"https:\/\/api.w.org\/{rel}","templated":true}]}}