{"id":55,"date":"2019-04-30T09:59:30","date_gmt":"2019-04-30T07:59:30","guid":{"rendered":"http:\/\/test.c-proactif.org\/?p=55"},"modified":"2023-12-22T13:24:36","modified_gmt":"2023-12-22T12:24:36","slug":"le-travail-le-dimanche","status":"publish","type":"post","link":"https:\/\/wp-sites.ccci.org\/c-proactif\/le-travail-le-dimanche\/","title":{"rendered":"Le travail le dimanche\u00a0: une question de soci\u00e9t\u00e9\u00a0!"},"content":{"rendered":"\t\t<div data-elementor-type=\"wp-post\" data-elementor-id=\"55\" class=\"elementor elementor-55\" data-elementor-post-type=\"post\">\n\t\t\t\t\t\t<section data-particle_enable=\"false\" data-particle-mobile-disabled=\"false\" class=\"elementor-section elementor-top-section elementor-element elementor-element-144fc049 elementor-section-boxed elementor-section-height-default elementor-section-height-default\" data-id=\"144fc049\" data-element_type=\"section\">\n\t\t\t\t\t\t<div class=\"elementor-container elementor-column-gap-default\">\n\t\t\t\t\t<div class=\"elementor-column elementor-col-100 elementor-top-column elementor-element elementor-element-5d9ef663\" data-id=\"5d9ef663\" data-element_type=\"column\">\n\t\t\t<div class=\"elementor-widget-wrap elementor-element-populated\">\n\t\t\t\t\t\t<div class=\"elementor-element elementor-element-44d5bb50 intro elementor-widget elementor-widget-text-editor\" data-id=\"44d5bb50\" data-element_type=\"widget\" data-widget_type=\"text-editor.default\">\n\t\t\t\t<div class=\"elementor-widget-container\">\n\t\t\t\t\t\t\t\t\t<p>Depuis <a href=\"https:\/\/droit-finances.commentcamarche.com\/download\/telecharger-312-loi-macron-texte-de-loi\">la loi Macron d\u2019Ao\u00fbt 2015<\/a>, la pratique du travail le dimanche s\u2019est beaucoup \u00e9largie. Tout d\u2019abord r\u00e9serv\u00e9e \u00e0 des m\u00e9tiers soumis \u00e0 la n\u00e9cessit\u00e9 d\u2019une continuit\u00e9 de services (h\u00f4pitaux, police, certains postes industriels\u2026), cette pratique se propage aujourd\u2019hui \u00e0 d\u2019autres secteurs professionnels (commerces, tourisme, loisirs \u2026) et cela n\u2019est que le d\u00e9but de la tendance. Bien s\u00fbr, les conditions de travail le dimanche sont fortement r\u00e9glement\u00e9es par les conventions collectives des divers secteurs professionnels o\u00f9 cette mesure s\u2019applique. Il est parfois possible au salari\u00e9 concern\u00e9 de le refuser et dans d\u2019autres cas, non. Pour y voir plus clair au sujet des diverses r\u00e9glementations, je vous renvoie au site <a href=\"https:\/\/droit-finances.commentcamarche.com\/contents\/1104-travailler-le-dimanche-les-regles\">Droit et Finances<\/a> qui traite de fa\u00e7on tr\u00e8s synth\u00e9tique ces diff\u00e9rents cas de figures.<\/p>\t\t\t\t\t\t\t\t<\/div>\n\t\t\t\t<\/div>\n\t\t\t\t\t<\/div>\n\t\t<\/div>\n\t\t\t\t\t<\/div>\n\t\t<\/section>\n\t\t\t\t<section data-particle_enable=\"false\" data-particle-mobile-disabled=\"false\" class=\"elementor-section elementor-top-section elementor-element elementor-element-6b796721 elementor-section-boxed elementor-section-height-default elementor-section-height-default\" data-id=\"6b796721\" data-element_type=\"section\">\n\t\t\t\t\t\t<div class=\"elementor-container elementor-column-gap-default\">\n\t\t\t\t\t<div class=\"elementor-column elementor-col-66 elementor-top-column elementor-element elementor-element-474fa53f\" data-id=\"474fa53f\" data-element_type=\"column\">\n\t\t\t<div class=\"elementor-widget-wrap elementor-element-populated\">\n\t\t\t\t\t\t<div class=\"elementor-element elementor-element-636147a0 elementor-widget elementor-widget-text-editor\" data-id=\"636147a0\" data-element_type=\"widget\" data-widget_type=\"text-editor.default\">\n\t\t\t\t<div class=\"elementor-widget-container\">\n\t\t\t\t\t\t\t\t\t<p><em>D\u2019une fa\u00e7on g\u00e9n\u00e9rale, dans la soci\u00e9t\u00e9 fran\u00e7aise, le travail le dimanche est un sujet pol\u00e9mique, avec ses \u00ab pour \u00bb et ses \u00ab contre \u00bb et selon l\u2019angle de vue avec lequel on le consid\u00e8re, plusieurs opinions parfois tr\u00e8s contradictoires \u00e9mergent \u00e0 son propos. Pour illustrer cette divergence, voici les deux t\u00e9moignages de Corinne et Isabelle sur l\u2019ouverture des supermarch\u00e9s le dimanche :\u00a0\u00a0<\/em><\/p>\t\t\t\t\t\t\t\t<\/div>\n\t\t\t\t<\/div>\n\t\t\t\t\t<\/div>\n\t\t<\/div>\n\t\t\t\t<div class=\"elementor-column elementor-col-33 elementor-top-column elementor-element elementor-element-3dc1a72e\" data-id=\"3dc1a72e\" data-element_type=\"column\">\n\t\t\t<div class=\"elementor-widget-wrap elementor-element-populated\">\n\t\t\t\t\t\t<div class=\"elementor-element elementor-element-5d30cb0 elementor-widget elementor-widget-image\" data-id=\"5d30cb0\" data-element_type=\"widget\" data-widget_type=\"image.default\">\n\t\t\t\t<div class=\"elementor-widget-container\">\n\t\t\t\t\t\t\t\t\t\t\t\t\t\t\t<img decoding=\"async\" src=\"https:\/\/wp-sites.ccci.org\/c-proactif\/wp-content\/uploads\/sites\/393\/2019\/04\/open-sunday.jpg?w=640\" title=\"open-sunday\" alt=\"open-sunday\" loading=\"lazy\" \/>\t\t\t\t\t\t\t\t\t\t\t\t\t\t\t<\/div>\n\t\t\t\t<\/div>\n\t\t\t\t\t<\/div>\n\t\t<\/div>\n\t\t\t\t\t<\/div>\n\t\t<\/section>\n\t\t\t\t<section data-particle_enable=\"false\" data-particle-mobile-disabled=\"false\" class=\"elementor-section elementor-top-section elementor-element elementor-element-597b688c same-height image-text elementor-section-boxed elementor-section-height-default elementor-section-height-default\" data-id=\"597b688c\" data-element_type=\"section\">\n\t\t\t\t\t\t<div class=\"elementor-container elementor-column-gap-default\">\n\t\t\t\t\t<div class=\"elementor-column elementor-col-50 elementor-top-column elementor-element elementor-element-7156bd0e\" data-id=\"7156bd0e\" data-element_type=\"column\" data-settings=\"{&quot;background_background&quot;:&quot;classic&quot;}\">\n\t\t\t<div class=\"elementor-widget-wrap elementor-element-populated\">\n\t\t\t\t\t\t<div class=\"elementor-element elementor-element-9665b7a elementor-position-top elementor-widget elementor-widget-image-box\" data-id=\"9665b7a\" data-element_type=\"widget\" data-widget_type=\"image-box.default\">\n\t\t\t\t<div class=\"elementor-widget-container\">\n\t\t\t\t\t<div class=\"elementor-image-box-wrapper\"><figure class=\"elementor-image-box-img\"><img fetchpriority=\"high\" decoding=\"async\" width=\"600\" height=\"398\" src=\"https:\/\/wp-sites.ccci.org\/c-proactif\/wp-content\/uploads\/sites\/393\/2019\/04\/pour-dimanche.png\" class=\"attachment-full size-full wp-image-1278\" alt=\"\" srcset=\"https:\/\/wp-sites.ccci.org\/c-proactif\/wp-content\/uploads\/sites\/393\/2019\/04\/pour-dimanche.png 600w, https:\/\/wp-sites.ccci.org\/c-proactif\/wp-content\/uploads\/sites\/393\/2019\/04\/pour-dimanche.png?resize=300,199 300w\" sizes=\"(max-width: 600px) 100vw, 600px\" \/><\/figure><div class=\"elementor-image-box-content\"><h3 class=\"elementor-image-box-title\">Isabelle, 27 ans, cliente de supermarch\u00e9<\/h3><p class=\"elementor-image-box-description\">Je suis tout \u00e0 fait favorable \u00e0 l\u2019ouverture des supermarch\u00e9s le dimanche.\nC\u2019est tr\u00e8s pratique car quand on travaille, c\u2019est difficile de trouver le temps de faire ses courses pendant la semaine.\nMoi, par exemple, je rentre autour de 19h le soir, m\u00eame le samedi quelquefois, et c\u2019est super de pouvoir faire mes courses le dimanche.\n\nDe plus en plus de gens passent leur WE dans les centres commerciaux car on y trouve tout sur place : des magasins de tous les genres et aussi beaucoup d\u2019animation et de divertissement, des bars, des expos, le cin\u00e9.\n\nQuel que soit le temps, on est s\u00fbr d\u2019y passer un moment plaisant !<\/p><\/div><\/div>\t\t\t\t<\/div>\n\t\t\t\t<\/div>\n\t\t\t\t\t<\/div>\n\t\t<\/div>\n\t\t\t\t<div class=\"elementor-column elementor-col-50 elementor-top-column elementor-element elementor-element-fdd7fbe\" data-id=\"fdd7fbe\" data-element_type=\"column\" data-settings=\"{&quot;background_background&quot;:&quot;classic&quot;}\">\n\t\t\t<div class=\"elementor-widget-wrap elementor-element-populated\">\n\t\t\t\t\t\t<div class=\"elementor-element elementor-element-8f124bc elementor-position-top elementor-widget elementor-widget-image-box\" data-id=\"8f124bc\" data-element_type=\"widget\" data-widget_type=\"image-box.default\">\n\t\t\t\t<div class=\"elementor-widget-container\">\n\t\t\t\t\t<div class=\"elementor-image-box-wrapper\"><figure class=\"elementor-image-box-img\"><img decoding=\"async\" width=\"600\" height=\"402\" src=\"https:\/\/wp-sites.ccci.org\/c-proactif\/wp-content\/uploads\/sites\/393\/2019\/04\/contre-dimanche.png\" class=\"attachment-full size-full wp-image-1279\" alt=\"\" srcset=\"https:\/\/wp-sites.ccci.org\/c-proactif\/wp-content\/uploads\/sites\/393\/2019\/04\/contre-dimanche.png 600w, https:\/\/wp-sites.ccci.org\/c-proactif\/wp-content\/uploads\/sites\/393\/2019\/04\/contre-dimanche.png?resize=300,201 300w\" sizes=\"(max-width: 600px) 100vw, 600px\" \/><\/figure><div class=\"elementor-image-box-content\"><h3 class=\"elementor-image-box-title\">Corinne, 32 ans, caissi\u00e8re de supermarch\u00e9<\/h3><p class=\"elementor-image-box-description\">Aujourd\u2019hui, alors que les centres commerciaux sont ouverts 7 jours sur 7 et de 12 \u00e0 13h par jour, nous les caissi\u00e8res, avons droit \u00e0 un jour de pause durant la semaine. Mais c\u2019est un jour \u2018ordinaire\u2019 : mon mari est au travail et mes enfants \u00e0 l\u2019\u00e9cole. Moi, ce jour-l\u00e0, je nettoie la maison, je paie les factures, je vais \u00e0 la banque \u2026 tout ce que je n\u2019ai pas eu le temps de faire pendant le reste de la  semaine. Mais je passe tr\u00e8s peu de temps en famille car ni mon mari ni mes enfants ne sont pr\u00e9sents. Avoir tr\u00e8s peu de jours de cong\u00e9s en commun, signifie ne pas avoir la m\u00eame vie de famille que les autres. Bien s\u00fbr, les premiers \u00e0 ressentir cette diff\u00e9rence sont mes enfants et pour une maman, c\u2019est difficile d\u2019entendre ma propre fille de 5 ans me dire : \u00ab Maman, les autres mamans sont toujours l\u00e0 le dimanche, et toi jamais ! \u00bb<\/p><\/div><\/div>\t\t\t\t<\/div>\n\t\t\t\t<\/div>\n\t\t\t\t\t<\/div>\n\t\t<\/div>\n\t\t\t\t\t<\/div>\n\t\t<\/section>\n\t\t\t\t<section data-particle_enable=\"false\" data-particle-mobile-disabled=\"false\" class=\"elementor-section elementor-top-section elementor-element elementor-element-4030e99f elementor-section-boxed elementor-section-height-default elementor-section-height-default\" data-id=\"4030e99f\" data-element_type=\"section\">\n\t\t\t\t\t\t<div class=\"elementor-container elementor-column-gap-default\">\n\t\t\t\t\t<div class=\"elementor-column elementor-col-100 elementor-top-column elementor-element elementor-element-511a4b51\" data-id=\"511a4b51\" data-element_type=\"column\">\n\t\t\t<div class=\"elementor-widget-wrap elementor-element-populated\">\n\t\t\t\t\t\t<div class=\"elementor-element elementor-element-367499a1 further elementor-widget elementor-widget-text-editor\" data-id=\"367499a1\" data-element_type=\"widget\" data-widget_type=\"text-editor.default\">\n\t\t\t\t<div class=\"elementor-widget-container\">\n\t\t\t\t\t\t\t\t\t<h4>APPROFONDIR SEUL &#8211; OU MIEUX &#8211; EN PETIT GROUPE<\/h4><h4>Ressource compl\u00e9mentaire<\/h4><p>Pour mener votre r\u00e9flexion personnelle ou votre discussion en petits groupes, vous pouvez vous appuyer aussi sur l&rsquo;article produit par le GBE sur ce m\u00eame th\u00e8me : <a style=\"font-size: 15px; background-color: #f1f5f8;\" href=\"https:\/\/cdn.website-editor.net\/cf9ac55c521c47fb91244830fbf52374\/files\/uploaded\/Travailler_le_dimanche-GBE.pdf\" target=\"_blank\" rel=\"noopener\">le travail du dimanche\u00a0<\/a><\/p><h4>Votre discussion :\u00a0<\/h4><p>Vous \u00eates peut-\u00eatre d\u00e9j\u00e0 directement concern\u00e9 par cette question et dans ce cas votre exp\u00e9rience nous int\u00e9resse. Ou vous avez un point de vue plus expert sur ce genre de d\u00e9bat gr\u00e2ce \u00e0 votre approche professionnelle : juriste du travail, psychologue du travail, syndicaliste, th\u00e9ologien \u2026<\/p><p>Alors quels sont vos arguments pour ? et vos arguments contre ? Nous avons besoin d\u2019en discuter pour parvenir \u00e0 un point de vue plus construit afin de d\u00e9gager ensemble quelques principes directeurs pour nous tous, en tant que chr\u00e9tiens au travail. Voici quelques questions pour commencer :<\/p><ul><li>Le dimanche est-il un jour \u2018ordinaire\u2019 ? Si non, pourquoi ? En tant que chr\u00e9tiens, quelle est notre obligation envers le dimanche ? Travailler ou pas ce jour-l\u00e0 est-il n\u00e9gociable ? Selon quels enseignements de la Parole de Dieu ?<\/li><li>Que feriez-vous si votre contrat de travail \u00e9voluait vers une demande en ce sens ? Quels seraient (ou quels ont \u00e9t\u00e9, si vous le vivez d\u00e9j\u00e0) vos crit\u00e8res d\u2019arbitrage ?<\/li><li>A votre avis, le travail du dimanche est-il un ph\u00e9nom\u00e8ne anodin ou cela peut-il transformer le type de soci\u00e9t\u00e9 o\u00f9 nous vivons ?<\/li><li>Et beaucoup d\u2019autres points de vue encore car les questions \u00e0 ce sujet sont encore loin d\u2019\u00eatre \u00e9puis\u00e9es \u2026<\/li><\/ul>\t\t\t\t\t\t\t\t<\/div>\n\t\t\t\t<\/div>\n\t\t\t\t\t<\/div>\n\t\t<\/div>\n\t\t\t\t\t<\/div>\n\t\t<\/section>\n\t\t\t\t<\/div>\n\t\t","protected":false},"excerpt":{"rendered":"<p>Depuis la loi Macron d\u2019Ao\u00fbt 2015, la pratique du travail le dimanche s\u2019est beaucoup \u00e9largie. Tout d\u2019abord r\u00e9serv\u00e9e \u00e0 des m\u00e9tiers soumis \u00e0 la n\u00e9cessit\u00e9 d\u2019une continuit\u00e9 de services (h\u00f4pitaux, [&hellip;]<\/p>\n","protected":false},"author":14333,"featured_media":83,"comment_status":"open","ping_status":"closed","sticky":false,"template":"","format":"quote","meta":{"site-sidebar-layout":"default","site-content-layout":"","ast-site-content-layout":"default","site-content-style":"default","site-sidebar-style":"default","ast-global-header-display":"","ast-banner-title-visibility":"","ast-main-header-display":"","ast-hfb-above-header-display":"","ast-hfb-below-header-display":"","ast-hfb-mobile-header-display":"","site-post-title":"","ast-breadcrumbs-content":"","ast-featured-img":"","footer-sml-layout":"","ast-disable-related-posts":"","theme-transparent-header-meta":"","adv-header-id-meta":"","stick-header-meta":"","header-above-stick-meta":"","header-main-stick-meta":"","header-below-stick-meta":"","astra-migrate-meta-layouts":"default","ast-page-background-enabled":"default","ast-page-background-meta":{"desktop":{"background-color":"","background-image":"","background-repeat":"repeat","background-position":"center center","background-size":"auto","background-attachment":"scroll","background-type":"","background-media":"","overlay-type":"","overlay-color":"","overlay-opacity":"","overlay-gradient":""},"tablet":{"background-color":"","background-image":"","background-repeat":"repeat","background-position":"center center","background-size":"auto","background-attachment":"scroll","background-type":"","background-media":"","overlay-type":"","overlay-color":"","overlay-opacity":"","overlay-gradient":""},"mobile":{"background-color":"","background-image":"","background-repeat":"repeat","background-position":"center center","background-size":"auto","background-attachment":"scroll","background-type":"","background-media":"","overlay-type":"","overlay-color":"","overlay-opacity":"","overlay-gradient":""}},"ast-content-background-meta":{"desktop":{"background-color":"var(--ast-global-color-5)","background-image":"","background-repeat":"repeat","background-position":"center center","background-size":"auto","background-attachment":"scroll","background-type":"","background-media":"","overlay-type":"","overlay-color":"","overlay-opacity":"","overlay-gradient":""},"tablet":{"background-color":"var(--ast-global-color-5)","background-image":"","background-repeat":"repeat","background-position":"center center","background-size":"auto","background-attachment":"scroll","background-type":"","background-media":"","overlay-type":"","overlay-color":"","overlay-opacity":"","overlay-gradient":""},"mobile":{"background-color":"var(--ast-global-color-5)","background-image":"","background-repeat":"repeat","background-position":"center center","background-size":"auto","background-attachment":"scroll","background-type":"","background-media":"","overlay-type":"","overlay-color":"","overlay-opacity":"","overlay-gradient":""}},"footnotes":""},"categories":[9],"tags":[39,50,91],"class_list":["post-55","post","type-post","status-publish","format-quote","has-post-thumbnail","hentry","category-penser-mon-travail","tag-dimanche","tag-ethique","tag-societe","post_format-post-format-quote"],"yoast_head":"<!-- This site is optimized with the Yoast SEO plugin v26.7 - https:\/\/yoast.com\/wordpress\/plugins\/seo\/ -->\n<title>Le travail le dimanche\u00a0: une question de soci\u00e9t\u00e9\u00a0! - C-PROACTIF<\/title>\n<meta name=\"description\" content=\"Que pensez du travail du dimanche en tant que chr\u00e9tien ? Quelles cons\u00e9quences sociales ? Ce jour est-il diff\u00e9rent des autres ? Fait-il partie du sabbat ?\" \/>\n<meta name=\"robots\" content=\"noindex, follow, max-snippet:-1, max-image-preview:large, max-video-preview:-1\" \/>\n<meta property=\"og:locale\" content=\"fr_FR\" \/>\n<meta property=\"og:type\" content=\"article\" \/>\n<meta property=\"og:title\" content=\"Le travail le dimanche\u00a0: une question de soci\u00e9t\u00e9\u00a0! - C-PROACTIF\" \/>\n<meta property=\"og:description\" content=\"Que pensez du travail du dimanche en tant que chr\u00e9tien ? Quelles cons\u00e9quences sociales ? Ce jour est-il diff\u00e9rent des autres ? Fait-il partie du sabbat ?\" \/>\n<meta property=\"og:url\" content=\"https:\/\/wp-sites.ccci.org\/c-proactif\/le-travail-le-dimanche\/\" \/>\n<meta property=\"og:site_name\" content=\"C-PROACTIF\" \/>\n<meta property=\"article:published_time\" content=\"2019-04-30T07:59:30+00:00\" \/>\n<meta property=\"article:modified_time\" content=\"2023-12-22T12:24:36+00:00\" \/>\n<meta property=\"og:image\" content=\"https:\/\/wp-sites.ccci.org\/c-proactif\/wp-content\/uploads\/sites\/393\/2019\/04\/open-sunday.jpg\" \/>\n\t<meta property=\"og:image:width\" content=\"640\" \/>\n\t<meta property=\"og:image:height\" content=\"425\" \/>\n\t<meta property=\"og:image:type\" content=\"image\/jpeg\" \/>\n<meta name=\"author\" content=\"Anne-Marie HUSSON\" \/>\n<meta name=\"twitter:card\" content=\"summary_large_image\" \/>\n<meta name=\"twitter:label1\" content=\"\u00c9crit par\" \/>\n\t<meta name=\"twitter:data1\" content=\"Anne-Marie HUSSON\" \/>\n\t<meta name=\"twitter:label2\" content=\"Dur\u00e9e de lecture estim\u00e9e\" \/>\n\t<meta name=\"twitter:data2\" content=\"4 minutes\" \/>\n<script type=\"application\/ld+json\" class=\"yoast-schema-graph\">{\"@context\":\"https:\/\/schema.org\",\"@graph\":[{\"@type\":\"Article\",\"@id\":\"https:\/\/wp-sites.ccci.org\/c-proactif\/le-travail-le-dimanche\/#article\",\"isPartOf\":{\"@id\":\"https:\/\/wp-sites.ccci.org\/c-proactif\/le-travail-le-dimanche\/\"},\"author\":{\"name\":\"Anne-Marie HUSSON\",\"@id\":\"https:\/\/wp-sites.ccci.org\/c-proactif\/#\/schema\/person\/31baa806e67e95311c4c17fad287a4d2\"},\"headline\":\"Le travail le dimanche\u00a0: une question de soci\u00e9t\u00e9\u00a0!\",\"datePublished\":\"2019-04-30T07:59:30+00:00\",\"dateModified\":\"2023-12-22T12:24:36+00:00\",\"mainEntityOfPage\":{\"@id\":\"https:\/\/wp-sites.ccci.org\/c-proactif\/le-travail-le-dimanche\/\"},\"wordCount\":769,\"commentCount\":0,\"publisher\":{\"@id\":\"https:\/\/wp-sites.ccci.org\/c-proactif\/#organization\"},\"image\":{\"@id\":\"https:\/\/wp-sites.ccci.org\/c-proactif\/le-travail-le-dimanche\/#primaryimage\"},\"thumbnailUrl\":\"https:\/\/wp-sites.ccci.org\/c-proactif\/wp-content\/uploads\/sites\/393\/2019\/04\/open-sunday.jpg\",\"keywords\":[\"dimanche\",\"\u00e9thique\",\"soci\u00e9t\u00e9\"],\"articleSection\":[\"Penser mon travail\"],\"inLanguage\":\"fr-FR\",\"potentialAction\":[{\"@type\":\"CommentAction\",\"name\":\"Comment\",\"target\":[\"https:\/\/wp-sites.ccci.org\/c-proactif\/le-travail-le-dimanche\/#respond\"]}]},{\"@type\":\"WebPage\",\"@id\":\"https:\/\/wp-sites.ccci.org\/c-proactif\/le-travail-le-dimanche\/\",\"url\":\"https:\/\/wp-sites.ccci.org\/c-proactif\/le-travail-le-dimanche\/\",\"name\":\"Le travail le dimanche\u00a0: une question de soci\u00e9t\u00e9\u00a0! - C-PROACTIF\",\"isPartOf\":{\"@id\":\"https:\/\/wp-sites.ccci.org\/c-proactif\/#website\"},\"primaryImageOfPage\":{\"@id\":\"https:\/\/wp-sites.ccci.org\/c-proactif\/le-travail-le-dimanche\/#primaryimage\"},\"image\":{\"@id\":\"https:\/\/wp-sites.ccci.org\/c-proactif\/le-travail-le-dimanche\/#primaryimage\"},\"thumbnailUrl\":\"https:\/\/wp-sites.ccci.org\/c-proactif\/wp-content\/uploads\/sites\/393\/2019\/04\/open-sunday.jpg\",\"datePublished\":\"2019-04-30T07:59:30+00:00\",\"dateModified\":\"2023-12-22T12:24:36+00:00\",\"description\":\"Que pensez du travail du dimanche en tant que chr\u00e9tien ? Quelles cons\u00e9quences sociales ? Ce jour est-il diff\u00e9rent des autres ? Fait-il partie du sabbat ?\",\"breadcrumb\":{\"@id\":\"https:\/\/wp-sites.ccci.org\/c-proactif\/le-travail-le-dimanche\/#breadcrumb\"},\"inLanguage\":\"fr-FR\",\"potentialAction\":[{\"@type\":\"ReadAction\",\"target\":[\"https:\/\/wp-sites.ccci.org\/c-proactif\/le-travail-le-dimanche\/\"]}]},{\"@type\":\"ImageObject\",\"inLanguage\":\"fr-FR\",\"@id\":\"https:\/\/wp-sites.ccci.org\/c-proactif\/le-travail-le-dimanche\/#primaryimage\",\"url\":\"https:\/\/wp-sites.ccci.org\/c-proactif\/wp-content\/uploads\/sites\/393\/2019\/04\/open-sunday.jpg\",\"contentUrl\":\"https:\/\/wp-sites.ccci.org\/c-proactif\/wp-content\/uploads\/sites\/393\/2019\/04\/open-sunday.jpg\",\"width\":640,\"height\":425},{\"@type\":\"BreadcrumbList\",\"@id\":\"https:\/\/wp-sites.ccci.org\/c-proactif\/le-travail-le-dimanche\/#breadcrumb\",\"itemListElement\":[{\"@type\":\"ListItem\",\"position\":1,\"name\":\"Accueil\",\"item\":\"https:\/\/wp-sites.ccci.org\/c-proactif\/\"},{\"@type\":\"ListItem\",\"position\":2,\"name\":\"Penser mon travail\",\"item\":\"https:\/\/wp-sites.ccci.org\/c-proactif\/theme\/penser-mon-travail\/\"},{\"@type\":\"ListItem\",\"position\":3,\"name\":\"Le travail le dimanche\u00a0: une question de soci\u00e9t\u00e9\u00a0!\"}]},{\"@type\":\"WebSite\",\"@id\":\"https:\/\/wp-sites.ccci.org\/c-proactif\/#website\",\"url\":\"https:\/\/wp-sites.ccci.org\/c-proactif\/\",\"name\":\"C-PROACTIF\",\"description\":\"R\u00e9seau professionnel chr\u00e9tien\",\"publisher\":{\"@id\":\"https:\/\/wp-sites.ccci.org\/c-proactif\/#organization\"},\"potentialAction\":[{\"@type\":\"SearchAction\",\"target\":{\"@type\":\"EntryPoint\",\"urlTemplate\":\"https:\/\/wp-sites.ccci.org\/c-proactif\/?s={search_term_string}\"},\"query-input\":{\"@type\":\"PropertyValueSpecification\",\"valueRequired\":true,\"valueName\":\"search_term_string\"}}],\"inLanguage\":\"fr-FR\"},{\"@type\":\"Organization\",\"@id\":\"https:\/\/wp-sites.ccci.org\/c-proactif\/#organization\",\"name\":\"C-PROACTIF\",\"url\":\"https:\/\/wp-sites.ccci.org\/c-proactif\/\",\"logo\":{\"@type\":\"ImageObject\",\"inLanguage\":\"fr-FR\",\"@id\":\"https:\/\/wp-sites.ccci.org\/c-proactif\/#\/schema\/logo\/image\/\",\"url\":\"https:\/\/wp-sites.ccci.org\/c-proactif\/wp-content\/uploads\/sites\/393\/2021\/05\/logo-baseline-blanc-300.png\",\"contentUrl\":\"https:\/\/wp-sites.ccci.org\/c-proactif\/wp-content\/uploads\/sites\/393\/2021\/05\/logo-baseline-blanc-300.png\",\"width\":300,\"height\":113,\"caption\":\"C-PROACTIF\"},\"image\":{\"@id\":\"https:\/\/wp-sites.ccci.org\/c-proactif\/#\/schema\/logo\/image\/\"}},{\"@type\":\"Person\",\"@id\":\"https:\/\/wp-sites.ccci.org\/c-proactif\/#\/schema\/person\/31baa806e67e95311c4c17fad287a4d2\",\"name\":\"Anne-Marie HUSSON\",\"image\":{\"@type\":\"ImageObject\",\"inLanguage\":\"fr-FR\",\"@id\":\"https:\/\/wp-sites.ccci.org\/c-proactif\/#\/schema\/person\/image\/\",\"url\":\"https:\/\/secure.gravatar.com\/avatar\/8610b2dea99ccb68a80717332fcf6000967063200f783c057fb3812ac2517470?s=96&d=mm&r=g\",\"contentUrl\":\"https:\/\/secure.gravatar.com\/avatar\/8610b2dea99ccb68a80717332fcf6000967063200f783c057fb3812ac2517470?s=96&d=mm&r=g\",\"caption\":\"Anne-Marie HUSSON\"},\"description\":\"D\u00e9l\u00e9gu\u00e9e fran\u00e7aise au Forum Mondial du travail du Comit\u00e9 de Lausanne. Consultante ind\u00e9pendante en strat\u00e9gie et innovation de la formation professionnelle. 22 ans de minist\u00e8re au sein d\u2019AGAPE FRANCE, Chef de projet e-learning au sein de diverses institutions (CCI et Universit\u00e9)\"}]}<\/script>\n<!-- \/ Yoast SEO plugin. -->","yoast_head_json":{"title":"Le travail le dimanche\u00a0: une question de soci\u00e9t\u00e9\u00a0! - C-PROACTIF","description":"Que pensez du travail du dimanche en tant que chr\u00e9tien ? Quelles cons\u00e9quences sociales ? Ce jour est-il diff\u00e9rent des autres ? Fait-il partie du sabbat ?","robots":{"index":"noindex","follow":"follow","max-snippet":"max-snippet:-1","max-image-preview":"max-image-preview:large","max-video-preview":"max-video-preview:-1"},"og_locale":"fr_FR","og_type":"article","og_title":"Le travail le dimanche\u00a0: une question de soci\u00e9t\u00e9\u00a0! - C-PROACTIF","og_description":"Que pensez du travail du dimanche en tant que chr\u00e9tien ? Quelles cons\u00e9quences sociales ? Ce jour est-il diff\u00e9rent des autres ? Fait-il partie du sabbat ?","og_url":"https:\/\/wp-sites.ccci.org\/c-proactif\/le-travail-le-dimanche\/","og_site_name":"C-PROACTIF","article_published_time":"2019-04-30T07:59:30+00:00","article_modified_time":"2023-12-22T12:24:36+00:00","og_image":[{"width":640,"height":425,"url":"https:\/\/wp-sites.ccci.org\/c-proactif\/wp-content\/uploads\/sites\/393\/2019\/04\/open-sunday.jpg","type":"image\/jpeg"}],"author":"Anne-Marie HUSSON","twitter_card":"summary_large_image","twitter_misc":{"\u00c9crit par":"Anne-Marie HUSSON","Dur\u00e9e de lecture estim\u00e9e":"4 minutes"},"schema":{"@context":"https:\/\/schema.org","@graph":[{"@type":"Article","@id":"https:\/\/wp-sites.ccci.org\/c-proactif\/le-travail-le-dimanche\/#article","isPartOf":{"@id":"https:\/\/wp-sites.ccci.org\/c-proactif\/le-travail-le-dimanche\/"},"author":{"name":"Anne-Marie HUSSON","@id":"https:\/\/wp-sites.ccci.org\/c-proactif\/#\/schema\/person\/31baa806e67e95311c4c17fad287a4d2"},"headline":"Le travail le dimanche\u00a0: une question de soci\u00e9t\u00e9\u00a0!","datePublished":"2019-04-30T07:59:30+00:00","dateModified":"2023-12-22T12:24:36+00:00","mainEntityOfPage":{"@id":"https:\/\/wp-sites.ccci.org\/c-proactif\/le-travail-le-dimanche\/"},"wordCount":769,"commentCount":0,"publisher":{"@id":"https:\/\/wp-sites.ccci.org\/c-proactif\/#organization"},"image":{"@id":"https:\/\/wp-sites.ccci.org\/c-proactif\/le-travail-le-dimanche\/#primaryimage"},"thumbnailUrl":"https:\/\/wp-sites.ccci.org\/c-proactif\/wp-content\/uploads\/sites\/393\/2019\/04\/open-sunday.jpg","keywords":["dimanche","\u00e9thique","soci\u00e9t\u00e9"],"articleSection":["Penser mon travail"],"inLanguage":"fr-FR","potentialAction":[{"@type":"CommentAction","name":"Comment","target":["https:\/\/wp-sites.ccci.org\/c-proactif\/le-travail-le-dimanche\/#respond"]}]},{"@type":"WebPage","@id":"https:\/\/wp-sites.ccci.org\/c-proactif\/le-travail-le-dimanche\/","url":"https:\/\/wp-sites.ccci.org\/c-proactif\/le-travail-le-dimanche\/","name":"Le travail le dimanche\u00a0: une question de soci\u00e9t\u00e9\u00a0! - C-PROACTIF","isPartOf":{"@id":"https:\/\/wp-sites.ccci.org\/c-proactif\/#website"},"primaryImageOfPage":{"@id":"https:\/\/wp-sites.ccci.org\/c-proactif\/le-travail-le-dimanche\/#primaryimage"},"image":{"@id":"https:\/\/wp-sites.ccci.org\/c-proactif\/le-travail-le-dimanche\/#primaryimage"},"thumbnailUrl":"https:\/\/wp-sites.ccci.org\/c-proactif\/wp-content\/uploads\/sites\/393\/2019\/04\/open-sunday.jpg","datePublished":"2019-04-30T07:59:30+00:00","dateModified":"2023-12-22T12:24:36+00:00","description":"Que pensez du travail du dimanche en tant que chr\u00e9tien ? Quelles cons\u00e9quences sociales ? Ce jour est-il diff\u00e9rent des autres ? Fait-il partie du sabbat ?","breadcrumb":{"@id":"https:\/\/wp-sites.ccci.org\/c-proactif\/le-travail-le-dimanche\/#breadcrumb"},"inLanguage":"fr-FR","potentialAction":[{"@type":"ReadAction","target":["https:\/\/wp-sites.ccci.org\/c-proactif\/le-travail-le-dimanche\/"]}]},{"@type":"ImageObject","inLanguage":"fr-FR","@id":"https:\/\/wp-sites.ccci.org\/c-proactif\/le-travail-le-dimanche\/#primaryimage","url":"https:\/\/wp-sites.ccci.org\/c-proactif\/wp-content\/uploads\/sites\/393\/2019\/04\/open-sunday.jpg","contentUrl":"https:\/\/wp-sites.ccci.org\/c-proactif\/wp-content\/uploads\/sites\/393\/2019\/04\/open-sunday.jpg","width":640,"height":425},{"@type":"BreadcrumbList","@id":"https:\/\/wp-sites.ccci.org\/c-proactif\/le-travail-le-dimanche\/#breadcrumb","itemListElement":[{"@type":"ListItem","position":1,"name":"Accueil","item":"https:\/\/wp-sites.ccci.org\/c-proactif\/"},{"@type":"ListItem","position":2,"name":"Penser mon travail","item":"https:\/\/wp-sites.ccci.org\/c-proactif\/theme\/penser-mon-travail\/"},{"@type":"ListItem","position":3,"name":"Le travail le dimanche\u00a0: une question de soci\u00e9t\u00e9\u00a0!"}]},{"@type":"WebSite","@id":"https:\/\/wp-sites.ccci.org\/c-proactif\/#website","url":"https:\/\/wp-sites.ccci.org\/c-proactif\/","name":"C-PROACTIF","description":"R\u00e9seau professionnel chr\u00e9tien","publisher":{"@id":"https:\/\/wp-sites.ccci.org\/c-proactif\/#organization"},"potentialAction":[{"@type":"SearchAction","target":{"@type":"EntryPoint","urlTemplate":"https:\/\/wp-sites.ccci.org\/c-proactif\/?s={search_term_string}"},"query-input":{"@type":"PropertyValueSpecification","valueRequired":true,"valueName":"search_term_string"}}],"inLanguage":"fr-FR"},{"@type":"Organization","@id":"https:\/\/wp-sites.ccci.org\/c-proactif\/#organization","name":"C-PROACTIF","url":"https:\/\/wp-sites.ccci.org\/c-proactif\/","logo":{"@type":"ImageObject","inLanguage":"fr-FR","@id":"https:\/\/wp-sites.ccci.org\/c-proactif\/#\/schema\/logo\/image\/","url":"https:\/\/wp-sites.ccci.org\/c-proactif\/wp-content\/uploads\/sites\/393\/2021\/05\/logo-baseline-blanc-300.png","contentUrl":"https:\/\/wp-sites.ccci.org\/c-proactif\/wp-content\/uploads\/sites\/393\/2021\/05\/logo-baseline-blanc-300.png","width":300,"height":113,"caption":"C-PROACTIF"},"image":{"@id":"https:\/\/wp-sites.ccci.org\/c-proactif\/#\/schema\/logo\/image\/"}},{"@type":"Person","@id":"https:\/\/wp-sites.ccci.org\/c-proactif\/#\/schema\/person\/31baa806e67e95311c4c17fad287a4d2","name":"Anne-Marie HUSSON","image":{"@type":"ImageObject","inLanguage":"fr-FR","@id":"https:\/\/wp-sites.ccci.org\/c-proactif\/#\/schema\/person\/image\/","url":"https:\/\/secure.gravatar.com\/avatar\/8610b2dea99ccb68a80717332fcf6000967063200f783c057fb3812ac2517470?s=96&d=mm&r=g","contentUrl":"https:\/\/secure.gravatar.com\/avatar\/8610b2dea99ccb68a80717332fcf6000967063200f783c057fb3812ac2517470?s=96&d=mm&r=g","caption":"Anne-Marie HUSSON"},"description":"D\u00e9l\u00e9gu\u00e9e fran\u00e7aise au Forum Mondial du travail du Comit\u00e9 de Lausanne. Consultante ind\u00e9pendante en strat\u00e9gie et innovation de la formation professionnelle. 22 ans de minist\u00e8re au sein d\u2019AGAPE FRANCE, Chef de projet e-learning au sein de diverses institutions (CCI et Universit\u00e9)"}]}},"jetpack_featured_media_url":"https:\/\/wp-sites.ccci.org\/c-proactif\/wp-content\/uploads\/sites\/393\/2019\/04\/open-sunday.jpg","meta_box":[],"_links":{"self":[{"href":"https:\/\/wp-sites.ccci.org\/c-proactif\/wp-json\/wp\/v2\/posts\/55","targetHints":{"allow":["GET"]}}],"collection":[{"href":"https:\/\/wp-sites.ccci.org\/c-proactif\/wp-json\/wp\/v2\/posts"}],"about":[{"href":"https:\/\/wp-sites.ccci.org\/c-proactif\/wp-json\/wp\/v2\/types\/post"}],"author":[{"embeddable":true,"href":"https:\/\/wp-sites.ccci.org\/c-proactif\/wp-json\/wp\/v2\/users\/14333"}],"replies":[{"embeddable":true,"href":"https:\/\/wp-sites.ccci.org\/c-proactif\/wp-json\/wp\/v2\/comments?post=55"}],"version-history":[{"count":1,"href":"https:\/\/wp-sites.ccci.org\/c-proactif\/wp-json\/wp\/v2\/posts\/55\/revisions"}],"predecessor-version":[{"id":14882,"href":"https:\/\/wp-sites.ccci.org\/c-proactif\/wp-json\/wp\/v2\/posts\/55\/revisions\/14882"}],"wp:featuredmedia":[{"embeddable":true,"href":"https:\/\/wp-sites.ccci.org\/c-proactif\/wp-json\/wp\/v2\/media\/83"}],"wp:attachment":[{"href":"https:\/\/wp-sites.ccci.org\/c-proactif\/wp-json\/wp\/v2\/media?parent=55"}],"wp:term":[{"taxonomy":"category","embeddable":true,"href":"https:\/\/wp-sites.ccci.org\/c-proactif\/wp-json\/wp\/v2\/categories?post=55"},{"taxonomy":"post_tag","embeddable":true,"href":"https:\/\/wp-sites.ccci.org\/c-proactif\/wp-json\/wp\/v2\/tags?post=55"}],"curies":[{"name":"wp","href":"https:\/\/api.w.org\/{rel}","templated":true}]}}