{"id":800,"date":"2019-07-29T17:36:33","date_gmt":"2019-07-29T15:36:33","guid":{"rendered":"https:\/\/test.c-proactif.org\/?p=800"},"modified":"2024-09-16T21:46:11","modified_gmt":"2024-09-16T19:46:11","slug":"doctrine-travail","status":"publish","type":"post","link":"https:\/\/wp-sites.ccci.org\/c-proactif\/doctrine-travail\/","title":{"rendered":"Pourquoi une doctrine biblique du travail\u00a0?"},"content":{"rendered":"\t\t<div data-elementor-type=\"wp-post\" data-elementor-id=\"800\" class=\"elementor elementor-800\" data-elementor-post-type=\"post\">\n\t\t\t\t\t\t<section data-particle_enable=\"false\" data-particle-mobile-disabled=\"false\" class=\"elementor-section elementor-top-section elementor-element elementor-element-7a3799c3 elementor-section-boxed elementor-section-height-default elementor-section-height-default\" data-id=\"7a3799c3\" data-element_type=\"section\">\n\t\t\t\t\t\t<div class=\"elementor-container elementor-column-gap-default\">\n\t\t\t\t\t<div class=\"elementor-column elementor-col-100 elementor-top-column elementor-element elementor-element-223248c4\" data-id=\"223248c4\" data-element_type=\"column\">\n\t\t\t<div class=\"elementor-widget-wrap elementor-element-populated\">\n\t\t\t\t\t\t<div class=\"elementor-element elementor-element-19836efb intro elementor-widget elementor-widget-text-editor\" data-id=\"19836efb\" data-element_type=\"widget\" data-widget_type=\"text-editor.default\">\n\t\t\t\t<div class=\"elementor-widget-container\">\n\t\t\t\t\t\t\t\t\tChaque jour nous allons au travail \u2026 avec plus ou moins d\u2019envie ou de plaisir selon nos diff\u00e9rents contextes. Pris dans la routine ou, au contraire happ\u00e9s par une comp\u00e9tition sauvage, nous pouvons avoir tendance \u00e0 en oublier les fondamentaux \u2013 c\u2019est-\u00e0-dire ce qui fonde l\u2019existence et la n\u00e9cessit\u00e9 du travail. Or cela est essentiel si nous voulons vivre nos vies professionnelles de fa\u00e7on responsable mais aussi sereine. Et en tant que chr\u00e9tien, les vivre comme Dieu l\u2019attend de nous\u00a0! Et pour cela, une doctrine biblique du travail est n\u00e9cessaire.\t\t\t\t\t\t\t\t<\/div>\n\t\t\t\t<\/div>\n\t\t\t\t\t<\/div>\n\t\t<\/div>\n\t\t\t\t\t<\/div>\n\t\t<\/section>\n\t\t\t\t<section data-particle_enable=\"false\" data-particle-mobile-disabled=\"false\" class=\"elementor-section elementor-top-section elementor-element elementor-element-4382ef56 elementor-section-content-middle elementor-section-boxed elementor-section-height-default elementor-section-height-default\" data-id=\"4382ef56\" data-element_type=\"section\">\n\t\t\t\t\t\t<div class=\"elementor-container elementor-column-gap-default\">\n\t\t\t\t\t<div class=\"elementor-column elementor-col-50 elementor-top-column elementor-element elementor-element-aae91ce\" data-id=\"aae91ce\" data-element_type=\"column\">\n\t\t\t<div class=\"elementor-widget-wrap elementor-element-populated\">\n\t\t\t\t\t\t<div class=\"elementor-element elementor-element-58156846 elementor-widget elementor-widget-text-editor\" data-id=\"58156846\" data-element_type=\"widget\" data-widget_type=\"text-editor.default\">\n\t\t\t\t<div class=\"elementor-widget-container\">\n\t\t\t\t\t\t\t\t\t<h3>Pourquoi une doctrine biblique du travail\u00a0?<\/h3><p>Parce qu\u2019une doctrine biblique du travail touche des questions essentielles de la vie chr\u00e9tienne et de notre place de chr\u00e9tien dans le monde\u00a0!<\/p><p>Voici quelques questions essentielles que la doctrine du travail peut nous aider \u00e0 discuter\u00a0:<\/p>\t\t\t\t\t\t\t\t<\/div>\n\t\t\t\t<\/div>\n\t\t\t\t\t<\/div>\n\t\t<\/div>\n\t\t\t\t<div class=\"elementor-column elementor-col-50 elementor-top-column elementor-element elementor-element-7aad54a\" data-id=\"7aad54a\" data-element_type=\"column\">\n\t\t\t<div class=\"elementor-widget-wrap elementor-element-populated\">\n\t\t\t\t\t\t<div class=\"elementor-element elementor-element-3f3091f6 elementor-widget elementor-widget-image\" data-id=\"3f3091f6\" data-element_type=\"widget\" data-widget_type=\"image.default\">\n\t\t\t\t<div class=\"elementor-widget-container\">\n\t\t\t\t\t\t\t\t\t\t\t\t\t\t\t<img decoding=\"async\" src=\"https:\/\/wp-sites.ccci.org\/c-proactif\/wp-content\/uploads\/sites\/393\/2019\/07\/menuisier.jpg?w=640\" title=\"menuisier\" alt=\"menuisier\" loading=\"lazy\" \/>\t\t\t\t\t\t\t\t\t\t\t\t\t\t\t<\/div>\n\t\t\t\t<\/div>\n\t\t\t\t\t<\/div>\n\t\t<\/div>\n\t\t\t\t\t<\/div>\n\t\t<\/section>\n\t\t\t\t<section data-particle_enable=\"false\" data-particle-mobile-disabled=\"false\" class=\"elementor-section elementor-top-section elementor-element elementor-element-5c0737f6 catchphrase-wrap elementor-section-boxed elementor-section-height-default elementor-section-height-default\" data-id=\"5c0737f6\" data-element_type=\"section\">\n\t\t\t\t\t\t<div class=\"elementor-container elementor-column-gap-default\">\n\t\t\t\t\t<div class=\"elementor-column elementor-col-100 elementor-top-column elementor-element elementor-element-43fefe20\" data-id=\"43fefe20\" data-element_type=\"column\">\n\t\t\t<div class=\"elementor-widget-wrap elementor-element-populated\">\n\t\t\t\t\t\t<section data-particle_enable=\"false\" data-particle-mobile-disabled=\"false\" class=\"elementor-section elementor-inner-section elementor-element elementor-element-e03ab83 catchphrase elementor-section-boxed elementor-section-height-default elementor-section-height-default\" data-id=\"e03ab83\" data-element_type=\"section\">\n\t\t\t\t\t\t<div class=\"elementor-container elementor-column-gap-default\">\n\t\t\t\t\t<div class=\"elementor-column elementor-col-100 elementor-inner-column elementor-element elementor-element-c7469eb\" data-id=\"c7469eb\" data-element_type=\"column\">\n\t\t\t<div class=\"elementor-widget-wrap elementor-element-populated\">\n\t\t\t\t\t\t<div class=\"elementor-element elementor-element-fb22d72 elementor-widget elementor-widget-text-editor\" data-id=\"fb22d72\" data-element_type=\"widget\" data-widget_type=\"text-editor.default\">\n\t\t\t\t<div class=\"elementor-widget-container\">\n\t\t\t\t\t\t\t\t\t<p>Comment voir le travail ? Comment naviguer, d\u2019une fa\u00e7on chr\u00e9tienne, entre tous les aspects positifs ou n\u00e9gatifs de notre vie professionnelle\u00a0?<\/p>\t\t\t\t\t\t\t\t<\/div>\n\t\t\t\t<\/div>\n\t\t\t\t\t<\/div>\n\t\t<\/div>\n\t\t\t\t\t<\/div>\n\t\t<\/section>\n\t\t\t\t<div class=\"elementor-element elementor-element-54bbc1af elementor-widget elementor-widget-text-editor\" data-id=\"54bbc1af\" data-element_type=\"widget\" data-widget_type=\"text-editor.default\">\n\t\t\t\t<div class=\"elementor-widget-container\">\n\t\t\t\t\t\t\t\t\t<h3>1. A quoi sert le travail\u00a0?<\/h3><p>Est-il une mal\u00e9diction, quelque chose \u00e0 endurer ou au contraire, une b\u00e9n\u00e9diction, quelque chose \u00e0 savourer ? Les deux bien s\u00fbr ! Souvent \u00e0 tour de r\u00f4le, selon les jours et selon les diff\u00e9rents contextes o\u00f9 nous nous trouvons. Mais aussi souvent les deux en m\u00eame temps, tant un contexte de travail peut comporter \u00e0 la fois, des c\u00f4t\u00e9s plaisants et passionnants mais aussi des c\u00f4t\u00e9s irritants ou inconfortables (aussi bien au niveau physique qu\u2019\u00e9motionnel). Sur ces points aussi, une doctrine biblique du travail a beaucoup \u00e0 nous enseigner afin de nous aider \u00e0 naviguer de fa\u00e7on sereine dans une vie professionnelle qui peut s\u2019av\u00e9rer souvent complexe et remplie de nuances de gris parmi lesquelles il faut choisir, sans perdre son \u00e2me !<\/p>\t\t\t\t\t\t\t\t<\/div>\n\t\t\t\t<\/div>\n\t\t\t\t\t<\/div>\n\t\t<\/div>\n\t\t\t\t\t<\/div>\n\t\t<\/section>\n\t\t\t\t<section data-particle_enable=\"false\" data-particle-mobile-disabled=\"false\" class=\"elementor-section elementor-top-section elementor-element elementor-element-c41abfe catchphrase-wrap elementor-section-boxed elementor-section-height-default elementor-section-height-default\" data-id=\"c41abfe\" data-element_type=\"section\">\n\t\t\t\t\t\t<div class=\"elementor-container elementor-column-gap-default\">\n\t\t\t\t\t<div class=\"elementor-column elementor-col-100 elementor-top-column elementor-element elementor-element-7784737\" data-id=\"7784737\" data-element_type=\"column\">\n\t\t\t<div class=\"elementor-widget-wrap elementor-element-populated\">\n\t\t\t\t\t\t<section data-particle_enable=\"false\" data-particle-mobile-disabled=\"false\" class=\"elementor-section elementor-inner-section elementor-element elementor-element-f58c7e8 catchphrase elementor-section-boxed elementor-section-height-default elementor-section-height-default\" data-id=\"f58c7e8\" data-element_type=\"section\">\n\t\t\t\t\t\t<div class=\"elementor-container elementor-column-gap-default\">\n\t\t\t\t\t<div class=\"elementor-column elementor-col-100 elementor-inner-column elementor-element elementor-element-7aa10ff\" data-id=\"7aa10ff\" data-element_type=\"column\">\n\t\t\t<div class=\"elementor-widget-wrap elementor-element-populated\">\n\t\t\t\t\t\t<div class=\"elementor-element elementor-element-dab842a elementor-widget elementor-widget-text-editor\" data-id=\"dab842a\" data-element_type=\"widget\" data-widget_type=\"text-editor.default\">\n\t\t\t\t<div class=\"elementor-widget-container\">\n\t\t\t\t\t\t\t\t\t<p>Chaque \u00e9poque a eu sa propre vision du travail et celle que nous vivons aujourd\u2019hui est-elle en accord avec la Parole de Dieu\u00a0?<\/p>\t\t\t\t\t\t\t\t<\/div>\n\t\t\t\t<\/div>\n\t\t\t\t\t<\/div>\n\t\t<\/div>\n\t\t\t\t\t<\/div>\n\t\t<\/section>\n\t\t\t\t<div class=\"elementor-element elementor-element-859f3a4 elementor-widget elementor-widget-text-editor\" data-id=\"859f3a4\" data-element_type=\"widget\" data-widget_type=\"text-editor.default\">\n\t\t\t\t<div class=\"elementor-widget-container\">\n\t\t\t\t\t\t\t\t\t<h3>2. Notre vision actuelle du travail est-elle bonne\u00a0?<\/h3><p>Le travail est universel mais est-il partout consid\u00e9r\u00e9 de la m\u00eame fa\u00e7on, dans toutes les civilisations ? dans toutes les \u00e9poques ? Non, bien s\u00fbr ! Chaque \u00e9poque a eu sa propre vision du travail : certaines tr\u00e8s \u00e9loign\u00e9es de notre condition actuelle comme la soci\u00e9t\u00e9 romaine ou le servage ou plus proche de nous, celle de la r\u00e9volution industrielle du XIX\u00b0 si\u00e8cle ou du capitalisme moderne du XX\u00b0. Des doctrines du travail existent donc bel et bien et chaque \u00e9poque, chaque civilisation a d\u00e9velopp\u00e9 la sienne. Celles-ci ont conditionn\u00e9 la fa\u00e7on dont les humains ont per\u00e7u leur r\u00f4le et leur contribution aux autres et \u00e0 la soci\u00e9t\u00e9. Notre XXI\u00b0 si\u00e8cle marqu\u00e9 par le capitalisme post-moderne, la r\u00e9volution technologique et la globalisation dispose lui aussi de sa propre vision du travail dont nous sommes, souvent malgr\u00e9 nous, les h\u00e9ritiers dans notre fa\u00e7on de voir les choses. Il est important d\u2019arriver \u00e0 les percevoir et de les mettre au filtre de la Parole de Dieu pour d\u00e9cider ou non de leur bien-fond\u00e9 et savoir comment nous y positionner si nous voulons rester align\u00e9s avec les valeurs de la Parole de Dieu dans notre vie professionnelle.\u00a0<\/p>\t\t\t\t\t\t\t\t<\/div>\n\t\t\t\t<\/div>\n\t\t\t\t\t<\/div>\n\t\t<\/div>\n\t\t\t\t\t<\/div>\n\t\t<\/section>\n\t\t\t\t<section data-particle_enable=\"false\" data-particle-mobile-disabled=\"false\" class=\"elementor-section elementor-top-section elementor-element elementor-element-2e462ef catchphrase-wrap elementor-section-boxed elementor-section-height-default elementor-section-height-default\" data-id=\"2e462ef\" data-element_type=\"section\">\n\t\t\t\t\t\t<div class=\"elementor-container elementor-column-gap-default\">\n\t\t\t\t\t<div class=\"elementor-column elementor-col-100 elementor-top-column elementor-element elementor-element-f52a024\" data-id=\"f52a024\" data-element_type=\"column\">\n\t\t\t<div class=\"elementor-widget-wrap elementor-element-populated\">\n\t\t\t\t\t\t<section data-particle_enable=\"false\" data-particle-mobile-disabled=\"false\" class=\"elementor-section elementor-inner-section elementor-element elementor-element-76e75b5 catchphrase elementor-section-boxed elementor-section-height-default elementor-section-height-default\" data-id=\"76e75b5\" data-element_type=\"section\">\n\t\t\t\t\t\t<div class=\"elementor-container elementor-column-gap-default\">\n\t\t\t\t\t<div class=\"elementor-column elementor-col-100 elementor-inner-column elementor-element elementor-element-82d2680\" data-id=\"82d2680\" data-element_type=\"column\">\n\t\t\t<div class=\"elementor-widget-wrap elementor-element-populated\">\n\t\t\t\t\t\t<div class=\"elementor-element elementor-element-e23ef62 elementor-widget elementor-widget-text-editor\" data-id=\"e23ef62\" data-element_type=\"widget\" data-widget_type=\"text-editor.default\">\n\t\t\t\t<div class=\"elementor-widget-container\">\n\t\t\t\t\t\t\t\t\t<p>Le travail concerne-t-il notre vie spirituelle\u00a0?<\/p>\t\t\t\t\t\t\t\t<\/div>\n\t\t\t\t<\/div>\n\t\t\t\t\t<\/div>\n\t\t<\/div>\n\t\t\t\t\t<\/div>\n\t\t<\/section>\n\t\t\t\t<div class=\"elementor-element elementor-element-ffafa73 elementor-widget elementor-widget-text-editor\" data-id=\"ffafa73\" data-element_type=\"widget\" data-widget_type=\"text-editor.default\">\n\t\t\t\t<div class=\"elementor-widget-container\">\n\t\t\t\t\t\t\t\t\t<h3>3. Le travail a-t-il une dimension spirituelle\u00a0?<\/h3><p>Quelles sont les dimensions du travail : juste une dimension \u00e9conomique ? Ou faut-il y ajouter des dimensions sociales ? Philosophiques ? voire spirituelles ? A cela nous pouvons tous intuitivement r\u00e9pondre car nous savons tous que le travail, c\u2019est plus que \u00ab gagner sa vie \u00bb ! Travailler c\u2019est trouver une place dans la soci\u00e9t\u00e9, d\u00e9couvrir ses talents et les faire fructifier, c\u2019est d\u00e9passer ses limites en participant \u00e0 des projets de fa\u00e7on collective, c\u2019est contribuer au d\u00e9veloppement de notre soci\u00e9t\u00e9. Le travail comporte donc des dimensions \u00e9conomiques mais aussi sociales, psychologiques et bien s\u00fbr philosophiques car il repose sur une interpr\u00e9tation du monde, ce que nous pensons du monde et ce que nous voulons qu\u2019il devienne. Le travail repose sur un syst\u00e8me de valeurs que nous soutenons, consciemment ou inconsciemment par le simple fait de notre activit\u00e9 ! Enfin, il est aussi spirituel car il engage l\u2019homme dans ce qu\u2019il a de plus profond en lui-m\u00eame, il touche l\u2019essence m\u00eame de notre \u00eatre, l\u00e0 o\u00f9 Dieu nous a cr\u00e9\u00e9 \u00e0 son image. Et pour cela aussi une solide doctrine biblique du travail est essentielle.\u00a0<\/p>\t\t\t\t\t\t\t\t<\/div>\n\t\t\t\t<\/div>\n\t\t\t\t\t<\/div>\n\t\t<\/div>\n\t\t\t\t\t<\/div>\n\t\t<\/section>\n\t\t\t\t<section data-particle_enable=\"false\" data-particle-mobile-disabled=\"false\" class=\"elementor-section elementor-top-section elementor-element elementor-element-954d4e8 catchphrase-wrap elementor-section-boxed elementor-section-height-default elementor-section-height-default\" data-id=\"954d4e8\" data-element_type=\"section\">\n\t\t\t\t\t\t<div class=\"elementor-container elementor-column-gap-default\">\n\t\t\t\t\t<div class=\"elementor-column elementor-col-100 elementor-top-column elementor-element elementor-element-17d8895\" data-id=\"17d8895\" data-element_type=\"column\">\n\t\t\t<div class=\"elementor-widget-wrap elementor-element-populated\">\n\t\t\t\t\t\t<section data-particle_enable=\"false\" data-particle-mobile-disabled=\"false\" class=\"elementor-section elementor-inner-section elementor-element elementor-element-3f18eb7 catchphrase elementor-section-boxed elementor-section-height-default elementor-section-height-default\" data-id=\"3f18eb7\" data-element_type=\"section\">\n\t\t\t\t\t\t<div class=\"elementor-container elementor-column-gap-default\">\n\t\t\t\t\t<div class=\"elementor-column elementor-col-100 elementor-inner-column elementor-element elementor-element-e8622b8\" data-id=\"e8622b8\" data-element_type=\"column\">\n\t\t\t<div class=\"elementor-widget-wrap elementor-element-populated\">\n\t\t\t\t\t\t<div class=\"elementor-element elementor-element-6738016 elementor-widget elementor-widget-text-editor\" data-id=\"6738016\" data-element_type=\"widget\" data-widget_type=\"text-editor.default\">\n\t\t\t\t<div class=\"elementor-widget-container\">\n\t\t\t\t\t\t\t\t\t<p>Quel sens donner \u00e0 notre travail\u00a0? La question du travail interroge notre vision du monde et notre r\u00f4le de chr\u00e9tien dans le monde\u00a0!<\/p>\t\t\t\t\t\t\t\t<\/div>\n\t\t\t\t<\/div>\n\t\t\t\t\t<\/div>\n\t\t<\/div>\n\t\t\t\t\t<\/div>\n\t\t<\/section>\n\t\t\t\t<div class=\"elementor-element elementor-element-7cf80fe elementor-widget elementor-widget-text-editor\" data-id=\"7cf80fe\" data-element_type=\"widget\" data-widget_type=\"text-editor.default\">\n\t\t\t\t<div class=\"elementor-widget-container\">\n\t\t\t\t\t\t\t\t\t<h3>4. Qu\u2019est-ce qui donne sens au travail\u00a0?<\/h3><p>Imaginons un menuisier en train de construire un barreau de chaise\u00a0:<\/p><ul><li>Est-ce le travail lui-m\u00eame, le barreau de chaise fabriqu\u00e9 qui lui donne sa noblesse\u00a0? En l\u2019occurrence Dieu est-il int\u00e9ress\u00e9 par la production tangible de notre travail ?<\/li><li>Ou est-ce l\u2019opportunit\u00e9 donn\u00e9e au menuiser par la fabrication de ce barreau de chaise de rencontrer son prochain, de servir les autres qui lui conf\u00e8re de la valeur ? Dans ce cas, le barreau de chaise n\u2019est qu\u2019un m\u00e9dia, un interm\u00e9diaire pour manifester quelque chose de l\u2019amour de Dieu aux hommes.<\/li><li>Ou encore, le travail ne trouve-t-il sa vertu que par les occasions de t\u00e9moignage qu\u2019il nous offre aupr\u00e8s de personnes de tous les secteurs de la soci\u00e9t\u00e9 civile qu\u2019il serait impossible d\u2019atteindre autrement\u00a0? Dans ce cas, le barreau de chaise n\u2019est plus utile, ni en lui-m\u00eame ni comme outil de m\u00e9diation mais comme pr\u00e9texte \/ contexte pour atteindre une seule finalit\u00e9 de t\u00e9moignage.<\/li><\/ul><h2>Un vrai sujet \u00e0 creuser car c&rsquo;est notre vie professionnelle qui en d\u00e9pend\u00a0!<\/h2><p>Vous le voyez, la question du travail questionne notre vision du monde et notre vision de l\u2019histoire de l\u2019\u00c9glise dans le monde ! Notre travail doit-il chercher \u00e0 transformer la soci\u00e9t\u00e9, \u00e0 la \u00ab r\u00e9parer \u00bb, ou, au contraire, si cela nous semble impossible parce que nous voyons le monde comme corrompu et destin\u00e9 \u00e0 sombrer, sommes-nous compromis alors que nous tirons de lui notre propre subsistance ?<\/p><p>Le sujet d\u2019une doctrine biblique du travail est essentiel car il va toucher tous ces points et nous aider peu \u00e0 peu \u00e0 y r\u00e9pondre\u00a0! La question du travail touche chaque personne dans son \u00eatre le plus profond, dans sa relation intime avec Dieu mais elle concerne aussi le fonctionnement de la soci\u00e9t\u00e9 tout enti\u00e8re.<\/p><h2>Explorons la Bible : elle a beaucoup \u00e0 nous dire \u00e0 ce sujet\u00a0!<\/h2><p>La doctrine biblique du travail est sous-jacente dans la plupart des livres de la Bible : d\u00e8s les premiers chapitres de la Gen\u00e8se, mais aussi, la construction du temple, les p\u00e9rip\u00e9ties de Joseph en \u00c9gypte, le livre des Proverbes, les \u00e9p\u00eetres de Paul et les paraboles de J\u00e9sus \u2026 Nous allons donc avoir pas mal de grain \u00e0 moudre mais l\u2019enjeu en vaut la peine !<br \/>Nous vous invitons donc \u00e0 partir avec nous \u00e0 la d\u00e9couverte de la doctrine biblique du travail ! Partir dans ce parcours d\u2019exploration, c\u2019est \u00eatre conduit pas \u00e0 pas dans une vision plus large de ce que Dieu a en projet pour l\u2019homme, c\u2019est d\u00e9couvrir la marque qu\u2019Il veut nous voir imprimer sur le monde et dans la soci\u00e9t\u00e9. C\u2019est nous donner l\u2019opportunit\u00e9 d\u2019aligner notre vie professionnelle avec ce qu\u2019Il souhaite qu\u2019elle soit et ce faisant, de la rendre utile et fructueuse pour L\u2019honorer et Le servir en servant notre prochain. C\u2019est enfin, donner du sens, le sens que Dieu lui-m\u00eame lui donne, \u00e0 cette dimension si importante de notre vie.<\/p>\t\t\t\t\t\t\t\t<\/div>\n\t\t\t\t<\/div>\n\t\t\t\t<div class=\"elementor-element elementor-element-85b2201 elementor-widget elementor-widget-spacer\" data-id=\"85b2201\" data-element_type=\"widget\" data-widget_type=\"spacer.default\">\n\t\t\t\t<div class=\"elementor-widget-container\">\n\t\t\t\t\t\t\t<div class=\"elementor-spacer\">\n\t\t\t<div class=\"elementor-spacer-inner\"><\/div>\n\t\t<\/div>\n\t\t\t\t\t\t<\/div>\n\t\t\t\t<\/div>\n\t\t\t\t\t<\/div>\n\t\t<\/div>\n\t\t\t\t\t<\/div>\n\t\t<\/section>\n\t\t\t\t<section data-particle_enable=\"false\" data-particle-mobile-disabled=\"false\" class=\"elementor-section elementor-top-section elementor-element elementor-element-5cd13562 elementor-section-boxed elementor-section-height-default elementor-section-height-default\" data-id=\"5cd13562\" data-element_type=\"section\">\n\t\t\t\t\t\t<div class=\"elementor-container elementor-column-gap-default\">\n\t\t\t\t\t<div class=\"elementor-column elementor-col-100 elementor-top-column elementor-element elementor-element-5bf40345\" data-id=\"5bf40345\" data-element_type=\"column\">\n\t\t\t<div class=\"elementor-widget-wrap elementor-element-populated\">\n\t\t\t\t\t\t<div class=\"elementor-element elementor-element-45d3ab69 elementor-widget elementor-widget-text-editor\" data-id=\"45d3ab69\" data-element_type=\"widget\" data-widget_type=\"text-editor.default\">\n\t\t\t\t<div class=\"elementor-widget-container\">\n\t\t\t\t\t\t\t\t\t<p>C\u2019est une t\u00e2che ambitieuse mais noble et utile\u00a0! Alors en route pour l\u2019aventure\u00a0!<\/p>\t\t\t\t\t\t\t\t<\/div>\n\t\t\t\t<\/div>\n\t\t\t\t\t<\/div>\n\t\t<\/div>\n\t\t\t\t\t<\/div>\n\t\t<\/section>\n\t\t\t\t<section data-particle_enable=\"false\" data-particle-mobile-disabled=\"false\" class=\"elementor-section elementor-top-section elementor-element elementor-element-576d9252 elementor-section-boxed elementor-section-height-default elementor-section-height-default\" data-id=\"576d9252\" data-element_type=\"section\">\n\t\t\t\t\t\t<div class=\"elementor-container elementor-column-gap-default\">\n\t\t\t\t\t<div class=\"elementor-column elementor-col-100 elementor-top-column elementor-element elementor-element-6b417239\" data-id=\"6b417239\" data-element_type=\"column\">\n\t\t\t<div class=\"elementor-widget-wrap elementor-element-populated\">\n\t\t\t\t\t\t<div class=\"elementor-element elementor-element-5d244a6f further elementor-widget elementor-widget-text-editor\" data-id=\"5d244a6f\" data-element_type=\"widget\" data-widget_type=\"text-editor.default\">\n\t\t\t\t<div class=\"elementor-widget-container\">\n\t\t\t\t\t\t\t\t\t<h3>POUR APPROFONDIR SEUL &#8211; OU MIEUX &#8211; EN PETITS GROUPES<\/h3><p>Voici quelques questions pour vous aider \u00e0 approfondir cet enseignement seul ou en petit groupe (<a href=\"https:\/\/wp-sites.ccci.org\/c-proactif\/\/wp-content\/uploads\/2019\/08\/Guide_animation_groupe_local.pdf\" target=\"_blank\" rel=\"noopener\">t\u00e9l\u00e9charger le guide d&rsquo;animation<\/a>) :<\/p><ol><li>Quelle est votre exp\u00e9rience personnelle du travail\u00a0? Un lieu de contraintes, de souffrance, d\u2019injustice, de stress ou au contraire un lieu d\u2019enrichissement personnel, de relations positives, de possibilit\u00e9s nouvelles pour impacter votre environnement\u00a0? Listez ces diff\u00e9rents facteurs et mettez une note de 1 \u00e0 10 sur votre exp\u00e9rience personnelle du travail<\/li><li>Quel sens donnez-vous \u00e0 votre travail\u00a0? A qui sert-il ? Que produit-il ? Que se passerait-il s\u2019il n\u2019existait pas\u00a0?<\/li><li>Quelle est la vision dominante du travail dans votre secteur professionnel ? Par ex : se faire un maximum d\u2019argent, gagner sur la comp\u00e9tition ou servir le mieux possible les clients \u2026 Comment y est vu le salari\u00e9 : comme un collaborateur ou un ex\u00e9cutant \u2026 Quel compromis avez-vous le sentiment de faire pour travailler dans ce secteur professionnel\u00a0?<\/li><li>Question subsidiaire : quelle dimension spirituelle pouvez-vous donner \u00e0 votre travail ? En quoi est-il reli\u00e9 \u00e0 Dieu ? En quoi vous fait-il grandir au niveau spirituel\u00a0? Qu\u2019est-ce que Dieu approuverait dans votre pratique professionnelle\u00a0?<\/li><\/ol>\t\t\t\t\t\t\t\t<\/div>\n\t\t\t\t<\/div>\n\t\t\t\t\t<\/div>\n\t\t<\/div>\n\t\t\t\t\t<\/div>\n\t\t<\/section>\n\t\t\t\t<\/div>\n\t\t","protected":false},"excerpt":{"rendered":"<p>Parce qu\u2019une doctrine biblique du travail touche des questions essentielles de la vie chr\u00e9tienne et de notre place de chr\u00e9tien dans le monde !<\/p>\n","protected":false},"author":14333,"featured_media":814,"comment_status":"open","ping_status":"closed","sticky":false,"template":"","format":"quote","meta":{"site-sidebar-layout":"default","site-content-layout":"default","ast-site-content-layout":"default","site-content-style":"default","site-sidebar-style":"default","ast-global-header-display":"","ast-banner-title-visibility":"","ast-main-header-display":"","ast-hfb-above-header-display":"","ast-hfb-below-header-display":"","ast-hfb-mobile-header-display":"","site-post-title":"","ast-breadcrumbs-content":"","ast-featured-img":"","footer-sml-layout":"","ast-disable-related-posts":"","theme-transparent-header-meta":"default","adv-header-id-meta":"","stick-header-meta":"","header-above-stick-meta":"","header-main-stick-meta":"","header-below-stick-meta":"","astra-migrate-meta-layouts":"default","ast-page-background-enabled":"default","ast-page-background-meta":{"desktop":{"background-color":"","background-image":"","background-repeat":"repeat","background-position":"center center","background-size":"auto","background-attachment":"scroll","background-type":"","background-media":"","overlay-type":"","overlay-color":"","overlay-opacity":"","overlay-gradient":""},"tablet":{"background-color":"","background-image":"","background-repeat":"repeat","background-position":"center center","background-size":"auto","background-attachment":"scroll","background-type":"","background-media":"","overlay-type":"","overlay-color":"","overlay-opacity":"","overlay-gradient":""},"mobile":{"background-color":"","background-image":"","background-repeat":"repeat","background-position":"center center","background-size":"auto","background-attachment":"scroll","background-type":"","background-media":"","overlay-type":"","overlay-color":"","overlay-opacity":"","overlay-gradient":""}},"ast-content-background-meta":{"desktop":{"background-color":"var(--ast-global-color-5)","background-image":"","background-repeat":"repeat","background-position":"center center","background-size":"auto","background-attachment":"scroll","background-type":"","background-media":"","overlay-type":"","overlay-color":"","overlay-opacity":"","overlay-gradient":""},"tablet":{"background-color":"var(--ast-global-color-5)","background-image":"","background-repeat":"repeat","background-position":"center center","background-size":"auto","background-attachment":"scroll","background-type":"","background-media":"","overlay-type":"","overlay-color":"","overlay-opacity":"","overlay-gradient":""},"mobile":{"background-color":"var(--ast-global-color-5)","background-image":"","background-repeat":"repeat","background-position":"center center","background-size":"auto","background-attachment":"scroll","background-type":"","background-media":"","overlay-type":"","overlay-color":"","overlay-opacity":"","overlay-gradient":""}},"footnotes":""},"categories":[2,3],"tags":[],"class_list":["post-800","post","type-post","status-publish","format-quote","has-post-thumbnail","hentry","category-doctrine-biblique-du-travail","category-1-plan-initial","post_format-post-format-quote"],"yoast_head":"<!-- This site is optimized with the Yoast SEO plugin v26.7 - https:\/\/yoast.com\/wordpress\/plugins\/seo\/ -->\n<title>Pourquoi une doctrine biblique du travail\u00a0? - C-PROACTIF<\/title>\n<meta name=\"description\" content=\"Que dit la Bible \u00e0 propos du travail ? Pourquoi est-il important de l&#039;\u00e9tudier ? Existe-t-il une doctrine biblique de Dieu \u00e0 propos du travail ?\" \/>\n<meta name=\"robots\" content=\"noindex, follow, max-snippet:-1, max-image-preview:large, max-video-preview:-1\" \/>\n<meta property=\"og:locale\" content=\"fr_FR\" \/>\n<meta property=\"og:type\" content=\"article\" \/>\n<meta property=\"og:title\" content=\"Pourquoi une doctrine biblique du travail\u00a0? - C-PROACTIF\" \/>\n<meta property=\"og:description\" content=\"Que dit la Bible \u00e0 propos du travail ? Pourquoi est-il important de l&#039;\u00e9tudier ? Existe-t-il une doctrine biblique de Dieu \u00e0 propos du travail ?\" \/>\n<meta property=\"og:url\" content=\"https:\/\/wp-sites.ccci.org\/c-proactif\/doctrine-travail\/\" \/>\n<meta property=\"og:site_name\" content=\"C-PROACTIF\" \/>\n<meta property=\"article:published_time\" content=\"2019-07-29T15:36:33+00:00\" \/>\n<meta property=\"article:modified_time\" content=\"2024-09-16T19:46:11+00:00\" \/>\n<meta property=\"og:image\" content=\"https:\/\/wp-sites.ccci.org\/c-proactif\/wp-content\/uploads\/sites\/393\/2019\/07\/menuisier.jpg\" \/>\n\t<meta property=\"og:image:width\" content=\"640\" \/>\n\t<meta property=\"og:image:height\" content=\"426\" \/>\n\t<meta property=\"og:image:type\" content=\"image\/jpeg\" \/>\n<meta name=\"author\" content=\"Anne-Marie HUSSON\" \/>\n<meta name=\"twitter:card\" content=\"summary_large_image\" \/>\n<meta name=\"twitter:label1\" content=\"\u00c9crit par\" \/>\n\t<meta name=\"twitter:data1\" content=\"Anne-Marie HUSSON\" \/>\n\t<meta name=\"twitter:label2\" content=\"Dur\u00e9e de lecture estim\u00e9e\" \/>\n\t<meta name=\"twitter:data2\" content=\"8 minutes\" \/>\n<script type=\"application\/ld+json\" class=\"yoast-schema-graph\">{\"@context\":\"https:\/\/schema.org\",\"@graph\":[{\"@type\":\"Article\",\"@id\":\"https:\/\/wp-sites.ccci.org\/c-proactif\/doctrine-travail\/#article\",\"isPartOf\":{\"@id\":\"https:\/\/wp-sites.ccci.org\/c-proactif\/doctrine-travail\/\"},\"author\":{\"name\":\"Anne-Marie HUSSON\",\"@id\":\"https:\/\/wp-sites.ccci.org\/c-proactif\/#\/schema\/person\/31baa806e67e95311c4c17fad287a4d2\"},\"headline\":\"Pourquoi une doctrine biblique du travail\u00a0?\",\"datePublished\":\"2019-07-29T15:36:33+00:00\",\"dateModified\":\"2024-09-16T19:46:11+00:00\",\"mainEntityOfPage\":{\"@id\":\"https:\/\/wp-sites.ccci.org\/c-proactif\/doctrine-travail\/\"},\"wordCount\":1501,\"commentCount\":0,\"publisher\":{\"@id\":\"https:\/\/wp-sites.ccci.org\/c-proactif\/#organization\"},\"image\":{\"@id\":\"https:\/\/wp-sites.ccci.org\/c-proactif\/doctrine-travail\/#primaryimage\"},\"thumbnailUrl\":\"https:\/\/wp-sites.ccci.org\/c-proactif\/wp-content\/uploads\/sites\/393\/2019\/07\/menuisier.jpg\",\"articleSection\":[\"Doctrine biblique du travail\",\"Le plan initial de Dieu\"],\"inLanguage\":\"fr-FR\",\"potentialAction\":[{\"@type\":\"CommentAction\",\"name\":\"Comment\",\"target\":[\"https:\/\/wp-sites.ccci.org\/c-proactif\/doctrine-travail\/#respond\"]}]},{\"@type\":\"WebPage\",\"@id\":\"https:\/\/wp-sites.ccci.org\/c-proactif\/doctrine-travail\/\",\"url\":\"https:\/\/wp-sites.ccci.org\/c-proactif\/doctrine-travail\/\",\"name\":\"Pourquoi une doctrine biblique du travail\u00a0? - C-PROACTIF\",\"isPartOf\":{\"@id\":\"https:\/\/wp-sites.ccci.org\/c-proactif\/#website\"},\"primaryImageOfPage\":{\"@id\":\"https:\/\/wp-sites.ccci.org\/c-proactif\/doctrine-travail\/#primaryimage\"},\"image\":{\"@id\":\"https:\/\/wp-sites.ccci.org\/c-proactif\/doctrine-travail\/#primaryimage\"},\"thumbnailUrl\":\"https:\/\/wp-sites.ccci.org\/c-proactif\/wp-content\/uploads\/sites\/393\/2019\/07\/menuisier.jpg\",\"datePublished\":\"2019-07-29T15:36:33+00:00\",\"dateModified\":\"2024-09-16T19:46:11+00:00\",\"description\":\"Que dit la Bible \u00e0 propos du travail ? Pourquoi est-il important de l'\u00e9tudier ? Existe-t-il une doctrine biblique de Dieu \u00e0 propos du travail ?\",\"breadcrumb\":{\"@id\":\"https:\/\/wp-sites.ccci.org\/c-proactif\/doctrine-travail\/#breadcrumb\"},\"inLanguage\":\"fr-FR\",\"potentialAction\":[{\"@type\":\"ReadAction\",\"target\":[\"https:\/\/wp-sites.ccci.org\/c-proactif\/doctrine-travail\/\"]}]},{\"@type\":\"ImageObject\",\"inLanguage\":\"fr-FR\",\"@id\":\"https:\/\/wp-sites.ccci.org\/c-proactif\/doctrine-travail\/#primaryimage\",\"url\":\"https:\/\/wp-sites.ccci.org\/c-proactif\/wp-content\/uploads\/sites\/393\/2019\/07\/menuisier.jpg\",\"contentUrl\":\"https:\/\/wp-sites.ccci.org\/c-proactif\/wp-content\/uploads\/sites\/393\/2019\/07\/menuisier.jpg\",\"width\":640,\"height\":426},{\"@type\":\"BreadcrumbList\",\"@id\":\"https:\/\/wp-sites.ccci.org\/c-proactif\/doctrine-travail\/#breadcrumb\",\"itemListElement\":[{\"@type\":\"ListItem\",\"position\":1,\"name\":\"Accueil\",\"item\":\"https:\/\/wp-sites.ccci.org\/c-proactif\/\"},{\"@type\":\"ListItem\",\"position\":2,\"name\":\"Doctrine biblique du travail\",\"item\":\"https:\/\/wp-sites.ccci.org\/c-proactif\/theme\/doctrine-biblique-du-travail\/\"},{\"@type\":\"ListItem\",\"position\":3,\"name\":\"Le plan initial de Dieu\",\"item\":\"https:\/\/wp-sites.ccci.org\/c-proactif\/theme\/doctrine-biblique-du-travail\/#1-plan-initial\/\"},{\"@type\":\"ListItem\",\"position\":4,\"name\":\"Pourquoi une doctrine biblique du travail\u00a0?\"}]},{\"@type\":\"WebSite\",\"@id\":\"https:\/\/wp-sites.ccci.org\/c-proactif\/#website\",\"url\":\"https:\/\/wp-sites.ccci.org\/c-proactif\/\",\"name\":\"C-PROACTIF\",\"description\":\"R\u00e9seau professionnel chr\u00e9tien\",\"publisher\":{\"@id\":\"https:\/\/wp-sites.ccci.org\/c-proactif\/#organization\"},\"potentialAction\":[{\"@type\":\"SearchAction\",\"target\":{\"@type\":\"EntryPoint\",\"urlTemplate\":\"https:\/\/wp-sites.ccci.org\/c-proactif\/?s={search_term_string}\"},\"query-input\":{\"@type\":\"PropertyValueSpecification\",\"valueRequired\":true,\"valueName\":\"search_term_string\"}}],\"inLanguage\":\"fr-FR\"},{\"@type\":\"Organization\",\"@id\":\"https:\/\/wp-sites.ccci.org\/c-proactif\/#organization\",\"name\":\"C-PROACTIF\",\"url\":\"https:\/\/wp-sites.ccci.org\/c-proactif\/\",\"logo\":{\"@type\":\"ImageObject\",\"inLanguage\":\"fr-FR\",\"@id\":\"https:\/\/wp-sites.ccci.org\/c-proactif\/#\/schema\/logo\/image\/\",\"url\":\"https:\/\/wp-sites.ccci.org\/c-proactif\/wp-content\/uploads\/sites\/393\/2021\/05\/logo-baseline-blanc-300.png\",\"contentUrl\":\"https:\/\/wp-sites.ccci.org\/c-proactif\/wp-content\/uploads\/sites\/393\/2021\/05\/logo-baseline-blanc-300.png\",\"width\":300,\"height\":113,\"caption\":\"C-PROACTIF\"},\"image\":{\"@id\":\"https:\/\/wp-sites.ccci.org\/c-proactif\/#\/schema\/logo\/image\/\"}},{\"@type\":\"Person\",\"@id\":\"https:\/\/wp-sites.ccci.org\/c-proactif\/#\/schema\/person\/31baa806e67e95311c4c17fad287a4d2\",\"name\":\"Anne-Marie HUSSON\",\"image\":{\"@type\":\"ImageObject\",\"inLanguage\":\"fr-FR\",\"@id\":\"https:\/\/wp-sites.ccci.org\/c-proactif\/#\/schema\/person\/image\/\",\"url\":\"https:\/\/secure.gravatar.com\/avatar\/8610b2dea99ccb68a80717332fcf6000967063200f783c057fb3812ac2517470?s=96&d=mm&r=g\",\"contentUrl\":\"https:\/\/secure.gravatar.com\/avatar\/8610b2dea99ccb68a80717332fcf6000967063200f783c057fb3812ac2517470?s=96&d=mm&r=g\",\"caption\":\"Anne-Marie HUSSON\"},\"description\":\"D\u00e9l\u00e9gu\u00e9e fran\u00e7aise au Forum Mondial du travail du Comit\u00e9 de Lausanne. Consultante ind\u00e9pendante en strat\u00e9gie et innovation de la formation professionnelle. 22 ans de minist\u00e8re au sein d\u2019AGAPE FRANCE, Chef de projet e-learning au sein de diverses institutions (CCI et Universit\u00e9)\"}]}<\/script>\n<!-- \/ Yoast SEO plugin. -->","yoast_head_json":{"title":"Pourquoi une doctrine biblique du travail\u00a0? - C-PROACTIF","description":"Que dit la Bible \u00e0 propos du travail ? Pourquoi est-il important de l'\u00e9tudier ? Existe-t-il une doctrine biblique de Dieu \u00e0 propos du travail ?","robots":{"index":"noindex","follow":"follow","max-snippet":"max-snippet:-1","max-image-preview":"max-image-preview:large","max-video-preview":"max-video-preview:-1"},"og_locale":"fr_FR","og_type":"article","og_title":"Pourquoi une doctrine biblique du travail\u00a0? - C-PROACTIF","og_description":"Que dit la Bible \u00e0 propos du travail ? Pourquoi est-il important de l'\u00e9tudier ? Existe-t-il une doctrine biblique de Dieu \u00e0 propos du travail ?","og_url":"https:\/\/wp-sites.ccci.org\/c-proactif\/doctrine-travail\/","og_site_name":"C-PROACTIF","article_published_time":"2019-07-29T15:36:33+00:00","article_modified_time":"2024-09-16T19:46:11+00:00","og_image":[{"width":640,"height":426,"url":"https:\/\/wp-sites.ccci.org\/c-proactif\/wp-content\/uploads\/sites\/393\/2019\/07\/menuisier.jpg","type":"image\/jpeg"}],"author":"Anne-Marie HUSSON","twitter_card":"summary_large_image","twitter_misc":{"\u00c9crit par":"Anne-Marie HUSSON","Dur\u00e9e de lecture estim\u00e9e":"8 minutes"},"schema":{"@context":"https:\/\/schema.org","@graph":[{"@type":"Article","@id":"https:\/\/wp-sites.ccci.org\/c-proactif\/doctrine-travail\/#article","isPartOf":{"@id":"https:\/\/wp-sites.ccci.org\/c-proactif\/doctrine-travail\/"},"author":{"name":"Anne-Marie HUSSON","@id":"https:\/\/wp-sites.ccci.org\/c-proactif\/#\/schema\/person\/31baa806e67e95311c4c17fad287a4d2"},"headline":"Pourquoi une doctrine biblique du travail\u00a0?","datePublished":"2019-07-29T15:36:33+00:00","dateModified":"2024-09-16T19:46:11+00:00","mainEntityOfPage":{"@id":"https:\/\/wp-sites.ccci.org\/c-proactif\/doctrine-travail\/"},"wordCount":1501,"commentCount":0,"publisher":{"@id":"https:\/\/wp-sites.ccci.org\/c-proactif\/#organization"},"image":{"@id":"https:\/\/wp-sites.ccci.org\/c-proactif\/doctrine-travail\/#primaryimage"},"thumbnailUrl":"https:\/\/wp-sites.ccci.org\/c-proactif\/wp-content\/uploads\/sites\/393\/2019\/07\/menuisier.jpg","articleSection":["Doctrine biblique du travail","Le plan initial de Dieu"],"inLanguage":"fr-FR","potentialAction":[{"@type":"CommentAction","name":"Comment","target":["https:\/\/wp-sites.ccci.org\/c-proactif\/doctrine-travail\/#respond"]}]},{"@type":"WebPage","@id":"https:\/\/wp-sites.ccci.org\/c-proactif\/doctrine-travail\/","url":"https:\/\/wp-sites.ccci.org\/c-proactif\/doctrine-travail\/","name":"Pourquoi une doctrine biblique du travail\u00a0? - C-PROACTIF","isPartOf":{"@id":"https:\/\/wp-sites.ccci.org\/c-proactif\/#website"},"primaryImageOfPage":{"@id":"https:\/\/wp-sites.ccci.org\/c-proactif\/doctrine-travail\/#primaryimage"},"image":{"@id":"https:\/\/wp-sites.ccci.org\/c-proactif\/doctrine-travail\/#primaryimage"},"thumbnailUrl":"https:\/\/wp-sites.ccci.org\/c-proactif\/wp-content\/uploads\/sites\/393\/2019\/07\/menuisier.jpg","datePublished":"2019-07-29T15:36:33+00:00","dateModified":"2024-09-16T19:46:11+00:00","description":"Que dit la Bible \u00e0 propos du travail ? Pourquoi est-il important de l'\u00e9tudier ? Existe-t-il une doctrine biblique de Dieu \u00e0 propos du travail ?","breadcrumb":{"@id":"https:\/\/wp-sites.ccci.org\/c-proactif\/doctrine-travail\/#breadcrumb"},"inLanguage":"fr-FR","potentialAction":[{"@type":"ReadAction","target":["https:\/\/wp-sites.ccci.org\/c-proactif\/doctrine-travail\/"]}]},{"@type":"ImageObject","inLanguage":"fr-FR","@id":"https:\/\/wp-sites.ccci.org\/c-proactif\/doctrine-travail\/#primaryimage","url":"https:\/\/wp-sites.ccci.org\/c-proactif\/wp-content\/uploads\/sites\/393\/2019\/07\/menuisier.jpg","contentUrl":"https:\/\/wp-sites.ccci.org\/c-proactif\/wp-content\/uploads\/sites\/393\/2019\/07\/menuisier.jpg","width":640,"height":426},{"@type":"BreadcrumbList","@id":"https:\/\/wp-sites.ccci.org\/c-proactif\/doctrine-travail\/#breadcrumb","itemListElement":[{"@type":"ListItem","position":1,"name":"Accueil","item":"https:\/\/wp-sites.ccci.org\/c-proactif\/"},{"@type":"ListItem","position":2,"name":"Doctrine biblique du travail","item":"https:\/\/wp-sites.ccci.org\/c-proactif\/theme\/doctrine-biblique-du-travail\/"},{"@type":"ListItem","position":3,"name":"Le plan initial de Dieu","item":"https:\/\/wp-sites.ccci.org\/c-proactif\/theme\/doctrine-biblique-du-travail\/#1-plan-initial\/"},{"@type":"ListItem","position":4,"name":"Pourquoi une doctrine biblique du travail\u00a0?"}]},{"@type":"WebSite","@id":"https:\/\/wp-sites.ccci.org\/c-proactif\/#website","url":"https:\/\/wp-sites.ccci.org\/c-proactif\/","name":"C-PROACTIF","description":"R\u00e9seau professionnel chr\u00e9tien","publisher":{"@id":"https:\/\/wp-sites.ccci.org\/c-proactif\/#organization"},"potentialAction":[{"@type":"SearchAction","target":{"@type":"EntryPoint","urlTemplate":"https:\/\/wp-sites.ccci.org\/c-proactif\/?s={search_term_string}"},"query-input":{"@type":"PropertyValueSpecification","valueRequired":true,"valueName":"search_term_string"}}],"inLanguage":"fr-FR"},{"@type":"Organization","@id":"https:\/\/wp-sites.ccci.org\/c-proactif\/#organization","name":"C-PROACTIF","url":"https:\/\/wp-sites.ccci.org\/c-proactif\/","logo":{"@type":"ImageObject","inLanguage":"fr-FR","@id":"https:\/\/wp-sites.ccci.org\/c-proactif\/#\/schema\/logo\/image\/","url":"https:\/\/wp-sites.ccci.org\/c-proactif\/wp-content\/uploads\/sites\/393\/2021\/05\/logo-baseline-blanc-300.png","contentUrl":"https:\/\/wp-sites.ccci.org\/c-proactif\/wp-content\/uploads\/sites\/393\/2021\/05\/logo-baseline-blanc-300.png","width":300,"height":113,"caption":"C-PROACTIF"},"image":{"@id":"https:\/\/wp-sites.ccci.org\/c-proactif\/#\/schema\/logo\/image\/"}},{"@type":"Person","@id":"https:\/\/wp-sites.ccci.org\/c-proactif\/#\/schema\/person\/31baa806e67e95311c4c17fad287a4d2","name":"Anne-Marie HUSSON","image":{"@type":"ImageObject","inLanguage":"fr-FR","@id":"https:\/\/wp-sites.ccci.org\/c-proactif\/#\/schema\/person\/image\/","url":"https:\/\/secure.gravatar.com\/avatar\/8610b2dea99ccb68a80717332fcf6000967063200f783c057fb3812ac2517470?s=96&d=mm&r=g","contentUrl":"https:\/\/secure.gravatar.com\/avatar\/8610b2dea99ccb68a80717332fcf6000967063200f783c057fb3812ac2517470?s=96&d=mm&r=g","caption":"Anne-Marie HUSSON"},"description":"D\u00e9l\u00e9gu\u00e9e fran\u00e7aise au Forum Mondial du travail du Comit\u00e9 de Lausanne. Consultante ind\u00e9pendante en strat\u00e9gie et innovation de la formation professionnelle. 22 ans de minist\u00e8re au sein d\u2019AGAPE FRANCE, Chef de projet e-learning au sein de diverses institutions (CCI et Universit\u00e9)"}]}},"jetpack_featured_media_url":"https:\/\/wp-sites.ccci.org\/c-proactif\/wp-content\/uploads\/sites\/393\/2019\/07\/menuisier.jpg","meta_box":[],"_links":{"self":[{"href":"https:\/\/wp-sites.ccci.org\/c-proactif\/wp-json\/wp\/v2\/posts\/800","targetHints":{"allow":["GET"]}}],"collection":[{"href":"https:\/\/wp-sites.ccci.org\/c-proactif\/wp-json\/wp\/v2\/posts"}],"about":[{"href":"https:\/\/wp-sites.ccci.org\/c-proactif\/wp-json\/wp\/v2\/types\/post"}],"author":[{"embeddable":true,"href":"https:\/\/wp-sites.ccci.org\/c-proactif\/wp-json\/wp\/v2\/users\/14333"}],"replies":[{"embeddable":true,"href":"https:\/\/wp-sites.ccci.org\/c-proactif\/wp-json\/wp\/v2\/comments?post=800"}],"version-history":[{"count":7,"href":"https:\/\/wp-sites.ccci.org\/c-proactif\/wp-json\/wp\/v2\/posts\/800\/revisions"}],"predecessor-version":[{"id":15456,"href":"https:\/\/wp-sites.ccci.org\/c-proactif\/wp-json\/wp\/v2\/posts\/800\/revisions\/15456"}],"wp:featuredmedia":[{"embeddable":true,"href":"https:\/\/wp-sites.ccci.org\/c-proactif\/wp-json\/wp\/v2\/media\/814"}],"wp:attachment":[{"href":"https:\/\/wp-sites.ccci.org\/c-proactif\/wp-json\/wp\/v2\/media?parent=800"}],"wp:term":[{"taxonomy":"category","embeddable":true,"href":"https:\/\/wp-sites.ccci.org\/c-proactif\/wp-json\/wp\/v2\/categories?post=800"},{"taxonomy":"post_tag","embeddable":true,"href":"https:\/\/wp-sites.ccci.org\/c-proactif\/wp-json\/wp\/v2\/tags?post=800"}],"curies":[{"name":"wp","href":"https:\/\/api.w.org\/{rel}","templated":true}]}}